{"id":21138,"date":"2020-09-12T13:44:25","date_gmt":"2020-09-12T16:44:25","guid":{"rendered":"http:\/\/www.legistdf.gob.ar\/?p=21138"},"modified":"2020-09-11T16:44:49","modified_gmt":"2020-09-11T19:44:49","slug":"genero-proponen-crear-un-consejo-de-actuacion-interinstitucional-de-emergencia","status":"publish","type":"post","link":"https:\/\/www.legistdf.gob.ar\/index.php\/2020\/09\/12\/genero-proponen-crear-un-consejo-de-actuacion-interinstitucional-de-emergencia\/","title":{"rendered":"G\u00c9NERO: Proponen crear un Consejo de actuaci\u00f3n interinstitucional de emergencia"},"content":{"rendered":"<p><b><img loading=\"lazy\" decoding=\"async\" data-attachment-id=\"21119\" data-permalink=\"https:\/\/www.legistdf.gob.ar\/index.php\/2020\/09\/09\/comisiones-la-comision-de-legislacion-general-se-reunio-en-forma-presencial-y-remota\/13-13\/\" data-orig-file=\"https:\/\/www.legistdf.gob.ar\/wp-content\/uploads\/2020\/09\/13-4.jpg\" data-orig-size=\"1500,1000\" data-comments-opened=\"0\" data-image-meta=\"{&quot;aperture&quot;:&quot;0&quot;,&quot;credit&quot;:&quot;&quot;,&quot;camera&quot;:&quot;&quot;,&quot;caption&quot;:&quot;&quot;,&quot;created_timestamp&quot;:&quot;0&quot;,&quot;copyright&quot;:&quot;&quot;,&quot;focal_length&quot;:&quot;0&quot;,&quot;iso&quot;:&quot;0&quot;,&quot;shutter_speed&quot;:&quot;0&quot;,&quot;title&quot;:&quot;&quot;,&quot;orientation&quot;:&quot;0&quot;}\" data-image-title=\"13\" data-image-description=\"\" data-image-caption=\"\" data-medium-file=\"https:\/\/www.legistdf.gob.ar\/wp-content\/uploads\/2020\/09\/13-4-300x200.jpg\" data-large-file=\"https:\/\/www.legistdf.gob.ar\/wp-content\/uploads\/2020\/09\/13-4-1024x683.jpg\" class=\"alignleft wp-image-21119 size-medium\" src=\"http:\/\/www.legistdf.gob.ar\/wp-content\/uploads\/2020\/09\/13-4-300x200.jpg\" alt=\"\" width=\"300\" height=\"200\" srcset=\"https:\/\/www.legistdf.gob.ar\/wp-content\/uploads\/2020\/09\/13-4-300x200.jpg 300w, https:\/\/www.legistdf.gob.ar\/wp-content\/uploads\/2020\/09\/13-4-768x512.jpg 768w, https:\/\/www.legistdf.gob.ar\/wp-content\/uploads\/2020\/09\/13-4-1024x683.jpg 1024w, https:\/\/www.legistdf.gob.ar\/wp-content\/uploads\/2020\/09\/13-4-160x107.jpg 160w, https:\/\/www.legistdf.gob.ar\/wp-content\/uploads\/2020\/09\/13-4.jpg 1500w\" sizes=\"(max-width: 300px) 100vw, 300px\" \/>Ushuaia, s\u00e1bado 12 de septiembre de 2020.- La\u00a0 legisladora del bloque del Partido Verde, Victoria Vuoto, particip\u00f3 de la Comisi\u00f3n N\u00b0 1 de Legislaci\u00f3n General, donde debatieron, entre otros temas, el Asunto 067\/20, que impulsa la puesta en marcha del Consejo de Actuaci\u00f3n Interinstitucional de emergencia, en el marco de la Pandemia del Covid-19.<\/b><\/p>\n<p>&nbsp;<\/p>\n<p>En el marco de la crisis sanitaria, proponen la creaci\u00f3n de un espacio denominado Consejo de Actuaci\u00f3n Interinstitucional de emergencia, que tiene por objetivo principal, dar respuesta r\u00e1pida y eficaz ante situaciones de violencia intrafamiliar.<\/p>\n<p>&nbsp;<\/p>\n<p>La iniciativa plantea articular el trabajo con los organismos que existen actualmente en el \u00e1mbito provincial y municipal, y en rigor, dar respuesta ante situaciones de violencia.<\/p>\n<p>&nbsp;<\/p>\n<p>Vuoto opin\u00f3 que el aislamiento, es la mejor medida sanitaria, no obstante, \u00a0\u201cgenera muchas dificultades para las mujeres que deben permanecer en sus hogares con los agresores\u201d, dijo la Parlamentaria.<\/p>\n<p>&nbsp;<\/p>\n<p>Indic\u00f3 que \u201cde alguna manera el aislamiento, refuerza las situaciones de violencia hacia los ni\u00f1os, ni\u00f1as, personas con discapacidad, adultos mayores y mujeres\u201d, lament\u00f3.<\/p>\n<p>&nbsp;<\/p>\n<p>Por otro lado, en el articulado del mencionado proyecto, se establece que el Consejo, est\u00e1 facultado para proponer protocolos de actuaci\u00f3n, como por ejemplo la detecci\u00f3n de manera temprana de violencia en \u00e1mbitos sanitarios, entre otros.<\/p>\n<p>&nbsp;<\/p>\n<p><img loading=\"lazy\" decoding=\"async\" data-attachment-id=\"21117\" data-permalink=\"https:\/\/www.legistdf.gob.ar\/index.php\/2020\/09\/09\/comisiones-la-comision-de-legislacion-general-se-reunio-en-forma-presencial-y-remota\/11-24\/\" data-orig-file=\"https:\/\/www.legistdf.gob.ar\/wp-content\/uploads\/2020\/09\/11-4.jpg\" data-orig-size=\"1500,1000\" data-comments-opened=\"0\" data-image-meta=\"{&quot;aperture&quot;:&quot;0&quot;,&quot;credit&quot;:&quot;&quot;,&quot;camera&quot;:&quot;&quot;,&quot;caption&quot;:&quot;&quot;,&quot;created_timestamp&quot;:&quot;0&quot;,&quot;copyright&quot;:&quot;&quot;,&quot;focal_length&quot;:&quot;0&quot;,&quot;iso&quot;:&quot;0&quot;,&quot;shutter_speed&quot;:&quot;0&quot;,&quot;title&quot;:&quot;&quot;,&quot;orientation&quot;:&quot;0&quot;}\" data-image-title=\"11\" data-image-description=\"\" data-image-caption=\"\" data-medium-file=\"https:\/\/www.legistdf.gob.ar\/wp-content\/uploads\/2020\/09\/11-4-300x200.jpg\" data-large-file=\"https:\/\/www.legistdf.gob.ar\/wp-content\/uploads\/2020\/09\/11-4-1024x683.jpg\" class=\"alignright wp-image-21117 size-medium\" src=\"http:\/\/www.legistdf.gob.ar\/wp-content\/uploads\/2020\/09\/11-4-300x200.jpg\" alt=\"\" width=\"300\" height=\"200\" srcset=\"https:\/\/www.legistdf.gob.ar\/wp-content\/uploads\/2020\/09\/11-4-300x200.jpg 300w, https:\/\/www.legistdf.gob.ar\/wp-content\/uploads\/2020\/09\/11-4-768x512.jpg 768w, https:\/\/www.legistdf.gob.ar\/wp-content\/uploads\/2020\/09\/11-4-1024x683.jpg 1024w, https:\/\/www.legistdf.gob.ar\/wp-content\/uploads\/2020\/09\/11-4-160x107.jpg 160w, https:\/\/www.legistdf.gob.ar\/wp-content\/uploads\/2020\/09\/11-4.jpg 1500w\" sizes=\"(max-width: 300px) 100vw, 300px\" \/>La Legisladora anunci\u00f3 que el debate del asunto continuar\u00e1 y para ello solicitar\u00e1n la presencia de representantes del Poder Judicial y de la Universidad Nacional de Tierra del Fuego (UNTDF), ambos actores que pasar\u00edan a ser parte el Comit\u00e9 Asesor del Consejo.<\/p>\n<p>&nbsp;<\/p>\n<p>Por su parte, el titular de la Comisi\u00f3n de Legislaci\u00f3n General, legislador Federico Greve (FORJA) agreg\u00f3 que \u201cescuchamos a gente del Gobierno provincial, a las tres municipalidades\u201d y sostuvo que es una tem\u00e1tica \u201cmuy importante, es algo que est\u00e1 presente en la actualidad y hoy, mucho m\u00e1s\u201d por la pandemia por Covid-19. En este sentido, tambi\u00e9n destac\u00f3 que se trata de una tem\u00e1tica \u201cmuy presente\u201d en la gesti\u00f3n del actual Ejecutivo fueguino.<\/p>\n<p>&nbsp;<\/p>\n<p>Afirm\u00f3 que la creaci\u00f3n del Consejo, es \u201cmuy conveniente para mantenerlo en el tiempo\u201d y adelant\u00f3 que se trabajar\u00e1 en m\u00e1s aportes para que la labor del futuro \u00f3rgano \u201ccontin\u00fae en el tiempo\u201d y evalu\u00f3 que su funcionamiento \u201cser\u00e1 muy conveniente\u201d en cuanto a la contenci\u00f3n de las v\u00edctimas de este tipo de flagelos.<\/p>\n<p>Del tratamiento de este asunto, los Legisladores escucharon la posici\u00f3n de Ana Beatr\u00edz Andrade, secretaria de Ni\u00f1ez, Adolescencia y Familias; Victoria Castro, subsecretaria de Diversidad; y Noelia Flores Laffitte, subsecretaria de Pol\u00edticas de G\u00e9nero del Gobierno de la Provincia. Adem\u00e1s, participaron la jefa de Gabinete de Tolhuin, Nancy Jodurcha; la secretaria de la Mujer de Ushuaia, Noelia Trentino M\u00e1rtire y la secretaria de la Mujer, G\u00e9nero y Diversidad de R\u00edo Grande, Alejandra Arce.<\/p>\n<p>&nbsp;<\/p>\n<p><iframe loading=\"lazy\" title=\"090920 VUOTO: Abordaron la creaci\u00f3n del Consejo de Actuaci\u00f3n Interinstitucional de Emergencia\" width=\"844\" height=\"475\" src=\"https:\/\/www.youtube.com\/embed\/QSpO17OLnvM?feature=oembed\" frameborder=\"0\" allow=\"accelerometer; autoplay; clipboard-write; encrypted-media; gyroscope; picture-in-picture; web-share\" allowfullscreen><\/iframe><\/p>\n<p style=\"text-align: right\"><em>ZV-AT<\/em><\/p>\n<p>&nbsp;<\/p>\n","protected":false},"excerpt":{"rendered":"<p>Ushuaia, s\u00e1bado 12 de septiembre de 2020.- La\u00a0 legisladora del bloque del Partido Verde, Victoria Vuoto, particip\u00f3 de la Comisi\u00f3n N\u00b0 1 de Legislaci\u00f3n General, donde debatieron, entre otros temas, el Asunto 067\/20, que impulsa la puesta en marcha del Consejo de Actuaci\u00f3n Interinstitucional de emergencia, en el marco de la Pandemia del Covid-19. &nbsp; [&hellip;]<\/p>\n","protected":false},"author":352,"featured_media":21107,"comment_status":"closed","ping_status":"open","sticky":false,"template":"","format":"standard","meta":{"jetpack_post_was_ever_published":false,"_jetpack_newsletter_access":"","_jetpack_dont_email_post_to_subs":false,"_jetpack_newsletter_tier_id":0,"footnotes":"","jetpack_publicize_message":"","jetpack_publicize_feature_enabled":true,"jetpack_social_post_already_shared":true,"jetpack_social_options":{"image_generator_settings":{"template":"highway","enabled":false}}},"categories":[1],"tags":[84,197,87,1822],"jetpack_publicize_connections":[],"jetpack_sharing_enabled":true,"jetpack_featured_media_url":"https:\/\/www.legistdf.gob.ar\/wp-content\/uploads\/2020\/09\/1-5.jpg","jetpack-related-posts":[],"_links":{"self":[{"href":"https:\/\/www.legistdf.gob.ar\/index.php\/wp-json\/wp\/v2\/posts\/21138"}],"collection":[{"href":"https:\/\/www.legistdf.gob.ar\/index.php\/wp-json\/wp\/v2\/posts"}],"about":[{"href":"https:\/\/www.legistdf.gob.ar\/index.php\/wp-json\/wp\/v2\/types\/post"}],"author":[{"embeddable":true,"href":"https:\/\/www.legistdf.gob.ar\/index.php\/wp-json\/wp\/v2\/users\/352"}],"replies":[{"embeddable":true,"href":"https:\/\/www.legistdf.gob.ar\/index.php\/wp-json\/wp\/v2\/comments?post=21138"}],"version-history":[{"count":3,"href":"https:\/\/www.legistdf.gob.ar\/index.php\/wp-json\/wp\/v2\/posts\/21138\/revisions"}],"predecessor-version":[{"id":21180,"href":"https:\/\/www.legistdf.gob.ar\/index.php\/wp-json\/wp\/v2\/posts\/21138\/revisions\/21180"}],"wp:featuredmedia":[{"embeddable":true,"href":"https:\/\/www.legistdf.gob.ar\/index.php\/wp-json\/wp\/v2\/media\/21107"}],"wp:attachment":[{"href":"https:\/\/www.legistdf.gob.ar\/index.php\/wp-json\/wp\/v2\/media?parent=21138"}],"wp:term":[{"taxonomy":"category","embeddable":true,"href":"https:\/\/www.legistdf.gob.ar\/index.php\/wp-json\/wp\/v2\/categories?post=21138"},{"taxonomy":"post_tag","embeddable":true,"href":"https:\/\/www.legistdf.gob.ar\/index.php\/wp-json\/wp\/v2\/tags?post=21138"}],"curies":[{"name":"wp","href":"https:\/\/api.w.org\/{rel}","templated":true}]}}