{"id":21187,"date":"2020-09-14T10:01:23","date_gmt":"2020-09-14T13:01:23","guid":{"rendered":"http:\/\/www.legistdf.gob.ar\/?p=21187"},"modified":"2020-09-14T10:01:24","modified_gmt":"2020-09-14T13:01:24","slug":"comisiones-avanzan-en-el-debate-de-diferentes-temas-sobre-educacion-y-cultura","status":"publish","type":"post","link":"https:\/\/www.legistdf.gob.ar\/index.php\/2020\/09\/14\/comisiones-avanzan-en-el-debate-de-diferentes-temas-sobre-educacion-y-cultura\/","title":{"rendered":"COMISIONES: Avanzan en el debate de diferentes temas sobre educaci\u00f3n y cultura"},"content":{"rendered":"<p><strong><img loading=\"lazy\" decoding=\"async\" data-attachment-id=\"21188\" data-permalink=\"https:\/\/www.legistdf.gob.ar\/index.php\/2020\/09\/14\/comisiones-avanzan-en-el-debate-de-diferentes-temas-sobre-educacion-y-cultura\/img_7144-2\/\" data-orig-file=\"https:\/\/www.legistdf.gob.ar\/wp-content\/uploads\/2020\/09\/IMG_7144.jpg\" data-orig-size=\"1500,1000\" data-comments-opened=\"0\" data-image-meta=\"{&quot;aperture&quot;:&quot;0&quot;,&quot;credit&quot;:&quot;&quot;,&quot;camera&quot;:&quot;&quot;,&quot;caption&quot;:&quot;&quot;,&quot;created_timestamp&quot;:&quot;0&quot;,&quot;copyright&quot;:&quot;&quot;,&quot;focal_length&quot;:&quot;0&quot;,&quot;iso&quot;:&quot;0&quot;,&quot;shutter_speed&quot;:&quot;0&quot;,&quot;title&quot;:&quot;&quot;,&quot;orientation&quot;:&quot;0&quot;}\" data-image-title=\"IMG_7144\" data-image-description=\"\" data-image-caption=\"\" data-medium-file=\"https:\/\/www.legistdf.gob.ar\/wp-content\/uploads\/2020\/09\/IMG_7144-300x200.jpg\" data-large-file=\"https:\/\/www.legistdf.gob.ar\/wp-content\/uploads\/2020\/09\/IMG_7144-1024x683.jpg\" class=\"alignleft wp-image-21188 size-medium\" src=\"http:\/\/www.legistdf.gob.ar\/wp-content\/uploads\/2020\/09\/IMG_7144-300x200.jpg\" alt=\"\" width=\"300\" height=\"200\" srcset=\"https:\/\/www.legistdf.gob.ar\/wp-content\/uploads\/2020\/09\/IMG_7144-300x200.jpg 300w, https:\/\/www.legistdf.gob.ar\/wp-content\/uploads\/2020\/09\/IMG_7144-768x512.jpg 768w, https:\/\/www.legistdf.gob.ar\/wp-content\/uploads\/2020\/09\/IMG_7144-1024x683.jpg 1024w, https:\/\/www.legistdf.gob.ar\/wp-content\/uploads\/2020\/09\/IMG_7144-160x107.jpg 160w, https:\/\/www.legistdf.gob.ar\/wp-content\/uploads\/2020\/09\/IMG_7144.jpg 1500w\" sizes=\"(max-width: 300px) 100vw, 300px\" \/>Ushuaia, lunes 14 de septiembre de 2020.- El legislador Emmanuel Trentino (FORJA), presidi\u00f3 la reuni\u00f3n de la Comisi\u00f3n N\u00b0 4 de Educaci\u00f3n,\u00a0 espacio donde avanzaron en el \u00a0debate de varios asuntos que se encuentran en agenda. El encuentro se dio de manera mixta con la presencia de Legisladores en forma presencial y remota. <\/strong><\/p>\n<p>&nbsp;<\/p>\n<p>Entre los asuntos abordados se destacan: el proyecto para regular acciones para mitigar efectos del cambio clim\u00e1tico; la iniciativa que propone el desarrollo de talleres de lengua de se\u00f1as en escuelas fueguinas; el proyecto que impulsa actualizar la regulaci\u00f3n de las pasant\u00edas educativas y tambi\u00e9n, la propuesta de \u00a0Ley de fomento de la actividad coral en la provincia.<\/p>\n<p>&nbsp;<\/p>\n<p>Al concluir el encuentro, el Legislador del oficialismo, dijo que se trat\u00f3 de una reuni\u00f3n \u201cmuy buena\u201d, dado que analizaron proyectos de las distintas bancadas pol\u00edticas.\u00a0 Cont\u00f3 que acordaron dictamen sobre dos proyectos de Resoluci\u00f3n presentados por el Partido Verde.<\/p>\n<p>&nbsp;<\/p>\n<p style=\"text-align: center\"><em>CREACI\u00d3N PROGRAMA ENFERMER\u00cdA ESCOLAR<\/em><\/p>\n<p>&nbsp;<\/p>\n<p><img loading=\"lazy\" decoding=\"async\" data-attachment-id=\"21152\" data-permalink=\"https:\/\/www.legistdf.gob.ar\/index.php\/2020\/09\/10\/legislatura-habilitaron-las-sesiones-presenciales-remotas-o-mixtas-y-la-firma-digital\/11-25\/\" data-orig-file=\"https:\/\/www.legistdf.gob.ar\/wp-content\/uploads\/2020\/09\/11-5.jpg\" data-orig-size=\"1500,1000\" data-comments-opened=\"0\" data-image-meta=\"{&quot;aperture&quot;:&quot;0&quot;,&quot;credit&quot;:&quot;&quot;,&quot;camera&quot;:&quot;&quot;,&quot;caption&quot;:&quot;&quot;,&quot;created_timestamp&quot;:&quot;0&quot;,&quot;copyright&quot;:&quot;&quot;,&quot;focal_length&quot;:&quot;0&quot;,&quot;iso&quot;:&quot;0&quot;,&quot;shutter_speed&quot;:&quot;0&quot;,&quot;title&quot;:&quot;&quot;,&quot;orientation&quot;:&quot;0&quot;}\" data-image-title=\"11\" data-image-description=\"\" data-image-caption=\"\" data-medium-file=\"https:\/\/www.legistdf.gob.ar\/wp-content\/uploads\/2020\/09\/11-5-300x200.jpg\" data-large-file=\"https:\/\/www.legistdf.gob.ar\/wp-content\/uploads\/2020\/09\/11-5-1024x683.jpg\" class=\"alignright wp-image-21152 size-medium\" src=\"http:\/\/www.legistdf.gob.ar\/wp-content\/uploads\/2020\/09\/11-5-300x200.jpg\" alt=\"\" width=\"300\" height=\"200\" srcset=\"https:\/\/www.legistdf.gob.ar\/wp-content\/uploads\/2020\/09\/11-5-300x200.jpg 300w, https:\/\/www.legistdf.gob.ar\/wp-content\/uploads\/2020\/09\/11-5-768x512.jpg 768w, https:\/\/www.legistdf.gob.ar\/wp-content\/uploads\/2020\/09\/11-5-1024x683.jpg 1024w, https:\/\/www.legistdf.gob.ar\/wp-content\/uploads\/2020\/09\/11-5-160x107.jpg 160w, https:\/\/www.legistdf.gob.ar\/wp-content\/uploads\/2020\/09\/11-5.jpg 1500w\" sizes=\"(max-width: 300px) 100vw, 300px\" \/>En otro momento de la reuni\u00f3n de la Comisi\u00f3n, los Legisladores analizaron el asunto N\u00b0 66\/19, presentado por el MPF, en el que se plantea la creaci\u00f3n de un Programa de enfermer\u00eda escolar.<\/p>\n<p>&nbsp;<\/p>\n<p>Entre los Parlamentarios que integran ese espacio, acordaron invitar a los dos enfermeros autores de la iniciativa para que la expliquen y desarrollen los motivos del proyecto de Ley y tambi\u00e9n requerir\u00e1 la presencia de autoridades del Ministerio de Salud.<\/p>\n<p>&nbsp;<\/p>\n<p style=\"text-align: center\"><em>LEY DE FOMENTO DE LA ACTIVIDAD CORAL<\/em><\/p>\n<p>&nbsp;<\/p>\n<p><img loading=\"lazy\" decoding=\"async\" data-attachment-id=\"20451\" data-permalink=\"https:\/\/www.legistdf.gob.ar\/index.php\/2020\/07\/03\/030720-galeria-de-imagenes-segunda-sesion-ordinaria\/img_6379-2\/\" data-orig-file=\"https:\/\/www.legistdf.gob.ar\/wp-content\/uploads\/2020\/07\/IMG_6379.jpg\" data-orig-size=\"1500,1000\" data-comments-opened=\"0\" data-image-meta=\"{&quot;aperture&quot;:&quot;2.8&quot;,&quot;credit&quot;:&quot;&quot;,&quot;camera&quot;:&quot;Canon EOS 6D&quot;,&quot;caption&quot;:&quot;&quot;,&quot;created_timestamp&quot;:&quot;1593757489&quot;,&quot;copyright&quot;:&quot;&quot;,&quot;focal_length&quot;:&quot;24&quot;,&quot;iso&quot;:&quot;640&quot;,&quot;shutter_speed&quot;:&quot;0.0125&quot;,&quot;title&quot;:&quot;&quot;,&quot;orientation&quot;:&quot;0&quot;}\" data-image-title=\"IMG_6379\" data-image-description=\"\" data-image-caption=\"\" data-medium-file=\"https:\/\/www.legistdf.gob.ar\/wp-content\/uploads\/2020\/07\/IMG_6379-300x200.jpg\" data-large-file=\"https:\/\/www.legistdf.gob.ar\/wp-content\/uploads\/2020\/07\/IMG_6379-1024x683.jpg\" class=\"alignleft wp-image-20451 size-medium\" src=\"http:\/\/www.legistdf.gob.ar\/wp-content\/uploads\/2020\/07\/IMG_6379-300x200.jpg\" alt=\"\" width=\"300\" height=\"200\" srcset=\"https:\/\/www.legistdf.gob.ar\/wp-content\/uploads\/2020\/07\/IMG_6379-300x200.jpg 300w, https:\/\/www.legistdf.gob.ar\/wp-content\/uploads\/2020\/07\/IMG_6379-768x512.jpg 768w, https:\/\/www.legistdf.gob.ar\/wp-content\/uploads\/2020\/07\/IMG_6379-1024x683.jpg 1024w, https:\/\/www.legistdf.gob.ar\/wp-content\/uploads\/2020\/07\/IMG_6379-160x107.jpg 160w, https:\/\/www.legistdf.gob.ar\/wp-content\/uploads\/2020\/07\/IMG_6379.jpg 1500w\" sizes=\"(max-width: 300px) 100vw, 300px\" \/>El asunto N\u00b0 278\/19, se trata de un proyecto de Ley que propone el fomento de la actividad coral en la Provincia, y en tal sentido, la legisladora Andrea Freites, se\u00f1al\u00f3 que se trata de una iniciativa que \u201cenriquece a la toda la cultura de Tierra del Fuego\u201d.<\/p>\n<p>&nbsp;<\/p>\n<p>No obstante ello, propuso \u201crevisar el articulado del proyecto\u201d, dado que se deben modificar cuestiones de redacci\u00f3n. Y posteriormente, prev\u00e9n enviar la iniciativa al Ejecutivo provincial, para que exprese su opini\u00f3n al respecto, dado que se trata de un proyecto de Ley de la anterior gesti\u00f3n de Gobierno.<\/p>\n<p><strong><em>\u00a0<\/em><\/strong><\/p>\n<p style=\"text-align: center\"><em>REGULACI\u00d3N DE PASANT\u00cdAS EDUCATIVAS<\/em><\/p>\n<p>&nbsp;<\/p>\n<p>Otra de las iniciativas que fue analizada por los Parlamentarios, fue el asunto \u00a0N\u00b0137\/19, que propone regular las pasant\u00edas educativas y pr\u00e1cticas profesionalizantes.<\/p>\n<p>&nbsp;<\/p>\n<p>Al respecto, Andrea Freites inform\u00f3 que se realizaron ciertas modificaciones a la iniciativa. Al igual que en el proyecto anterior, los Legisladores acodaron, citar a autoridades del Ministerio de Educaci\u00f3n con el objetivo de contar con las opiniones t\u00e9cnicas al respecto.<\/p>\n<p><strong><em>\u00a0<\/em><\/strong><\/p>\n<p style=\"text-align: center\"><em>PROPONEN REGULAR ACCIONES PARA MITIGAR EFECTOS DEL CAMBIO CLIM\u00c1TICO<\/em><\/p>\n<p>&nbsp;<\/p>\n<p><img loading=\"lazy\" decoding=\"async\" data-attachment-id=\"21149\" data-permalink=\"https:\/\/www.legistdf.gob.ar\/index.php\/2020\/09\/10\/legislatura-habilitaron-las-sesiones-presenciales-remotas-o-mixtas-y-la-firma-digital\/8-52\/\" data-orig-file=\"https:\/\/www.legistdf.gob.ar\/wp-content\/uploads\/2020\/09\/8-6.jpg\" data-orig-size=\"1500,1000\" data-comments-opened=\"0\" data-image-meta=\"{&quot;aperture&quot;:&quot;0&quot;,&quot;credit&quot;:&quot;&quot;,&quot;camera&quot;:&quot;&quot;,&quot;caption&quot;:&quot;&quot;,&quot;created_timestamp&quot;:&quot;0&quot;,&quot;copyright&quot;:&quot;&quot;,&quot;focal_length&quot;:&quot;0&quot;,&quot;iso&quot;:&quot;0&quot;,&quot;shutter_speed&quot;:&quot;0&quot;,&quot;title&quot;:&quot;&quot;,&quot;orientation&quot;:&quot;0&quot;}\" data-image-title=\"8\" data-image-description=\"\" data-image-caption=\"\" data-medium-file=\"https:\/\/www.legistdf.gob.ar\/wp-content\/uploads\/2020\/09\/8-6-300x200.jpg\" data-large-file=\"https:\/\/www.legistdf.gob.ar\/wp-content\/uploads\/2020\/09\/8-6-1024x683.jpg\" class=\"alignright wp-image-21149 size-medium\" src=\"http:\/\/www.legistdf.gob.ar\/wp-content\/uploads\/2020\/09\/8-6-300x200.jpg\" alt=\"\" width=\"300\" height=\"200\" srcset=\"https:\/\/www.legistdf.gob.ar\/wp-content\/uploads\/2020\/09\/8-6-300x200.jpg 300w, https:\/\/www.legistdf.gob.ar\/wp-content\/uploads\/2020\/09\/8-6-768x512.jpg 768w, https:\/\/www.legistdf.gob.ar\/wp-content\/uploads\/2020\/09\/8-6-1024x683.jpg 1024w, https:\/\/www.legistdf.gob.ar\/wp-content\/uploads\/2020\/09\/8-6-160x107.jpg 160w, https:\/\/www.legistdf.gob.ar\/wp-content\/uploads\/2020\/09\/8-6.jpg 1500w\" sizes=\"(max-width: 300px) 100vw, 300px\" \/>En la agenda de trabajo de la Comisi\u00f3n de Educaci\u00f3n, tambi\u00e9n se ubic\u00f3 el proyecto de Ley presentado por la UCR, que busca \u201cestablecer las acciones, instrumentos, mecanismos y estrategias adecuadas de adaptaci\u00f3n y mitigaci\u00f3n al cambio clim\u00e1tico en la Provincia de Tierra del Fuego, Ant\u00e1rtida e Islas del Atl\u00e1ntico Sur, para reducir la vulnerabilidad humana y de los ecosistemas y biomas, a fin de protegerlos para evitar efectos adversos y aprovechar sus beneficios de manera sustentable\u201d.<\/p>\n<p>&nbsp;<\/p>\n<p>Sobre el asunto N\u00b0 039\/19, Federico Sciurano, dijo que buscan poner en debate, un tema que es clave para el futuro que est\u00e1\u00a0 vinculado al cambio clim\u00e1tico. \u201cLa situaci\u00f3n del coronavirus, puso en agenda los temas que son estructurales al ser humano\u201d, opin\u00f3 el Legislador radical.<\/p>\n<p>&nbsp;<\/p>\n<p>La norma propuesta busca dise\u00f1ar, implementar y proyectar pol\u00edticas de Estado en materia de adaptaci\u00f3n y mitigaci\u00f3n al cambio clim\u00e1tico para las generaciones presentes y futuras; integrar pol\u00edticas, estrategias y medidas de mitigaci\u00f3n y adaptaci\u00f3n a los procesos claves de planificaci\u00f3n; incorporar el concepto de riesgos clim\u00e1ticos futuros, su monitoreo y el manejo de riesgos, para la formulaci\u00f3n de pol\u00edticas y planes; reducir las emisiones de gases de efecto invernadero en el \u00e1mbito de la Provincia; preparar a la administraci\u00f3n p\u00fablica y de la sociedad en general, ante el posible impacto de cambios clim\u00e1ticos futuros, entre otras.<\/p>\n<p>&nbsp;<\/p>\n<p>Trentino, adelant\u00f3 que remitir\u00e1n el proyecto de Ley a la secretar\u00eda de Medio Ambiente, en conjunto con la iniciativa\u00a0 presentada por el Partido Verde, que posee el mismo objetivo, para contar con la opini\u00f3n al respecto del \u00e1rea especializada.<\/p>\n<p><em>\u00a0<\/em><\/p>\n<p style=\"text-align: center\"><em>TALLERES DE LENGUA DE SE\u00d1AS EN LAS ESCUELAS<\/em><\/p>\n<p>&nbsp;<\/p>\n<p><img loading=\"lazy\" decoding=\"async\" data-attachment-id=\"21150\" data-permalink=\"https:\/\/www.legistdf.gob.ar\/index.php\/2020\/09\/10\/legislatura-habilitaron-las-sesiones-presenciales-remotas-o-mixtas-y-la-firma-digital\/9-40\/\" data-orig-file=\"https:\/\/www.legistdf.gob.ar\/wp-content\/uploads\/2020\/09\/9-5.jpg\" data-orig-size=\"1500,1000\" data-comments-opened=\"0\" data-image-meta=\"{&quot;aperture&quot;:&quot;0&quot;,&quot;credit&quot;:&quot;&quot;,&quot;camera&quot;:&quot;&quot;,&quot;caption&quot;:&quot;&quot;,&quot;created_timestamp&quot;:&quot;0&quot;,&quot;copyright&quot;:&quot;&quot;,&quot;focal_length&quot;:&quot;0&quot;,&quot;iso&quot;:&quot;0&quot;,&quot;shutter_speed&quot;:&quot;0&quot;,&quot;title&quot;:&quot;&quot;,&quot;orientation&quot;:&quot;0&quot;}\" data-image-title=\"9\" data-image-description=\"\" data-image-caption=\"\" data-medium-file=\"https:\/\/www.legistdf.gob.ar\/wp-content\/uploads\/2020\/09\/9-5-300x200.jpg\" data-large-file=\"https:\/\/www.legistdf.gob.ar\/wp-content\/uploads\/2020\/09\/9-5-1024x683.jpg\" class=\"alignleft wp-image-21150 size-medium\" src=\"http:\/\/www.legistdf.gob.ar\/wp-content\/uploads\/2020\/09\/9-5-300x200.jpg\" alt=\"\" width=\"300\" height=\"200\" srcset=\"https:\/\/www.legistdf.gob.ar\/wp-content\/uploads\/2020\/09\/9-5-300x200.jpg 300w, https:\/\/www.legistdf.gob.ar\/wp-content\/uploads\/2020\/09\/9-5-768x512.jpg 768w, https:\/\/www.legistdf.gob.ar\/wp-content\/uploads\/2020\/09\/9-5-1024x683.jpg 1024w, https:\/\/www.legistdf.gob.ar\/wp-content\/uploads\/2020\/09\/9-5-160x107.jpg 160w, https:\/\/www.legistdf.gob.ar\/wp-content\/uploads\/2020\/09\/9-5.jpg 1500w\" sizes=\"(max-width: 300px) 100vw, 300px\" \/>El mismo bloque present\u00f3 tambi\u00e9n, en agosto del a\u00f1o pasado, el asunto registrado bajo el N\u00ba 233\/19, que busca incorporar \u201cen el Sistema de Educaci\u00f3n de la Provincia de Tierra del Fuego, talleres sobre el Lengua de Se\u00f1as Argentina\u201d.<\/p>\n<p>&nbsp;<\/p>\n<p>El proyecto de Ley propone \u201cincluir en el sistema educativo talleres que tiendan a la inclusi\u00f3n de las personas con disminuciones auditivas, sordos e hipoac\u00fasicos, a trav\u00e9s de la lengua de se\u00f1as\u201d.<\/p>\n<p>&nbsp;<\/p>\n<p>En los fundamentos, los Parlamentarios impulsores de la norma sostienen que, en Argentina hay n\u00famero mayor a 70.000 sordos y m\u00e1s de 450.000 personas con alguna discapacidad auditiva, \u201cpor ello vemos importante poder trabajar al respecto\u201d. Desde el bloque de la UCR, la legisladora Liliana Mart\u00ednez Allende, propuso invitar para la pr\u00f3xima reuni\u00f3n de la comisi\u00f3n, a dos especialistas en el tema.<\/p>\n<p>&nbsp;<\/p>\n<p style=\"text-align: center\"><em>DECLARACI\u00d3N DE INTER\u00c9S PROVINCIAL<\/em><\/p>\n<p>&nbsp;<\/p>\n<p><img loading=\"lazy\" decoding=\"async\" data-attachment-id=\"21151\" data-permalink=\"https:\/\/www.legistdf.gob.ar\/index.php\/2020\/09\/10\/legislatura-habilitaron-las-sesiones-presenciales-remotas-o-mixtas-y-la-firma-digital\/10-37\/\" data-orig-file=\"https:\/\/www.legistdf.gob.ar\/wp-content\/uploads\/2020\/09\/10-5.jpg\" data-orig-size=\"1500,1000\" data-comments-opened=\"0\" data-image-meta=\"{&quot;aperture&quot;:&quot;0&quot;,&quot;credit&quot;:&quot;&quot;,&quot;camera&quot;:&quot;&quot;,&quot;caption&quot;:&quot;&quot;,&quot;created_timestamp&quot;:&quot;0&quot;,&quot;copyright&quot;:&quot;&quot;,&quot;focal_length&quot;:&quot;0&quot;,&quot;iso&quot;:&quot;0&quot;,&quot;shutter_speed&quot;:&quot;0&quot;,&quot;title&quot;:&quot;&quot;,&quot;orientation&quot;:&quot;0&quot;}\" data-image-title=\"10\" data-image-description=\"\" data-image-caption=\"\" data-medium-file=\"https:\/\/www.legistdf.gob.ar\/wp-content\/uploads\/2020\/09\/10-5-300x200.jpg\" data-large-file=\"https:\/\/www.legistdf.gob.ar\/wp-content\/uploads\/2020\/09\/10-5-1024x683.jpg\" class=\"alignright wp-image-21151 size-medium\" src=\"http:\/\/www.legistdf.gob.ar\/wp-content\/uploads\/2020\/09\/10-5-300x200.jpg\" alt=\"\" width=\"300\" height=\"200\" srcset=\"https:\/\/www.legistdf.gob.ar\/wp-content\/uploads\/2020\/09\/10-5-300x200.jpg 300w, https:\/\/www.legistdf.gob.ar\/wp-content\/uploads\/2020\/09\/10-5-768x512.jpg 768w, https:\/\/www.legistdf.gob.ar\/wp-content\/uploads\/2020\/09\/10-5-1024x683.jpg 1024w, https:\/\/www.legistdf.gob.ar\/wp-content\/uploads\/2020\/09\/10-5-160x107.jpg 160w, https:\/\/www.legistdf.gob.ar\/wp-content\/uploads\/2020\/09\/10-5.jpg 1500w\" sizes=\"(max-width: 300px) 100vw, 300px\" \/>La comisi\u00f3n de Educaci\u00f3n, dictamin\u00f3 sobre dos asuntos presentados por el bloque del Parido Verde. Por una lado se ubica la declaraci\u00f3n de inter\u00e9s provincial\u00a0 del proyecto \u201cActualizaci\u00f3n e implementaci\u00f3n de dispositivos educativos basados en modelos de simulaci\u00f3n de epidemias\u201d, generado desde el Instituto de Desarrollo Econ\u00f3mico e Innovaci\u00f3n de la Universidad Nacional de Tierra del Fuego (UNTDF) y la Facultad Regional Tierra del Fuego de la Universidad Tecnol\u00f3gica Nacional (UTN).<\/p>\n<p>&nbsp;<\/p>\n<p>La iniciativa, tiene como objetivo \u201cgenerar un comportamiento responsable de la poblaci\u00f3n frente a las indicaciones de las autoridades sanitarias, mediante la comprensi\u00f3n de los diferentes escenarios que se desprenden de un modelo de simulaci\u00f3n de epidemias\u201d. Para ello propone el uso de herramientas de simulaci\u00f3n para interpretar el comportamiento humano sobre el desarrollo de una epidemia.<\/p>\n<p>&nbsp;<\/p>\n<p>El otro de los dict\u00e1menes, se centr\u00f3 en declarar de inter\u00e9s provincial el documental web \u201cEl nuevo fin del mundo\u201d, realizado por Luj\u00e1n Agusti y Nicol\u00e1s Deluca, ambos habitantes de Tierra del Fuego. Por ello impulsan \u201creconocer y distinguir la labor realizada por los autores, que constituye un est\u00edmulo para todos los j\u00f3venes de la Provincia a participar de las actividades art\u00edsticas y culturales\u201d.<\/p>\n<p>&nbsp;<\/p>\n<p>\u201cEl documental brinda una narrativa audio visual a trav\u00e9s de la fotograf\u00eda y el video, que explora el rastro generado por la pandemia en la Provincia de Tierra del Fuego y c\u00f3mo nuestros seres queridos y la naturaleza, se nos revelan como el amparo m\u00e1s seguro, implicando un sentimiento de esperanza y fe\u201d, sostienen las Parlamentarias del Partido Verde en sus fundamentos.<\/p>\n<p>&nbsp;<\/p>\n<p style=\"text-align: right\"><em>ZV &#8211; AT<\/em><\/p>\n","protected":false},"excerpt":{"rendered":"<p>Ushuaia, lunes 14 de septiembre de 2020.- El legislador Emmanuel Trentino (FORJA), presidi\u00f3 la reuni\u00f3n de la Comisi\u00f3n N\u00b0 4 de Educaci\u00f3n,\u00a0 espacio donde avanzaron en el \u00a0debate de varios asuntos que se encuentran en agenda. El encuentro se dio de manera mixta con la presencia de Legisladores en forma presencial y remota. &nbsp; Entre [&hellip;]<\/p>\n","protected":false},"author":352,"featured_media":21188,"comment_status":"closed","ping_status":"open","sticky":false,"template":"","format":"standard","meta":{"jetpack_post_was_ever_published":false,"_jetpack_newsletter_access":"","_jetpack_dont_email_post_to_subs":false,"_jetpack_newsletter_tier_id":0,"footnotes":"","jetpack_publicize_message":"","jetpack_publicize_feature_enabled":true,"jetpack_social_post_already_shared":true,"jetpack_social_options":{"image_generator_settings":{"template":"highway","enabled":false}}},"categories":[1],"tags":[84,1911,1818,78,79,87],"jetpack_publicize_connections":[],"jetpack_sharing_enabled":true,"jetpack_featured_media_url":"https:\/\/www.legistdf.gob.ar\/wp-content\/uploads\/2020\/09\/IMG_7144.jpg","jetpack-related-posts":[],"_links":{"self":[{"href":"https:\/\/www.legistdf.gob.ar\/index.php\/wp-json\/wp\/v2\/posts\/21187"}],"collection":[{"href":"https:\/\/www.legistdf.gob.ar\/index.php\/wp-json\/wp\/v2\/posts"}],"about":[{"href":"https:\/\/www.legistdf.gob.ar\/index.php\/wp-json\/wp\/v2\/types\/post"}],"author":[{"embeddable":true,"href":"https:\/\/www.legistdf.gob.ar\/index.php\/wp-json\/wp\/v2\/users\/352"}],"replies":[{"embeddable":true,"href":"https:\/\/www.legistdf.gob.ar\/index.php\/wp-json\/wp\/v2\/comments?post=21187"}],"version-history":[{"count":1,"href":"https:\/\/www.legistdf.gob.ar\/index.php\/wp-json\/wp\/v2\/posts\/21187\/revisions"}],"predecessor-version":[{"id":21189,"href":"https:\/\/www.legistdf.gob.ar\/index.php\/wp-json\/wp\/v2\/posts\/21187\/revisions\/21189"}],"wp:featuredmedia":[{"embeddable":true,"href":"https:\/\/www.legistdf.gob.ar\/index.php\/wp-json\/wp\/v2\/media\/21188"}],"wp:attachment":[{"href":"https:\/\/www.legistdf.gob.ar\/index.php\/wp-json\/wp\/v2\/media?parent=21187"}],"wp:term":[{"taxonomy":"category","embeddable":true,"href":"https:\/\/www.legistdf.gob.ar\/index.php\/wp-json\/wp\/v2\/categories?post=21187"},{"taxonomy":"post_tag","embeddable":true,"href":"https:\/\/www.legistdf.gob.ar\/index.php\/wp-json\/wp\/v2\/tags?post=21187"}],"curies":[{"name":"wp","href":"https:\/\/api.w.org\/{rel}","templated":true}]}}