{"id":21368,"date":"2020-10-05T21:35:40","date_gmt":"2020-10-06T00:35:40","guid":{"rendered":"http:\/\/www.legistdf.gob.ar\/?p=21368"},"modified":"2020-10-05T21:35:40","modified_gmt":"2020-10-06T00:35:40","slug":"salud-urquiza-suscribio-junto-al-intendente-walter-vuoto-el-traspaso-del-polo-sanitario","status":"publish","type":"post","link":"https:\/\/www.legistdf.gob.ar\/index.php\/2020\/10\/05\/salud-urquiza-suscribio-junto-al-intendente-walter-vuoto-el-traspaso-del-polo-sanitario\/","title":{"rendered":"SALUD: Urquiza suscribi\u00f3 junto al intendente Walter Vuoto el traspaso del Polo Sanitario"},"content":{"rendered":"<p><strong><img loading=\"lazy\" decoding=\"async\" data-attachment-id=\"21369\" data-permalink=\"https:\/\/www.legistdf.gob.ar\/index.php\/2020\/10\/05\/salud-urquiza-suscribio-junto-al-intendente-walter-vuoto-el-traspaso-del-polo-sanitario\/firma-convenio\/\" data-orig-file=\"https:\/\/www.legistdf.gob.ar\/wp-content\/uploads\/2020\/10\/FIRMA-CONVENIO.jpg\" data-orig-size=\"2048,1363\" data-comments-opened=\"0\" data-image-meta=\"{&quot;aperture&quot;:&quot;0&quot;,&quot;credit&quot;:&quot;&quot;,&quot;camera&quot;:&quot;&quot;,&quot;caption&quot;:&quot;&quot;,&quot;created_timestamp&quot;:&quot;0&quot;,&quot;copyright&quot;:&quot;&quot;,&quot;focal_length&quot;:&quot;0&quot;,&quot;iso&quot;:&quot;0&quot;,&quot;shutter_speed&quot;:&quot;0&quot;,&quot;title&quot;:&quot;&quot;,&quot;orientation&quot;:&quot;0&quot;}\" data-image-title=\"FIRMA CONVENIO\" data-image-description=\"\" data-image-caption=\"\" data-medium-file=\"https:\/\/www.legistdf.gob.ar\/wp-content\/uploads\/2020\/10\/FIRMA-CONVENIO-300x200.jpg\" data-large-file=\"https:\/\/www.legistdf.gob.ar\/wp-content\/uploads\/2020\/10\/FIRMA-CONVENIO-1024x682.jpg\" class=\"alignleft wp-image-21369 size-medium\" src=\"http:\/\/www.legistdf.gob.ar\/wp-content\/uploads\/2020\/10\/FIRMA-CONVENIO-300x200.jpg\" alt=\"\" width=\"300\" height=\"200\" srcset=\"https:\/\/www.legistdf.gob.ar\/wp-content\/uploads\/2020\/10\/FIRMA-CONVENIO-300x200.jpg 300w, https:\/\/www.legistdf.gob.ar\/wp-content\/uploads\/2020\/10\/FIRMA-CONVENIO-768x511.jpg 768w, https:\/\/www.legistdf.gob.ar\/wp-content\/uploads\/2020\/10\/FIRMA-CONVENIO-1024x682.jpg 1024w, https:\/\/www.legistdf.gob.ar\/wp-content\/uploads\/2020\/10\/FIRMA-CONVENIO-160x106.jpg 160w, https:\/\/www.legistdf.gob.ar\/wp-content\/uploads\/2020\/10\/FIRMA-CONVENIO.jpg 2048w\" sizes=\"(max-width: 300px) 100vw, 300px\" \/>Ushuaia, lunes 5 de octubre de 2020.- \u00a0Con el objeto de garantizar el derecho a la salud de la poblaci\u00f3n de la ciudad de Ushuaia, la Presidenta de la C\u00e1mara, vicegobernadora M\u00f3nica Urquiza y el intendente de la ciudad, Walter Vuoto, suscribieron el convenio de traspaso del Polo Sanitario instalado en el Microestadio Jos\u00e9 \u201cCochocho\u201d Vargas.\u00a0 Particip\u00f3 la Secretaria de Acceso a la Salud del Ministerio de Salud de Naci\u00f3n, Dra. Carla Vizzotti.<\/strong><\/p>\n<p>La Vicegobernadora, record\u00f3 que \u201cel Gobierno y la Municipalidad en el mes de abril, suscribieron un convenio para la construcci\u00f3n de este Polo Sanitario. En definitiva, es la ampliaci\u00f3n de camas de sala general para el Hospital Regional Ushuaia. En el d\u00eda de la fecha se produjo la entrega formal y en estos d\u00edas se realizar\u00e1 la entrega del inventario\u201d.<\/p>\n<p>Adem\u00e1s, afirm\u00f3 que \u201cla Municipalidad de Ushuaia va colaborar con acciones como la limpieza y la seguridad del edificio, y la Provincia de Tierra del Fuego, aportar\u00e1 la estructura sanitaria con m\u00e9dicos y enfermeros\u201d.<\/p>\n\n\t\t<style type=\"text\/css\">\n\t\t\t#gallery-1 {\n\t\t\t\tmargin: auto;\n\t\t\t}\n\t\t\t#gallery-1 .gallery-item {\n\t\t\t\tfloat: left;\n\t\t\t\tmargin-top: 10px;\n\t\t\t\ttext-align: center;\n\t\t\t\twidth: 100%;\n\t\t\t}\n\t\t\t#gallery-1 img {\n\t\t\t\tborder: 2px solid #cfcfcf;\n\t\t\t}\n\t\t\t#gallery-1 .gallery-caption {\n\t\t\t\tmargin-left: 0;\n\t\t\t}\n\t\t\t\/* see gallery_shortcode() in wp-includes\/media.php *\/\n\t\t<\/style>\n\t\t<div data-carousel-extra='{\"blog_id\":1,\"permalink\":\"https:\\\/\\\/www.legistdf.gob.ar\\\/index.php\\\/2020\\\/10\\\/05\\\/salud-urquiza-suscribio-junto-al-intendente-walter-vuoto-el-traspaso-del-polo-sanitario\\\/\"}' id='gallery-1' class='gallery galleryid-21368 gallery-columns-1 gallery-size-thumbnail'><dl class='gallery-item'>\n\t\t\t<dt class='gallery-icon landscape'>\n\t\t\t\t<a href='https:\/\/www.legistdf.gob.ar\/index.php\/2020\/10\/05\/salud-urquiza-suscribio-junto-al-intendente-walter-vuoto-el-traspaso-del-polo-sanitario\/firma-convenio\/'><img loading=\"lazy\" decoding=\"async\" width=\"150\" height=\"150\" src=\"https:\/\/www.legistdf.gob.ar\/wp-content\/uploads\/2020\/10\/FIRMA-CONVENIO-150x150.jpg\" class=\"attachment-thumbnail size-thumbnail\" alt=\"\" srcset=\"https:\/\/www.legistdf.gob.ar\/wp-content\/uploads\/2020\/10\/FIRMA-CONVENIO-150x150.jpg 150w, https:\/\/www.legistdf.gob.ar\/wp-content\/uploads\/2020\/10\/FIRMA-CONVENIO-64x64.jpg 64w\" sizes=\"(max-width: 150px) 100vw, 150px\" data-attachment-id=\"21369\" data-permalink=\"https:\/\/www.legistdf.gob.ar\/index.php\/2020\/10\/05\/salud-urquiza-suscribio-junto-al-intendente-walter-vuoto-el-traspaso-del-polo-sanitario\/firma-convenio\/\" data-orig-file=\"https:\/\/www.legistdf.gob.ar\/wp-content\/uploads\/2020\/10\/FIRMA-CONVENIO.jpg\" data-orig-size=\"2048,1363\" data-comments-opened=\"0\" data-image-meta=\"{&quot;aperture&quot;:&quot;0&quot;,&quot;credit&quot;:&quot;&quot;,&quot;camera&quot;:&quot;&quot;,&quot;caption&quot;:&quot;&quot;,&quot;created_timestamp&quot;:&quot;0&quot;,&quot;copyright&quot;:&quot;&quot;,&quot;focal_length&quot;:&quot;0&quot;,&quot;iso&quot;:&quot;0&quot;,&quot;shutter_speed&quot;:&quot;0&quot;,&quot;title&quot;:&quot;&quot;,&quot;orientation&quot;:&quot;0&quot;}\" data-image-title=\"FIRMA CONVENIO\" data-image-description=\"\" data-image-caption=\"\" data-medium-file=\"https:\/\/www.legistdf.gob.ar\/wp-content\/uploads\/2020\/10\/FIRMA-CONVENIO-300x200.jpg\" data-large-file=\"https:\/\/www.legistdf.gob.ar\/wp-content\/uploads\/2020\/10\/FIRMA-CONVENIO-1024x682.jpg\" \/><\/a>\n\t\t\t<\/dt><\/dl><br style=\"clear: both\" \/>\n\t\t<\/div>\n\n","protected":false},"excerpt":{"rendered":"<p>Ushuaia, lunes 5 de octubre de 2020.- \u00a0Con el objeto de garantizar el derecho a la salud de la poblaci\u00f3n de la ciudad de Ushuaia, la Presidenta de la C\u00e1mara, vicegobernadora M\u00f3nica Urquiza y el intendente de la ciudad, Walter Vuoto, suscribieron el convenio de traspaso del Polo Sanitario instalado en el Microestadio Jos\u00e9 \u201cCochocho\u201d [&hellip;]<\/p>\n","protected":false},"author":352,"featured_media":21369,"comment_status":"closed","ping_status":"open","sticky":false,"template":"","format":"standard","meta":{"jetpack_post_was_ever_published":false,"_jetpack_newsletter_access":"","_jetpack_dont_email_post_to_subs":false,"_jetpack_newsletter_tier_id":0,"footnotes":"","jetpack_publicize_message":"","jetpack_publicize_feature_enabled":true,"jetpack_social_post_already_shared":true,"jetpack_social_options":{"image_generator_settings":{"template":"highway","enabled":false}}},"categories":[1],"tags":[1911,78,144,48,87,254],"jetpack_publicize_connections":[],"jetpack_sharing_enabled":true,"jetpack_featured_media_url":"https:\/\/www.legistdf.gob.ar\/wp-content\/uploads\/2020\/10\/FIRMA-CONVENIO.jpg","jetpack-related-posts":[],"_links":{"self":[{"href":"https:\/\/www.legistdf.gob.ar\/index.php\/wp-json\/wp\/v2\/posts\/21368"}],"collection":[{"href":"https:\/\/www.legistdf.gob.ar\/index.php\/wp-json\/wp\/v2\/posts"}],"about":[{"href":"https:\/\/www.legistdf.gob.ar\/index.php\/wp-json\/wp\/v2\/types\/post"}],"author":[{"embeddable":true,"href":"https:\/\/www.legistdf.gob.ar\/index.php\/wp-json\/wp\/v2\/users\/352"}],"replies":[{"embeddable":true,"href":"https:\/\/www.legistdf.gob.ar\/index.php\/wp-json\/wp\/v2\/comments?post=21368"}],"version-history":[{"count":1,"href":"https:\/\/www.legistdf.gob.ar\/index.php\/wp-json\/wp\/v2\/posts\/21368\/revisions"}],"predecessor-version":[{"id":21370,"href":"https:\/\/www.legistdf.gob.ar\/index.php\/wp-json\/wp\/v2\/posts\/21368\/revisions\/21370"}],"wp:featuredmedia":[{"embeddable":true,"href":"https:\/\/www.legistdf.gob.ar\/index.php\/wp-json\/wp\/v2\/media\/21369"}],"wp:attachment":[{"href":"https:\/\/www.legistdf.gob.ar\/index.php\/wp-json\/wp\/v2\/media?parent=21368"}],"wp:term":[{"taxonomy":"category","embeddable":true,"href":"https:\/\/www.legistdf.gob.ar\/index.php\/wp-json\/wp\/v2\/categories?post=21368"},{"taxonomy":"post_tag","embeddable":true,"href":"https:\/\/www.legistdf.gob.ar\/index.php\/wp-json\/wp\/v2\/tags?post=21368"}],"curies":[{"name":"wp","href":"https:\/\/api.w.org\/{rel}","templated":true}]}}