{"id":21371,"date":"2020-10-05T22:35:54","date_gmt":"2020-10-06T01:35:54","guid":{"rendered":"http:\/\/www.legistdf.gob.ar\/?p=21371"},"modified":"2020-10-05T21:39:15","modified_gmt":"2020-10-06T00:39:15","slug":"ushuaia-urquiza-participo-de-una-nutrida-agenda-sanitaria-junto-a-autoridades-nacionales","status":"publish","type":"post","link":"https:\/\/www.legistdf.gob.ar\/index.php\/2020\/10\/05\/ushuaia-urquiza-participo-de-una-nutrida-agenda-sanitaria-junto-a-autoridades-nacionales\/","title":{"rendered":"USHUAIA: Urquiza particip\u00f3 de una nutrida agenda sanitaria junto a autoridades nacionales\u00a0"},"content":{"rendered":"<div dir=\"ltr\"><strong><img loading=\"lazy\" decoding=\"async\" data-attachment-id=\"21376\" data-permalink=\"https:\/\/www.legistdf.gob.ar\/index.php\/2020\/10\/05\/ushuaia-urquiza-participo-de-una-nutrida-agenda-sanitaria-junto-a-autoridades-nacionales\/urquiza-vizzotti\/\" data-orig-file=\"https:\/\/www.legistdf.gob.ar\/wp-content\/uploads\/2020\/10\/URQUIZA-VIZZOTTI.jpg\" data-orig-size=\"1280,851\" data-comments-opened=\"0\" data-image-meta=\"{&quot;aperture&quot;:&quot;0&quot;,&quot;credit&quot;:&quot;&quot;,&quot;camera&quot;:&quot;&quot;,&quot;caption&quot;:&quot;&quot;,&quot;created_timestamp&quot;:&quot;0&quot;,&quot;copyright&quot;:&quot;&quot;,&quot;focal_length&quot;:&quot;0&quot;,&quot;iso&quot;:&quot;0&quot;,&quot;shutter_speed&quot;:&quot;0&quot;,&quot;title&quot;:&quot;&quot;,&quot;orientation&quot;:&quot;0&quot;}\" data-image-title=\"URQUIZA VIZZOTTI\" data-image-description=\"\" data-image-caption=\"\" data-medium-file=\"https:\/\/www.legistdf.gob.ar\/wp-content\/uploads\/2020\/10\/URQUIZA-VIZZOTTI-300x199.jpg\" data-large-file=\"https:\/\/www.legistdf.gob.ar\/wp-content\/uploads\/2020\/10\/URQUIZA-VIZZOTTI-1024x681.jpg\" class=\"alignleft wp-image-21376 size-medium\" src=\"http:\/\/www.legistdf.gob.ar\/wp-content\/uploads\/2020\/10\/URQUIZA-VIZZOTTI-300x199.jpg\" alt=\"\" width=\"300\" height=\"199\" srcset=\"https:\/\/www.legistdf.gob.ar\/wp-content\/uploads\/2020\/10\/URQUIZA-VIZZOTTI-300x199.jpg 300w, https:\/\/www.legistdf.gob.ar\/wp-content\/uploads\/2020\/10\/URQUIZA-VIZZOTTI-768x511.jpg 768w, https:\/\/www.legistdf.gob.ar\/wp-content\/uploads\/2020\/10\/URQUIZA-VIZZOTTI-1024x681.jpg 1024w, https:\/\/www.legistdf.gob.ar\/wp-content\/uploads\/2020\/10\/URQUIZA-VIZZOTTI-160x106.jpg 160w, https:\/\/www.legistdf.gob.ar\/wp-content\/uploads\/2020\/10\/URQUIZA-VIZZOTTI.jpg 1280w\" sizes=\"(max-width: 300px) 100vw, 300px\" \/>Ushuaia, lunes 5 de octubre de 2020.- La \u00a0Presidenta de la C\u00e1mara, vicegobernadora M\u00f3nica Urquiza, recibi\u00f3 esta ma\u00f1ana, en el aeropuerto internacional de Ushuaia, Malvinas Argentinas a la comitiva del Ministerio de Salud de la Naci\u00f3n, encabezada por la secretaria de Acceso a la Salud, Dra. Carla Vizzotti.<\/strong><\/div>\n<div dir=\"ltr\">\nLuego de recibir a la delegaci\u00f3n nacional, se trasladaron a Casa de Gobierno donde se efectu\u00f3 la recepci\u00f3n oficial de las autoridades. Del encuentro tambi\u00e9n participaron el Jefe de Gabinete, Agust\u00edn Tita; \u00a0el intendente de Ushuaia, Walter Vuoto; y funcionarios del Poder Ejecutivo Provincial.<\/div>\n<div dir=\"ltr\">\nLa vicegobernadora M\u00f3nica Urquiza coment\u00f3: \u201cHemos tenido diferentes intercambios sobre las distintas situaciones que se fueron dando desde el inicio hasta la fecha con respecto al COVID-19, en las distintas ciudades de nuestra Provincia. La visita de la Dra. Vizzotti ha sumado mucha experiencia permitiendo una mirada federal. Nos ha enriquecido el intercambio de experiencias\u201d.<br \/>\nLlegado el mediod\u00eda, las autoridades mantuvieron un encuentro con integrantes de \u00a0la C\u00e1mara de Comercio, Turismo, Hotelera y Gastron\u00f3mica que se desarroll\u00f3 en el Sal\u00f3n Lasserre de Casa de Gobierno.<\/div>\n<div dir=\"ltr\">\nEn este sentido, Urquiza resumi\u00f3 \u00a0\u201cesta charla v\u00eda zoom sirvi\u00f3 para poder consensuar c\u00f3mo continuar trabajando; c\u00f3mo acostumbrarnos a esta nueva normalidad que implica convivir con el virus; y c\u00f3mo poder continuar con todas nuestras actividades esperando la pr\u00f3xima temporada\u201d.<\/div>\n<div dir=\"ltr\">\nAsimismo, indic\u00f3 \u201cla situaci\u00f3n que se vive en Tierra del Fuego, se vive en el resto de las provincias de nuestro pa\u00eds y en el mundo. No tenemos que bajar los brazos, es un mensaje a todos los trabajadores de salud, que ha estado a la altura de las circunstancias\u201d.<br \/>\nPara finalizar, Urquiza sostuvo \u201ctenemos que ser conscientes que el virus est\u00e1 entre nosotros, y hasta no tener la cura que es la vacuna, lo importante es seguir concientiz\u00e1ndonos con el lavado de manos, el tapabocas y el distanciamiento. Hemos acordado entre todos los actores, que tenemos que hacer un trabajo en conjunto y mancomunado\u201d.<\/div>\n<div dir=\"ltr\">\n\n\t\t<style type=\"text\/css\">\n\t\t\t#gallery-1 {\n\t\t\t\tmargin: auto;\n\t\t\t}\n\t\t\t#gallery-1 .gallery-item {\n\t\t\t\tfloat: left;\n\t\t\t\tmargin-top: 10px;\n\t\t\t\ttext-align: center;\n\t\t\t\twidth: 33%;\n\t\t\t}\n\t\t\t#gallery-1 img {\n\t\t\t\tborder: 2px solid #cfcfcf;\n\t\t\t}\n\t\t\t#gallery-1 .gallery-caption {\n\t\t\t\tmargin-left: 0;\n\t\t\t}\n\t\t\t\/* see gallery_shortcode() in wp-includes\/media.php *\/\n\t\t<\/style>\n\t\t<div data-carousel-extra='{\"blog_id\":1,\"permalink\":\"https:\\\/\\\/www.legistdf.gob.ar\\\/index.php\\\/2020\\\/10\\\/05\\\/ushuaia-urquiza-participo-de-una-nutrida-agenda-sanitaria-junto-a-autoridades-nacionales\\\/\"}' id='gallery-1' class='gallery galleryid-21371 gallery-columns-3 gallery-size-thumbnail'><dl class='gallery-item'>\n\t\t\t<dt class='gallery-icon landscape'>\n\t\t\t\t<a href='https:\/\/www.legistdf.gob.ar\/index.php\/2020\/10\/05\/ushuaia-urquiza-participo-de-una-nutrida-agenda-sanitaria-junto-a-autoridades-nacionales\/urquiza-vizzotti-1\/'><img loading=\"lazy\" decoding=\"async\" width=\"150\" height=\"150\" src=\"https:\/\/www.legistdf.gob.ar\/wp-content\/uploads\/2020\/10\/URQUIZA-VIZZOTTI-1-150x150.jpg\" class=\"attachment-thumbnail size-thumbnail\" alt=\"\" srcset=\"https:\/\/www.legistdf.gob.ar\/wp-content\/uploads\/2020\/10\/URQUIZA-VIZZOTTI-1-150x150.jpg 150w, https:\/\/www.legistdf.gob.ar\/wp-content\/uploads\/2020\/10\/URQUIZA-VIZZOTTI-1-64x64.jpg 64w\" sizes=\"(max-width: 150px) 100vw, 150px\" data-attachment-id=\"21373\" data-permalink=\"https:\/\/www.legistdf.gob.ar\/index.php\/2020\/10\/05\/ushuaia-urquiza-participo-de-una-nutrida-agenda-sanitaria-junto-a-autoridades-nacionales\/urquiza-vizzotti-1\/\" data-orig-file=\"https:\/\/www.legistdf.gob.ar\/wp-content\/uploads\/2020\/10\/URQUIZA-VIZZOTTI-1.jpg\" data-orig-size=\"1280,851\" data-comments-opened=\"0\" data-image-meta=\"{&quot;aperture&quot;:&quot;0&quot;,&quot;credit&quot;:&quot;&quot;,&quot;camera&quot;:&quot;&quot;,&quot;caption&quot;:&quot;&quot;,&quot;created_timestamp&quot;:&quot;0&quot;,&quot;copyright&quot;:&quot;&quot;,&quot;focal_length&quot;:&quot;0&quot;,&quot;iso&quot;:&quot;0&quot;,&quot;shutter_speed&quot;:&quot;0&quot;,&quot;title&quot;:&quot;&quot;,&quot;orientation&quot;:&quot;0&quot;}\" data-image-title=\"URQUIZA VIZZOTTI 1\" data-image-description=\"\" data-image-caption=\"\" data-medium-file=\"https:\/\/www.legistdf.gob.ar\/wp-content\/uploads\/2020\/10\/URQUIZA-VIZZOTTI-1-300x199.jpg\" data-large-file=\"https:\/\/www.legistdf.gob.ar\/wp-content\/uploads\/2020\/10\/URQUIZA-VIZZOTTI-1-1024x681.jpg\" \/><\/a>\n\t\t\t<\/dt><\/dl><dl class='gallery-item'>\n\t\t\t<dt class='gallery-icon landscape'>\n\t\t\t\t<a href='https:\/\/www.legistdf.gob.ar\/index.php\/2020\/10\/05\/ushuaia-urquiza-participo-de-una-nutrida-agenda-sanitaria-junto-a-autoridades-nacionales\/urquiza-vizzotti-2\/'><img loading=\"lazy\" decoding=\"async\" width=\"150\" height=\"150\" src=\"https:\/\/www.legistdf.gob.ar\/wp-content\/uploads\/2020\/10\/URQUIZA-VIZZOTTI-2-150x150.jpg\" class=\"attachment-thumbnail size-thumbnail\" alt=\"\" srcset=\"https:\/\/www.legistdf.gob.ar\/wp-content\/uploads\/2020\/10\/URQUIZA-VIZZOTTI-2-150x150.jpg 150w, https:\/\/www.legistdf.gob.ar\/wp-content\/uploads\/2020\/10\/URQUIZA-VIZZOTTI-2-64x64.jpg 64w\" sizes=\"(max-width: 150px) 100vw, 150px\" data-attachment-id=\"21374\" data-permalink=\"https:\/\/www.legistdf.gob.ar\/index.php\/2020\/10\/05\/ushuaia-urquiza-participo-de-una-nutrida-agenda-sanitaria-junto-a-autoridades-nacionales\/urquiza-vizzotti-2\/\" data-orig-file=\"https:\/\/www.legistdf.gob.ar\/wp-content\/uploads\/2020\/10\/URQUIZA-VIZZOTTI-2.jpg\" data-orig-size=\"1280,851\" data-comments-opened=\"0\" data-image-meta=\"{&quot;aperture&quot;:&quot;0&quot;,&quot;credit&quot;:&quot;&quot;,&quot;camera&quot;:&quot;&quot;,&quot;caption&quot;:&quot;&quot;,&quot;created_timestamp&quot;:&quot;0&quot;,&quot;copyright&quot;:&quot;&quot;,&quot;focal_length&quot;:&quot;0&quot;,&quot;iso&quot;:&quot;0&quot;,&quot;shutter_speed&quot;:&quot;0&quot;,&quot;title&quot;:&quot;&quot;,&quot;orientation&quot;:&quot;0&quot;}\" data-image-title=\"URQUIZA VIZZOTTI 2\" data-image-description=\"\" data-image-caption=\"\" data-medium-file=\"https:\/\/www.legistdf.gob.ar\/wp-content\/uploads\/2020\/10\/URQUIZA-VIZZOTTI-2-300x199.jpg\" data-large-file=\"https:\/\/www.legistdf.gob.ar\/wp-content\/uploads\/2020\/10\/URQUIZA-VIZZOTTI-2-1024x681.jpg\" \/><\/a>\n\t\t\t<\/dt><\/dl><dl class='gallery-item'>\n\t\t\t<dt class='gallery-icon landscape'>\n\t\t\t\t<a href='https:\/\/www.legistdf.gob.ar\/index.php\/2020\/10\/05\/ushuaia-urquiza-participo-de-una-nutrida-agenda-sanitaria-junto-a-autoridades-nacionales\/urquiza-vizzotti-3\/'><img loading=\"lazy\" decoding=\"async\" width=\"150\" height=\"150\" src=\"https:\/\/www.legistdf.gob.ar\/wp-content\/uploads\/2020\/10\/URQUIZA-VIZZOTTI-3-150x150.jpg\" class=\"attachment-thumbnail size-thumbnail\" alt=\"\" srcset=\"https:\/\/www.legistdf.gob.ar\/wp-content\/uploads\/2020\/10\/URQUIZA-VIZZOTTI-3-150x150.jpg 150w, https:\/\/www.legistdf.gob.ar\/wp-content\/uploads\/2020\/10\/URQUIZA-VIZZOTTI-3-64x64.jpg 64w\" sizes=\"(max-width: 150px) 100vw, 150px\" data-attachment-id=\"21375\" data-permalink=\"https:\/\/www.legistdf.gob.ar\/index.php\/2020\/10\/05\/ushuaia-urquiza-participo-de-una-nutrida-agenda-sanitaria-junto-a-autoridades-nacionales\/urquiza-vizzotti-3\/\" data-orig-file=\"https:\/\/www.legistdf.gob.ar\/wp-content\/uploads\/2020\/10\/URQUIZA-VIZZOTTI-3.jpg\" data-orig-size=\"1280,851\" data-comments-opened=\"0\" data-image-meta=\"{&quot;aperture&quot;:&quot;0&quot;,&quot;credit&quot;:&quot;&quot;,&quot;camera&quot;:&quot;&quot;,&quot;caption&quot;:&quot;&quot;,&quot;created_timestamp&quot;:&quot;0&quot;,&quot;copyright&quot;:&quot;&quot;,&quot;focal_length&quot;:&quot;0&quot;,&quot;iso&quot;:&quot;0&quot;,&quot;shutter_speed&quot;:&quot;0&quot;,&quot;title&quot;:&quot;&quot;,&quot;orientation&quot;:&quot;0&quot;}\" data-image-title=\"URQUIZA VIZZOTTI 3\" data-image-description=\"\" data-image-caption=\"\" data-medium-file=\"https:\/\/www.legistdf.gob.ar\/wp-content\/uploads\/2020\/10\/URQUIZA-VIZZOTTI-3-300x199.jpg\" data-large-file=\"https:\/\/www.legistdf.gob.ar\/wp-content\/uploads\/2020\/10\/URQUIZA-VIZZOTTI-3-1024x681.jpg\" \/><\/a>\n\t\t\t<\/dt><\/dl><br style=\"clear: both\" \/><dl class='gallery-item'>\n\t\t\t<dt class='gallery-icon landscape'>\n\t\t\t\t<a href='https:\/\/www.legistdf.gob.ar\/index.php\/2020\/10\/05\/ushuaia-urquiza-participo-de-una-nutrida-agenda-sanitaria-junto-a-autoridades-nacionales\/urquiza-vizzotti\/'><img loading=\"lazy\" decoding=\"async\" width=\"150\" height=\"150\" src=\"https:\/\/www.legistdf.gob.ar\/wp-content\/uploads\/2020\/10\/URQUIZA-VIZZOTTI-150x150.jpg\" class=\"attachment-thumbnail size-thumbnail\" alt=\"\" srcset=\"https:\/\/www.legistdf.gob.ar\/wp-content\/uploads\/2020\/10\/URQUIZA-VIZZOTTI-150x150.jpg 150w, https:\/\/www.legistdf.gob.ar\/wp-content\/uploads\/2020\/10\/URQUIZA-VIZZOTTI-64x64.jpg 64w\" sizes=\"(max-width: 150px) 100vw, 150px\" data-attachment-id=\"21376\" data-permalink=\"https:\/\/www.legistdf.gob.ar\/index.php\/2020\/10\/05\/ushuaia-urquiza-participo-de-una-nutrida-agenda-sanitaria-junto-a-autoridades-nacionales\/urquiza-vizzotti\/\" data-orig-file=\"https:\/\/www.legistdf.gob.ar\/wp-content\/uploads\/2020\/10\/URQUIZA-VIZZOTTI.jpg\" data-orig-size=\"1280,851\" data-comments-opened=\"0\" data-image-meta=\"{&quot;aperture&quot;:&quot;0&quot;,&quot;credit&quot;:&quot;&quot;,&quot;camera&quot;:&quot;&quot;,&quot;caption&quot;:&quot;&quot;,&quot;created_timestamp&quot;:&quot;0&quot;,&quot;copyright&quot;:&quot;&quot;,&quot;focal_length&quot;:&quot;0&quot;,&quot;iso&quot;:&quot;0&quot;,&quot;shutter_speed&quot;:&quot;0&quot;,&quot;title&quot;:&quot;&quot;,&quot;orientation&quot;:&quot;0&quot;}\" data-image-title=\"URQUIZA VIZZOTTI\" data-image-description=\"\" data-image-caption=\"\" data-medium-file=\"https:\/\/www.legistdf.gob.ar\/wp-content\/uploads\/2020\/10\/URQUIZA-VIZZOTTI-300x199.jpg\" data-large-file=\"https:\/\/www.legistdf.gob.ar\/wp-content\/uploads\/2020\/10\/URQUIZA-VIZZOTTI-1024x681.jpg\" \/><\/a>\n\t\t\t<\/dt><\/dl>\n\t\t\t<br style='clear: both' \/>\n\t\t<\/div>\n\n<\/div>\n<div dir=\"ltr\">\n<div class=\"yj6qo\"><\/div>\n<div class=\"adL\"><\/div>\n<\/div>\n","protected":false},"excerpt":{"rendered":"<p>Ushuaia, lunes 5 de octubre de 2020.- La \u00a0Presidenta de la C\u00e1mara, vicegobernadora M\u00f3nica Urquiza, recibi\u00f3 esta ma\u00f1ana, en el aeropuerto internacional de Ushuaia, Malvinas Argentinas a la comitiva del Ministerio de Salud de la Naci\u00f3n, encabezada por la secretaria de Acceso a la Salud, Dra. Carla Vizzotti. Luego de recibir a la delegaci\u00f3n nacional, [&hellip;]<\/p>\n","protected":false},"author":352,"featured_media":21376,"comment_status":"closed","ping_status":"open","sticky":false,"template":"","format":"standard","meta":{"jetpack_post_was_ever_published":false,"_jetpack_newsletter_access":"","_jetpack_dont_email_post_to_subs":false,"_jetpack_newsletter_tier_id":0,"footnotes":"","jetpack_publicize_message":"","jetpack_publicize_feature_enabled":true,"jetpack_social_post_already_shared":true,"jetpack_social_options":{"image_generator_settings":{"template":"highway","enabled":false}}},"categories":[1],"tags":[78,144,79,87],"jetpack_publicize_connections":[],"jetpack_sharing_enabled":true,"jetpack_featured_media_url":"https:\/\/www.legistdf.gob.ar\/wp-content\/uploads\/2020\/10\/URQUIZA-VIZZOTTI.jpg","jetpack-related-posts":[],"_links":{"self":[{"href":"https:\/\/www.legistdf.gob.ar\/index.php\/wp-json\/wp\/v2\/posts\/21371"}],"collection":[{"href":"https:\/\/www.legistdf.gob.ar\/index.php\/wp-json\/wp\/v2\/posts"}],"about":[{"href":"https:\/\/www.legistdf.gob.ar\/index.php\/wp-json\/wp\/v2\/types\/post"}],"author":[{"embeddable":true,"href":"https:\/\/www.legistdf.gob.ar\/index.php\/wp-json\/wp\/v2\/users\/352"}],"replies":[{"embeddable":true,"href":"https:\/\/www.legistdf.gob.ar\/index.php\/wp-json\/wp\/v2\/comments?post=21371"}],"version-history":[{"count":1,"href":"https:\/\/www.legistdf.gob.ar\/index.php\/wp-json\/wp\/v2\/posts\/21371\/revisions"}],"predecessor-version":[{"id":21377,"href":"https:\/\/www.legistdf.gob.ar\/index.php\/wp-json\/wp\/v2\/posts\/21371\/revisions\/21377"}],"wp:featuredmedia":[{"embeddable":true,"href":"https:\/\/www.legistdf.gob.ar\/index.php\/wp-json\/wp\/v2\/media\/21376"}],"wp:attachment":[{"href":"https:\/\/www.legistdf.gob.ar\/index.php\/wp-json\/wp\/v2\/media?parent=21371"}],"wp:term":[{"taxonomy":"category","embeddable":true,"href":"https:\/\/www.legistdf.gob.ar\/index.php\/wp-json\/wp\/v2\/categories?post=21371"},{"taxonomy":"post_tag","embeddable":true,"href":"https:\/\/www.legistdf.gob.ar\/index.php\/wp-json\/wp\/v2\/tags?post=21371"}],"curies":[{"name":"wp","href":"https:\/\/api.w.org\/{rel}","templated":true}]}}