{"id":21413,"date":"2020-10-11T16:50:35","date_gmt":"2020-10-11T19:50:35","guid":{"rendered":"http:\/\/www.legistdf.gob.ar\/?p=21413"},"modified":"2020-10-11T16:40:52","modified_gmt":"2020-10-11T19:40:52","slug":"presupuesto-redefinen-agenda-para-tratamiento-del-proyecto-de-presupuesto-2021","status":"publish","type":"post","link":"https:\/\/www.legistdf.gob.ar\/index.php\/2020\/10\/11\/presupuesto-redefinen-agenda-para-tratamiento-del-proyecto-de-presupuesto-2021\/","title":{"rendered":"PRESUPUESTO: Redefinen agenda para tratamiento del proyecto de Presupuesto 2021"},"content":{"rendered":"<p><strong><img loading=\"lazy\" decoding=\"async\" data-attachment-id=\"21406\" data-permalink=\"https:\/\/www.legistdf.gob.ar\/index.php\/2020\/10\/11\/economia-por-la-coparticipacion-legisladores-recibieron-a-concejales-de-ushuaia\/img_7306\/\" data-orig-file=\"https:\/\/www.legistdf.gob.ar\/wp-content\/uploads\/2020\/10\/IMG_7306.jpg\" data-orig-size=\"1500,1000\" data-comments-opened=\"0\" data-image-meta=\"{&quot;aperture&quot;:&quot;0&quot;,&quot;credit&quot;:&quot;&quot;,&quot;camera&quot;:&quot;&quot;,&quot;caption&quot;:&quot;&quot;,&quot;created_timestamp&quot;:&quot;0&quot;,&quot;copyright&quot;:&quot;&quot;,&quot;focal_length&quot;:&quot;0&quot;,&quot;iso&quot;:&quot;0&quot;,&quot;shutter_speed&quot;:&quot;0&quot;,&quot;title&quot;:&quot;&quot;,&quot;orientation&quot;:&quot;0&quot;}\" data-image-title=\"IMG_7306\" data-image-description=\"\" data-image-caption=\"\" data-medium-file=\"https:\/\/www.legistdf.gob.ar\/wp-content\/uploads\/2020\/10\/IMG_7306-300x200.jpg\" data-large-file=\"https:\/\/www.legistdf.gob.ar\/wp-content\/uploads\/2020\/10\/IMG_7306-1024x683.jpg\" class=\"alignleft wp-image-21406 size-medium\" src=\"http:\/\/www.legistdf.gob.ar\/wp-content\/uploads\/2020\/10\/IMG_7306-300x200.jpg\" alt=\"\" width=\"300\" height=\"200\" srcset=\"https:\/\/www.legistdf.gob.ar\/wp-content\/uploads\/2020\/10\/IMG_7306-300x200.jpg 300w, https:\/\/www.legistdf.gob.ar\/wp-content\/uploads\/2020\/10\/IMG_7306-768x512.jpg 768w, https:\/\/www.legistdf.gob.ar\/wp-content\/uploads\/2020\/10\/IMG_7306-1024x683.jpg 1024w, https:\/\/www.legistdf.gob.ar\/wp-content\/uploads\/2020\/10\/IMG_7306-160x107.jpg 160w, https:\/\/www.legistdf.gob.ar\/wp-content\/uploads\/2020\/10\/IMG_7306.jpg 1500w\" sizes=\"(max-width: 300px) 100vw, 300px\" \/>Ushuaia, domingo 11 de octubre de 2020.- El proyecto de Ley de Presupuesto para el ejercicio 2021 se debatir\u00e1 en noviembre y desde la bancada de la UCR esperan lograr el consenso necesario para contar con esta herramienta. As\u00ed lo detall\u00f3 el jueves pasado, en la reuni\u00f3n mixta, el presidente de la Comisi\u00f3n de Econom\u00eda, Federico Sciurano (UCR) que agreg\u00f3: \u201cHay que volver a poner el Presupuesto en sinton\u00eda con la realidad\u201d dijo.<\/strong><\/p>\n<p>&nbsp;<\/p>\n<p>El proyecto de Ley iba a debatirse el 6 de octubre pasado aunque el Ejecutivo, debido a la situaci\u00f3n actual que atraviesa la Provincia en materia sanitaria, solicit\u00f3 postergar el an\u00e1lisis de la iniciativa. \u201cAprobamos un nuevo cronograma que comenzar\u00e1 el 3 de noviembre hasta el 19, es una pr\u00f3rroga por \u00fanica vez\u201d, inform\u00f3 Sciurano. Oportunamente, se informar\u00e1 el cronograma de fechas, Ministerios y entes que acudir\u00e1n al nuevo llamado.<\/p>\n<p>&nbsp;<\/p>\n<p>\u201cNecesitamos contar con la infraestructura adecuada porque es un tema muy sensible para toda la Provincia, mucho m\u00e1s en estos tiempos, con el impacto econ\u00f3mico que est\u00e1 dejando la pandemia en la sociedad y, teniendo en cuenta que hace 3 a\u00f1os que no se aprueba un proyecto de Presupuesto\u201d, explic\u00f3 el Legislador.<\/p>\n<p>&nbsp;<\/p>\n<p>Adem\u00e1s mencion\u00f3 que para el Gobierno, contar con este proyecto de Ley sancionado, representa \u201ccontar con una l\u00ednea conductiva, en funci\u00f3n de un desarrollo econ\u00f3mico que busca objetivos para marcar una hoja de ruta bien estipulada. Hay que tener en cuenta que, cuando nosotros vemos el antecedente presupuestario en este momento, nos encontramos con estructuras de gasto y de cr\u00e9dito de hace m\u00e1s de 3 a\u00f1os\u201d, sostuvo en di\u00e1logo con Prensa Legislativa.<\/p>\n<p>&nbsp;<\/p>\n<p>Analiz\u00f3 que, de aqu\u00ed en adelante, \u201chay que volver a poner el Presupuesto en sinton\u00eda con la realidad, desde el radicalismo deseamos encontrar los acuerdos necesarios para que este proyecto prospere y la Provincia cuente con un Presupuesto aprobado para el pr\u00f3ximo a\u00f1o\u201d, cerr\u00f3 el Legislador.<\/p>\n<p>&nbsp;<\/p>\n<p style=\"text-align: right;\"><em>MBCH-AT<\/em><\/p>\n<p>https:\/\/youtu.be\/wg6-b42KIAM?t=2289<\/p>\n\n\t\t<style type=\"text\/css\">\n\t\t\t#gallery-1 {\n\t\t\t\tmargin: auto;\n\t\t\t}\n\t\t\t#gallery-1 .gallery-item {\n\t\t\t\tfloat: left;\n\t\t\t\tmargin-top: 10px;\n\t\t\t\ttext-align: center;\n\t\t\t\twidth: 33%;\n\t\t\t}\n\t\t\t#gallery-1 img {\n\t\t\t\tborder: 2px solid #cfcfcf;\n\t\t\t}\n\t\t\t#gallery-1 .gallery-caption {\n\t\t\t\tmargin-left: 0;\n\t\t\t}\n\t\t\t\/* see gallery_shortcode() in wp-includes\/media.php *\/\n\t\t<\/style>\n\t\t<div data-carousel-extra='{\"blog_id\":1,\"permalink\":\"https:\\\/\\\/www.legistdf.gob.ar\\\/index.php\\\/2020\\\/10\\\/11\\\/presupuesto-redefinen-agenda-para-tratamiento-del-proyecto-de-presupuesto-2021\\\/\"}' id='gallery-1' class='gallery galleryid-21413 gallery-columns-3 gallery-size-medium'><dl class='gallery-item'>\n\t\t\t<dt class='gallery-icon landscape'>\n\t\t\t\t<a href='https:\/\/www.legistdf.gob.ar\/index.php\/2020\/10\/11\/economia-por-la-coparticipacion-legisladores-recibieron-a-concejales-de-ushuaia\/img_7309\/'><img loading=\"lazy\" decoding=\"async\" width=\"300\" height=\"200\" src=\"https:\/\/www.legistdf.gob.ar\/wp-content\/uploads\/2020\/10\/IMG_7309-300x200.jpg\" class=\"attachment-medium size-medium\" alt=\"\" srcset=\"https:\/\/www.legistdf.gob.ar\/wp-content\/uploads\/2020\/10\/IMG_7309-300x200.jpg 300w, https:\/\/www.legistdf.gob.ar\/wp-content\/uploads\/2020\/10\/IMG_7309-768x512.jpg 768w, https:\/\/www.legistdf.gob.ar\/wp-content\/uploads\/2020\/10\/IMG_7309-1024x683.jpg 1024w, https:\/\/www.legistdf.gob.ar\/wp-content\/uploads\/2020\/10\/IMG_7309-160x107.jpg 160w, https:\/\/www.legistdf.gob.ar\/wp-content\/uploads\/2020\/10\/IMG_7309.jpg 1500w\" sizes=\"(max-width: 300px) 100vw, 300px\" data-attachment-id=\"21409\" data-permalink=\"https:\/\/www.legistdf.gob.ar\/index.php\/2020\/10\/11\/economia-por-la-coparticipacion-legisladores-recibieron-a-concejales-de-ushuaia\/img_7309\/\" data-orig-file=\"https:\/\/www.legistdf.gob.ar\/wp-content\/uploads\/2020\/10\/IMG_7309.jpg\" data-orig-size=\"1500,1000\" data-comments-opened=\"0\" data-image-meta=\"{&quot;aperture&quot;:&quot;0&quot;,&quot;credit&quot;:&quot;&quot;,&quot;camera&quot;:&quot;&quot;,&quot;caption&quot;:&quot;&quot;,&quot;created_timestamp&quot;:&quot;0&quot;,&quot;copyright&quot;:&quot;&quot;,&quot;focal_length&quot;:&quot;0&quot;,&quot;iso&quot;:&quot;0&quot;,&quot;shutter_speed&quot;:&quot;0&quot;,&quot;title&quot;:&quot;&quot;,&quot;orientation&quot;:&quot;0&quot;}\" data-image-title=\"IMG_7309\" data-image-description=\"\" data-image-caption=\"\" data-medium-file=\"https:\/\/www.legistdf.gob.ar\/wp-content\/uploads\/2020\/10\/IMG_7309-300x200.jpg\" data-large-file=\"https:\/\/www.legistdf.gob.ar\/wp-content\/uploads\/2020\/10\/IMG_7309-1024x683.jpg\" \/><\/a>\n\t\t\t<\/dt><\/dl><dl class='gallery-item'>\n\t\t\t<dt class='gallery-icon landscape'>\n\t\t\t\t<a href='https:\/\/www.legistdf.gob.ar\/index.php\/2020\/10\/11\/economia-por-la-coparticipacion-legisladores-recibieron-a-concejales-de-ushuaia\/img_7306\/'><img loading=\"lazy\" decoding=\"async\" width=\"300\" height=\"200\" src=\"https:\/\/www.legistdf.gob.ar\/wp-content\/uploads\/2020\/10\/IMG_7306-300x200.jpg\" class=\"attachment-medium size-medium\" alt=\"\" srcset=\"https:\/\/www.legistdf.gob.ar\/wp-content\/uploads\/2020\/10\/IMG_7306-300x200.jpg 300w, https:\/\/www.legistdf.gob.ar\/wp-content\/uploads\/2020\/10\/IMG_7306-768x512.jpg 768w, https:\/\/www.legistdf.gob.ar\/wp-content\/uploads\/2020\/10\/IMG_7306-1024x683.jpg 1024w, https:\/\/www.legistdf.gob.ar\/wp-content\/uploads\/2020\/10\/IMG_7306-160x107.jpg 160w, https:\/\/www.legistdf.gob.ar\/wp-content\/uploads\/2020\/10\/IMG_7306.jpg 1500w\" sizes=\"(max-width: 300px) 100vw, 300px\" data-attachment-id=\"21406\" data-permalink=\"https:\/\/www.legistdf.gob.ar\/index.php\/2020\/10\/11\/economia-por-la-coparticipacion-legisladores-recibieron-a-concejales-de-ushuaia\/img_7306\/\" data-orig-file=\"https:\/\/www.legistdf.gob.ar\/wp-content\/uploads\/2020\/10\/IMG_7306.jpg\" data-orig-size=\"1500,1000\" data-comments-opened=\"0\" data-image-meta=\"{&quot;aperture&quot;:&quot;0&quot;,&quot;credit&quot;:&quot;&quot;,&quot;camera&quot;:&quot;&quot;,&quot;caption&quot;:&quot;&quot;,&quot;created_timestamp&quot;:&quot;0&quot;,&quot;copyright&quot;:&quot;&quot;,&quot;focal_length&quot;:&quot;0&quot;,&quot;iso&quot;:&quot;0&quot;,&quot;shutter_speed&quot;:&quot;0&quot;,&quot;title&quot;:&quot;&quot;,&quot;orientation&quot;:&quot;0&quot;}\" data-image-title=\"IMG_7306\" data-image-description=\"\" data-image-caption=\"\" data-medium-file=\"https:\/\/www.legistdf.gob.ar\/wp-content\/uploads\/2020\/10\/IMG_7306-300x200.jpg\" data-large-file=\"https:\/\/www.legistdf.gob.ar\/wp-content\/uploads\/2020\/10\/IMG_7306-1024x683.jpg\" \/><\/a>\n\t\t\t<\/dt><\/dl><dl class='gallery-item'>\n\t\t\t<dt class='gallery-icon landscape'>\n\t\t\t\t<a href='https:\/\/www.legistdf.gob.ar\/index.php\/2020\/10\/11\/economia-por-la-coparticipacion-legisladores-recibieron-a-concejales-de-ushuaia\/img_7305\/'><img loading=\"lazy\" decoding=\"async\" width=\"300\" height=\"200\" src=\"https:\/\/www.legistdf.gob.ar\/wp-content\/uploads\/2020\/10\/IMG_7305-300x200.jpg\" class=\"attachment-medium size-medium\" alt=\"\" srcset=\"https:\/\/www.legistdf.gob.ar\/wp-content\/uploads\/2020\/10\/IMG_7305-300x200.jpg 300w, https:\/\/www.legistdf.gob.ar\/wp-content\/uploads\/2020\/10\/IMG_7305-768x512.jpg 768w, https:\/\/www.legistdf.gob.ar\/wp-content\/uploads\/2020\/10\/IMG_7305-1024x683.jpg 1024w, https:\/\/www.legistdf.gob.ar\/wp-content\/uploads\/2020\/10\/IMG_7305-160x107.jpg 160w, https:\/\/www.legistdf.gob.ar\/wp-content\/uploads\/2020\/10\/IMG_7305.jpg 1500w\" sizes=\"(max-width: 300px) 100vw, 300px\" data-attachment-id=\"21405\" data-permalink=\"https:\/\/www.legistdf.gob.ar\/index.php\/2020\/10\/11\/economia-por-la-coparticipacion-legisladores-recibieron-a-concejales-de-ushuaia\/img_7305\/\" data-orig-file=\"https:\/\/www.legistdf.gob.ar\/wp-content\/uploads\/2020\/10\/IMG_7305.jpg\" data-orig-size=\"1500,1000\" data-comments-opened=\"0\" data-image-meta=\"{&quot;aperture&quot;:&quot;0&quot;,&quot;credit&quot;:&quot;&quot;,&quot;camera&quot;:&quot;&quot;,&quot;caption&quot;:&quot;&quot;,&quot;created_timestamp&quot;:&quot;0&quot;,&quot;copyright&quot;:&quot;&quot;,&quot;focal_length&quot;:&quot;0&quot;,&quot;iso&quot;:&quot;0&quot;,&quot;shutter_speed&quot;:&quot;0&quot;,&quot;title&quot;:&quot;&quot;,&quot;orientation&quot;:&quot;0&quot;}\" data-image-title=\"IMG_7305\" data-image-description=\"\" data-image-caption=\"\" data-medium-file=\"https:\/\/www.legistdf.gob.ar\/wp-content\/uploads\/2020\/10\/IMG_7305-300x200.jpg\" data-large-file=\"https:\/\/www.legistdf.gob.ar\/wp-content\/uploads\/2020\/10\/IMG_7305-1024x683.jpg\" \/><\/a>\n\t\t\t<\/dt><\/dl><br style=\"clear: both\" \/><dl class='gallery-item'>\n\t\t\t<dt class='gallery-icon landscape'>\n\t\t\t\t<a href='https:\/\/www.legistdf.gob.ar\/index.php\/2020\/10\/11\/economia-por-la-coparticipacion-legisladores-recibieron-a-concejales-de-ushuaia\/img_7303-2\/'><img loading=\"lazy\" decoding=\"async\" width=\"300\" height=\"200\" src=\"https:\/\/www.legistdf.gob.ar\/wp-content\/uploads\/2020\/10\/IMG_7303-300x200.jpg\" class=\"attachment-medium size-medium\" alt=\"\" srcset=\"https:\/\/www.legistdf.gob.ar\/wp-content\/uploads\/2020\/10\/IMG_7303-300x200.jpg 300w, https:\/\/www.legistdf.gob.ar\/wp-content\/uploads\/2020\/10\/IMG_7303-768x512.jpg 768w, https:\/\/www.legistdf.gob.ar\/wp-content\/uploads\/2020\/10\/IMG_7303-1024x683.jpg 1024w, https:\/\/www.legistdf.gob.ar\/wp-content\/uploads\/2020\/10\/IMG_7303-160x107.jpg 160w, https:\/\/www.legistdf.gob.ar\/wp-content\/uploads\/2020\/10\/IMG_7303.jpg 1500w\" sizes=\"(max-width: 300px) 100vw, 300px\" data-attachment-id=\"21403\" data-permalink=\"https:\/\/www.legistdf.gob.ar\/index.php\/2020\/10\/11\/economia-por-la-coparticipacion-legisladores-recibieron-a-concejales-de-ushuaia\/img_7303-2\/\" data-orig-file=\"https:\/\/www.legistdf.gob.ar\/wp-content\/uploads\/2020\/10\/IMG_7303.jpg\" data-orig-size=\"1500,1000\" data-comments-opened=\"0\" data-image-meta=\"{&quot;aperture&quot;:&quot;0&quot;,&quot;credit&quot;:&quot;&quot;,&quot;camera&quot;:&quot;&quot;,&quot;caption&quot;:&quot;&quot;,&quot;created_timestamp&quot;:&quot;0&quot;,&quot;copyright&quot;:&quot;&quot;,&quot;focal_length&quot;:&quot;0&quot;,&quot;iso&quot;:&quot;0&quot;,&quot;shutter_speed&quot;:&quot;0&quot;,&quot;title&quot;:&quot;&quot;,&quot;orientation&quot;:&quot;0&quot;}\" data-image-title=\"IMG_7303\" data-image-description=\"\" data-image-caption=\"\" data-medium-file=\"https:\/\/www.legistdf.gob.ar\/wp-content\/uploads\/2020\/10\/IMG_7303-300x200.jpg\" data-large-file=\"https:\/\/www.legistdf.gob.ar\/wp-content\/uploads\/2020\/10\/IMG_7303-1024x683.jpg\" \/><\/a>\n\t\t\t<\/dt><\/dl><dl class='gallery-item'>\n\t\t\t<dt class='gallery-icon landscape'>\n\t\t\t\t<a href='https:\/\/www.legistdf.gob.ar\/index.php\/2020\/10\/11\/economia-por-la-coparticipacion-legisladores-recibieron-a-concejales-de-ushuaia\/img_7302\/'><img loading=\"lazy\" decoding=\"async\" width=\"300\" height=\"200\" src=\"https:\/\/www.legistdf.gob.ar\/wp-content\/uploads\/2020\/10\/IMG_7302-300x200.jpg\" class=\"attachment-medium size-medium\" alt=\"\" srcset=\"https:\/\/www.legistdf.gob.ar\/wp-content\/uploads\/2020\/10\/IMG_7302-300x200.jpg 300w, https:\/\/www.legistdf.gob.ar\/wp-content\/uploads\/2020\/10\/IMG_7302-768x512.jpg 768w, https:\/\/www.legistdf.gob.ar\/wp-content\/uploads\/2020\/10\/IMG_7302-1024x683.jpg 1024w, https:\/\/www.legistdf.gob.ar\/wp-content\/uploads\/2020\/10\/IMG_7302-160x107.jpg 160w, https:\/\/www.legistdf.gob.ar\/wp-content\/uploads\/2020\/10\/IMG_7302.jpg 1500w\" sizes=\"(max-width: 300px) 100vw, 300px\" data-attachment-id=\"21402\" data-permalink=\"https:\/\/www.legistdf.gob.ar\/index.php\/2020\/10\/11\/economia-por-la-coparticipacion-legisladores-recibieron-a-concejales-de-ushuaia\/img_7302\/\" data-orig-file=\"https:\/\/www.legistdf.gob.ar\/wp-content\/uploads\/2020\/10\/IMG_7302.jpg\" data-orig-size=\"1500,1000\" data-comments-opened=\"0\" data-image-meta=\"{&quot;aperture&quot;:&quot;0&quot;,&quot;credit&quot;:&quot;&quot;,&quot;camera&quot;:&quot;&quot;,&quot;caption&quot;:&quot;&quot;,&quot;created_timestamp&quot;:&quot;0&quot;,&quot;copyright&quot;:&quot;&quot;,&quot;focal_length&quot;:&quot;0&quot;,&quot;iso&quot;:&quot;0&quot;,&quot;shutter_speed&quot;:&quot;0&quot;,&quot;title&quot;:&quot;&quot;,&quot;orientation&quot;:&quot;0&quot;}\" data-image-title=\"IMG_7302\" data-image-description=\"\" data-image-caption=\"\" data-medium-file=\"https:\/\/www.legistdf.gob.ar\/wp-content\/uploads\/2020\/10\/IMG_7302-300x200.jpg\" data-large-file=\"https:\/\/www.legistdf.gob.ar\/wp-content\/uploads\/2020\/10\/IMG_7302-1024x683.jpg\" \/><\/a>\n\t\t\t<\/dt><\/dl>\n\t\t\t<br style='clear: both' \/>\n\t\t<\/div>\n\n","protected":false},"excerpt":{"rendered":"<p>Ushuaia, domingo 11 de octubre de 2020.- El proyecto de Ley de Presupuesto para el ejercicio 2021 se debatir\u00e1 en noviembre y desde la bancada de la UCR esperan lograr el consenso necesario para contar con esta herramienta. As\u00ed lo detall\u00f3 el jueves pasado, en la reuni\u00f3n mixta, el presidente de la Comisi\u00f3n de Econom\u00eda, [&hellip;]<\/p>\n","protected":false},"author":352,"featured_media":21406,"comment_status":"closed","ping_status":"open","sticky":false,"template":"","format":"standard","meta":{"jetpack_post_was_ever_published":false,"_jetpack_newsletter_access":"","_jetpack_dont_email_post_to_subs":false,"_jetpack_newsletter_tier_id":0,"footnotes":"","jetpack_publicize_message":"","jetpack_publicize_feature_enabled":true,"jetpack_social_post_already_shared":true,"jetpack_social_options":{"image_generator_settings":{"template":"highway","enabled":false}}},"categories":[1],"tags":[84,1824,78,86,79,87],"jetpack_publicize_connections":[],"jetpack_sharing_enabled":true,"jetpack_featured_media_url":"https:\/\/www.legistdf.gob.ar\/wp-content\/uploads\/2020\/10\/IMG_7306.jpg","jetpack-related-posts":[],"_links":{"self":[{"href":"https:\/\/www.legistdf.gob.ar\/index.php\/wp-json\/wp\/v2\/posts\/21413"}],"collection":[{"href":"https:\/\/www.legistdf.gob.ar\/index.php\/wp-json\/wp\/v2\/posts"}],"about":[{"href":"https:\/\/www.legistdf.gob.ar\/index.php\/wp-json\/wp\/v2\/types\/post"}],"author":[{"embeddable":true,"href":"https:\/\/www.legistdf.gob.ar\/index.php\/wp-json\/wp\/v2\/users\/352"}],"replies":[{"embeddable":true,"href":"https:\/\/www.legistdf.gob.ar\/index.php\/wp-json\/wp\/v2\/comments?post=21413"}],"version-history":[{"count":2,"href":"https:\/\/www.legistdf.gob.ar\/index.php\/wp-json\/wp\/v2\/posts\/21413\/revisions"}],"predecessor-version":[{"id":21417,"href":"https:\/\/www.legistdf.gob.ar\/index.php\/wp-json\/wp\/v2\/posts\/21413\/revisions\/21417"}],"wp:featuredmedia":[{"embeddable":true,"href":"https:\/\/www.legistdf.gob.ar\/index.php\/wp-json\/wp\/v2\/media\/21406"}],"wp:attachment":[{"href":"https:\/\/www.legistdf.gob.ar\/index.php\/wp-json\/wp\/v2\/media?parent=21413"}],"wp:term":[{"taxonomy":"category","embeddable":true,"href":"https:\/\/www.legistdf.gob.ar\/index.php\/wp-json\/wp\/v2\/categories?post=21413"},{"taxonomy":"post_tag","embeddable":true,"href":"https:\/\/www.legistdf.gob.ar\/index.php\/wp-json\/wp\/v2\/tags?post=21413"}],"curies":[{"name":"wp","href":"https:\/\/api.w.org\/{rel}","templated":true}]}}