{"id":21445,"date":"2020-10-13T12:14:47","date_gmt":"2020-10-13T15:14:47","guid":{"rendered":"http:\/\/www.legistdf.gob.ar\/?p=21445"},"modified":"2020-10-13T12:14:47","modified_gmt":"2020-10-13T15:14:47","slug":"comisiones-el-legislador-emmanuel-trentino-convoco-a-la-comision-de-parlamento-patagonico","status":"publish","type":"post","link":"https:\/\/www.legistdf.gob.ar\/index.php\/2020\/10\/13\/comisiones-el-legislador-emmanuel-trentino-convoco-a-la-comision-de-parlamento-patagonico\/","title":{"rendered":"COMISIONES: El legislador Emmanuel Trentino convoc\u00f3 a la Comisi\u00f3n de Parlamento Patag\u00f3nico"},"content":{"rendered":"<p><strong>Ushuaia, martes 13 de octubre de 2020.- Con miras a organizar la agenda de asuntos pendientes, la Comisi\u00f3n de Parlamento Patag\u00f3nico, Mercosur, Integraci\u00f3n Regional y Asuntos Internacionales (N\u00b0 8) se reunir\u00e1 el jueves 15 a las 15 h, de forma mixta de acuerdo a la reglamentaci\u00f3n vigente.<\/strong><\/p>\n<p>&nbsp;<\/p>\n<p style=\"text-align: right\"><strong>AT<\/strong><\/p>\n","protected":false},"excerpt":{"rendered":"<p>Ushuaia, martes 13 de octubre de 2020.- Con miras a organizar la agenda de asuntos pendientes, la Comisi\u00f3n de Parlamento Patag\u00f3nico, Mercosur, Integraci\u00f3n Regional y Asuntos Internacionales (N\u00b0 8) se reunir\u00e1 el jueves 15 a las 15 h, de forma mixta de acuerdo a la reglamentaci\u00f3n vigente. &nbsp; AT<\/p>\n","protected":false},"author":352,"featured_media":21317,"comment_status":"closed","ping_status":"open","sticky":false,"template":"","format":"standard","meta":{"jetpack_post_was_ever_published":false,"_jetpack_newsletter_access":"","_jetpack_dont_email_post_to_subs":false,"_jetpack_newsletter_tier_id":0,"footnotes":"","jetpack_publicize_message":"","jetpack_publicize_feature_enabled":true,"jetpack_social_post_already_shared":true,"jetpack_social_options":{"image_generator_settings":{"template":"highway","enabled":false}}},"categories":[1],"tags":[84,1818,78,79,87],"jetpack_publicize_connections":[],"jetpack_sharing_enabled":true,"jetpack_featured_media_url":"https:\/\/www.legistdf.gob.ar\/wp-content\/uploads\/2020\/09\/34.jpg","jetpack-related-posts":[],"_links":{"self":[{"href":"https:\/\/www.legistdf.gob.ar\/index.php\/wp-json\/wp\/v2\/posts\/21445"}],"collection":[{"href":"https:\/\/www.legistdf.gob.ar\/index.php\/wp-json\/wp\/v2\/posts"}],"about":[{"href":"https:\/\/www.legistdf.gob.ar\/index.php\/wp-json\/wp\/v2\/types\/post"}],"author":[{"embeddable":true,"href":"https:\/\/www.legistdf.gob.ar\/index.php\/wp-json\/wp\/v2\/users\/352"}],"replies":[{"embeddable":true,"href":"https:\/\/www.legistdf.gob.ar\/index.php\/wp-json\/wp\/v2\/comments?post=21445"}],"version-history":[{"count":1,"href":"https:\/\/www.legistdf.gob.ar\/index.php\/wp-json\/wp\/v2\/posts\/21445\/revisions"}],"predecessor-version":[{"id":21446,"href":"https:\/\/www.legistdf.gob.ar\/index.php\/wp-json\/wp\/v2\/posts\/21445\/revisions\/21446"}],"wp:featuredmedia":[{"embeddable":true,"href":"https:\/\/www.legistdf.gob.ar\/index.php\/wp-json\/wp\/v2\/media\/21317"}],"wp:attachment":[{"href":"https:\/\/www.legistdf.gob.ar\/index.php\/wp-json\/wp\/v2\/media?parent=21445"}],"wp:term":[{"taxonomy":"category","embeddable":true,"href":"https:\/\/www.legistdf.gob.ar\/index.php\/wp-json\/wp\/v2\/categories?post=21445"},{"taxonomy":"post_tag","embeddable":true,"href":"https:\/\/www.legistdf.gob.ar\/index.php\/wp-json\/wp\/v2\/tags?post=21445"}],"curies":[{"name":"wp","href":"https:\/\/api.w.org\/{rel}","templated":true}]}}