{"id":21998,"date":"2020-11-12T18:16:27","date_gmt":"2020-11-12T21:16:27","guid":{"rendered":"http:\/\/www.legistdf.gob.ar\/?p=21998"},"modified":"2020-11-12T18:13:25","modified_gmt":"2020-11-12T21:13:25","slug":"21998","status":"publish","type":"post","link":"https:\/\/www.legistdf.gob.ar\/index.php\/2020\/11\/12\/21998\/","title":{"rendered":"LEGISLATURA: Urquiza destac\u00f3 el activo acompa\u00f1amiento en la primera Capacitaci\u00f3n sobre la Agenda 2030 para el Desarrollo Sostenible"},"content":{"rendered":"<p><strong><img loading=\"lazy\" decoding=\"async\" data-attachment-id=\"22002\" data-permalink=\"https:\/\/www.legistdf.gob.ar\/index.php\/2020\/11\/12\/21998\/img_8073-4\/\" data-orig-file=\"https:\/\/www.legistdf.gob.ar\/wp-content\/uploads\/2020\/11\/IMG_8073-2.jpg\" data-orig-size=\"1280,851\" data-comments-opened=\"0\" data-image-meta=\"{&quot;aperture&quot;:&quot;0&quot;,&quot;credit&quot;:&quot;&quot;,&quot;camera&quot;:&quot;&quot;,&quot;caption&quot;:&quot;&quot;,&quot;created_timestamp&quot;:&quot;0&quot;,&quot;copyright&quot;:&quot;&quot;,&quot;focal_length&quot;:&quot;0&quot;,&quot;iso&quot;:&quot;0&quot;,&quot;shutter_speed&quot;:&quot;0&quot;,&quot;title&quot;:&quot;&quot;,&quot;orientation&quot;:&quot;0&quot;}\" data-image-title=\"IMG_8073\" data-image-description=\"\" data-image-caption=\"\" data-medium-file=\"https:\/\/www.legistdf.gob.ar\/wp-content\/uploads\/2020\/11\/IMG_8073-2-300x199.jpg\" data-large-file=\"https:\/\/www.legistdf.gob.ar\/wp-content\/uploads\/2020\/11\/IMG_8073-2-1024x681.jpg\" class=\"alignleft wp-image-22002 size-medium\" src=\"http:\/\/www.legistdf.gob.ar\/wp-content\/uploads\/2020\/11\/IMG_8073-2-300x199.jpg\" alt=\"\" width=\"300\" height=\"199\" srcset=\"https:\/\/www.legistdf.gob.ar\/wp-content\/uploads\/2020\/11\/IMG_8073-2-300x199.jpg 300w, https:\/\/www.legistdf.gob.ar\/wp-content\/uploads\/2020\/11\/IMG_8073-2-768x511.jpg 768w, https:\/\/www.legistdf.gob.ar\/wp-content\/uploads\/2020\/11\/IMG_8073-2-1024x681.jpg 1024w, https:\/\/www.legistdf.gob.ar\/wp-content\/uploads\/2020\/11\/IMG_8073-2-160x106.jpg 160w, https:\/\/www.legistdf.gob.ar\/wp-content\/uploads\/2020\/11\/IMG_8073-2.jpg 1280w\" sizes=\"(max-width: 300px) 100vw, 300px\" \/>Ushuaia, 12 de noviembre de 2020.- La presidenta del Poder Legislativo, vicegobernadora M\u00f3nica Urquiza, expuso en la primera capacitaci\u00f3n sobre la Agenda 2030 para el Desarrollo Sostenible.\u00a0 De la reuni\u00f3n participaron, la presidenta del Consejo Nacional de Coordinaci\u00f3n de Pol\u00edticas Sociales (CNCPS), contadora Victoria Tolosa Paz; el coordinador residente de las Naciones Unidas en Argentina, Roberto Valent; y sus correspondientes equipos.<\/strong><\/p>\n<p>&nbsp;<\/p>\n<p>A trav\u00e9s de la virtualidad, la vicegobernadora Urquiza estuvo acompa\u00f1ada por los Legisladores y Legisladoras provinciales; Concejales y Concejalas de Ushuaia, Tolhuin y R\u00edo Grande; asistentes; y funcionarios provinciales para dar cumplimiento de los Objetivos de Desarrollo Sostenible (ODS).<img loading=\"lazy\" decoding=\"async\" data-attachment-id=\"22003\" data-permalink=\"https:\/\/www.legistdf.gob.ar\/index.php\/2020\/11\/12\/21998\/img_8089-2\/\" data-orig-file=\"https:\/\/www.legistdf.gob.ar\/wp-content\/uploads\/2020\/11\/IMG_8089.jpg\" data-orig-size=\"1500,1000\" data-comments-opened=\"0\" data-image-meta=\"{&quot;aperture&quot;:&quot;2.8&quot;,&quot;credit&quot;:&quot;&quot;,&quot;camera&quot;:&quot;Canon EOS 6D&quot;,&quot;caption&quot;:&quot;&quot;,&quot;created_timestamp&quot;:&quot;1605166939&quot;,&quot;copyright&quot;:&quot;&quot;,&quot;focal_length&quot;:&quot;24&quot;,&quot;iso&quot;:&quot;1000&quot;,&quot;shutter_speed&quot;:&quot;0.0055555555555556&quot;,&quot;title&quot;:&quot;&quot;,&quot;orientation&quot;:&quot;1&quot;}\" data-image-title=\"IMG_8089\" data-image-description=\"\" data-image-caption=\"\" data-medium-file=\"https:\/\/www.legistdf.gob.ar\/wp-content\/uploads\/2020\/11\/IMG_8089-300x200.jpg\" data-large-file=\"https:\/\/www.legistdf.gob.ar\/wp-content\/uploads\/2020\/11\/IMG_8089-1024x683.jpg\" class=\"alignright wp-image-22003 size-medium\" src=\"http:\/\/www.legistdf.gob.ar\/wp-content\/uploads\/2020\/11\/IMG_8089-300x200.jpg\" alt=\"\" width=\"300\" height=\"200\" srcset=\"https:\/\/www.legistdf.gob.ar\/wp-content\/uploads\/2020\/11\/IMG_8089-300x200.jpg 300w, https:\/\/www.legistdf.gob.ar\/wp-content\/uploads\/2020\/11\/IMG_8089-768x512.jpg 768w, https:\/\/www.legistdf.gob.ar\/wp-content\/uploads\/2020\/11\/IMG_8089-1024x683.jpg 1024w, https:\/\/www.legistdf.gob.ar\/wp-content\/uploads\/2020\/11\/IMG_8089-160x107.jpg 160w, https:\/\/www.legistdf.gob.ar\/wp-content\/uploads\/2020\/11\/IMG_8089.jpg 1500w\" sizes=\"(max-width: 300px) 100vw, 300px\" \/><\/p>\n<p>&nbsp;<\/p>\n<p>Cabe recordar que la Legislatura adhiri\u00f3 a los objetivos de Desarrollo Sostenible en octubre de 2015 e inst\u00f3 al Poder Ejecutivo provincial a adaptar sus pol\u00edticas a fin de dar cumplimiento a los mismos y solicit\u00f3 una amplia difusi\u00f3n de los objetivos. En noviembre de 2016, la Legislatura de Tierra del Fuego aprob\u00f3 el Convenio de Cooperaci\u00f3n con el Consejo Nacional de Coordinaci\u00f3n de Pol\u00edticas Sociales, a fin de adaptar las metas de Desarrollo Sostenible a la realidad provincial.<\/p>\n<p>&nbsp;<\/p>\n<p>Adem\u00e1s, en octubre de 2017 se cre\u00f3 en el \u00e1mbito de la Legislatura, el Observatorio Legislativo Agenda 2030 para el Desarrollo Sostenible de las Naciones Unidas, que es presidido por el Presidente o Presidenta de la C\u00e1mara con la misi\u00f3n de promover la adaptaci\u00f3n e implementaci\u00f3n de la Agenda 2030 en la Provincia y realizar su correspondiente seguimiento.<\/p>\n<p>&nbsp;<\/p>\n<p><img loading=\"lazy\" decoding=\"async\" data-attachment-id=\"22008\" data-permalink=\"https:\/\/www.legistdf.gob.ar\/index.php\/2020\/11\/12\/21998\/img_8097-2\/\" data-orig-file=\"https:\/\/www.legistdf.gob.ar\/wp-content\/uploads\/2020\/11\/IMG_8097-1.jpg\" data-orig-size=\"1280,720\" data-comments-opened=\"0\" data-image-meta=\"{&quot;aperture&quot;:&quot;0&quot;,&quot;credit&quot;:&quot;&quot;,&quot;camera&quot;:&quot;&quot;,&quot;caption&quot;:&quot;&quot;,&quot;created_timestamp&quot;:&quot;0&quot;,&quot;copyright&quot;:&quot;&quot;,&quot;focal_length&quot;:&quot;0&quot;,&quot;iso&quot;:&quot;0&quot;,&quot;shutter_speed&quot;:&quot;0&quot;,&quot;title&quot;:&quot;&quot;,&quot;orientation&quot;:&quot;0&quot;}\" data-image-title=\"IMG_8097\" data-image-description=\"\" data-image-caption=\"\" data-medium-file=\"https:\/\/www.legistdf.gob.ar\/wp-content\/uploads\/2020\/11\/IMG_8097-1-300x169.jpg\" data-large-file=\"https:\/\/www.legistdf.gob.ar\/wp-content\/uploads\/2020\/11\/IMG_8097-1-1024x576.jpg\" class=\"alignleft wp-image-22008 size-medium\" src=\"http:\/\/www.legistdf.gob.ar\/wp-content\/uploads\/2020\/11\/IMG_8097-1-300x169.jpg\" alt=\"\" width=\"300\" height=\"169\" srcset=\"https:\/\/www.legistdf.gob.ar\/wp-content\/uploads\/2020\/11\/IMG_8097-1-300x169.jpg 300w, https:\/\/www.legistdf.gob.ar\/wp-content\/uploads\/2020\/11\/IMG_8097-1-768x432.jpg 768w, https:\/\/www.legistdf.gob.ar\/wp-content\/uploads\/2020\/11\/IMG_8097-1-1024x576.jpg 1024w, https:\/\/www.legistdf.gob.ar\/wp-content\/uploads\/2020\/11\/IMG_8097-1-160x90.jpg 160w, https:\/\/www.legistdf.gob.ar\/wp-content\/uploads\/2020\/11\/IMG_8097-1.jpg 1280w\" sizes=\"(max-width: 300px) 100vw, 300px\" \/>La Vicegobernadora, afirm\u00f3 que \u201clos Poderes Legislativos nacionales, provinciales y municipales, en representaci\u00f3n de la ciudadan\u00eda, tenemos un papel\u00a0 protag\u00f3nico a la hora de trabajar sobre ODS. Y esto tiene que ver con sus funciones b\u00e1sicas, como elaborar y sancionar leyes; analizar y aprobar los presupuestos p\u00fablicos que asignan recursos para el cumplimiento de las pol\u00edticas p\u00fablicas orientadas al logro de los ODS; y el rol de contralor y seguimiento de la ejecuci\u00f3n de estas pol\u00edticas p\u00fablicas\u201d.<\/p>\n<p>&nbsp;<\/p>\n<p>En la misma l\u00ednea, indic\u00f3 \u201choy m\u00e1s que nunca los estados en todos sus niveles,\u00a0 hemos desplegado medidas para mitigar los efectos de la pandemia y teniendo como norte los ODS porque con seguridad, esta nueva situaci\u00f3n social cruzada por la econom\u00eda, traer\u00e1 como consecuencia que los plazos de la agenda se retrasen\u201d.<\/p>\n<p>&nbsp;<\/p>\n<p>La Presidenta del Poder Legislativo, agradeci\u00f3 a todo el arco pol\u00edtico de la Legislatura Provincial porque \u201cen todo momento acompa\u00f1\u00f3 activamente haciendo su aporte t\u00e9cnico y pol\u00edtico para que los fueguinos y las fueguinas tengan a su disposici\u00f3n el conjunto de medidas necesarias para mitigar los efectos de la pandemia\u201d.<\/p>\n<p>&nbsp;<\/p>\n<p>Por su parte, la presidenta del Consejo Nacional de Coordinaci\u00f3n de Pol\u00edticas Sociales (CNCPS) Victoria Tolosa Paz resalt\u00f3 que \u201ces muy importante que el Ejecutivo tenga no solo el compromiso de dise\u00f1ar pol\u00edticas p\u00fablicas sino tambi\u00e9n cruzar a los distintos niveles del estado y conocer la agenda para lograr las metas planteadas\u201d.<\/p>\n<p>&nbsp;<\/p>\n<p>\u201cTenemos que ayudarnos a pensar y repensar c\u00f3mo cada una de las acciones que tomamos, impacta de manera concreta en los 17 objetivos de Desarrollo Sostenible, porque muchos de ellos est\u00e1n interrelacionados\u201d asegur\u00f3 Tolosa Paz.<\/p>\n<p>&nbsp;<\/p>\n<p>Y agreg\u00f3 que \u201cdesde el Consejo Nacional de Pol\u00edticas Sociales, tenemos la enorme tarea de dar cumplimiento a lo que nos hemos comprometido como Naci\u00f3n ante la ONU en lo que es llegar al 2030 con estos indicadores que den cuenta de los avances. Necesitamos integrar los 17 objetivos y acercar a la vida cotidiana la agenda 2030\u201d.<\/p>\n<p>&nbsp;<\/p>\n<p>&nbsp;<\/p>\n<p>&nbsp;<\/p>\n\n\t\t<style type=\"text\/css\">\n\t\t\t#gallery-1 {\n\t\t\t\tmargin: auto;\n\t\t\t}\n\t\t\t#gallery-1 .gallery-item {\n\t\t\t\tfloat: left;\n\t\t\t\tmargin-top: 10px;\n\t\t\t\ttext-align: center;\n\t\t\t\twidth: 33%;\n\t\t\t}\n\t\t\t#gallery-1 img {\n\t\t\t\tborder: 2px solid #cfcfcf;\n\t\t\t}\n\t\t\t#gallery-1 .gallery-caption {\n\t\t\t\tmargin-left: 0;\n\t\t\t}\n\t\t\t\/* see gallery_shortcode() in wp-includes\/media.php *\/\n\t\t<\/style>\n\t\t<div data-carousel-extra='{\"blog_id\":1,\"permalink\":\"https:\\\/\\\/www.legistdf.gob.ar\\\/index.php\\\/2020\\\/11\\\/12\\\/21998\\\/\"}' id='gallery-1' class='gallery galleryid-21998 gallery-columns-3 gallery-size-thumbnail'><dl class='gallery-item'>\n\t\t\t<dt class='gallery-icon landscape'>\n\t\t\t\t<a href='https:\/\/www.legistdf.gob.ar\/index.php\/2020\/11\/12\/21998\/img_8070-4\/'><img loading=\"lazy\" decoding=\"async\" width=\"150\" height=\"150\" src=\"https:\/\/www.legistdf.gob.ar\/wp-content\/uploads\/2020\/11\/IMG_8070-2-150x150.jpg\" class=\"attachment-thumbnail size-thumbnail\" alt=\"\" srcset=\"https:\/\/www.legistdf.gob.ar\/wp-content\/uploads\/2020\/11\/IMG_8070-2-150x150.jpg 150w, https:\/\/www.legistdf.gob.ar\/wp-content\/uploads\/2020\/11\/IMG_8070-2-64x64.jpg 64w\" sizes=\"(max-width: 150px) 100vw, 150px\" data-attachment-id=\"21999\" data-permalink=\"https:\/\/www.legistdf.gob.ar\/index.php\/2020\/11\/12\/21998\/img_8070-4\/\" data-orig-file=\"https:\/\/www.legistdf.gob.ar\/wp-content\/uploads\/2020\/11\/IMG_8070-2.jpg\" data-orig-size=\"1280,851\" data-comments-opened=\"0\" data-image-meta=\"{&quot;aperture&quot;:&quot;0&quot;,&quot;credit&quot;:&quot;&quot;,&quot;camera&quot;:&quot;&quot;,&quot;caption&quot;:&quot;&quot;,&quot;created_timestamp&quot;:&quot;0&quot;,&quot;copyright&quot;:&quot;&quot;,&quot;focal_length&quot;:&quot;0&quot;,&quot;iso&quot;:&quot;0&quot;,&quot;shutter_speed&quot;:&quot;0&quot;,&quot;title&quot;:&quot;&quot;,&quot;orientation&quot;:&quot;0&quot;}\" data-image-title=\"IMG_8070\" data-image-description=\"\" data-image-caption=\"\" data-medium-file=\"https:\/\/www.legistdf.gob.ar\/wp-content\/uploads\/2020\/11\/IMG_8070-2-300x199.jpg\" data-large-file=\"https:\/\/www.legistdf.gob.ar\/wp-content\/uploads\/2020\/11\/IMG_8070-2-1024x681.jpg\" \/><\/a>\n\t\t\t<\/dt><\/dl><dl class='gallery-item'>\n\t\t\t<dt class='gallery-icon landscape'>\n\t\t\t\t<a href='https:\/\/www.legistdf.gob.ar\/index.php\/2020\/11\/12\/21998\/img_8071-4\/'><img loading=\"lazy\" decoding=\"async\" width=\"150\" height=\"150\" src=\"https:\/\/www.legistdf.gob.ar\/wp-content\/uploads\/2020\/11\/IMG_8071-2-150x150.jpg\" class=\"attachment-thumbnail size-thumbnail\" alt=\"\" srcset=\"https:\/\/www.legistdf.gob.ar\/wp-content\/uploads\/2020\/11\/IMG_8071-2-150x150.jpg 150w, https:\/\/www.legistdf.gob.ar\/wp-content\/uploads\/2020\/11\/IMG_8071-2-64x64.jpg 64w\" sizes=\"(max-width: 150px) 100vw, 150px\" data-attachment-id=\"22000\" data-permalink=\"https:\/\/www.legistdf.gob.ar\/index.php\/2020\/11\/12\/21998\/img_8071-4\/\" data-orig-file=\"https:\/\/www.legistdf.gob.ar\/wp-content\/uploads\/2020\/11\/IMG_8071-2.jpg\" data-orig-size=\"1280,851\" data-comments-opened=\"0\" data-image-meta=\"{&quot;aperture&quot;:&quot;0&quot;,&quot;credit&quot;:&quot;&quot;,&quot;camera&quot;:&quot;&quot;,&quot;caption&quot;:&quot;&quot;,&quot;created_timestamp&quot;:&quot;0&quot;,&quot;copyright&quot;:&quot;&quot;,&quot;focal_length&quot;:&quot;0&quot;,&quot;iso&quot;:&quot;0&quot;,&quot;shutter_speed&quot;:&quot;0&quot;,&quot;title&quot;:&quot;&quot;,&quot;orientation&quot;:&quot;0&quot;}\" data-image-title=\"IMG_8071\" data-image-description=\"\" data-image-caption=\"\" data-medium-file=\"https:\/\/www.legistdf.gob.ar\/wp-content\/uploads\/2020\/11\/IMG_8071-2-300x199.jpg\" data-large-file=\"https:\/\/www.legistdf.gob.ar\/wp-content\/uploads\/2020\/11\/IMG_8071-2-1024x681.jpg\" \/><\/a>\n\t\t\t<\/dt><\/dl><dl class='gallery-item'>\n\t\t\t<dt class='gallery-icon landscape'>\n\t\t\t\t<a href='https:\/\/www.legistdf.gob.ar\/index.php\/2020\/11\/12\/21998\/img_8072-3\/'><img loading=\"lazy\" decoding=\"async\" width=\"150\" height=\"150\" src=\"https:\/\/www.legistdf.gob.ar\/wp-content\/uploads\/2020\/11\/IMG_8072-2-150x150.jpg\" class=\"attachment-thumbnail size-thumbnail\" alt=\"\" srcset=\"https:\/\/www.legistdf.gob.ar\/wp-content\/uploads\/2020\/11\/IMG_8072-2-150x150.jpg 150w, https:\/\/www.legistdf.gob.ar\/wp-content\/uploads\/2020\/11\/IMG_8072-2-64x64.jpg 64w\" sizes=\"(max-width: 150px) 100vw, 150px\" data-attachment-id=\"22001\" data-permalink=\"https:\/\/www.legistdf.gob.ar\/index.php\/2020\/11\/12\/21998\/img_8072-3\/\" data-orig-file=\"https:\/\/www.legistdf.gob.ar\/wp-content\/uploads\/2020\/11\/IMG_8072-2.jpg\" data-orig-size=\"1280,851\" data-comments-opened=\"0\" data-image-meta=\"{&quot;aperture&quot;:&quot;0&quot;,&quot;credit&quot;:&quot;&quot;,&quot;camera&quot;:&quot;&quot;,&quot;caption&quot;:&quot;&quot;,&quot;created_timestamp&quot;:&quot;0&quot;,&quot;copyright&quot;:&quot;&quot;,&quot;focal_length&quot;:&quot;0&quot;,&quot;iso&quot;:&quot;0&quot;,&quot;shutter_speed&quot;:&quot;0&quot;,&quot;title&quot;:&quot;&quot;,&quot;orientation&quot;:&quot;0&quot;}\" data-image-title=\"IMG_8072\" data-image-description=\"\" data-image-caption=\"\" data-medium-file=\"https:\/\/www.legistdf.gob.ar\/wp-content\/uploads\/2020\/11\/IMG_8072-2-300x199.jpg\" data-large-file=\"https:\/\/www.legistdf.gob.ar\/wp-content\/uploads\/2020\/11\/IMG_8072-2-1024x681.jpg\" \/><\/a>\n\t\t\t<\/dt><\/dl><br style=\"clear: both\" \/><dl class='gallery-item'>\n\t\t\t<dt class='gallery-icon landscape'>\n\t\t\t\t<a href='https:\/\/www.legistdf.gob.ar\/index.php\/2020\/11\/12\/21998\/img_8073-4\/'><img loading=\"lazy\" decoding=\"async\" width=\"150\" height=\"150\" src=\"https:\/\/www.legistdf.gob.ar\/wp-content\/uploads\/2020\/11\/IMG_8073-2-150x150.jpg\" class=\"attachment-thumbnail size-thumbnail\" alt=\"\" srcset=\"https:\/\/www.legistdf.gob.ar\/wp-content\/uploads\/2020\/11\/IMG_8073-2-150x150.jpg 150w, https:\/\/www.legistdf.gob.ar\/wp-content\/uploads\/2020\/11\/IMG_8073-2-64x64.jpg 64w\" sizes=\"(max-width: 150px) 100vw, 150px\" data-attachment-id=\"22002\" data-permalink=\"https:\/\/www.legistdf.gob.ar\/index.php\/2020\/11\/12\/21998\/img_8073-4\/\" data-orig-file=\"https:\/\/www.legistdf.gob.ar\/wp-content\/uploads\/2020\/11\/IMG_8073-2.jpg\" data-orig-size=\"1280,851\" data-comments-opened=\"0\" data-image-meta=\"{&quot;aperture&quot;:&quot;0&quot;,&quot;credit&quot;:&quot;&quot;,&quot;camera&quot;:&quot;&quot;,&quot;caption&quot;:&quot;&quot;,&quot;created_timestamp&quot;:&quot;0&quot;,&quot;copyright&quot;:&quot;&quot;,&quot;focal_length&quot;:&quot;0&quot;,&quot;iso&quot;:&quot;0&quot;,&quot;shutter_speed&quot;:&quot;0&quot;,&quot;title&quot;:&quot;&quot;,&quot;orientation&quot;:&quot;0&quot;}\" data-image-title=\"IMG_8073\" data-image-description=\"\" data-image-caption=\"\" data-medium-file=\"https:\/\/www.legistdf.gob.ar\/wp-content\/uploads\/2020\/11\/IMG_8073-2-300x199.jpg\" data-large-file=\"https:\/\/www.legistdf.gob.ar\/wp-content\/uploads\/2020\/11\/IMG_8073-2-1024x681.jpg\" \/><\/a>\n\t\t\t<\/dt><\/dl><dl class='gallery-item'>\n\t\t\t<dt class='gallery-icon landscape'>\n\t\t\t\t<a href='https:\/\/www.legistdf.gob.ar\/index.php\/2020\/11\/12\/21998\/img_8089-2\/'><img loading=\"lazy\" decoding=\"async\" width=\"150\" height=\"150\" src=\"https:\/\/www.legistdf.gob.ar\/wp-content\/uploads\/2020\/11\/IMG_8089-150x150.jpg\" class=\"attachment-thumbnail size-thumbnail\" alt=\"\" srcset=\"https:\/\/www.legistdf.gob.ar\/wp-content\/uploads\/2020\/11\/IMG_8089-150x150.jpg 150w, https:\/\/www.legistdf.gob.ar\/wp-content\/uploads\/2020\/11\/IMG_8089-64x64.jpg 64w\" sizes=\"(max-width: 150px) 100vw, 150px\" data-attachment-id=\"22003\" data-permalink=\"https:\/\/www.legistdf.gob.ar\/index.php\/2020\/11\/12\/21998\/img_8089-2\/\" data-orig-file=\"https:\/\/www.legistdf.gob.ar\/wp-content\/uploads\/2020\/11\/IMG_8089.jpg\" data-orig-size=\"1500,1000\" data-comments-opened=\"0\" data-image-meta=\"{&quot;aperture&quot;:&quot;2.8&quot;,&quot;credit&quot;:&quot;&quot;,&quot;camera&quot;:&quot;Canon EOS 6D&quot;,&quot;caption&quot;:&quot;&quot;,&quot;created_timestamp&quot;:&quot;1605166939&quot;,&quot;copyright&quot;:&quot;&quot;,&quot;focal_length&quot;:&quot;24&quot;,&quot;iso&quot;:&quot;1000&quot;,&quot;shutter_speed&quot;:&quot;0.0055555555555556&quot;,&quot;title&quot;:&quot;&quot;,&quot;orientation&quot;:&quot;1&quot;}\" data-image-title=\"IMG_8089\" data-image-description=\"\" data-image-caption=\"\" data-medium-file=\"https:\/\/www.legistdf.gob.ar\/wp-content\/uploads\/2020\/11\/IMG_8089-300x200.jpg\" data-large-file=\"https:\/\/www.legistdf.gob.ar\/wp-content\/uploads\/2020\/11\/IMG_8089-1024x683.jpg\" \/><\/a>\n\t\t\t<\/dt><\/dl><dl class='gallery-item'>\n\t\t\t<dt class='gallery-icon landscape'>\n\t\t\t\t<a href='https:\/\/www.legistdf.gob.ar\/index.php\/2020\/11\/12\/21998\/img_8093-2\/'><img loading=\"lazy\" decoding=\"async\" width=\"150\" height=\"150\" src=\"https:\/\/www.legistdf.gob.ar\/wp-content\/uploads\/2020\/11\/IMG_8093-150x150.jpg\" class=\"attachment-thumbnail size-thumbnail\" alt=\"\" srcset=\"https:\/\/www.legistdf.gob.ar\/wp-content\/uploads\/2020\/11\/IMG_8093-150x150.jpg 150w, https:\/\/www.legistdf.gob.ar\/wp-content\/uploads\/2020\/11\/IMG_8093-64x64.jpg 64w\" sizes=\"(max-width: 150px) 100vw, 150px\" data-attachment-id=\"22004\" data-permalink=\"https:\/\/www.legistdf.gob.ar\/index.php\/2020\/11\/12\/21998\/img_8093-2\/\" data-orig-file=\"https:\/\/www.legistdf.gob.ar\/wp-content\/uploads\/2020\/11\/IMG_8093.jpg\" data-orig-size=\"1500,1000\" data-comments-opened=\"0\" data-image-meta=\"{&quot;aperture&quot;:&quot;2.8&quot;,&quot;credit&quot;:&quot;&quot;,&quot;camera&quot;:&quot;Canon EOS 6D&quot;,&quot;caption&quot;:&quot;&quot;,&quot;created_timestamp&quot;:&quot;1605167076&quot;,&quot;copyright&quot;:&quot;&quot;,&quot;focal_length&quot;:&quot;26&quot;,&quot;iso&quot;:&quot;1000&quot;,&quot;shutter_speed&quot;:&quot;0.0055555555555556&quot;,&quot;title&quot;:&quot;&quot;,&quot;orientation&quot;:&quot;1&quot;}\" data-image-title=\"IMG_8093\" data-image-description=\"\" data-image-caption=\"\" data-medium-file=\"https:\/\/www.legistdf.gob.ar\/wp-content\/uploads\/2020\/11\/IMG_8093-300x200.jpg\" data-large-file=\"https:\/\/www.legistdf.gob.ar\/wp-content\/uploads\/2020\/11\/IMG_8093-1024x683.jpg\" \/><\/a>\n\t\t\t<\/dt><\/dl><br style=\"clear: both\" \/><dl class='gallery-item'>\n\t\t\t<dt class='gallery-icon landscape'>\n\t\t\t\t<a href='https:\/\/www.legistdf.gob.ar\/index.php\/2020\/11\/12\/21998\/img_8094-2\/'><img loading=\"lazy\" decoding=\"async\" width=\"150\" height=\"150\" src=\"https:\/\/www.legistdf.gob.ar\/wp-content\/uploads\/2020\/11\/IMG_8094-1-150x150.jpg\" class=\"attachment-thumbnail size-thumbnail\" alt=\"\" srcset=\"https:\/\/www.legistdf.gob.ar\/wp-content\/uploads\/2020\/11\/IMG_8094-1-150x150.jpg 150w, https:\/\/www.legistdf.gob.ar\/wp-content\/uploads\/2020\/11\/IMG_8094-1-64x64.jpg 64w\" sizes=\"(max-width: 150px) 100vw, 150px\" data-attachment-id=\"22005\" data-permalink=\"https:\/\/www.legistdf.gob.ar\/index.php\/2020\/11\/12\/21998\/img_8094-2\/\" data-orig-file=\"https:\/\/www.legistdf.gob.ar\/wp-content\/uploads\/2020\/11\/IMG_8094-1.jpg\" data-orig-size=\"1280,720\" data-comments-opened=\"0\" data-image-meta=\"{&quot;aperture&quot;:&quot;0&quot;,&quot;credit&quot;:&quot;&quot;,&quot;camera&quot;:&quot;&quot;,&quot;caption&quot;:&quot;&quot;,&quot;created_timestamp&quot;:&quot;0&quot;,&quot;copyright&quot;:&quot;&quot;,&quot;focal_length&quot;:&quot;0&quot;,&quot;iso&quot;:&quot;0&quot;,&quot;shutter_speed&quot;:&quot;0&quot;,&quot;title&quot;:&quot;&quot;,&quot;orientation&quot;:&quot;0&quot;}\" data-image-title=\"IMG_8094\" data-image-description=\"\" data-image-caption=\"\" data-medium-file=\"https:\/\/www.legistdf.gob.ar\/wp-content\/uploads\/2020\/11\/IMG_8094-1-300x169.jpg\" data-large-file=\"https:\/\/www.legistdf.gob.ar\/wp-content\/uploads\/2020\/11\/IMG_8094-1-1024x576.jpg\" \/><\/a>\n\t\t\t<\/dt><\/dl><dl class='gallery-item'>\n\t\t\t<dt class='gallery-icon landscape'>\n\t\t\t\t<a href='https:\/\/www.legistdf.gob.ar\/index.php\/2020\/11\/12\/21998\/img_8095-2\/'><img loading=\"lazy\" decoding=\"async\" width=\"150\" height=\"150\" src=\"https:\/\/www.legistdf.gob.ar\/wp-content\/uploads\/2020\/11\/IMG_8095-1-150x150.jpg\" class=\"attachment-thumbnail size-thumbnail\" alt=\"\" srcset=\"https:\/\/www.legistdf.gob.ar\/wp-content\/uploads\/2020\/11\/IMG_8095-1-150x150.jpg 150w, https:\/\/www.legistdf.gob.ar\/wp-content\/uploads\/2020\/11\/IMG_8095-1-64x64.jpg 64w\" sizes=\"(max-width: 150px) 100vw, 150px\" data-attachment-id=\"22006\" data-permalink=\"https:\/\/www.legistdf.gob.ar\/index.php\/2020\/11\/12\/21998\/img_8095-2\/\" data-orig-file=\"https:\/\/www.legistdf.gob.ar\/wp-content\/uploads\/2020\/11\/IMG_8095-1.jpg\" data-orig-size=\"1280,720\" data-comments-opened=\"0\" data-image-meta=\"{&quot;aperture&quot;:&quot;0&quot;,&quot;credit&quot;:&quot;&quot;,&quot;camera&quot;:&quot;&quot;,&quot;caption&quot;:&quot;&quot;,&quot;created_timestamp&quot;:&quot;0&quot;,&quot;copyright&quot;:&quot;&quot;,&quot;focal_length&quot;:&quot;0&quot;,&quot;iso&quot;:&quot;0&quot;,&quot;shutter_speed&quot;:&quot;0&quot;,&quot;title&quot;:&quot;&quot;,&quot;orientation&quot;:&quot;0&quot;}\" data-image-title=\"IMG_8095\" data-image-description=\"\" data-image-caption=\"\" data-medium-file=\"https:\/\/www.legistdf.gob.ar\/wp-content\/uploads\/2020\/11\/IMG_8095-1-300x169.jpg\" data-large-file=\"https:\/\/www.legistdf.gob.ar\/wp-content\/uploads\/2020\/11\/IMG_8095-1-1024x576.jpg\" \/><\/a>\n\t\t\t<\/dt><\/dl><dl class='gallery-item'>\n\t\t\t<dt class='gallery-icon landscape'>\n\t\t\t\t<a href='https:\/\/www.legistdf.gob.ar\/index.php\/2020\/11\/12\/21998\/img_8096-2\/'><img loading=\"lazy\" decoding=\"async\" width=\"150\" height=\"150\" src=\"https:\/\/www.legistdf.gob.ar\/wp-content\/uploads\/2020\/11\/IMG_8096-1-150x150.jpg\" class=\"attachment-thumbnail size-thumbnail\" alt=\"\" srcset=\"https:\/\/www.legistdf.gob.ar\/wp-content\/uploads\/2020\/11\/IMG_8096-1-150x150.jpg 150w, https:\/\/www.legistdf.gob.ar\/wp-content\/uploads\/2020\/11\/IMG_8096-1-64x64.jpg 64w\" sizes=\"(max-width: 150px) 100vw, 150px\" data-attachment-id=\"22007\" data-permalink=\"https:\/\/www.legistdf.gob.ar\/index.php\/2020\/11\/12\/21998\/img_8096-2\/\" data-orig-file=\"https:\/\/www.legistdf.gob.ar\/wp-content\/uploads\/2020\/11\/IMG_8096-1.jpg\" data-orig-size=\"1280,720\" data-comments-opened=\"0\" data-image-meta=\"{&quot;aperture&quot;:&quot;0&quot;,&quot;credit&quot;:&quot;&quot;,&quot;camera&quot;:&quot;&quot;,&quot;caption&quot;:&quot;&quot;,&quot;created_timestamp&quot;:&quot;0&quot;,&quot;copyright&quot;:&quot;&quot;,&quot;focal_length&quot;:&quot;0&quot;,&quot;iso&quot;:&quot;0&quot;,&quot;shutter_speed&quot;:&quot;0&quot;,&quot;title&quot;:&quot;&quot;,&quot;orientation&quot;:&quot;0&quot;}\" data-image-title=\"IMG_8096\" data-image-description=\"\" data-image-caption=\"\" data-medium-file=\"https:\/\/www.legistdf.gob.ar\/wp-content\/uploads\/2020\/11\/IMG_8096-1-300x169.jpg\" data-large-file=\"https:\/\/www.legistdf.gob.ar\/wp-content\/uploads\/2020\/11\/IMG_8096-1-1024x576.jpg\" \/><\/a>\n\t\t\t<\/dt><\/dl><br style=\"clear: both\" \/><dl class='gallery-item'>\n\t\t\t<dt class='gallery-icon landscape'>\n\t\t\t\t<a href='https:\/\/www.legistdf.gob.ar\/index.php\/2020\/11\/12\/21998\/img_8097-2\/'><img loading=\"lazy\" decoding=\"async\" width=\"150\" height=\"150\" src=\"https:\/\/www.legistdf.gob.ar\/wp-content\/uploads\/2020\/11\/IMG_8097-1-150x150.jpg\" class=\"attachment-thumbnail size-thumbnail\" alt=\"\" srcset=\"https:\/\/www.legistdf.gob.ar\/wp-content\/uploads\/2020\/11\/IMG_8097-1-150x150.jpg 150w, https:\/\/www.legistdf.gob.ar\/wp-content\/uploads\/2020\/11\/IMG_8097-1-64x64.jpg 64w\" sizes=\"(max-width: 150px) 100vw, 150px\" data-attachment-id=\"22008\" data-permalink=\"https:\/\/www.legistdf.gob.ar\/index.php\/2020\/11\/12\/21998\/img_8097-2\/\" data-orig-file=\"https:\/\/www.legistdf.gob.ar\/wp-content\/uploads\/2020\/11\/IMG_8097-1.jpg\" data-orig-size=\"1280,720\" data-comments-opened=\"0\" data-image-meta=\"{&quot;aperture&quot;:&quot;0&quot;,&quot;credit&quot;:&quot;&quot;,&quot;camera&quot;:&quot;&quot;,&quot;caption&quot;:&quot;&quot;,&quot;created_timestamp&quot;:&quot;0&quot;,&quot;copyright&quot;:&quot;&quot;,&quot;focal_length&quot;:&quot;0&quot;,&quot;iso&quot;:&quot;0&quot;,&quot;shutter_speed&quot;:&quot;0&quot;,&quot;title&quot;:&quot;&quot;,&quot;orientation&quot;:&quot;0&quot;}\" data-image-title=\"IMG_8097\" data-image-description=\"\" data-image-caption=\"\" data-medium-file=\"https:\/\/www.legistdf.gob.ar\/wp-content\/uploads\/2020\/11\/IMG_8097-1-300x169.jpg\" data-large-file=\"https:\/\/www.legistdf.gob.ar\/wp-content\/uploads\/2020\/11\/IMG_8097-1-1024x576.jpg\" \/><\/a>\n\t\t\t<\/dt><\/dl>\n\t\t\t<br style='clear: both' \/>\n\t\t<\/div>\n\n","protected":false},"excerpt":{"rendered":"<p>Ushuaia, 12 de noviembre de 2020.- La presidenta del Poder Legislativo, vicegobernadora M\u00f3nica Urquiza, expuso en la primera capacitaci\u00f3n sobre la Agenda 2030 para el Desarrollo Sostenible.\u00a0 De la reuni\u00f3n participaron, la presidenta del Consejo Nacional de Coordinaci\u00f3n de Pol\u00edticas Sociales (CNCPS), contadora Victoria Tolosa Paz; el coordinador residente de las Naciones Unidas en Argentina, [&hellip;]<\/p>\n","protected":false},"author":352,"featured_media":22000,"comment_status":"closed","ping_status":"open","sticky":false,"template":"","format":"standard","meta":{"jetpack_post_was_ever_published":false,"_jetpack_newsletter_access":"","_jetpack_dont_email_post_to_subs":false,"_jetpack_newsletter_tier_id":0,"footnotes":"","jetpack_publicize_message":"","jetpack_publicize_feature_enabled":true,"jetpack_social_post_already_shared":true,"jetpack_social_options":{"image_generator_settings":{"template":"highway","enabled":false}}},"categories":[1],"tags":[2057,2058,1827,2059,450,144,591,2056,2055],"jetpack_publicize_connections":[],"jetpack_sharing_enabled":true,"jetpack_featured_media_url":"https:\/\/www.legistdf.gob.ar\/wp-content\/uploads\/2020\/11\/IMG_8071-2.jpg","jetpack-related-posts":[],"_links":{"self":[{"href":"https:\/\/www.legistdf.gob.ar\/index.php\/wp-json\/wp\/v2\/posts\/21998"}],"collection":[{"href":"https:\/\/www.legistdf.gob.ar\/index.php\/wp-json\/wp\/v2\/posts"}],"about":[{"href":"https:\/\/www.legistdf.gob.ar\/index.php\/wp-json\/wp\/v2\/types\/post"}],"author":[{"embeddable":true,"href":"https:\/\/www.legistdf.gob.ar\/index.php\/wp-json\/wp\/v2\/users\/352"}],"replies":[{"embeddable":true,"href":"https:\/\/www.legistdf.gob.ar\/index.php\/wp-json\/wp\/v2\/comments?post=21998"}],"version-history":[{"count":3,"href":"https:\/\/www.legistdf.gob.ar\/index.php\/wp-json\/wp\/v2\/posts\/21998\/revisions"}],"predecessor-version":[{"id":22011,"href":"https:\/\/www.legistdf.gob.ar\/index.php\/wp-json\/wp\/v2\/posts\/21998\/revisions\/22011"}],"wp:featuredmedia":[{"embeddable":true,"href":"https:\/\/www.legistdf.gob.ar\/index.php\/wp-json\/wp\/v2\/media\/22000"}],"wp:attachment":[{"href":"https:\/\/www.legistdf.gob.ar\/index.php\/wp-json\/wp\/v2\/media?parent=21998"}],"wp:term":[{"taxonomy":"category","embeddable":true,"href":"https:\/\/www.legistdf.gob.ar\/index.php\/wp-json\/wp\/v2\/categories?post=21998"},{"taxonomy":"post_tag","embeddable":true,"href":"https:\/\/www.legistdf.gob.ar\/index.php\/wp-json\/wp\/v2\/tags?post=21998"}],"curies":[{"name":"wp","href":"https:\/\/api.w.org\/{rel}","templated":true}]}}