{"id":22013,"date":"2020-11-16T10:59:57","date_gmt":"2020-11-16T13:59:57","guid":{"rendered":"http:\/\/www.legistdf.gob.ar\/?p=22013"},"modified":"2020-11-16T10:59:57","modified_gmt":"2020-11-16T13:59:57","slug":"legislatura-daniel-filmus-participara-de-la-comision-de-malvinas","status":"publish","type":"post","link":"https:\/\/www.legistdf.gob.ar\/index.php\/2020\/11\/16\/legislatura-daniel-filmus-participara-de-la-comision-de-malvinas\/","title":{"rendered":"LEGISLATURA: Daniel Filmus participar\u00e1 de la Comisi\u00f3n de Malvinas"},"content":{"rendered":"<p><strong><img loading=\"lazy\" decoding=\"async\" data-attachment-id=\"21808\" data-permalink=\"https:\/\/www.legistdf.gob.ar\/index.php\/2020\/11\/06\/malvinas-primera-reunion-y-eleccion-de-autoridades-de-la-comision-permanente-n-7\/img_7899\/\" data-orig-file=\"https:\/\/www.legistdf.gob.ar\/wp-content\/uploads\/2020\/11\/IMG_7899.jpg\" data-orig-size=\"1500,1000\" data-comments-opened=\"0\" data-image-meta=\"{&quot;aperture&quot;:&quot;2.8&quot;,&quot;credit&quot;:&quot;&quot;,&quot;camera&quot;:&quot;Canon EOS 6D&quot;,&quot;caption&quot;:&quot;&quot;,&quot;created_timestamp&quot;:&quot;1604656092&quot;,&quot;copyright&quot;:&quot;&quot;,&quot;focal_length&quot;:&quot;24&quot;,&quot;iso&quot;:&quot;1000&quot;,&quot;shutter_speed&quot;:&quot;0.0055555555555556&quot;,&quot;title&quot;:&quot;&quot;,&quot;orientation&quot;:&quot;1&quot;}\" data-image-title=\"IMG_7899\" data-image-description=\"\" data-image-caption=\"\" data-medium-file=\"https:\/\/www.legistdf.gob.ar\/wp-content\/uploads\/2020\/11\/IMG_7899-300x200.jpg\" data-large-file=\"https:\/\/www.legistdf.gob.ar\/wp-content\/uploads\/2020\/11\/IMG_7899-1024x683.jpg\" class=\"alignleft wp-image-21808 size-medium\" src=\"http:\/\/www.legistdf.gob.ar\/wp-content\/uploads\/2020\/11\/IMG_7899-300x200.jpg\" alt=\"\" width=\"300\" height=\"200\" srcset=\"https:\/\/www.legistdf.gob.ar\/wp-content\/uploads\/2020\/11\/IMG_7899-300x200.jpg 300w, https:\/\/www.legistdf.gob.ar\/wp-content\/uploads\/2020\/11\/IMG_7899-768x512.jpg 768w, https:\/\/www.legistdf.gob.ar\/wp-content\/uploads\/2020\/11\/IMG_7899-1024x683.jpg 1024w, https:\/\/www.legistdf.gob.ar\/wp-content\/uploads\/2020\/11\/IMG_7899-160x107.jpg 160w, https:\/\/www.legistdf.gob.ar\/wp-content\/uploads\/2020\/11\/IMG_7899.jpg 1500w\" sizes=\"(max-width: 300px) 100vw, 300px\" \/>Ushuaia, lunes 16 de noviembre de 2020.- A trav\u00e9s del memorando interno de la Direcci\u00f3n de Comisiones N\u00b0 57\/20, el presidente de la Comisi\u00f3n Malvinas (7), legislador Federico Sciurano (UCR), convoc\u00f3 una reuni\u00f3n de ese espacio de debate para el mi\u00e9rcoles 18 de noviembre a las 17 h. Del encuentro participar\u00e1, de forma virtual, el secretario de Malvinas, Ant\u00e1rtida y Atl\u00e1ntico Sur, Daniel Filmus.<\/strong><\/p>\n<p>&nbsp;<\/p>\n<p>Adem\u00e1s, asistir\u00e1n \u201cfuncionarios y representantes de distintas organizaciones a fin a la causa Malvinas\u201d.<\/p>\n<p>&nbsp;<\/p>\n<p>&nbsp;<\/p>\n<p>&nbsp;<\/p>\n<p>&nbsp;<\/p>\n<p><img loading=\"lazy\" decoding=\"async\" data-attachment-id=\"21808\" data-permalink=\"https:\/\/www.legistdf.gob.ar\/index.php\/2020\/11\/06\/malvinas-primera-reunion-y-eleccion-de-autoridades-de-la-comision-permanente-n-7\/img_7899\/\" data-orig-file=\"https:\/\/www.legistdf.gob.ar\/wp-content\/uploads\/2020\/11\/IMG_7899.jpg\" data-orig-size=\"1500,1000\" data-comments-opened=\"0\" data-image-meta=\"{&quot;aperture&quot;:&quot;2.8&quot;,&quot;credit&quot;:&quot;&quot;,&quot;camera&quot;:&quot;Canon EOS 6D&quot;,&quot;caption&quot;:&quot;&quot;,&quot;created_timestamp&quot;:&quot;1604656092&quot;,&quot;copyright&quot;:&quot;&quot;,&quot;focal_length&quot;:&quot;24&quot;,&quot;iso&quot;:&quot;1000&quot;,&quot;shutter_speed&quot;:&quot;0.0055555555555556&quot;,&quot;title&quot;:&quot;&quot;,&quot;orientation&quot;:&quot;1&quot;}\" data-image-title=\"IMG_7899\" data-image-description=\"\" data-image-caption=\"\" data-medium-file=\"https:\/\/www.legistdf.gob.ar\/wp-content\/uploads\/2020\/11\/IMG_7899-300x200.jpg\" data-large-file=\"https:\/\/www.legistdf.gob.ar\/wp-content\/uploads\/2020\/11\/IMG_7899-1024x683.jpg\" class=\"aligncenter size-full wp-image-21808\" src=\"http:\/\/www.legistdf.gob.ar\/wp-content\/uploads\/2020\/11\/IMG_7899.jpg\" alt=\"\" width=\"1500\" height=\"1000\" srcset=\"https:\/\/www.legistdf.gob.ar\/wp-content\/uploads\/2020\/11\/IMG_7899.jpg 1500w, https:\/\/www.legistdf.gob.ar\/wp-content\/uploads\/2020\/11\/IMG_7899-300x200.jpg 300w, https:\/\/www.legistdf.gob.ar\/wp-content\/uploads\/2020\/11\/IMG_7899-768x512.jpg 768w, https:\/\/www.legistdf.gob.ar\/wp-content\/uploads\/2020\/11\/IMG_7899-1024x683.jpg 1024w, https:\/\/www.legistdf.gob.ar\/wp-content\/uploads\/2020\/11\/IMG_7899-160x107.jpg 160w\" sizes=\"(max-width: 1500px) 100vw, 1500px\" \/><\/p>\n<p>&nbsp;<\/p>\n","protected":false},"excerpt":{"rendered":"<p>Ushuaia, lunes 16 de noviembre de 2020.- A trav\u00e9s del memorando interno de la Direcci\u00f3n de Comisiones N\u00b0 57\/20, el presidente de la Comisi\u00f3n Malvinas (7), legislador Federico Sciurano (UCR), convoc\u00f3 una reuni\u00f3n de ese espacio de debate para el mi\u00e9rcoles 18 de noviembre a las 17 h. Del encuentro participar\u00e1, de forma virtual, el [&hellip;]<\/p>\n","protected":false},"author":352,"featured_media":21808,"comment_status":"closed","ping_status":"open","sticky":false,"template":"","format":"standard","meta":{"jetpack_post_was_ever_published":false,"_jetpack_newsletter_access":"","_jetpack_dont_email_post_to_subs":false,"_jetpack_newsletter_tier_id":0,"footnotes":"","jetpack_publicize_message":"","jetpack_publicize_feature_enabled":true,"jetpack_social_post_already_shared":true,"jetpack_social_options":{"image_generator_settings":{"template":"highway","enabled":false}}},"categories":[1],"tags":[2060,1824],"jetpack_publicize_connections":[],"jetpack_sharing_enabled":true,"jetpack_featured_media_url":"https:\/\/www.legistdf.gob.ar\/wp-content\/uploads\/2020\/11\/IMG_7899.jpg","jetpack-related-posts":[],"_links":{"self":[{"href":"https:\/\/www.legistdf.gob.ar\/index.php\/wp-json\/wp\/v2\/posts\/22013"}],"collection":[{"href":"https:\/\/www.legistdf.gob.ar\/index.php\/wp-json\/wp\/v2\/posts"}],"about":[{"href":"https:\/\/www.legistdf.gob.ar\/index.php\/wp-json\/wp\/v2\/types\/post"}],"author":[{"embeddable":true,"href":"https:\/\/www.legistdf.gob.ar\/index.php\/wp-json\/wp\/v2\/users\/352"}],"replies":[{"embeddable":true,"href":"https:\/\/www.legistdf.gob.ar\/index.php\/wp-json\/wp\/v2\/comments?post=22013"}],"version-history":[{"count":1,"href":"https:\/\/www.legistdf.gob.ar\/index.php\/wp-json\/wp\/v2\/posts\/22013\/revisions"}],"predecessor-version":[{"id":22014,"href":"https:\/\/www.legistdf.gob.ar\/index.php\/wp-json\/wp\/v2\/posts\/22013\/revisions\/22014"}],"wp:featuredmedia":[{"embeddable":true,"href":"https:\/\/www.legistdf.gob.ar\/index.php\/wp-json\/wp\/v2\/media\/21808"}],"wp:attachment":[{"href":"https:\/\/www.legistdf.gob.ar\/index.php\/wp-json\/wp\/v2\/media?parent=22013"}],"wp:term":[{"taxonomy":"category","embeddable":true,"href":"https:\/\/www.legistdf.gob.ar\/index.php\/wp-json\/wp\/v2\/categories?post=22013"},{"taxonomy":"post_tag","embeddable":true,"href":"https:\/\/www.legistdf.gob.ar\/index.php\/wp-json\/wp\/v2\/tags?post=22013"}],"curies":[{"name":"wp","href":"https:\/\/api.w.org\/{rel}","templated":true}]}}