{"id":22087,"date":"2020-11-18T19:24:15","date_gmt":"2020-11-18T22:24:15","guid":{"rendered":"http:\/\/www.legistdf.gob.ar\/?p=22087"},"modified":"2020-11-19T11:11:27","modified_gmt":"2020-11-19T14:11:27","slug":"malvinas-nueva-reunion-de-la-comision-con-participacion-del-embajador-daniel-filmus","status":"publish","type":"post","link":"https:\/\/www.legistdf.gob.ar\/index.php\/2020\/11\/18\/malvinas-nueva-reunion-de-la-comision-con-participacion-del-embajador-daniel-filmus\/","title":{"rendered":"MALVINAS: Nueva reuni\u00f3n de la Comisi\u00f3n con participaci\u00f3n del embajador Daniel Filmus"},"content":{"rendered":"<p><strong><img loading=\"lazy\" decoding=\"async\" data-attachment-id=\"22089\" data-permalink=\"https:\/\/www.legistdf.gob.ar\/index.php\/2020\/11\/18\/malvinas-nueva-reunion-de-la-comision-con-participacion-del-embajador-daniel-filmus\/img_8176-2\/\" data-orig-file=\"https:\/\/www.legistdf.gob.ar\/wp-content\/uploads\/2020\/11\/IMG_8176-2.jpg\" data-orig-size=\"1500,1000\" data-comments-opened=\"0\" data-image-meta=\"{&quot;aperture&quot;:&quot;2.8&quot;,&quot;credit&quot;:&quot;&quot;,&quot;camera&quot;:&quot;Canon EOS 6D&quot;,&quot;caption&quot;:&quot;&quot;,&quot;created_timestamp&quot;:&quot;1605695034&quot;,&quot;copyright&quot;:&quot;&quot;,&quot;focal_length&quot;:&quot;24&quot;,&quot;iso&quot;:&quot;1000&quot;,&quot;shutter_speed&quot;:&quot;0.0055555555555556&quot;,&quot;title&quot;:&quot;&quot;,&quot;orientation&quot;:&quot;1&quot;}\" data-image-title=\"IMG_8176-2\" data-image-description=\"\" data-image-caption=\"\" data-medium-file=\"https:\/\/www.legistdf.gob.ar\/wp-content\/uploads\/2020\/11\/IMG_8176-2-300x200.jpg\" data-large-file=\"https:\/\/www.legistdf.gob.ar\/wp-content\/uploads\/2020\/11\/IMG_8176-2-1024x683.jpg\" class=\"alignleft wp-image-22089 size-medium\" src=\"http:\/\/www.legistdf.gob.ar\/wp-content\/uploads\/2020\/11\/IMG_8176-2-300x200.jpg\" alt=\"\" width=\"300\" height=\"200\" srcset=\"https:\/\/www.legistdf.gob.ar\/wp-content\/uploads\/2020\/11\/IMG_8176-2-300x200.jpg 300w, https:\/\/www.legistdf.gob.ar\/wp-content\/uploads\/2020\/11\/IMG_8176-2-768x512.jpg 768w, https:\/\/www.legistdf.gob.ar\/wp-content\/uploads\/2020\/11\/IMG_8176-2-1024x683.jpg 1024w, https:\/\/www.legistdf.gob.ar\/wp-content\/uploads\/2020\/11\/IMG_8176-2-160x107.jpg 160w, https:\/\/www.legistdf.gob.ar\/wp-content\/uploads\/2020\/11\/IMG_8176-2.jpg 1500w\" sizes=\"(max-width: 300px) 100vw, 300px\" \/>Ushuaia, mi\u00e9rcoles 18 de noviembre de 2020.- El legislador Federico Sciurano (UCR) presidi\u00f3 hoy un nuevo encuentro de la Comisi\u00f3n N\u00b0 7 Malvinas, Atl\u00e1ntico Sur y Ant\u00e1rtida. All\u00ed, particip\u00f3 de manera virtual el secretario de Malvinas, Ant\u00e1rtida y Atl\u00e1ntico Sur de Naci\u00f3n, embajador Daniel Filmus.<\/strong><\/p>\n<p>&nbsp;<\/p>\n<p>Al inicio de la reuni\u00f3n Sciurano dio la bienvenida al funcionario nacional. Explic\u00f3 que la recientemente creada Comisi\u00f3n 7 en el \u00e1mbito legislativo fue con el fin de \u201ctransmitir un mensaje institucional para reflejar el compromiso que nuestra Provincia tiene sobre la cuesti\u00f3n Malvinas\u201d.<\/p>\n<p>&nbsp;<\/p>\n<p>Sciurano present\u00f3 al resto de los participantes de la reuni\u00f3n, entre ellos el lic. Andr\u00e9s Dachary, secretario de Malvinas, Ant\u00e1rtida, Islas del Atl\u00e1ntico Sur y Asuntos Internacionales; la lic. Carolina Lavori en representaci\u00f3n del Observatorio cuesti\u00f3n Malvinas; el presidente del Centro de excombatientes de Malvinas en Ushuaia, Conrado Zamora; representantes de la Asociaci\u00f3n Herederos de la causa Malvinas, de la Fundaci\u00f3n Malvinas y de Veteranos de Guerra de la capital provincial. Asimismo, asisti\u00f3 de manera virtual la directora Nacional de Malvinas e Islas del Atl\u00e1ntico Sur del Ministerio de Relaciones Exteriores, Comercio Internacional y Culto, diplom\u00e1tica Sandra Pitta.<img loading=\"lazy\" decoding=\"async\" data-attachment-id=\"22091\" data-permalink=\"https:\/\/www.legistdf.gob.ar\/index.php\/2020\/11\/18\/malvinas-nueva-reunion-de-la-comision-con-participacion-del-embajador-daniel-filmus\/img_8178-2\/\" data-orig-file=\"https:\/\/www.legistdf.gob.ar\/wp-content\/uploads\/2020\/11\/IMG_8178.jpg\" data-orig-size=\"1500,1000\" data-comments-opened=\"0\" data-image-meta=\"{&quot;aperture&quot;:&quot;2.8&quot;,&quot;credit&quot;:&quot;&quot;,&quot;camera&quot;:&quot;Canon EOS 6D&quot;,&quot;caption&quot;:&quot;&quot;,&quot;created_timestamp&quot;:&quot;1605695052&quot;,&quot;copyright&quot;:&quot;&quot;,&quot;focal_length&quot;:&quot;24&quot;,&quot;iso&quot;:&quot;1000&quot;,&quot;shutter_speed&quot;:&quot;0.0055555555555556&quot;,&quot;title&quot;:&quot;&quot;,&quot;orientation&quot;:&quot;1&quot;}\" data-image-title=\"IMG_8178\" data-image-description=\"\" data-image-caption=\"\" data-medium-file=\"https:\/\/www.legistdf.gob.ar\/wp-content\/uploads\/2020\/11\/IMG_8178-300x200.jpg\" data-large-file=\"https:\/\/www.legistdf.gob.ar\/wp-content\/uploads\/2020\/11\/IMG_8178-1024x683.jpg\" class=\"alignright wp-image-22091 size-medium\" src=\"http:\/\/www.legistdf.gob.ar\/wp-content\/uploads\/2020\/11\/IMG_8178-300x200.jpg\" alt=\"\" width=\"300\" height=\"200\" srcset=\"https:\/\/www.legistdf.gob.ar\/wp-content\/uploads\/2020\/11\/IMG_8178-300x200.jpg 300w, https:\/\/www.legistdf.gob.ar\/wp-content\/uploads\/2020\/11\/IMG_8178-768x512.jpg 768w, https:\/\/www.legistdf.gob.ar\/wp-content\/uploads\/2020\/11\/IMG_8178-1024x683.jpg 1024w, https:\/\/www.legistdf.gob.ar\/wp-content\/uploads\/2020\/11\/IMG_8178-160x107.jpg 160w, https:\/\/www.legistdf.gob.ar\/wp-content\/uploads\/2020\/11\/IMG_8178.jpg 1500w\" sizes=\"(max-width: 300px) 100vw, 300px\" \/><\/p>\n<p>&nbsp;<\/p>\n<p>El titular del espacio de debate record\u00f3 que \u201cla primera reuni\u00f3n de este espacio de an\u00e1lisis fue el pasado 6 de noviembre, en conmemoraci\u00f3n a los 200 a\u00f1os del primer izamiento del pabell\u00f3n argentino en las Islas.<\/p>\n<p>&nbsp;<\/p>\n<p>Al hacer uso de la palabra, Daniel Filmus dijo que para \u00e9l es \u201cun placer y un orgullo participar de esta reuni\u00f3n\u201d. Plante\u00f3 como un eje central en la pol\u00edtica de Estado el tema Malvinas, Ant\u00e1rtida y Atl\u00e1ntico Sur, con el fin de recuperar la soberan\u00eda en el archipi\u00e9lago.<\/p>\n<p>&nbsp;<\/p>\n<p>Resalt\u00f3 y explic\u00f3 los tres proyectos de Ley presentados este a\u00f1o por el Gobierno nacional, que fueron aprobados por unanimidad en ambas C\u00e1maras del Congreso de la Naci\u00f3n: La primera establece la creaci\u00f3n del Consejo Nacional de Asuntos Relativos a las Islas Malvinas, Georgias del Sur, Sandwich del Sur y los espacios mar\u00edtimos correspondientes.<\/p>\n<p>&nbsp;<\/p>\n<p>La segunda precisa al aumento de sanciones para la pesca ilegal y tambi\u00e9n endurecerlas en base a unidades de valor relacionadas al monto del combustible -contemplando su actualizaci\u00f3n- y la restituci\u00f3n de los gastos del Estado.<\/p>\n<p>&nbsp;<\/p>\n<p>La tercera norma es la referente a la demarcaci\u00f3n del l\u00edmite exterior de la plataforma continental Argentina. El objeto es \u00abconsolidar los derechos de soberan\u00eda sobre los recursos del lecho y subsuelo\u00bb, en l\u00ednea con una pol\u00edtica de Estado en la que se trabaja en el marco de las Naciones Unidas<\/p>\n<p>&nbsp;<\/p>\n<p><img loading=\"lazy\" decoding=\"async\" data-attachment-id=\"22101\" data-permalink=\"https:\/\/www.legistdf.gob.ar\/index.php\/2020\/11\/18\/malvinas-nueva-reunion-de-la-comision-con-participacion-del-embajador-daniel-filmus\/img_8177-2\/\" data-orig-file=\"https:\/\/www.legistdf.gob.ar\/wp-content\/uploads\/2020\/11\/IMG_8177-1.jpg\" data-orig-size=\"1024,576\" data-comments-opened=\"0\" data-image-meta=\"{&quot;aperture&quot;:&quot;0&quot;,&quot;credit&quot;:&quot;&quot;,&quot;camera&quot;:&quot;&quot;,&quot;caption&quot;:&quot;&quot;,&quot;created_timestamp&quot;:&quot;0&quot;,&quot;copyright&quot;:&quot;&quot;,&quot;focal_length&quot;:&quot;0&quot;,&quot;iso&quot;:&quot;0&quot;,&quot;shutter_speed&quot;:&quot;0&quot;,&quot;title&quot;:&quot;&quot;,&quot;orientation&quot;:&quot;0&quot;}\" data-image-title=\"IMG_8177\" data-image-description=\"\" data-image-caption=\"\" data-medium-file=\"https:\/\/www.legistdf.gob.ar\/wp-content\/uploads\/2020\/11\/IMG_8177-1-300x169.jpg\" data-large-file=\"https:\/\/www.legistdf.gob.ar\/wp-content\/uploads\/2020\/11\/IMG_8177-1-1024x576.jpg\" class=\"alignleft wp-image-22101 size-medium\" src=\"http:\/\/www.legistdf.gob.ar\/wp-content\/uploads\/2020\/11\/IMG_8177-1-300x169.jpg\" alt=\"\" width=\"300\" height=\"169\" srcset=\"https:\/\/www.legistdf.gob.ar\/wp-content\/uploads\/2020\/11\/IMG_8177-1-300x169.jpg 300w, https:\/\/www.legistdf.gob.ar\/wp-content\/uploads\/2020\/11\/IMG_8177-1-768x432.jpg 768w, https:\/\/www.legistdf.gob.ar\/wp-content\/uploads\/2020\/11\/IMG_8177-1.jpg 1024w, https:\/\/www.legistdf.gob.ar\/wp-content\/uploads\/2020\/11\/IMG_8177-1-160x90.jpg 160w\" sizes=\"(max-width: 300px) 100vw, 300px\" \/>Por \u00faltimo, el embajador Daniel Filmus agradeci\u00f3 nuevamente la invitaci\u00f3n del Parlamento fueguino a participar de la reuni\u00f3n y se comprometi\u00f3 a trabajar en conjunto \u201ccon el \u00fanico objetivo de que recuperemos el ejercicio de la soberan\u00eda sobre las islas Malvinas\u201d.<\/p>\n<p>&nbsp;<\/p>\n<p>De la reuni\u00f3n participaron adem\u00e1s, de manera presencial, los legisladores: Dami\u00e1n L\u00f6ffler (MPF); M\u00f3nica Acosta, Federico Greve, Daniel Rivarola (FORJA) y Federico Bilota (FDT-PJ); Laura Colazo (PV); y de manera remota Jorge Colazo y Victoria Vuoto (PV); Pablo Villegas (MPF); Emmanuel Trentino (FORJA); Ricardo Furlan, Andrea Freites y Myriam Mart\u00ednez (FDT-PJ).<\/p>\n<p>&nbsp;<\/p>\n<p style=\"text-align: center\"><em>Creaci\u00f3n de la Secretar\u00eda de Malvinas dependiente del Gobierno nacional<\/em><\/p>\n<p>&nbsp;<\/p>\n<p>La Secretar\u00eda de Malvinas, Ant\u00e1rtida y Atl\u00e1ntico Sur de la Naci\u00f3n entiende en todos los temas vinculados a las Islas Malvinas, Georgias del Sur, S\u00e1ndwich del Sur y los espacios mar\u00edtimos circundantes en el Atl\u00e1ntico Sur. Dise\u00f1a estrategias y coordina acciones en el \u00e1mbito bilateral y multilateral para la mejor defensa de los derechos e intereses argentinos, a la vez que propone cursos de acci\u00f3n para la difusi\u00f3n de esos derechos e intereses.<\/p>\n<p>&nbsp;<\/p>\n<p>Entiende adem\u00e1s en las pol\u00edticas y acciones que realiza el Consejo Consultivo sobre temas vinculados al Atl\u00e1ntico Sur. Adem\u00e1s tiene a cargo la planificaci\u00f3n y direcci\u00f3n de la pol\u00edtica ant\u00e1rtica y ejecuta la actividad ant\u00e1rtica argentina, con la implementaci\u00f3n de los compromisos internacionales que correspondan.<\/p>\n<p>&nbsp;<\/p>\n<p>&nbsp;<\/p>\n<p style=\"text-align: right\"><em>LVV-NEGM<\/em><\/p>\n<p>&nbsp;<\/p>\n<p><iframe loading=\"lazy\" title=\"181120 MALVINAS: Nueva reuni\u00f3n de la Comisi\u00f3n con participaci\u00f3n del embajador Daniel Filmus\" width=\"844\" height=\"475\" src=\"https:\/\/www.youtube.com\/embed\/7XorIZftOEI?feature=oembed\" frameborder=\"0\" allow=\"accelerometer; autoplay; clipboard-write; encrypted-media; gyroscope; picture-in-picture; web-share\" allowfullscreen><\/iframe><\/p>\n<p>&nbsp;<\/p>\n<p>&nbsp;<\/p>\n<p>&nbsp;<\/p>\n\n\t\t<style type=\"text\/css\">\n\t\t\t#gallery-1 {\n\t\t\t\tmargin: auto;\n\t\t\t}\n\t\t\t#gallery-1 .gallery-item {\n\t\t\t\tfloat: left;\n\t\t\t\tmargin-top: 10px;\n\t\t\t\ttext-align: center;\n\t\t\t\twidth: 33%;\n\t\t\t}\n\t\t\t#gallery-1 img {\n\t\t\t\tborder: 2px solid #cfcfcf;\n\t\t\t}\n\t\t\t#gallery-1 .gallery-caption {\n\t\t\t\tmargin-left: 0;\n\t\t\t}\n\t\t\t\/* see gallery_shortcode() in wp-includes\/media.php *\/\n\t\t<\/style>\n\t\t<div data-carousel-extra='{\"blog_id\":1,\"permalink\":\"https:\\\/\\\/www.legistdf.gob.ar\\\/index.php\\\/2020\\\/11\\\/18\\\/malvinas-nueva-reunion-de-la-comision-con-participacion-del-embajador-daniel-filmus\\\/\"}' id='gallery-1' class='gallery galleryid-22087 gallery-columns-3 gallery-size-thumbnail'><dl class='gallery-item'>\n\t\t\t<dt class='gallery-icon landscape'>\n\t\t\t\t<a href='https:\/\/www.legistdf.gob.ar\/index.php\/2020\/11\/18\/malvinas-nueva-reunion-de-la-comision-con-participacion-del-embajador-daniel-filmus\/img_8177-2\/'><img loading=\"lazy\" decoding=\"async\" width=\"150\" height=\"150\" src=\"https:\/\/www.legistdf.gob.ar\/wp-content\/uploads\/2020\/11\/IMG_8177-1-150x150.jpg\" class=\"attachment-thumbnail size-thumbnail\" alt=\"\" srcset=\"https:\/\/www.legistdf.gob.ar\/wp-content\/uploads\/2020\/11\/IMG_8177-1-150x150.jpg 150w, https:\/\/www.legistdf.gob.ar\/wp-content\/uploads\/2020\/11\/IMG_8177-1-64x64.jpg 64w\" sizes=\"(max-width: 150px) 100vw, 150px\" data-attachment-id=\"22101\" data-permalink=\"https:\/\/www.legistdf.gob.ar\/index.php\/2020\/11\/18\/malvinas-nueva-reunion-de-la-comision-con-participacion-del-embajador-daniel-filmus\/img_8177-2\/\" data-orig-file=\"https:\/\/www.legistdf.gob.ar\/wp-content\/uploads\/2020\/11\/IMG_8177-1.jpg\" data-orig-size=\"1024,576\" data-comments-opened=\"0\" data-image-meta=\"{&quot;aperture&quot;:&quot;0&quot;,&quot;credit&quot;:&quot;&quot;,&quot;camera&quot;:&quot;&quot;,&quot;caption&quot;:&quot;&quot;,&quot;created_timestamp&quot;:&quot;0&quot;,&quot;copyright&quot;:&quot;&quot;,&quot;focal_length&quot;:&quot;0&quot;,&quot;iso&quot;:&quot;0&quot;,&quot;shutter_speed&quot;:&quot;0&quot;,&quot;title&quot;:&quot;&quot;,&quot;orientation&quot;:&quot;0&quot;}\" data-image-title=\"IMG_8177\" data-image-description=\"\" data-image-caption=\"\" data-medium-file=\"https:\/\/www.legistdf.gob.ar\/wp-content\/uploads\/2020\/11\/IMG_8177-1-300x169.jpg\" data-large-file=\"https:\/\/www.legistdf.gob.ar\/wp-content\/uploads\/2020\/11\/IMG_8177-1-1024x576.jpg\" \/><\/a>\n\t\t\t<\/dt><\/dl><dl class='gallery-item'>\n\t\t\t<dt class='gallery-icon landscape'>\n\t\t\t\t<a href='https:\/\/www.legistdf.gob.ar\/index.php\/2020\/11\/18\/malvinas-nueva-reunion-de-la-comision-con-participacion-del-embajador-daniel-filmus\/img_8183-3\/'><img loading=\"lazy\" decoding=\"async\" width=\"150\" height=\"150\" src=\"https:\/\/www.legistdf.gob.ar\/wp-content\/uploads\/2020\/11\/IMG_8183-150x150.jpg\" class=\"attachment-thumbnail size-thumbnail\" alt=\"\" srcset=\"https:\/\/www.legistdf.gob.ar\/wp-content\/uploads\/2020\/11\/IMG_8183-150x150.jpg 150w, https:\/\/www.legistdf.gob.ar\/wp-content\/uploads\/2020\/11\/IMG_8183-64x64.jpg 64w\" sizes=\"(max-width: 150px) 100vw, 150px\" data-attachment-id=\"22094\" data-permalink=\"https:\/\/www.legistdf.gob.ar\/index.php\/2020\/11\/18\/malvinas-nueva-reunion-de-la-comision-con-participacion-del-embajador-daniel-filmus\/img_8183-3\/\" data-orig-file=\"https:\/\/www.legistdf.gob.ar\/wp-content\/uploads\/2020\/11\/IMG_8183.jpg\" data-orig-size=\"1366,768\" data-comments-opened=\"0\" data-image-meta=\"{&quot;aperture&quot;:&quot;0&quot;,&quot;credit&quot;:&quot;&quot;,&quot;camera&quot;:&quot;&quot;,&quot;caption&quot;:&quot;&quot;,&quot;created_timestamp&quot;:&quot;0&quot;,&quot;copyright&quot;:&quot;&quot;,&quot;focal_length&quot;:&quot;0&quot;,&quot;iso&quot;:&quot;0&quot;,&quot;shutter_speed&quot;:&quot;0&quot;,&quot;title&quot;:&quot;&quot;,&quot;orientation&quot;:&quot;0&quot;}\" data-image-title=\"IMG_8183\" data-image-description=\"\" data-image-caption=\"\" data-medium-file=\"https:\/\/www.legistdf.gob.ar\/wp-content\/uploads\/2020\/11\/IMG_8183-300x169.jpg\" data-large-file=\"https:\/\/www.legistdf.gob.ar\/wp-content\/uploads\/2020\/11\/IMG_8183-1024x576.jpg\" \/><\/a>\n\t\t\t<\/dt><\/dl><dl class='gallery-item'>\n\t\t\t<dt class='gallery-icon landscape'>\n\t\t\t\t<a href='https:\/\/www.legistdf.gob.ar\/index.php\/2020\/11\/18\/malvinas-nueva-reunion-de-la-comision-con-participacion-del-embajador-daniel-filmus\/img_8182-2\/'><img loading=\"lazy\" decoding=\"async\" width=\"150\" height=\"150\" src=\"https:\/\/www.legistdf.gob.ar\/wp-content\/uploads\/2020\/11\/IMG_8182-150x150.jpg\" class=\"attachment-thumbnail size-thumbnail\" alt=\"\" srcset=\"https:\/\/www.legistdf.gob.ar\/wp-content\/uploads\/2020\/11\/IMG_8182-150x150.jpg 150w, https:\/\/www.legistdf.gob.ar\/wp-content\/uploads\/2020\/11\/IMG_8182-64x64.jpg 64w\" sizes=\"(max-width: 150px) 100vw, 150px\" data-attachment-id=\"22093\" data-permalink=\"https:\/\/www.legistdf.gob.ar\/index.php\/2020\/11\/18\/malvinas-nueva-reunion-de-la-comision-con-participacion-del-embajador-daniel-filmus\/img_8182-2\/\" data-orig-file=\"https:\/\/www.legistdf.gob.ar\/wp-content\/uploads\/2020\/11\/IMG_8182.jpg\" data-orig-size=\"1500,1000\" data-comments-opened=\"0\" data-image-meta=\"{&quot;aperture&quot;:&quot;3.5&quot;,&quot;credit&quot;:&quot;&quot;,&quot;camera&quot;:&quot;Canon EOS 6D&quot;,&quot;caption&quot;:&quot;&quot;,&quot;created_timestamp&quot;:&quot;1605695153&quot;,&quot;copyright&quot;:&quot;&quot;,&quot;focal_length&quot;:&quot;44&quot;,&quot;iso&quot;:&quot;1000&quot;,&quot;shutter_speed&quot;:&quot;0.0055555555555556&quot;,&quot;title&quot;:&quot;&quot;,&quot;orientation&quot;:&quot;1&quot;}\" data-image-title=\"IMG_8182\" data-image-description=\"\" data-image-caption=\"\" data-medium-file=\"https:\/\/www.legistdf.gob.ar\/wp-content\/uploads\/2020\/11\/IMG_8182-300x200.jpg\" data-large-file=\"https:\/\/www.legistdf.gob.ar\/wp-content\/uploads\/2020\/11\/IMG_8182-1024x683.jpg\" \/><\/a>\n\t\t\t<\/dt><\/dl><br style=\"clear: both\" \/><dl class='gallery-item'>\n\t\t\t<dt class='gallery-icon landscape'>\n\t\t\t\t<a href='https:\/\/www.legistdf.gob.ar\/index.php\/2020\/11\/18\/malvinas-nueva-reunion-de-la-comision-con-participacion-del-embajador-daniel-filmus\/img_8180-2\/'><img loading=\"lazy\" decoding=\"async\" width=\"150\" height=\"150\" src=\"https:\/\/www.legistdf.gob.ar\/wp-content\/uploads\/2020\/11\/IMG_8180-150x150.jpg\" class=\"attachment-thumbnail size-thumbnail\" alt=\"\" srcset=\"https:\/\/www.legistdf.gob.ar\/wp-content\/uploads\/2020\/11\/IMG_8180-150x150.jpg 150w, https:\/\/www.legistdf.gob.ar\/wp-content\/uploads\/2020\/11\/IMG_8180-64x64.jpg 64w\" sizes=\"(max-width: 150px) 100vw, 150px\" data-attachment-id=\"22092\" data-permalink=\"https:\/\/www.legistdf.gob.ar\/index.php\/2020\/11\/18\/malvinas-nueva-reunion-de-la-comision-con-participacion-del-embajador-daniel-filmus\/img_8180-2\/\" data-orig-file=\"https:\/\/www.legistdf.gob.ar\/wp-content\/uploads\/2020\/11\/IMG_8180.jpg\" data-orig-size=\"1500,1000\" data-comments-opened=\"0\" data-image-meta=\"{&quot;aperture&quot;:&quot;2.8&quot;,&quot;credit&quot;:&quot;&quot;,&quot;camera&quot;:&quot;Canon EOS 6D&quot;,&quot;caption&quot;:&quot;&quot;,&quot;created_timestamp&quot;:&quot;1605695130&quot;,&quot;copyright&quot;:&quot;&quot;,&quot;focal_length&quot;:&quot;24&quot;,&quot;iso&quot;:&quot;1000&quot;,&quot;shutter_speed&quot;:&quot;0.0055555555555556&quot;,&quot;title&quot;:&quot;&quot;,&quot;orientation&quot;:&quot;1&quot;}\" data-image-title=\"IMG_8180\" data-image-description=\"\" data-image-caption=\"\" data-medium-file=\"https:\/\/www.legistdf.gob.ar\/wp-content\/uploads\/2020\/11\/IMG_8180-300x200.jpg\" data-large-file=\"https:\/\/www.legistdf.gob.ar\/wp-content\/uploads\/2020\/11\/IMG_8180-1024x683.jpg\" \/><\/a>\n\t\t\t<\/dt><\/dl><dl class='gallery-item'>\n\t\t\t<dt class='gallery-icon landscape'>\n\t\t\t\t<a href='https:\/\/www.legistdf.gob.ar\/index.php\/2020\/11\/18\/malvinas-nueva-reunion-de-la-comision-con-participacion-del-embajador-daniel-filmus\/img_8178-2\/'><img loading=\"lazy\" decoding=\"async\" width=\"150\" height=\"150\" src=\"https:\/\/www.legistdf.gob.ar\/wp-content\/uploads\/2020\/11\/IMG_8178-150x150.jpg\" class=\"attachment-thumbnail size-thumbnail\" alt=\"\" srcset=\"https:\/\/www.legistdf.gob.ar\/wp-content\/uploads\/2020\/11\/IMG_8178-150x150.jpg 150w, https:\/\/www.legistdf.gob.ar\/wp-content\/uploads\/2020\/11\/IMG_8178-64x64.jpg 64w\" sizes=\"(max-width: 150px) 100vw, 150px\" data-attachment-id=\"22091\" data-permalink=\"https:\/\/www.legistdf.gob.ar\/index.php\/2020\/11\/18\/malvinas-nueva-reunion-de-la-comision-con-participacion-del-embajador-daniel-filmus\/img_8178-2\/\" data-orig-file=\"https:\/\/www.legistdf.gob.ar\/wp-content\/uploads\/2020\/11\/IMG_8178.jpg\" data-orig-size=\"1500,1000\" data-comments-opened=\"0\" data-image-meta=\"{&quot;aperture&quot;:&quot;2.8&quot;,&quot;credit&quot;:&quot;&quot;,&quot;camera&quot;:&quot;Canon EOS 6D&quot;,&quot;caption&quot;:&quot;&quot;,&quot;created_timestamp&quot;:&quot;1605695052&quot;,&quot;copyright&quot;:&quot;&quot;,&quot;focal_length&quot;:&quot;24&quot;,&quot;iso&quot;:&quot;1000&quot;,&quot;shutter_speed&quot;:&quot;0.0055555555555556&quot;,&quot;title&quot;:&quot;&quot;,&quot;orientation&quot;:&quot;1&quot;}\" data-image-title=\"IMG_8178\" data-image-description=\"\" data-image-caption=\"\" data-medium-file=\"https:\/\/www.legistdf.gob.ar\/wp-content\/uploads\/2020\/11\/IMG_8178-300x200.jpg\" data-large-file=\"https:\/\/www.legistdf.gob.ar\/wp-content\/uploads\/2020\/11\/IMG_8178-1024x683.jpg\" \/><\/a>\n\t\t\t<\/dt><\/dl><dl class='gallery-item'>\n\t\t\t<dt class='gallery-icon landscape'>\n\t\t\t\t<a href='https:\/\/www.legistdf.gob.ar\/index.php\/2020\/11\/18\/malvinas-nueva-reunion-de-la-comision-con-participacion-del-embajador-daniel-filmus\/img_8176-2\/'><img loading=\"lazy\" decoding=\"async\" width=\"150\" height=\"150\" src=\"https:\/\/www.legistdf.gob.ar\/wp-content\/uploads\/2020\/11\/IMG_8176-2-150x150.jpg\" class=\"attachment-thumbnail size-thumbnail\" alt=\"\" srcset=\"https:\/\/www.legistdf.gob.ar\/wp-content\/uploads\/2020\/11\/IMG_8176-2-150x150.jpg 150w, https:\/\/www.legistdf.gob.ar\/wp-content\/uploads\/2020\/11\/IMG_8176-2-64x64.jpg 64w\" sizes=\"(max-width: 150px) 100vw, 150px\" data-attachment-id=\"22089\" data-permalink=\"https:\/\/www.legistdf.gob.ar\/index.php\/2020\/11\/18\/malvinas-nueva-reunion-de-la-comision-con-participacion-del-embajador-daniel-filmus\/img_8176-2\/\" data-orig-file=\"https:\/\/www.legistdf.gob.ar\/wp-content\/uploads\/2020\/11\/IMG_8176-2.jpg\" data-orig-size=\"1500,1000\" data-comments-opened=\"0\" data-image-meta=\"{&quot;aperture&quot;:&quot;2.8&quot;,&quot;credit&quot;:&quot;&quot;,&quot;camera&quot;:&quot;Canon EOS 6D&quot;,&quot;caption&quot;:&quot;&quot;,&quot;created_timestamp&quot;:&quot;1605695034&quot;,&quot;copyright&quot;:&quot;&quot;,&quot;focal_length&quot;:&quot;24&quot;,&quot;iso&quot;:&quot;1000&quot;,&quot;shutter_speed&quot;:&quot;0.0055555555555556&quot;,&quot;title&quot;:&quot;&quot;,&quot;orientation&quot;:&quot;1&quot;}\" data-image-title=\"IMG_8176-2\" data-image-description=\"\" data-image-caption=\"\" data-medium-file=\"https:\/\/www.legistdf.gob.ar\/wp-content\/uploads\/2020\/11\/IMG_8176-2-300x200.jpg\" data-large-file=\"https:\/\/www.legistdf.gob.ar\/wp-content\/uploads\/2020\/11\/IMG_8176-2-1024x683.jpg\" \/><\/a>\n\t\t\t<\/dt><\/dl><br style=\"clear: both\" \/>\n\t\t<\/div>\n\n<p>&nbsp;<\/p>\n","protected":false},"excerpt":{"rendered":"<p>Ushuaia, mi\u00e9rcoles 18 de noviembre de 2020.- El legislador Federico Sciurano (UCR) presidi\u00f3 hoy un nuevo encuentro de la Comisi\u00f3n N\u00b0 7 Malvinas, Atl\u00e1ntico Sur y Ant\u00e1rtida. All\u00ed, particip\u00f3 de manera virtual el secretario de Malvinas, Ant\u00e1rtida y Atl\u00e1ntico Sur de Naci\u00f3n, embajador Daniel Filmus. &nbsp; Al inicio de la reuni\u00f3n Sciurano dio la bienvenida [&hellip;]<\/p>\n","protected":false},"author":352,"featured_media":22092,"comment_status":"closed","ping_status":"open","sticky":false,"template":"","format":"standard","meta":{"jetpack_post_was_ever_published":false,"_jetpack_newsletter_access":"","_jetpack_dont_email_post_to_subs":false,"_jetpack_newsletter_tier_id":0,"footnotes":"","jetpack_publicize_message":"","jetpack_publicize_feature_enabled":true,"jetpack_social_post_already_shared":true,"jetpack_social_options":{"image_generator_settings":{"template":"highway","enabled":false}}},"categories":[1],"tags":[1993,972,1742,1528,2060,2014,1824,929,141,2069,928],"jetpack_publicize_connections":[],"jetpack_sharing_enabled":true,"jetpack_featured_media_url":"https:\/\/www.legistdf.gob.ar\/wp-content\/uploads\/2020\/11\/IMG_8180.jpg","jetpack-related-posts":[],"_links":{"self":[{"href":"https:\/\/www.legistdf.gob.ar\/index.php\/wp-json\/wp\/v2\/posts\/22087"}],"collection":[{"href":"https:\/\/www.legistdf.gob.ar\/index.php\/wp-json\/wp\/v2\/posts"}],"about":[{"href":"https:\/\/www.legistdf.gob.ar\/index.php\/wp-json\/wp\/v2\/types\/post"}],"author":[{"embeddable":true,"href":"https:\/\/www.legistdf.gob.ar\/index.php\/wp-json\/wp\/v2\/users\/352"}],"replies":[{"embeddable":true,"href":"https:\/\/www.legistdf.gob.ar\/index.php\/wp-json\/wp\/v2\/comments?post=22087"}],"version-history":[{"count":5,"href":"https:\/\/www.legistdf.gob.ar\/index.php\/wp-json\/wp\/v2\/posts\/22087\/revisions"}],"predecessor-version":[{"id":22103,"href":"https:\/\/www.legistdf.gob.ar\/index.php\/wp-json\/wp\/v2\/posts\/22087\/revisions\/22103"}],"wp:featuredmedia":[{"embeddable":true,"href":"https:\/\/www.legistdf.gob.ar\/index.php\/wp-json\/wp\/v2\/media\/22092"}],"wp:attachment":[{"href":"https:\/\/www.legistdf.gob.ar\/index.php\/wp-json\/wp\/v2\/media?parent=22087"}],"wp:term":[{"taxonomy":"category","embeddable":true,"href":"https:\/\/www.legistdf.gob.ar\/index.php\/wp-json\/wp\/v2\/categories?post=22087"},{"taxonomy":"post_tag","embeddable":true,"href":"https:\/\/www.legistdf.gob.ar\/index.php\/wp-json\/wp\/v2\/tags?post=22087"}],"curies":[{"name":"wp","href":"https:\/\/api.w.org\/{rel}","templated":true}]}}