{"id":22148,"date":"2020-11-23T22:10:33","date_gmt":"2020-11-24T01:10:33","guid":{"rendered":"http:\/\/www.legistdf.gob.ar\/?p=22148"},"modified":"2020-11-23T22:12:17","modified_gmt":"2020-11-24T01:12:17","slug":"urquiza-trabajamos-en-fortalecer-nuestro-vinculo-logistico-y-comercial-con-chile","status":"publish","type":"post","link":"https:\/\/www.legistdf.gob.ar\/index.php\/2020\/11\/23\/urquiza-trabajamos-en-fortalecer-nuestro-vinculo-logistico-y-comercial-con-chile\/","title":{"rendered":"URQUIZA: \u00abTrabajamos en fortalecer nuestro v\u00ednculo log\u00edstico y comercial con Chile\u00bb"},"content":{"rendered":"<p><strong><img loading=\"lazy\" decoding=\"async\" data-attachment-id=\"22151\" data-permalink=\"https:\/\/www.legistdf.gob.ar\/index.php\/2020\/11\/23\/urquiza-trabajamos-en-fortalecer-nuestro-vinculo-logistico-y-comercial-con-chile\/urquiza-embajada-chile-3\/\" data-orig-file=\"https:\/\/www.legistdf.gob.ar\/wp-content\/uploads\/2020\/11\/URQUIZA-EMBAJADA-CHILE-3.jpg\" data-orig-size=\"1280,853\" data-comments-opened=\"0\" data-image-meta=\"{&quot;aperture&quot;:&quot;0&quot;,&quot;credit&quot;:&quot;&quot;,&quot;camera&quot;:&quot;&quot;,&quot;caption&quot;:&quot;&quot;,&quot;created_timestamp&quot;:&quot;0&quot;,&quot;copyright&quot;:&quot;&quot;,&quot;focal_length&quot;:&quot;0&quot;,&quot;iso&quot;:&quot;0&quot;,&quot;shutter_speed&quot;:&quot;0&quot;,&quot;title&quot;:&quot;&quot;,&quot;orientation&quot;:&quot;0&quot;}\" data-image-title=\"URQUIZA EMBAJADA CHILE 3\" data-image-description=\"\" data-image-caption=\"\" data-medium-file=\"https:\/\/www.legistdf.gob.ar\/wp-content\/uploads\/2020\/11\/URQUIZA-EMBAJADA-CHILE-3-300x200.jpg\" data-large-file=\"https:\/\/www.legistdf.gob.ar\/wp-content\/uploads\/2020\/11\/URQUIZA-EMBAJADA-CHILE-3-1024x682.jpg\" class=\"alignleft wp-image-22151 size-medium\" src=\"http:\/\/www.legistdf.gob.ar\/wp-content\/uploads\/2020\/11\/URQUIZA-EMBAJADA-CHILE-3-300x200.jpg\" alt=\"\" width=\"300\" height=\"200\" srcset=\"https:\/\/www.legistdf.gob.ar\/wp-content\/uploads\/2020\/11\/URQUIZA-EMBAJADA-CHILE-3-300x200.jpg 300w, https:\/\/www.legistdf.gob.ar\/wp-content\/uploads\/2020\/11\/URQUIZA-EMBAJADA-CHILE-3-768x512.jpg 768w, https:\/\/www.legistdf.gob.ar\/wp-content\/uploads\/2020\/11\/URQUIZA-EMBAJADA-CHILE-3-1024x682.jpg 1024w, https:\/\/www.legistdf.gob.ar\/wp-content\/uploads\/2020\/11\/URQUIZA-EMBAJADA-CHILE-3-160x107.jpg 160w, https:\/\/www.legistdf.gob.ar\/wp-content\/uploads\/2020\/11\/URQUIZA-EMBAJADA-CHILE-3.jpg 1280w\" sizes=\"(max-width: 300px) 100vw, 300px\" \/>Ushuaia, lunes 23 de noviembre de 2020.- La presidenta de la C\u00e1mara, vicegobernadora M\u00f3nica Urquiza, junto a vicegobernadoras y vicegobernadores de todo el pa\u00eds, mantuvo una reuni\u00f3n virtual con el embajador de Argentina en la Rep\u00fablica de Chile, Rafael Bielsa. <\/strong><\/p>\n<p>&nbsp;<\/p>\n<p>El encuentro, convocado por el vicegobernador de Corrientes, Gustavo Canteros y realizado v\u00eda zoom, se realiz\u00f3 en el marco del Programa \u201cArgentina en el Mundo\u201d.<\/p>\n<p>&nbsp;<\/p>\n<p>El mismo apunt\u00f3 a promocionar las Fortalezas y potencialidades de los sectores productivos de cada Provincia con posibilidad de exportaci\u00f3n a la Rep\u00fablica de Chile.<\/p>\n<p>&nbsp;<\/p>\n<p>Durante la exposici\u00f3n, la Vicegobernadora destac\u00f3 \u201cla vinculaci\u00f3n estrat\u00e9gica entre la Provincia de Tierra del Fuego, Ant\u00e1rtida e Islas del Atl\u00e1ntico Sur y la XII Regi\u00f3n de Magallanes y Ant\u00e1rtica chilena de la Rep\u00fablica de Chile, ya que constituye uno de los objetivos de proyecci\u00f3n exterior de la actual administraci\u00f3n de gobierno\u201d.<img loading=\"lazy\" decoding=\"async\" data-attachment-id=\"22150\" data-permalink=\"https:\/\/www.legistdf.gob.ar\/index.php\/2020\/11\/23\/urquiza-trabajamos-en-fortalecer-nuestro-vinculo-logistico-y-comercial-con-chile\/urquiza-embajada-chile-2\/\" data-orig-file=\"https:\/\/www.legistdf.gob.ar\/wp-content\/uploads\/2020\/11\/URQUIZA-EMBAJADA-CHILE-2.jpg\" data-orig-size=\"1280,853\" data-comments-opened=\"0\" data-image-meta=\"{&quot;aperture&quot;:&quot;0&quot;,&quot;credit&quot;:&quot;&quot;,&quot;camera&quot;:&quot;&quot;,&quot;caption&quot;:&quot;&quot;,&quot;created_timestamp&quot;:&quot;0&quot;,&quot;copyright&quot;:&quot;&quot;,&quot;focal_length&quot;:&quot;0&quot;,&quot;iso&quot;:&quot;0&quot;,&quot;shutter_speed&quot;:&quot;0&quot;,&quot;title&quot;:&quot;&quot;,&quot;orientation&quot;:&quot;0&quot;}\" data-image-title=\"URQUIZA EMBAJADA CHILE 2\" data-image-description=\"\" data-image-caption=\"\" data-medium-file=\"https:\/\/www.legistdf.gob.ar\/wp-content\/uploads\/2020\/11\/URQUIZA-EMBAJADA-CHILE-2-300x200.jpg\" data-large-file=\"https:\/\/www.legistdf.gob.ar\/wp-content\/uploads\/2020\/11\/URQUIZA-EMBAJADA-CHILE-2-1024x682.jpg\" class=\"alignright wp-image-22150 size-medium\" src=\"http:\/\/www.legistdf.gob.ar\/wp-content\/uploads\/2020\/11\/URQUIZA-EMBAJADA-CHILE-2-300x200.jpg\" alt=\"\" width=\"300\" height=\"200\" srcset=\"https:\/\/www.legistdf.gob.ar\/wp-content\/uploads\/2020\/11\/URQUIZA-EMBAJADA-CHILE-2-300x200.jpg 300w, https:\/\/www.legistdf.gob.ar\/wp-content\/uploads\/2020\/11\/URQUIZA-EMBAJADA-CHILE-2-768x512.jpg 768w, https:\/\/www.legistdf.gob.ar\/wp-content\/uploads\/2020\/11\/URQUIZA-EMBAJADA-CHILE-2-1024x682.jpg 1024w, https:\/\/www.legistdf.gob.ar\/wp-content\/uploads\/2020\/11\/URQUIZA-EMBAJADA-CHILE-2-160x107.jpg 160w, https:\/\/www.legistdf.gob.ar\/wp-content\/uploads\/2020\/11\/URQUIZA-EMBAJADA-CHILE-2.jpg 1280w\" sizes=\"(max-width: 300px) 100vw, 300px\" \/><\/p>\n<p>&nbsp;<\/p>\n<p>\u201cEl avance de la pandemia COVID \u2013 19 en la regi\u00f3n austral, resalto la importancia de avanzar y profundizar los esfuerzos entre ambas naciones para implementar mecanismos que permitan agilizar y facilitar el tr\u00e1nsito entre fronteras. Resulta de vital importancia avanzar en la implantaci\u00f3n de medidas conjuntas que favorezcan y faciliten la circulaci\u00f3n de personas, en un tr\u00e1nsito pa\u00eds \u2013 pa\u00eds\u201d expres\u00f3 la Presidenta de la C\u00e1mara.<\/p>\n<p>&nbsp;<\/p>\n<p>Para finalizar, asegur\u00f3 \u201cdebemos aunar esfuerzos en virtud de consolidar el camino de la integraci\u00f3n y fortalecer las relaciones bilaterales en beneficio de ambos pueblos\u201d.<\/p>\n<p>&nbsp;<\/p>\n<p>Luego de dar la bienvenida, Canteros agradeci\u00f3 al cuerpo diplom\u00e1tico argentino por \u201cel apoyo incondicional a esta iniciativa surgida del equipo de Cooperaci\u00f3n Internacional de la Vicegobernaci\u00f3n y de la Liga de Vicegobernadores\u201d que habilit\u00f3 el contacto con las embajadas argentinas en Brasil, China, y pr\u00f3ximamente Espa\u00f1a, con el objetivo de consolidar la oferta exportable y potenciar las econom\u00edas regionales.\u00a0 \u201cSigamos trabajando mancomunadamente para concretar estos encuentros\u201d subray\u00f3 el vicegobernador de Corrientes.<\/p>\n<p>&nbsp;<\/p>\n<p><img loading=\"lazy\" decoding=\"async\" data-attachment-id=\"22149\" data-permalink=\"https:\/\/www.legistdf.gob.ar\/index.php\/2020\/11\/23\/urquiza-trabajamos-en-fortalecer-nuestro-vinculo-logistico-y-comercial-con-chile\/urquiza-emabajada-chile\/\" data-orig-file=\"https:\/\/www.legistdf.gob.ar\/wp-content\/uploads\/2020\/11\/URQUIZA-EMABAJADA-CHILE.jpg\" data-orig-size=\"1280,853\" data-comments-opened=\"0\" data-image-meta=\"{&quot;aperture&quot;:&quot;0&quot;,&quot;credit&quot;:&quot;&quot;,&quot;camera&quot;:&quot;&quot;,&quot;caption&quot;:&quot;&quot;,&quot;created_timestamp&quot;:&quot;0&quot;,&quot;copyright&quot;:&quot;&quot;,&quot;focal_length&quot;:&quot;0&quot;,&quot;iso&quot;:&quot;0&quot;,&quot;shutter_speed&quot;:&quot;0&quot;,&quot;title&quot;:&quot;&quot;,&quot;orientation&quot;:&quot;0&quot;}\" data-image-title=\"URQUIZA EMABAJADA CHILE\" data-image-description=\"\" data-image-caption=\"\" data-medium-file=\"https:\/\/www.legistdf.gob.ar\/wp-content\/uploads\/2020\/11\/URQUIZA-EMABAJADA-CHILE-300x200.jpg\" data-large-file=\"https:\/\/www.legistdf.gob.ar\/wp-content\/uploads\/2020\/11\/URQUIZA-EMABAJADA-CHILE-1024x682.jpg\" class=\"alignleft wp-image-22149 size-medium\" src=\"http:\/\/www.legistdf.gob.ar\/wp-content\/uploads\/2020\/11\/URQUIZA-EMABAJADA-CHILE-300x200.jpg\" alt=\"\" width=\"300\" height=\"200\" srcset=\"https:\/\/www.legistdf.gob.ar\/wp-content\/uploads\/2020\/11\/URQUIZA-EMABAJADA-CHILE-300x200.jpg 300w, https:\/\/www.legistdf.gob.ar\/wp-content\/uploads\/2020\/11\/URQUIZA-EMABAJADA-CHILE-768x512.jpg 768w, https:\/\/www.legistdf.gob.ar\/wp-content\/uploads\/2020\/11\/URQUIZA-EMABAJADA-CHILE-1024x682.jpg 1024w, https:\/\/www.legistdf.gob.ar\/wp-content\/uploads\/2020\/11\/URQUIZA-EMABAJADA-CHILE-160x107.jpg 160w, https:\/\/www.legistdf.gob.ar\/wp-content\/uploads\/2020\/11\/URQUIZA-EMABAJADA-CHILE.jpg 1280w\" sizes=\"(max-width: 300px) 100vw, 300px\" \/>Por su parte, el embajador de Argentina en la Rep\u00fablica de Chile, Rafael Bielsa, indic\u00f3 \u201cen momentos de convulsi\u00f3n pol\u00edtica, econ\u00f3mica y social, el comercio se transforma de una de las artes de la diplomacia y que hay que cultivarlo con br\u00edo renovado porque realmente cuando la contig\u00fcidad geogr\u00e1fica deja de ser cartogr\u00e1fico y pasa ser geopol\u00edtico, como es el caso de Argentina con Chile -tenemos una de las fronteras m\u00e1s largas del mundo- es una oportunidad\u00a0 que no debemos dejar pasar\u201d.<\/p>\n<p>&nbsp;<\/p>\n<p>&nbsp;<\/p>\n<p>&nbsp;<\/p>\n<p>&nbsp;<\/p>\n<p>&nbsp;<\/p>\n\n\t\t<style type=\"text\/css\">\n\t\t\t#gallery-1 {\n\t\t\t\tmargin: auto;\n\t\t\t}\n\t\t\t#gallery-1 .gallery-item {\n\t\t\t\tfloat: left;\n\t\t\t\tmargin-top: 10px;\n\t\t\t\ttext-align: center;\n\t\t\t\twidth: 33%;\n\t\t\t}\n\t\t\t#gallery-1 img {\n\t\t\t\tborder: 2px solid #cfcfcf;\n\t\t\t}\n\t\t\t#gallery-1 .gallery-caption {\n\t\t\t\tmargin-left: 0;\n\t\t\t}\n\t\t\t\/* see gallery_shortcode() in wp-includes\/media.php *\/\n\t\t<\/style>\n\t\t<div data-carousel-extra='{\"blog_id\":1,\"permalink\":\"https:\\\/\\\/www.legistdf.gob.ar\\\/index.php\\\/2020\\\/11\\\/23\\\/urquiza-trabajamos-en-fortalecer-nuestro-vinculo-logistico-y-comercial-con-chile\\\/\"}' id='gallery-1' class='gallery galleryid-22148 gallery-columns-3 gallery-size-thumbnail'><dl class='gallery-item'>\n\t\t\t<dt class='gallery-icon landscape'>\n\t\t\t\t<a href='https:\/\/www.legistdf.gob.ar\/index.php\/2020\/11\/23\/urquiza-trabajamos-en-fortalecer-nuestro-vinculo-logistico-y-comercial-con-chile\/urquiza-emabajada-chile\/'><img loading=\"lazy\" decoding=\"async\" width=\"150\" height=\"150\" src=\"https:\/\/www.legistdf.gob.ar\/wp-content\/uploads\/2020\/11\/URQUIZA-EMABAJADA-CHILE-150x150.jpg\" class=\"attachment-thumbnail size-thumbnail\" alt=\"\" srcset=\"https:\/\/www.legistdf.gob.ar\/wp-content\/uploads\/2020\/11\/URQUIZA-EMABAJADA-CHILE-150x150.jpg 150w, https:\/\/www.legistdf.gob.ar\/wp-content\/uploads\/2020\/11\/URQUIZA-EMABAJADA-CHILE-64x64.jpg 64w\" sizes=\"(max-width: 150px) 100vw, 150px\" data-attachment-id=\"22149\" data-permalink=\"https:\/\/www.legistdf.gob.ar\/index.php\/2020\/11\/23\/urquiza-trabajamos-en-fortalecer-nuestro-vinculo-logistico-y-comercial-con-chile\/urquiza-emabajada-chile\/\" data-orig-file=\"https:\/\/www.legistdf.gob.ar\/wp-content\/uploads\/2020\/11\/URQUIZA-EMABAJADA-CHILE.jpg\" data-orig-size=\"1280,853\" data-comments-opened=\"0\" data-image-meta=\"{&quot;aperture&quot;:&quot;0&quot;,&quot;credit&quot;:&quot;&quot;,&quot;camera&quot;:&quot;&quot;,&quot;caption&quot;:&quot;&quot;,&quot;created_timestamp&quot;:&quot;0&quot;,&quot;copyright&quot;:&quot;&quot;,&quot;focal_length&quot;:&quot;0&quot;,&quot;iso&quot;:&quot;0&quot;,&quot;shutter_speed&quot;:&quot;0&quot;,&quot;title&quot;:&quot;&quot;,&quot;orientation&quot;:&quot;0&quot;}\" data-image-title=\"URQUIZA EMABAJADA CHILE\" data-image-description=\"\" data-image-caption=\"\" data-medium-file=\"https:\/\/www.legistdf.gob.ar\/wp-content\/uploads\/2020\/11\/URQUIZA-EMABAJADA-CHILE-300x200.jpg\" data-large-file=\"https:\/\/www.legistdf.gob.ar\/wp-content\/uploads\/2020\/11\/URQUIZA-EMABAJADA-CHILE-1024x682.jpg\" \/><\/a>\n\t\t\t<\/dt><\/dl><dl class='gallery-item'>\n\t\t\t<dt class='gallery-icon landscape'>\n\t\t\t\t<a href='https:\/\/www.legistdf.gob.ar\/index.php\/2020\/11\/23\/urquiza-trabajamos-en-fortalecer-nuestro-vinculo-logistico-y-comercial-con-chile\/urquiza-embajada-chile-2\/'><img loading=\"lazy\" decoding=\"async\" width=\"150\" height=\"150\" src=\"https:\/\/www.legistdf.gob.ar\/wp-content\/uploads\/2020\/11\/URQUIZA-EMBAJADA-CHILE-2-150x150.jpg\" class=\"attachment-thumbnail size-thumbnail\" alt=\"\" srcset=\"https:\/\/www.legistdf.gob.ar\/wp-content\/uploads\/2020\/11\/URQUIZA-EMBAJADA-CHILE-2-150x150.jpg 150w, https:\/\/www.legistdf.gob.ar\/wp-content\/uploads\/2020\/11\/URQUIZA-EMBAJADA-CHILE-2-64x64.jpg 64w\" sizes=\"(max-width: 150px) 100vw, 150px\" data-attachment-id=\"22150\" data-permalink=\"https:\/\/www.legistdf.gob.ar\/index.php\/2020\/11\/23\/urquiza-trabajamos-en-fortalecer-nuestro-vinculo-logistico-y-comercial-con-chile\/urquiza-embajada-chile-2\/\" data-orig-file=\"https:\/\/www.legistdf.gob.ar\/wp-content\/uploads\/2020\/11\/URQUIZA-EMBAJADA-CHILE-2.jpg\" data-orig-size=\"1280,853\" data-comments-opened=\"0\" data-image-meta=\"{&quot;aperture&quot;:&quot;0&quot;,&quot;credit&quot;:&quot;&quot;,&quot;camera&quot;:&quot;&quot;,&quot;caption&quot;:&quot;&quot;,&quot;created_timestamp&quot;:&quot;0&quot;,&quot;copyright&quot;:&quot;&quot;,&quot;focal_length&quot;:&quot;0&quot;,&quot;iso&quot;:&quot;0&quot;,&quot;shutter_speed&quot;:&quot;0&quot;,&quot;title&quot;:&quot;&quot;,&quot;orientation&quot;:&quot;0&quot;}\" data-image-title=\"URQUIZA EMBAJADA CHILE 2\" data-image-description=\"\" data-image-caption=\"\" data-medium-file=\"https:\/\/www.legistdf.gob.ar\/wp-content\/uploads\/2020\/11\/URQUIZA-EMBAJADA-CHILE-2-300x200.jpg\" data-large-file=\"https:\/\/www.legistdf.gob.ar\/wp-content\/uploads\/2020\/11\/URQUIZA-EMBAJADA-CHILE-2-1024x682.jpg\" \/><\/a>\n\t\t\t<\/dt><\/dl><dl class='gallery-item'>\n\t\t\t<dt class='gallery-icon landscape'>\n\t\t\t\t<a href='https:\/\/www.legistdf.gob.ar\/index.php\/2020\/11\/23\/urquiza-trabajamos-en-fortalecer-nuestro-vinculo-logistico-y-comercial-con-chile\/urquiza-embajada-chile-3\/'><img loading=\"lazy\" decoding=\"async\" width=\"150\" height=\"150\" src=\"https:\/\/www.legistdf.gob.ar\/wp-content\/uploads\/2020\/11\/URQUIZA-EMBAJADA-CHILE-3-150x150.jpg\" class=\"attachment-thumbnail size-thumbnail\" alt=\"\" srcset=\"https:\/\/www.legistdf.gob.ar\/wp-content\/uploads\/2020\/11\/URQUIZA-EMBAJADA-CHILE-3-150x150.jpg 150w, https:\/\/www.legistdf.gob.ar\/wp-content\/uploads\/2020\/11\/URQUIZA-EMBAJADA-CHILE-3-64x64.jpg 64w\" sizes=\"(max-width: 150px) 100vw, 150px\" data-attachment-id=\"22151\" data-permalink=\"https:\/\/www.legistdf.gob.ar\/index.php\/2020\/11\/23\/urquiza-trabajamos-en-fortalecer-nuestro-vinculo-logistico-y-comercial-con-chile\/urquiza-embajada-chile-3\/\" data-orig-file=\"https:\/\/www.legistdf.gob.ar\/wp-content\/uploads\/2020\/11\/URQUIZA-EMBAJADA-CHILE-3.jpg\" data-orig-size=\"1280,853\" data-comments-opened=\"0\" data-image-meta=\"{&quot;aperture&quot;:&quot;0&quot;,&quot;credit&quot;:&quot;&quot;,&quot;camera&quot;:&quot;&quot;,&quot;caption&quot;:&quot;&quot;,&quot;created_timestamp&quot;:&quot;0&quot;,&quot;copyright&quot;:&quot;&quot;,&quot;focal_length&quot;:&quot;0&quot;,&quot;iso&quot;:&quot;0&quot;,&quot;shutter_speed&quot;:&quot;0&quot;,&quot;title&quot;:&quot;&quot;,&quot;orientation&quot;:&quot;0&quot;}\" data-image-title=\"URQUIZA EMBAJADA CHILE 3\" data-image-description=\"\" data-image-caption=\"\" data-medium-file=\"https:\/\/www.legistdf.gob.ar\/wp-content\/uploads\/2020\/11\/URQUIZA-EMBAJADA-CHILE-3-300x200.jpg\" data-large-file=\"https:\/\/www.legistdf.gob.ar\/wp-content\/uploads\/2020\/11\/URQUIZA-EMBAJADA-CHILE-3-1024x682.jpg\" \/><\/a>\n\t\t\t<\/dt><\/dl><br style=\"clear: both\" \/><dl class='gallery-item'>\n\t\t\t<dt class='gallery-icon landscape'>\n\t\t\t\t<a href='https:\/\/www.legistdf.gob.ar\/index.php\/2020\/11\/23\/urquiza-trabajamos-en-fortalecer-nuestro-vinculo-logistico-y-comercial-con-chile\/urquiza-embajada-chile\/'><img loading=\"lazy\" decoding=\"async\" width=\"150\" height=\"150\" src=\"https:\/\/www.legistdf.gob.ar\/wp-content\/uploads\/2020\/11\/URQUIZA-EMBAJADA-CHILE-150x150.jpg\" class=\"attachment-thumbnail size-thumbnail\" alt=\"\" srcset=\"https:\/\/www.legistdf.gob.ar\/wp-content\/uploads\/2020\/11\/URQUIZA-EMBAJADA-CHILE-150x150.jpg 150w, https:\/\/www.legistdf.gob.ar\/wp-content\/uploads\/2020\/11\/URQUIZA-EMBAJADA-CHILE-64x64.jpg 64w\" sizes=\"(max-width: 150px) 100vw, 150px\" data-attachment-id=\"22152\" data-permalink=\"https:\/\/www.legistdf.gob.ar\/index.php\/2020\/11\/23\/urquiza-trabajamos-en-fortalecer-nuestro-vinculo-logistico-y-comercial-con-chile\/urquiza-embajada-chile\/\" data-orig-file=\"https:\/\/www.legistdf.gob.ar\/wp-content\/uploads\/2020\/11\/URQUIZA-EMBAJADA-CHILE.jpg\" data-orig-size=\"1280,853\" data-comments-opened=\"0\" data-image-meta=\"{&quot;aperture&quot;:&quot;0&quot;,&quot;credit&quot;:&quot;&quot;,&quot;camera&quot;:&quot;&quot;,&quot;caption&quot;:&quot;&quot;,&quot;created_timestamp&quot;:&quot;0&quot;,&quot;copyright&quot;:&quot;&quot;,&quot;focal_length&quot;:&quot;0&quot;,&quot;iso&quot;:&quot;0&quot;,&quot;shutter_speed&quot;:&quot;0&quot;,&quot;title&quot;:&quot;&quot;,&quot;orientation&quot;:&quot;0&quot;}\" data-image-title=\"URQUIZA EMBAJADA CHILE\" data-image-description=\"\" data-image-caption=\"\" data-medium-file=\"https:\/\/www.legistdf.gob.ar\/wp-content\/uploads\/2020\/11\/URQUIZA-EMBAJADA-CHILE-300x200.jpg\" data-large-file=\"https:\/\/www.legistdf.gob.ar\/wp-content\/uploads\/2020\/11\/URQUIZA-EMBAJADA-CHILE-1024x682.jpg\" \/><\/a>\n\t\t\t<\/dt><\/dl>\n\t\t\t<br style='clear: both' \/>\n\t\t<\/div>\n\n","protected":false},"excerpt":{"rendered":"<p>Ushuaia, lunes 23 de noviembre de 2020.- La presidenta de la C\u00e1mara, vicegobernadora M\u00f3nica Urquiza, junto a vicegobernadoras y vicegobernadores de todo el pa\u00eds, mantuvo una reuni\u00f3n virtual con el embajador de Argentina en la Rep\u00fablica de Chile, Rafael Bielsa. &nbsp; El encuentro, convocado por el vicegobernador de Corrientes, Gustavo Canteros y realizado v\u00eda zoom, [&hellip;]<\/p>\n","protected":false},"author":352,"featured_media":22152,"comment_status":"closed","ping_status":"open","sticky":false,"template":"","format":"standard","meta":{"jetpack_post_was_ever_published":false,"_jetpack_newsletter_access":"","_jetpack_dont_email_post_to_subs":false,"_jetpack_newsletter_tier_id":0,"footnotes":"","jetpack_publicize_message":"","jetpack_publicize_feature_enabled":true,"jetpack_social_post_already_shared":true,"jetpack_social_options":{"image_generator_settings":{"template":"highway","enabled":false}}},"categories":[1],"tags":[443,2016,144,1716,1424],"jetpack_publicize_connections":[],"jetpack_sharing_enabled":true,"jetpack_featured_media_url":"https:\/\/www.legistdf.gob.ar\/wp-content\/uploads\/2020\/11\/URQUIZA-EMBAJADA-CHILE.jpg","jetpack-related-posts":[],"_links":{"self":[{"href":"https:\/\/www.legistdf.gob.ar\/index.php\/wp-json\/wp\/v2\/posts\/22148"}],"collection":[{"href":"https:\/\/www.legistdf.gob.ar\/index.php\/wp-json\/wp\/v2\/posts"}],"about":[{"href":"https:\/\/www.legistdf.gob.ar\/index.php\/wp-json\/wp\/v2\/types\/post"}],"author":[{"embeddable":true,"href":"https:\/\/www.legistdf.gob.ar\/index.php\/wp-json\/wp\/v2\/users\/352"}],"replies":[{"embeddable":true,"href":"https:\/\/www.legistdf.gob.ar\/index.php\/wp-json\/wp\/v2\/comments?post=22148"}],"version-history":[{"count":1,"href":"https:\/\/www.legistdf.gob.ar\/index.php\/wp-json\/wp\/v2\/posts\/22148\/revisions"}],"predecessor-version":[{"id":22153,"href":"https:\/\/www.legistdf.gob.ar\/index.php\/wp-json\/wp\/v2\/posts\/22148\/revisions\/22153"}],"wp:featuredmedia":[{"embeddable":true,"href":"https:\/\/www.legistdf.gob.ar\/index.php\/wp-json\/wp\/v2\/media\/22152"}],"wp:attachment":[{"href":"https:\/\/www.legistdf.gob.ar\/index.php\/wp-json\/wp\/v2\/media?parent=22148"}],"wp:term":[{"taxonomy":"category","embeddable":true,"href":"https:\/\/www.legistdf.gob.ar\/index.php\/wp-json\/wp\/v2\/categories?post=22148"},{"taxonomy":"post_tag","embeddable":true,"href":"https:\/\/www.legistdf.gob.ar\/index.php\/wp-json\/wp\/v2\/tags?post=22148"}],"curies":[{"name":"wp","href":"https:\/\/api.w.org\/{rel}","templated":true}]}}