{"id":22157,"date":"2020-11-25T18:38:15","date_gmt":"2020-11-25T21:38:15","guid":{"rendered":"http:\/\/www.legistdf.gob.ar\/?p=22157"},"modified":"2020-11-26T15:04:37","modified_gmt":"2020-11-26T18:04:37","slug":"legislatura-los-parlamentarios-renovaron-la-designacion-de-ricardo-furlan-y-pablo-villegas-como-integrantes-del-consejo-de-la-magistratura","status":"publish","type":"post","link":"https:\/\/www.legistdf.gob.ar\/index.php\/2020\/11\/25\/legislatura-los-parlamentarios-renovaron-la-designacion-de-ricardo-furlan-y-pablo-villegas-como-integrantes-del-consejo-de-la-magistratura\/","title":{"rendered":"LEGISLATURA: Los Parlamentarios renovaron la designaci\u00f3n de Ricardo Furlan y Pablo Villegas como integrantes del Consejo de la Magistratura  \u00a0"},"content":{"rendered":"<p><strong><img loading=\"lazy\" decoding=\"async\" data-attachment-id=\"22179\" data-permalink=\"https:\/\/www.legistdf.gob.ar\/index.php\/2020\/11\/25\/legislatura-los-parlamentarios-renovaron-la-designacion-de-ricardo-furlan-y-pablo-villegas-como-integrantes-del-consejo-de-la-magistratura\/img_8257\/\" data-orig-file=\"https:\/\/www.legistdf.gob.ar\/wp-content\/uploads\/2020\/11\/IMG_8257.jpg\" data-orig-size=\"1500,1000\" data-comments-opened=\"0\" data-image-meta=\"{&quot;aperture&quot;:&quot;2.8&quot;,&quot;credit&quot;:&quot;&quot;,&quot;camera&quot;:&quot;Canon EOS 6D&quot;,&quot;caption&quot;:&quot;&quot;,&quot;created_timestamp&quot;:&quot;1606295598&quot;,&quot;copyright&quot;:&quot;&quot;,&quot;focal_length&quot;:&quot;25&quot;,&quot;iso&quot;:&quot;1000&quot;,&quot;shutter_speed&quot;:&quot;0.008&quot;,&quot;title&quot;:&quot;&quot;,&quot;orientation&quot;:&quot;1&quot;}\" data-image-title=\"IMG_8257\" data-image-description=\"\" data-image-caption=\"\" data-medium-file=\"https:\/\/www.legistdf.gob.ar\/wp-content\/uploads\/2020\/11\/IMG_8257-300x200.jpg\" data-large-file=\"https:\/\/www.legistdf.gob.ar\/wp-content\/uploads\/2020\/11\/IMG_8257-1024x683.jpg\" class=\"alignleft wp-image-22179 size-medium\" src=\"http:\/\/www.legistdf.gob.ar\/wp-content\/uploads\/2020\/11\/IMG_8257-300x200.jpg\" alt=\"\" width=\"300\" height=\"200\" srcset=\"https:\/\/www.legistdf.gob.ar\/wp-content\/uploads\/2020\/11\/IMG_8257-300x200.jpg 300w, https:\/\/www.legistdf.gob.ar\/wp-content\/uploads\/2020\/11\/IMG_8257-768x512.jpg 768w, https:\/\/www.legistdf.gob.ar\/wp-content\/uploads\/2020\/11\/IMG_8257-1024x683.jpg 1024w, https:\/\/www.legistdf.gob.ar\/wp-content\/uploads\/2020\/11\/IMG_8257-160x107.jpg 160w, https:\/\/www.legistdf.gob.ar\/wp-content\/uploads\/2020\/11\/IMG_8257.jpg 1500w\" sizes=\"(max-width: 300px) 100vw, 300px\" \/><\/strong><\/p>\n<p><strong>Ushuaia, mi\u00e9rcoles 25 de noviembre de 2020.- Tal cual estaba previsto se llev\u00f3 adelante en el recinto de sesiones de la capital fueguina, una nueva Sesi\u00f3n Especial de manera presencial y remota en virtud del Reglamento Interno de la C\u00e1mara. El encuentro estuvo presidido por la titular del Parlamento, vicegobernadora M\u00f3nica Urquiza y la convocatoria fue mediante la resoluci\u00f3n de Presidencia N\u00ba 452\/20 por solicitud de los legisladores Federico Sciurano (UCR); Ricardo Furlan (FDT \u2013 PJ), M\u00f3nica Acosta (FORJA) y Mar\u00eda Laura Colazo (PV).<\/strong><\/p>\n<p><strong>\u00a0<\/strong><\/p>\n<p>En tiempo de homenajes, el legislador Federico Sciurano record\u00f3 la figura del antiguo poblador Julio Canga, recientemente fallecido por COVID &#8211; 19. La legisladora Victoria Vuoto record\u00f3 el D\u00eda Internacional de lucha contra la violencia hacia las mujeres. \u201cNuestro homenaje a todas aquellas mujeres que fueron asesinadas producto de la violencia machista\u201d, dijo la Parlamentaria.<\/p>\n<p>&nbsp;<\/p>\n<p><img loading=\"lazy\" decoding=\"async\" data-attachment-id=\"22178\" data-permalink=\"https:\/\/www.legistdf.gob.ar\/index.php\/2020\/11\/25\/legislatura-los-parlamentarios-renovaron-la-designacion-de-ricardo-furlan-y-pablo-villegas-como-integrantes-del-consejo-de-la-magistratura\/img_8256\/\" data-orig-file=\"https:\/\/www.legistdf.gob.ar\/wp-content\/uploads\/2020\/11\/IMG_8256.jpg\" data-orig-size=\"1500,1000\" data-comments-opened=\"0\" data-image-meta=\"{&quot;aperture&quot;:&quot;2.8&quot;,&quot;credit&quot;:&quot;&quot;,&quot;camera&quot;:&quot;Canon EOS 6D&quot;,&quot;caption&quot;:&quot;&quot;,&quot;created_timestamp&quot;:&quot;1606295584&quot;,&quot;copyright&quot;:&quot;&quot;,&quot;focal_length&quot;:&quot;35&quot;,&quot;iso&quot;:&quot;1000&quot;,&quot;shutter_speed&quot;:&quot;0.008&quot;,&quot;title&quot;:&quot;&quot;,&quot;orientation&quot;:&quot;1&quot;}\" data-image-title=\"IMG_8256\" data-image-description=\"\" data-image-caption=\"\" data-medium-file=\"https:\/\/www.legistdf.gob.ar\/wp-content\/uploads\/2020\/11\/IMG_8256-300x200.jpg\" data-large-file=\"https:\/\/www.legistdf.gob.ar\/wp-content\/uploads\/2020\/11\/IMG_8256-1024x683.jpg\" class=\"alignleft wp-image-22178 size-medium\" src=\"http:\/\/www.legistdf.gob.ar\/wp-content\/uploads\/2020\/11\/IMG_8256-300x200.jpg\" alt=\"\" width=\"300\" height=\"200\" srcset=\"https:\/\/www.legistdf.gob.ar\/wp-content\/uploads\/2020\/11\/IMG_8256-300x200.jpg 300w, https:\/\/www.legistdf.gob.ar\/wp-content\/uploads\/2020\/11\/IMG_8256-768x512.jpg 768w, https:\/\/www.legistdf.gob.ar\/wp-content\/uploads\/2020\/11\/IMG_8256-1024x683.jpg 1024w, https:\/\/www.legistdf.gob.ar\/wp-content\/uploads\/2020\/11\/IMG_8256-160x107.jpg 160w, https:\/\/www.legistdf.gob.ar\/wp-content\/uploads\/2020\/11\/IMG_8256.jpg 1500w\" sizes=\"(max-width: 300px) 100vw, 300px\" \/>Por su parte, la legisladora Laura Colazo, record\u00f3 el 134\u00b0 aniversario del genocidio selk\u2019nam, \u201ccuando el 25 de noviembre de 1886 en las costas de Tierra del Fuego ocurri\u00f3 una masacre que marc\u00f3 la historia de los pueblos originarios de la Provincia. Aquel d\u00eda, el capit\u00e1n Ram\u00f3n Lista desembarc\u00f3 en la playa de San Sebasti\u00e1n con el fin de explorar la regi\u00f3n y se encontr\u00f3 con un grupo de selk\u2019nam\u201d, record\u00f3 la referente del Partido Verde<\/p>\n<p>&nbsp;<\/p>\n<p>Como \u00faltimo homenaje, la legisladora Andrea Freites (FDT-PJ) hizo menci\u00f3n al reciente fallecimiento del trabajador legislativo Miguel Wilder, y a todos los fallecidos en el territorio provincial, producto de la propagaci\u00f3n del virus.<img loading=\"lazy\" decoding=\"async\" data-attachment-id=\"22169\" data-permalink=\"https:\/\/www.legistdf.gob.ar\/index.php\/2020\/11\/25\/legislatura-los-parlamentarios-renovaron-la-designacion-de-ricardo-furlan-y-pablo-villegas-como-integrantes-del-consejo-de-la-magistratura\/img_8239\/\" data-orig-file=\"https:\/\/www.legistdf.gob.ar\/wp-content\/uploads\/2020\/11\/IMG_8239.jpg\" data-orig-size=\"1500,1000\" data-comments-opened=\"0\" data-image-meta=\"{&quot;aperture&quot;:&quot;2.8&quot;,&quot;credit&quot;:&quot;&quot;,&quot;camera&quot;:&quot;Canon EOS 6D&quot;,&quot;caption&quot;:&quot;&quot;,&quot;created_timestamp&quot;:&quot;1606295358&quot;,&quot;copyright&quot;:&quot;&quot;,&quot;focal_length&quot;:&quot;35&quot;,&quot;iso&quot;:&quot;1000&quot;,&quot;shutter_speed&quot;:&quot;0.0055555555555556&quot;,&quot;title&quot;:&quot;&quot;,&quot;orientation&quot;:&quot;1&quot;}\" data-image-title=\"IMG_8239\" data-image-description=\"\" data-image-caption=\"\" data-medium-file=\"https:\/\/www.legistdf.gob.ar\/wp-content\/uploads\/2020\/11\/IMG_8239-300x200.jpg\" data-large-file=\"https:\/\/www.legistdf.gob.ar\/wp-content\/uploads\/2020\/11\/IMG_8239-1024x683.jpg\" class=\"alignright wp-image-22169 size-medium\" src=\"http:\/\/www.legistdf.gob.ar\/wp-content\/uploads\/2020\/11\/IMG_8239-300x200.jpg\" alt=\"\" width=\"300\" height=\"200\" srcset=\"https:\/\/www.legistdf.gob.ar\/wp-content\/uploads\/2020\/11\/IMG_8239-300x200.jpg 300w, https:\/\/www.legistdf.gob.ar\/wp-content\/uploads\/2020\/11\/IMG_8239-768x512.jpg 768w, https:\/\/www.legistdf.gob.ar\/wp-content\/uploads\/2020\/11\/IMG_8239-1024x683.jpg 1024w, https:\/\/www.legistdf.gob.ar\/wp-content\/uploads\/2020\/11\/IMG_8239-160x107.jpg 160w, https:\/\/www.legistdf.gob.ar\/wp-content\/uploads\/2020\/11\/IMG_8239.jpg 1500w\" sizes=\"(max-width: 300px) 100vw, 300px\" \/><\/p>\n<p>&nbsp;<\/p>\n<p>Posteriormente el primer tema que se abord\u00f3 por la C\u00e1mara, fue la pr\u00f3rroga las sesiones ordinarias del periodo legislativo 2020, seg\u00fan el art\u00edculo 27 del Reglamento Interno de C\u00e1mara (RI) y el plazo para dictaminar de las Comisiones Permanentes de Asesoramiento legislativo, seg\u00fan el art\u00edculo 66 del RI de C\u00e1mara, ambas hasta el 31 de diciembre.<\/p>\n<p>&nbsp;<\/p>\n<p>A continuaci\u00f3n, el legislador Dami\u00e1n L\u00f6ffler (MPF) propuso a los Parlamentarios Ricardo Furlan y Pablo Villegas como miembros del Consejo en representaci\u00f3n del Poder Legislativo. La moci\u00f3n del referente mopofista fue acompa\u00f1ada por la totalidad de sus pares.<\/p>\n<p>&nbsp;<\/p>\n<p>Luego, abordaron el asunto N\u00b0 429\/20, propuesta del Poder Ejecutivo, que modifica la Ley provincial N\u00b0 495, \u201cAdministraci\u00f3n Financiera y Sistemas de Control del sector p\u00fablico provincial\u201d. La norma busca \u201cflexibilizar la llegada a los cargos de Contador General y Subcontador de la Provincia\u201d. Tambi\u00e9n fue aprobada por los 13 Legisladores participantes del encuentro.<\/p>\n<p>&nbsp;<\/p>\n<p>La modificaci\u00f3n contempla la baja de 8 a\u00f1os en el ejercicio de la profesi\u00f3n a 5. Adem\u00e1s, si bien debe contar con experiencia comprobable en el \u00e1mbito p\u00fablico y de la econom\u00eda, en la modificaci\u00f3n no especifica la cantidad de a\u00f1os, lo que contempla un principio de razonabilidad para quienes pretendan ocupar el cargo y se postulen, con el requerimiento de haber cumplimentado una carrera de grado, antig\u00fcedad en la Provincia y conocimiento en la cartera de Econom\u00eda.<\/p>\n<p>&nbsp;<\/p>\n<p>En los fundamentos se destaca que el esp\u00edritu de la modificaci\u00f3n planteada por el Ejecutivo y hoy aprobada por la C\u00e1mara es, \u201cdevolver equilibrio a la reglamentaci\u00f3n sobre el art\u00edculo 168 de la Constituci\u00f3n provincial, preservando el cumplimiento del principio de idoneidad de los funcionarios p\u00fablicos, la garant\u00eda del principio de igualdad en el acceso a los cargos p\u00fablicos y una adecuada pol\u00edtica de reclutamiento de los miembros que integran el cuerpo de funcionarios\u201d.<\/p>\n<p>&nbsp;<\/p>\n<p>Al finalizar la sesi\u00f3n, Prensa Legislativa dialog\u00f3 con el legislador Pablo Villegas. Dijo que, para \u00e9l es \u201cun verdadero honor y una alta responsabilidad representar al Poder Legislativo en el Consejo de la Magistratura, que es un \u00f3rgano que tiene como funci\u00f3n b\u00e1sica intervenir en el proceso de selecci\u00f3n y remoci\u00f3n de jueces, y funcionarios del Poder Judicial\u201d.<img loading=\"lazy\" decoding=\"async\" data-attachment-id=\"22177\" data-permalink=\"https:\/\/www.legistdf.gob.ar\/index.php\/2020\/11\/25\/legislatura-los-parlamentarios-renovaron-la-designacion-de-ricardo-furlan-y-pablo-villegas-como-integrantes-del-consejo-de-la-magistratura\/img_8254\/\" data-orig-file=\"https:\/\/www.legistdf.gob.ar\/wp-content\/uploads\/2020\/11\/IMG_8254.jpg\" data-orig-size=\"1500,1071\" data-comments-opened=\"0\" data-image-meta=\"{&quot;aperture&quot;:&quot;5.6&quot;,&quot;credit&quot;:&quot;&quot;,&quot;camera&quot;:&quot;Canon EOS 6D&quot;,&quot;caption&quot;:&quot;&quot;,&quot;created_timestamp&quot;:&quot;1606295568&quot;,&quot;copyright&quot;:&quot;&quot;,&quot;focal_length&quot;:&quot;44&quot;,&quot;iso&quot;:&quot;1000&quot;,&quot;shutter_speed&quot;:&quot;0.008&quot;,&quot;title&quot;:&quot;&quot;,&quot;orientation&quot;:&quot;1&quot;}\" data-image-title=\"IMG_8254\" data-image-description=\"\" data-image-caption=\"\" data-medium-file=\"https:\/\/www.legistdf.gob.ar\/wp-content\/uploads\/2020\/11\/IMG_8254-300x214.jpg\" data-large-file=\"https:\/\/www.legistdf.gob.ar\/wp-content\/uploads\/2020\/11\/IMG_8254-1024x731.jpg\" class=\"alignright wp-image-22177 size-medium\" src=\"http:\/\/www.legistdf.gob.ar\/wp-content\/uploads\/2020\/11\/IMG_8254-300x214.jpg\" alt=\"\" width=\"300\" height=\"214\" srcset=\"https:\/\/www.legistdf.gob.ar\/wp-content\/uploads\/2020\/11\/IMG_8254-300x214.jpg 300w, https:\/\/www.legistdf.gob.ar\/wp-content\/uploads\/2020\/11\/IMG_8254-768x548.jpg 768w, https:\/\/www.legistdf.gob.ar\/wp-content\/uploads\/2020\/11\/IMG_8254-1024x731.jpg 1024w, https:\/\/www.legistdf.gob.ar\/wp-content\/uploads\/2020\/11\/IMG_8254-160x114.jpg 160w, https:\/\/www.legistdf.gob.ar\/wp-content\/uploads\/2020\/11\/IMG_8254.jpg 1500w\" sizes=\"(max-width: 300px) 100vw, 300px\" \/><\/p>\n<p>&nbsp;<\/p>\n<p>El Parlamentario mopofista agradeci\u00f3 la confianza depositada en \u00e9l \u201ca todos los Legisladores\u201d y renov\u00f3 su compromiso de trabajar en una mejor justicia para todos los fueguinos, \u201cuna justicia m\u00e1s eficiente, m\u00e1s \u00e1gil, m\u00e1s eficaz y m\u00e1s accesible\u201d.<\/p>\n<p>&nbsp;<\/p>\n<p>En el balance del trabajo en el Consejo de este a\u00f1o, lo calific\u00f3 como muy positivo. \u201cHemos sido respetuosos en t\u00e9rminos institucionales, respecto de los hechos que nos corresponden, como es en este caso la selecci\u00f3n de dos jueces para integrar el Superior Tribunal de Justicia, que lo estamos haciendo con la mayor de las responsabilidades\u201d, subray\u00f3 Villegas.<\/p>\n<p>&nbsp;<\/p>\n<p>De manera presencial participaron los legisladores Laura Colazo y Victoria Vuoto (PV); M\u00f3nica Acosta, Daniel Rivarola y Emmanuel Trentino (FORJA); Andrea Freites, Myriam Mart\u00ednez y Federico Bilota (FDT \u2013 PJ); Federico Sciurano (UCR); Pablo Villegas y Dami\u00e1n L\u00f6ffler (MPF). De manera virtual participaron Ricardo Furlan (FDT \u2013 PJ) y Jorge Colazo (PV).<\/p>\n<p>&nbsp;<\/p>\n<p>&nbsp;<\/p>\n<p>&nbsp;<\/p>\n<p style=\"text-align: right\"><em>LVV-NEGM<\/em><\/p>\n<p><iframe loading=\"lazy\" title=\"3\u00ba SESI\u00d3N ESPECIAL\" width=\"844\" height=\"475\" src=\"https:\/\/www.youtube.com\/embed\/n05BQFj6n9A?feature=oembed\" frameborder=\"0\" allow=\"accelerometer; autoplay; clipboard-write; encrypted-media; gyroscope; picture-in-picture; web-share\" allowfullscreen><\/iframe><\/p>\n<p>&nbsp;<\/p>\n\n\t\t<style type=\"text\/css\">\n\t\t\t#gallery-1 {\n\t\t\t\tmargin: auto;\n\t\t\t}\n\t\t\t#gallery-1 .gallery-item {\n\t\t\t\tfloat: left;\n\t\t\t\tmargin-top: 10px;\n\t\t\t\ttext-align: center;\n\t\t\t\twidth: 33%;\n\t\t\t}\n\t\t\t#gallery-1 img {\n\t\t\t\tborder: 2px solid #cfcfcf;\n\t\t\t}\n\t\t\t#gallery-1 .gallery-caption {\n\t\t\t\tmargin-left: 0;\n\t\t\t}\n\t\t\t\/* see gallery_shortcode() in wp-includes\/media.php *\/\n\t\t<\/style>\n\t\t<div data-carousel-extra='{\"blog_id\":1,\"permalink\":\"https:\\\/\\\/www.legistdf.gob.ar\\\/index.php\\\/2020\\\/11\\\/25\\\/legislatura-los-parlamentarios-renovaron-la-designacion-de-ricardo-furlan-y-pablo-villegas-como-integrantes-del-consejo-de-la-magistratura\\\/\"}' id='gallery-1' class='gallery galleryid-22157 gallery-columns-3 gallery-size-thumbnail'><dl class='gallery-item'>\n\t\t\t<dt class='gallery-icon landscape'>\n\t\t\t\t<a href='https:\/\/www.legistdf.gob.ar\/index.php\/2020\/11\/25\/legislatura-los-parlamentarios-renovaron-la-designacion-de-ricardo-furlan-y-pablo-villegas-como-integrantes-del-consejo-de-la-magistratura\/img_8225\/'><img loading=\"lazy\" decoding=\"async\" width=\"150\" height=\"150\" src=\"https:\/\/www.legistdf.gob.ar\/wp-content\/uploads\/2020\/11\/IMG_8225-150x150.jpg\" class=\"attachment-thumbnail size-thumbnail\" alt=\"\" srcset=\"https:\/\/www.legistdf.gob.ar\/wp-content\/uploads\/2020\/11\/IMG_8225-150x150.jpg 150w, https:\/\/www.legistdf.gob.ar\/wp-content\/uploads\/2020\/11\/IMG_8225-64x64.jpg 64w\" sizes=\"(max-width: 150px) 100vw, 150px\" data-attachment-id=\"22159\" data-permalink=\"https:\/\/www.legistdf.gob.ar\/index.php\/2020\/11\/25\/legislatura-los-parlamentarios-renovaron-la-designacion-de-ricardo-furlan-y-pablo-villegas-como-integrantes-del-consejo-de-la-magistratura\/img_8225\/\" data-orig-file=\"https:\/\/www.legistdf.gob.ar\/wp-content\/uploads\/2020\/11\/IMG_8225.jpg\" data-orig-size=\"1500,1000\" data-comments-opened=\"0\" data-image-meta=\"{&quot;aperture&quot;:&quot;2.8&quot;,&quot;credit&quot;:&quot;&quot;,&quot;camera&quot;:&quot;Canon EOS 6D&quot;,&quot;caption&quot;:&quot;&quot;,&quot;created_timestamp&quot;:&quot;1606295187&quot;,&quot;copyright&quot;:&quot;&quot;,&quot;focal_length&quot;:&quot;53&quot;,&quot;iso&quot;:&quot;1000&quot;,&quot;shutter_speed&quot;:&quot;0.0055555555555556&quot;,&quot;title&quot;:&quot;&quot;,&quot;orientation&quot;:&quot;1&quot;}\" data-image-title=\"IMG_8225\" data-image-description=\"\" data-image-caption=\"\" data-medium-file=\"https:\/\/www.legistdf.gob.ar\/wp-content\/uploads\/2020\/11\/IMG_8225-300x200.jpg\" data-large-file=\"https:\/\/www.legistdf.gob.ar\/wp-content\/uploads\/2020\/11\/IMG_8225-1024x683.jpg\" \/><\/a>\n\t\t\t<\/dt><\/dl><dl class='gallery-item'>\n\t\t\t<dt class='gallery-icon landscape'>\n\t\t\t\t<a href='https:\/\/www.legistdf.gob.ar\/index.php\/2020\/11\/25\/legislatura-los-parlamentarios-renovaron-la-designacion-de-ricardo-furlan-y-pablo-villegas-como-integrantes-del-consejo-de-la-magistratura\/img_8227\/'><img loading=\"lazy\" decoding=\"async\" width=\"150\" height=\"150\" src=\"https:\/\/www.legistdf.gob.ar\/wp-content\/uploads\/2020\/11\/IMG_8227-150x150.jpg\" class=\"attachment-thumbnail size-thumbnail\" alt=\"\" srcset=\"https:\/\/www.legistdf.gob.ar\/wp-content\/uploads\/2020\/11\/IMG_8227-150x150.jpg 150w, https:\/\/www.legistdf.gob.ar\/wp-content\/uploads\/2020\/11\/IMG_8227-64x64.jpg 64w\" sizes=\"(max-width: 150px) 100vw, 150px\" data-attachment-id=\"22160\" data-permalink=\"https:\/\/www.legistdf.gob.ar\/index.php\/2020\/11\/25\/legislatura-los-parlamentarios-renovaron-la-designacion-de-ricardo-furlan-y-pablo-villegas-como-integrantes-del-consejo-de-la-magistratura\/img_8227\/\" data-orig-file=\"https:\/\/www.legistdf.gob.ar\/wp-content\/uploads\/2020\/11\/IMG_8227.jpg\" data-orig-size=\"1500,1000\" data-comments-opened=\"0\" data-image-meta=\"{&quot;aperture&quot;:&quot;4&quot;,&quot;credit&quot;:&quot;&quot;,&quot;camera&quot;:&quot;Canon EOS 6D&quot;,&quot;caption&quot;:&quot;&quot;,&quot;created_timestamp&quot;:&quot;1606295203&quot;,&quot;copyright&quot;:&quot;&quot;,&quot;focal_length&quot;:&quot;57&quot;,&quot;iso&quot;:&quot;1000&quot;,&quot;shutter_speed&quot;:&quot;0.0055555555555556&quot;,&quot;title&quot;:&quot;&quot;,&quot;orientation&quot;:&quot;1&quot;}\" data-image-title=\"IMG_8227\" data-image-description=\"\" data-image-caption=\"\" data-medium-file=\"https:\/\/www.legistdf.gob.ar\/wp-content\/uploads\/2020\/11\/IMG_8227-300x200.jpg\" data-large-file=\"https:\/\/www.legistdf.gob.ar\/wp-content\/uploads\/2020\/11\/IMG_8227-1024x683.jpg\" \/><\/a>\n\t\t\t<\/dt><\/dl><dl class='gallery-item'>\n\t\t\t<dt class='gallery-icon landscape'>\n\t\t\t\t<a href='https:\/\/www.legistdf.gob.ar\/index.php\/2020\/11\/25\/legislatura-los-parlamentarios-renovaron-la-designacion-de-ricardo-furlan-y-pablo-villegas-como-integrantes-del-consejo-de-la-magistratura\/img_8228\/'><img loading=\"lazy\" decoding=\"async\" width=\"150\" height=\"150\" src=\"https:\/\/www.legistdf.gob.ar\/wp-content\/uploads\/2020\/11\/IMG_8228-150x150.jpg\" class=\"attachment-thumbnail size-thumbnail\" alt=\"\" srcset=\"https:\/\/www.legistdf.gob.ar\/wp-content\/uploads\/2020\/11\/IMG_8228-150x150.jpg 150w, https:\/\/www.legistdf.gob.ar\/wp-content\/uploads\/2020\/11\/IMG_8228-64x64.jpg 64w\" sizes=\"(max-width: 150px) 100vw, 150px\" data-attachment-id=\"22161\" data-permalink=\"https:\/\/www.legistdf.gob.ar\/index.php\/2020\/11\/25\/legislatura-los-parlamentarios-renovaron-la-designacion-de-ricardo-furlan-y-pablo-villegas-como-integrantes-del-consejo-de-la-magistratura\/img_8228\/\" data-orig-file=\"https:\/\/www.legistdf.gob.ar\/wp-content\/uploads\/2020\/11\/IMG_8228.jpg\" data-orig-size=\"1500,1000\" data-comments-opened=\"0\" data-image-meta=\"{&quot;aperture&quot;:&quot;2.8&quot;,&quot;credit&quot;:&quot;&quot;,&quot;camera&quot;:&quot;Canon EOS 6D&quot;,&quot;caption&quot;:&quot;&quot;,&quot;created_timestamp&quot;:&quot;1606295209&quot;,&quot;copyright&quot;:&quot;&quot;,&quot;focal_length&quot;:&quot;35&quot;,&quot;iso&quot;:&quot;1000&quot;,&quot;shutter_speed&quot;:&quot;0.0055555555555556&quot;,&quot;title&quot;:&quot;&quot;,&quot;orientation&quot;:&quot;1&quot;}\" data-image-title=\"IMG_8228\" data-image-description=\"\" data-image-caption=\"\" data-medium-file=\"https:\/\/www.legistdf.gob.ar\/wp-content\/uploads\/2020\/11\/IMG_8228-300x200.jpg\" data-large-file=\"https:\/\/www.legistdf.gob.ar\/wp-content\/uploads\/2020\/11\/IMG_8228-1024x683.jpg\" \/><\/a>\n\t\t\t<\/dt><\/dl><br style=\"clear: both\" \/><dl class='gallery-item'>\n\t\t\t<dt class='gallery-icon landscape'>\n\t\t\t\t<a href='https:\/\/www.legistdf.gob.ar\/index.php\/2020\/11\/25\/legislatura-los-parlamentarios-renovaron-la-designacion-de-ricardo-furlan-y-pablo-villegas-como-integrantes-del-consejo-de-la-magistratura\/img_8230-2\/'><img loading=\"lazy\" decoding=\"async\" width=\"150\" height=\"150\" src=\"https:\/\/www.legistdf.gob.ar\/wp-content\/uploads\/2020\/11\/IMG_8230-150x150.jpg\" class=\"attachment-thumbnail size-thumbnail\" alt=\"\" srcset=\"https:\/\/www.legistdf.gob.ar\/wp-content\/uploads\/2020\/11\/IMG_8230-150x150.jpg 150w, https:\/\/www.legistdf.gob.ar\/wp-content\/uploads\/2020\/11\/IMG_8230-64x64.jpg 64w\" sizes=\"(max-width: 150px) 100vw, 150px\" data-attachment-id=\"22162\" data-permalink=\"https:\/\/www.legistdf.gob.ar\/index.php\/2020\/11\/25\/legislatura-los-parlamentarios-renovaron-la-designacion-de-ricardo-furlan-y-pablo-villegas-como-integrantes-del-consejo-de-la-magistratura\/img_8230-2\/\" data-orig-file=\"https:\/\/www.legistdf.gob.ar\/wp-content\/uploads\/2020\/11\/IMG_8230.jpg\" data-orig-size=\"1500,1000\" data-comments-opened=\"0\" data-image-meta=\"{&quot;aperture&quot;:&quot;2.8&quot;,&quot;credit&quot;:&quot;&quot;,&quot;camera&quot;:&quot;Canon EOS 6D&quot;,&quot;caption&quot;:&quot;&quot;,&quot;created_timestamp&quot;:&quot;1606295268&quot;,&quot;copyright&quot;:&quot;&quot;,&quot;focal_length&quot;:&quot;24&quot;,&quot;iso&quot;:&quot;1000&quot;,&quot;shutter_speed&quot;:&quot;0.0055555555555556&quot;,&quot;title&quot;:&quot;&quot;,&quot;orientation&quot;:&quot;1&quot;}\" data-image-title=\"IMG_8230\" data-image-description=\"\" data-image-caption=\"\" data-medium-file=\"https:\/\/www.legistdf.gob.ar\/wp-content\/uploads\/2020\/11\/IMG_8230-300x200.jpg\" data-large-file=\"https:\/\/www.legistdf.gob.ar\/wp-content\/uploads\/2020\/11\/IMG_8230-1024x683.jpg\" \/><\/a>\n\t\t\t<\/dt><\/dl><dl class='gallery-item'>\n\t\t\t<dt class='gallery-icon landscape'>\n\t\t\t\t<a href='https:\/\/www.legistdf.gob.ar\/index.php\/2020\/11\/25\/legislatura-los-parlamentarios-renovaron-la-designacion-de-ricardo-furlan-y-pablo-villegas-como-integrantes-del-consejo-de-la-magistratura\/img_8232-2\/'><img loading=\"lazy\" decoding=\"async\" width=\"150\" height=\"150\" src=\"https:\/\/www.legistdf.gob.ar\/wp-content\/uploads\/2020\/11\/IMG_8232-150x150.jpg\" class=\"attachment-thumbnail size-thumbnail\" alt=\"\" srcset=\"https:\/\/www.legistdf.gob.ar\/wp-content\/uploads\/2020\/11\/IMG_8232-150x150.jpg 150w, https:\/\/www.legistdf.gob.ar\/wp-content\/uploads\/2020\/11\/IMG_8232-64x64.jpg 64w\" sizes=\"(max-width: 150px) 100vw, 150px\" data-attachment-id=\"22163\" data-permalink=\"https:\/\/www.legistdf.gob.ar\/index.php\/2020\/11\/25\/legislatura-los-parlamentarios-renovaron-la-designacion-de-ricardo-furlan-y-pablo-villegas-como-integrantes-del-consejo-de-la-magistratura\/img_8232-2\/\" data-orig-file=\"https:\/\/www.legistdf.gob.ar\/wp-content\/uploads\/2020\/11\/IMG_8232.jpg\" data-orig-size=\"1500,1000\" data-comments-opened=\"0\" data-image-meta=\"{&quot;aperture&quot;:&quot;2.8&quot;,&quot;credit&quot;:&quot;&quot;,&quot;camera&quot;:&quot;Canon EOS 6D&quot;,&quot;caption&quot;:&quot;&quot;,&quot;created_timestamp&quot;:&quot;1606295281&quot;,&quot;copyright&quot;:&quot;&quot;,&quot;focal_length&quot;:&quot;30&quot;,&quot;iso&quot;:&quot;1000&quot;,&quot;shutter_speed&quot;:&quot;0.0055555555555556&quot;,&quot;title&quot;:&quot;&quot;,&quot;orientation&quot;:&quot;1&quot;}\" data-image-title=\"IMG_8232\" data-image-description=\"\" data-image-caption=\"\" data-medium-file=\"https:\/\/www.legistdf.gob.ar\/wp-content\/uploads\/2020\/11\/IMG_8232-300x200.jpg\" data-large-file=\"https:\/\/www.legistdf.gob.ar\/wp-content\/uploads\/2020\/11\/IMG_8232-1024x683.jpg\" \/><\/a>\n\t\t\t<\/dt><\/dl><dl class='gallery-item'>\n\t\t\t<dt class='gallery-icon landscape'>\n\t\t\t\t<a href='https:\/\/www.legistdf.gob.ar\/index.php\/2020\/11\/25\/legislatura-los-parlamentarios-renovaron-la-designacion-de-ricardo-furlan-y-pablo-villegas-como-integrantes-del-consejo-de-la-magistratura\/img_8234\/'><img loading=\"lazy\" decoding=\"async\" width=\"150\" height=\"150\" src=\"https:\/\/www.legistdf.gob.ar\/wp-content\/uploads\/2020\/11\/IMG_8234-150x150.jpg\" class=\"attachment-thumbnail size-thumbnail\" alt=\"\" srcset=\"https:\/\/www.legistdf.gob.ar\/wp-content\/uploads\/2020\/11\/IMG_8234-150x150.jpg 150w, https:\/\/www.legistdf.gob.ar\/wp-content\/uploads\/2020\/11\/IMG_8234-64x64.jpg 64w\" sizes=\"(max-width: 150px) 100vw, 150px\" data-attachment-id=\"22164\" data-permalink=\"https:\/\/www.legistdf.gob.ar\/index.php\/2020\/11\/25\/legislatura-los-parlamentarios-renovaron-la-designacion-de-ricardo-furlan-y-pablo-villegas-como-integrantes-del-consejo-de-la-magistratura\/img_8234\/\" data-orig-file=\"https:\/\/www.legistdf.gob.ar\/wp-content\/uploads\/2020\/11\/IMG_8234.jpg\" data-orig-size=\"1500,1000\" data-comments-opened=\"0\" data-image-meta=\"{&quot;aperture&quot;:&quot;2.8&quot;,&quot;credit&quot;:&quot;&quot;,&quot;camera&quot;:&quot;Canon EOS 6D&quot;,&quot;caption&quot;:&quot;&quot;,&quot;created_timestamp&quot;:&quot;1606295318&quot;,&quot;copyright&quot;:&quot;&quot;,&quot;focal_length&quot;:&quot;28&quot;,&quot;iso&quot;:&quot;1000&quot;,&quot;shutter_speed&quot;:&quot;0.0055555555555556&quot;,&quot;title&quot;:&quot;&quot;,&quot;orientation&quot;:&quot;1&quot;}\" data-image-title=\"IMG_8234\" data-image-description=\"\" data-image-caption=\"\" data-medium-file=\"https:\/\/www.legistdf.gob.ar\/wp-content\/uploads\/2020\/11\/IMG_8234-300x200.jpg\" data-large-file=\"https:\/\/www.legistdf.gob.ar\/wp-content\/uploads\/2020\/11\/IMG_8234-1024x683.jpg\" \/><\/a>\n\t\t\t<\/dt><\/dl><br style=\"clear: both\" \/><dl class='gallery-item'>\n\t\t\t<dt class='gallery-icon landscape'>\n\t\t\t\t<a href='https:\/\/www.legistdf.gob.ar\/index.php\/2020\/11\/25\/legislatura-los-parlamentarios-renovaron-la-designacion-de-ricardo-furlan-y-pablo-villegas-como-integrantes-del-consejo-de-la-magistratura\/img_8235\/'><img loading=\"lazy\" decoding=\"async\" width=\"150\" height=\"150\" src=\"https:\/\/www.legistdf.gob.ar\/wp-content\/uploads\/2020\/11\/IMG_8235-150x150.jpg\" class=\"attachment-thumbnail size-thumbnail\" alt=\"\" srcset=\"https:\/\/www.legistdf.gob.ar\/wp-content\/uploads\/2020\/11\/IMG_8235-150x150.jpg 150w, https:\/\/www.legistdf.gob.ar\/wp-content\/uploads\/2020\/11\/IMG_8235-64x64.jpg 64w\" sizes=\"(max-width: 150px) 100vw, 150px\" data-attachment-id=\"22165\" data-permalink=\"https:\/\/www.legistdf.gob.ar\/index.php\/2020\/11\/25\/legislatura-los-parlamentarios-renovaron-la-designacion-de-ricardo-furlan-y-pablo-villegas-como-integrantes-del-consejo-de-la-magistratura\/img_8235\/\" data-orig-file=\"https:\/\/www.legistdf.gob.ar\/wp-content\/uploads\/2020\/11\/IMG_8235.jpg\" data-orig-size=\"1500,1000\" data-comments-opened=\"0\" data-image-meta=\"{&quot;aperture&quot;:&quot;2.8&quot;,&quot;credit&quot;:&quot;&quot;,&quot;camera&quot;:&quot;Canon EOS 6D&quot;,&quot;caption&quot;:&quot;&quot;,&quot;created_timestamp&quot;:&quot;1606295328&quot;,&quot;copyright&quot;:&quot;&quot;,&quot;focal_length&quot;:&quot;35&quot;,&quot;iso&quot;:&quot;1000&quot;,&quot;shutter_speed&quot;:&quot;0.0055555555555556&quot;,&quot;title&quot;:&quot;&quot;,&quot;orientation&quot;:&quot;1&quot;}\" data-image-title=\"IMG_8235\" data-image-description=\"\" data-image-caption=\"\" data-medium-file=\"https:\/\/www.legistdf.gob.ar\/wp-content\/uploads\/2020\/11\/IMG_8235-300x200.jpg\" data-large-file=\"https:\/\/www.legistdf.gob.ar\/wp-content\/uploads\/2020\/11\/IMG_8235-1024x683.jpg\" \/><\/a>\n\t\t\t<\/dt><\/dl><dl class='gallery-item'>\n\t\t\t<dt class='gallery-icon landscape'>\n\t\t\t\t<a href='https:\/\/www.legistdf.gob.ar\/index.php\/2020\/11\/25\/legislatura-los-parlamentarios-renovaron-la-designacion-de-ricardo-furlan-y-pablo-villegas-como-integrantes-del-consejo-de-la-magistratura\/img_8236\/'><img loading=\"lazy\" decoding=\"async\" width=\"150\" height=\"150\" src=\"https:\/\/www.legistdf.gob.ar\/wp-content\/uploads\/2020\/11\/IMG_8236-150x150.jpg\" class=\"attachment-thumbnail size-thumbnail\" alt=\"\" srcset=\"https:\/\/www.legistdf.gob.ar\/wp-content\/uploads\/2020\/11\/IMG_8236-150x150.jpg 150w, https:\/\/www.legistdf.gob.ar\/wp-content\/uploads\/2020\/11\/IMG_8236-64x64.jpg 64w\" sizes=\"(max-width: 150px) 100vw, 150px\" data-attachment-id=\"22166\" data-permalink=\"https:\/\/www.legistdf.gob.ar\/index.php\/2020\/11\/25\/legislatura-los-parlamentarios-renovaron-la-designacion-de-ricardo-furlan-y-pablo-villegas-como-integrantes-del-consejo-de-la-magistratura\/img_8236\/\" data-orig-file=\"https:\/\/www.legistdf.gob.ar\/wp-content\/uploads\/2020\/11\/IMG_8236.jpg\" data-orig-size=\"1500,1000\" data-comments-opened=\"0\" data-image-meta=\"{&quot;aperture&quot;:&quot;2.8&quot;,&quot;credit&quot;:&quot;&quot;,&quot;camera&quot;:&quot;Canon EOS 6D&quot;,&quot;caption&quot;:&quot;&quot;,&quot;created_timestamp&quot;:&quot;1606295338&quot;,&quot;copyright&quot;:&quot;&quot;,&quot;focal_length&quot;:&quot;38&quot;,&quot;iso&quot;:&quot;1000&quot;,&quot;shutter_speed&quot;:&quot;0.0055555555555556&quot;,&quot;title&quot;:&quot;&quot;,&quot;orientation&quot;:&quot;1&quot;}\" data-image-title=\"IMG_8236\" data-image-description=\"\" data-image-caption=\"\" data-medium-file=\"https:\/\/www.legistdf.gob.ar\/wp-content\/uploads\/2020\/11\/IMG_8236-300x200.jpg\" data-large-file=\"https:\/\/www.legistdf.gob.ar\/wp-content\/uploads\/2020\/11\/IMG_8236-1024x683.jpg\" \/><\/a>\n\t\t\t<\/dt><\/dl><dl class='gallery-item'>\n\t\t\t<dt class='gallery-icon landscape'>\n\t\t\t\t<a href='https:\/\/www.legistdf.gob.ar\/index.php\/2020\/11\/25\/legislatura-los-parlamentarios-renovaron-la-designacion-de-ricardo-furlan-y-pablo-villegas-como-integrantes-del-consejo-de-la-magistratura\/img_8237-2\/'><img loading=\"lazy\" decoding=\"async\" width=\"150\" height=\"150\" src=\"https:\/\/www.legistdf.gob.ar\/wp-content\/uploads\/2020\/11\/IMG_8237-150x150.jpg\" class=\"attachment-thumbnail size-thumbnail\" alt=\"\" srcset=\"https:\/\/www.legistdf.gob.ar\/wp-content\/uploads\/2020\/11\/IMG_8237-150x150.jpg 150w, https:\/\/www.legistdf.gob.ar\/wp-content\/uploads\/2020\/11\/IMG_8237-64x64.jpg 64w\" sizes=\"(max-width: 150px) 100vw, 150px\" data-attachment-id=\"22167\" data-permalink=\"https:\/\/www.legistdf.gob.ar\/index.php\/2020\/11\/25\/legislatura-los-parlamentarios-renovaron-la-designacion-de-ricardo-furlan-y-pablo-villegas-como-integrantes-del-consejo-de-la-magistratura\/img_8237-2\/\" data-orig-file=\"https:\/\/www.legistdf.gob.ar\/wp-content\/uploads\/2020\/11\/IMG_8237.jpg\" data-orig-size=\"1500,1000\" data-comments-opened=\"0\" data-image-meta=\"{&quot;aperture&quot;:&quot;2.8&quot;,&quot;credit&quot;:&quot;&quot;,&quot;camera&quot;:&quot;Canon EOS 6D&quot;,&quot;caption&quot;:&quot;&quot;,&quot;created_timestamp&quot;:&quot;1606295344&quot;,&quot;copyright&quot;:&quot;&quot;,&quot;focal_length&quot;:&quot;35&quot;,&quot;iso&quot;:&quot;1000&quot;,&quot;shutter_speed&quot;:&quot;0.0055555555555556&quot;,&quot;title&quot;:&quot;&quot;,&quot;orientation&quot;:&quot;1&quot;}\" data-image-title=\"IMG_8237\" data-image-description=\"\" data-image-caption=\"\" data-medium-file=\"https:\/\/www.legistdf.gob.ar\/wp-content\/uploads\/2020\/11\/IMG_8237-300x200.jpg\" data-large-file=\"https:\/\/www.legistdf.gob.ar\/wp-content\/uploads\/2020\/11\/IMG_8237-1024x683.jpg\" \/><\/a>\n\t\t\t<\/dt><\/dl><br style=\"clear: both\" \/><dl class='gallery-item'>\n\t\t\t<dt class='gallery-icon landscape'>\n\t\t\t\t<a href='https:\/\/www.legistdf.gob.ar\/index.php\/2020\/11\/25\/legislatura-los-parlamentarios-renovaron-la-designacion-de-ricardo-furlan-y-pablo-villegas-como-integrantes-del-consejo-de-la-magistratura\/img_8238\/'><img loading=\"lazy\" decoding=\"async\" width=\"150\" height=\"150\" src=\"https:\/\/www.legistdf.gob.ar\/wp-content\/uploads\/2020\/11\/IMG_8238-150x150.jpg\" class=\"attachment-thumbnail size-thumbnail\" alt=\"\" srcset=\"https:\/\/www.legistdf.gob.ar\/wp-content\/uploads\/2020\/11\/IMG_8238-150x150.jpg 150w, https:\/\/www.legistdf.gob.ar\/wp-content\/uploads\/2020\/11\/IMG_8238-64x64.jpg 64w\" sizes=\"(max-width: 150px) 100vw, 150px\" data-attachment-id=\"22168\" data-permalink=\"https:\/\/www.legistdf.gob.ar\/index.php\/2020\/11\/25\/legislatura-los-parlamentarios-renovaron-la-designacion-de-ricardo-furlan-y-pablo-villegas-como-integrantes-del-consejo-de-la-magistratura\/img_8238\/\" data-orig-file=\"https:\/\/www.legistdf.gob.ar\/wp-content\/uploads\/2020\/11\/IMG_8238.jpg\" data-orig-size=\"1500,1000\" data-comments-opened=\"0\" data-image-meta=\"{&quot;aperture&quot;:&quot;2.8&quot;,&quot;credit&quot;:&quot;&quot;,&quot;camera&quot;:&quot;Canon EOS 6D&quot;,&quot;caption&quot;:&quot;&quot;,&quot;created_timestamp&quot;:&quot;1606295347&quot;,&quot;copyright&quot;:&quot;&quot;,&quot;focal_length&quot;:&quot;47&quot;,&quot;iso&quot;:&quot;1000&quot;,&quot;shutter_speed&quot;:&quot;0.0055555555555556&quot;,&quot;title&quot;:&quot;&quot;,&quot;orientation&quot;:&quot;1&quot;}\" data-image-title=\"IMG_8238\" data-image-description=\"\" data-image-caption=\"\" data-medium-file=\"https:\/\/www.legistdf.gob.ar\/wp-content\/uploads\/2020\/11\/IMG_8238-300x200.jpg\" data-large-file=\"https:\/\/www.legistdf.gob.ar\/wp-content\/uploads\/2020\/11\/IMG_8238-1024x683.jpg\" \/><\/a>\n\t\t\t<\/dt><\/dl><dl class='gallery-item'>\n\t\t\t<dt class='gallery-icon landscape'>\n\t\t\t\t<a href='https:\/\/www.legistdf.gob.ar\/index.php\/2020\/11\/25\/legislatura-los-parlamentarios-renovaron-la-designacion-de-ricardo-furlan-y-pablo-villegas-como-integrantes-del-consejo-de-la-magistratura\/img_8239\/'><img loading=\"lazy\" decoding=\"async\" width=\"150\" height=\"150\" src=\"https:\/\/www.legistdf.gob.ar\/wp-content\/uploads\/2020\/11\/IMG_8239-150x150.jpg\" class=\"attachment-thumbnail size-thumbnail\" alt=\"\" srcset=\"https:\/\/www.legistdf.gob.ar\/wp-content\/uploads\/2020\/11\/IMG_8239-150x150.jpg 150w, https:\/\/www.legistdf.gob.ar\/wp-content\/uploads\/2020\/11\/IMG_8239-64x64.jpg 64w\" sizes=\"(max-width: 150px) 100vw, 150px\" data-attachment-id=\"22169\" data-permalink=\"https:\/\/www.legistdf.gob.ar\/index.php\/2020\/11\/25\/legislatura-los-parlamentarios-renovaron-la-designacion-de-ricardo-furlan-y-pablo-villegas-como-integrantes-del-consejo-de-la-magistratura\/img_8239\/\" data-orig-file=\"https:\/\/www.legistdf.gob.ar\/wp-content\/uploads\/2020\/11\/IMG_8239.jpg\" data-orig-size=\"1500,1000\" data-comments-opened=\"0\" data-image-meta=\"{&quot;aperture&quot;:&quot;2.8&quot;,&quot;credit&quot;:&quot;&quot;,&quot;camera&quot;:&quot;Canon EOS 6D&quot;,&quot;caption&quot;:&quot;&quot;,&quot;created_timestamp&quot;:&quot;1606295358&quot;,&quot;copyright&quot;:&quot;&quot;,&quot;focal_length&quot;:&quot;35&quot;,&quot;iso&quot;:&quot;1000&quot;,&quot;shutter_speed&quot;:&quot;0.0055555555555556&quot;,&quot;title&quot;:&quot;&quot;,&quot;orientation&quot;:&quot;1&quot;}\" data-image-title=\"IMG_8239\" data-image-description=\"\" data-image-caption=\"\" data-medium-file=\"https:\/\/www.legistdf.gob.ar\/wp-content\/uploads\/2020\/11\/IMG_8239-300x200.jpg\" data-large-file=\"https:\/\/www.legistdf.gob.ar\/wp-content\/uploads\/2020\/11\/IMG_8239-1024x683.jpg\" \/><\/a>\n\t\t\t<\/dt><\/dl><dl class='gallery-item'>\n\t\t\t<dt class='gallery-icon landscape'>\n\t\t\t\t<a href='https:\/\/www.legistdf.gob.ar\/index.php\/2020\/11\/25\/legislatura-los-parlamentarios-renovaron-la-designacion-de-ricardo-furlan-y-pablo-villegas-como-integrantes-del-consejo-de-la-magistratura\/img_8241\/'><img loading=\"lazy\" decoding=\"async\" width=\"150\" height=\"150\" src=\"https:\/\/www.legistdf.gob.ar\/wp-content\/uploads\/2020\/11\/IMG_8241-150x150.jpg\" class=\"attachment-thumbnail size-thumbnail\" alt=\"\" srcset=\"https:\/\/www.legistdf.gob.ar\/wp-content\/uploads\/2020\/11\/IMG_8241-150x150.jpg 150w, https:\/\/www.legistdf.gob.ar\/wp-content\/uploads\/2020\/11\/IMG_8241-64x64.jpg 64w\" sizes=\"(max-width: 150px) 100vw, 150px\" data-attachment-id=\"22170\" data-permalink=\"https:\/\/www.legistdf.gob.ar\/index.php\/2020\/11\/25\/legislatura-los-parlamentarios-renovaron-la-designacion-de-ricardo-furlan-y-pablo-villegas-como-integrantes-del-consejo-de-la-magistratura\/img_8241\/\" data-orig-file=\"https:\/\/www.legistdf.gob.ar\/wp-content\/uploads\/2020\/11\/IMG_8241.jpg\" data-orig-size=\"1500,1000\" data-comments-opened=\"0\" data-image-meta=\"{&quot;aperture&quot;:&quot;2.8&quot;,&quot;credit&quot;:&quot;&quot;,&quot;camera&quot;:&quot;Canon EOS 6D&quot;,&quot;caption&quot;:&quot;&quot;,&quot;created_timestamp&quot;:&quot;1606295400&quot;,&quot;copyright&quot;:&quot;&quot;,&quot;focal_length&quot;:&quot;44&quot;,&quot;iso&quot;:&quot;1000&quot;,&quot;shutter_speed&quot;:&quot;0.0055555555555556&quot;,&quot;title&quot;:&quot;&quot;,&quot;orientation&quot;:&quot;1&quot;}\" data-image-title=\"IMG_8241\" data-image-description=\"\" data-image-caption=\"\" data-medium-file=\"https:\/\/www.legistdf.gob.ar\/wp-content\/uploads\/2020\/11\/IMG_8241-300x200.jpg\" data-large-file=\"https:\/\/www.legistdf.gob.ar\/wp-content\/uploads\/2020\/11\/IMG_8241-1024x683.jpg\" \/><\/a>\n\t\t\t<\/dt><\/dl><br style=\"clear: both\" \/><dl class='gallery-item'>\n\t\t\t<dt class='gallery-icon landscape'>\n\t\t\t\t<a href='https:\/\/www.legistdf.gob.ar\/index.php\/2020\/11\/25\/legislatura-los-parlamentarios-renovaron-la-designacion-de-ricardo-furlan-y-pablo-villegas-como-integrantes-del-consejo-de-la-magistratura\/img_8244\/'><img loading=\"lazy\" decoding=\"async\" width=\"150\" height=\"150\" src=\"https:\/\/www.legistdf.gob.ar\/wp-content\/uploads\/2020\/11\/IMG_8244-150x150.jpg\" class=\"attachment-thumbnail size-thumbnail\" alt=\"\" srcset=\"https:\/\/www.legistdf.gob.ar\/wp-content\/uploads\/2020\/11\/IMG_8244-150x150.jpg 150w, https:\/\/www.legistdf.gob.ar\/wp-content\/uploads\/2020\/11\/IMG_8244-64x64.jpg 64w\" sizes=\"(max-width: 150px) 100vw, 150px\" data-attachment-id=\"22171\" data-permalink=\"https:\/\/www.legistdf.gob.ar\/index.php\/2020\/11\/25\/legislatura-los-parlamentarios-renovaron-la-designacion-de-ricardo-furlan-y-pablo-villegas-como-integrantes-del-consejo-de-la-magistratura\/img_8244\/\" data-orig-file=\"https:\/\/www.legistdf.gob.ar\/wp-content\/uploads\/2020\/11\/IMG_8244.jpg\" data-orig-size=\"1500,1000\" data-comments-opened=\"0\" data-image-meta=\"{&quot;aperture&quot;:&quot;2.8&quot;,&quot;credit&quot;:&quot;&quot;,&quot;camera&quot;:&quot;Canon EOS 6D&quot;,&quot;caption&quot;:&quot;&quot;,&quot;created_timestamp&quot;:&quot;1606295424&quot;,&quot;copyright&quot;:&quot;&quot;,&quot;focal_length&quot;:&quot;41&quot;,&quot;iso&quot;:&quot;1000&quot;,&quot;shutter_speed&quot;:&quot;0.0055555555555556&quot;,&quot;title&quot;:&quot;&quot;,&quot;orientation&quot;:&quot;1&quot;}\" data-image-title=\"IMG_8244\" data-image-description=\"\" data-image-caption=\"\" data-medium-file=\"https:\/\/www.legistdf.gob.ar\/wp-content\/uploads\/2020\/11\/IMG_8244-300x200.jpg\" data-large-file=\"https:\/\/www.legistdf.gob.ar\/wp-content\/uploads\/2020\/11\/IMG_8244-1024x683.jpg\" \/><\/a>\n\t\t\t<\/dt><\/dl><dl class='gallery-item'>\n\t\t\t<dt class='gallery-icon landscape'>\n\t\t\t\t<a href='https:\/\/www.legistdf.gob.ar\/index.php\/2020\/11\/25\/legislatura-los-parlamentarios-renovaron-la-designacion-de-ricardo-furlan-y-pablo-villegas-como-integrantes-del-consejo-de-la-magistratura\/img_8247\/'><img loading=\"lazy\" decoding=\"async\" width=\"150\" height=\"150\" src=\"https:\/\/www.legistdf.gob.ar\/wp-content\/uploads\/2020\/11\/IMG_8247-150x150.jpg\" class=\"attachment-thumbnail size-thumbnail\" alt=\"\" srcset=\"https:\/\/www.legistdf.gob.ar\/wp-content\/uploads\/2020\/11\/IMG_8247-150x150.jpg 150w, https:\/\/www.legistdf.gob.ar\/wp-content\/uploads\/2020\/11\/IMG_8247-64x64.jpg 64w\" sizes=\"(max-width: 150px) 100vw, 150px\" data-attachment-id=\"22172\" data-permalink=\"https:\/\/www.legistdf.gob.ar\/index.php\/2020\/11\/25\/legislatura-los-parlamentarios-renovaron-la-designacion-de-ricardo-furlan-y-pablo-villegas-como-integrantes-del-consejo-de-la-magistratura\/img_8247\/\" data-orig-file=\"https:\/\/www.legistdf.gob.ar\/wp-content\/uploads\/2020\/11\/IMG_8247.jpg\" data-orig-size=\"1500,1000\" data-comments-opened=\"0\" data-image-meta=\"{&quot;aperture&quot;:&quot;2.8&quot;,&quot;credit&quot;:&quot;&quot;,&quot;camera&quot;:&quot;Canon EOS 6D&quot;,&quot;caption&quot;:&quot;&quot;,&quot;created_timestamp&quot;:&quot;1606295458&quot;,&quot;copyright&quot;:&quot;&quot;,&quot;focal_length&quot;:&quot;24&quot;,&quot;iso&quot;:&quot;1000&quot;,&quot;shutter_speed&quot;:&quot;0.0055555555555556&quot;,&quot;title&quot;:&quot;&quot;,&quot;orientation&quot;:&quot;1&quot;}\" data-image-title=\"IMG_8247\" data-image-description=\"\" data-image-caption=\"\" data-medium-file=\"https:\/\/www.legistdf.gob.ar\/wp-content\/uploads\/2020\/11\/IMG_8247-300x200.jpg\" data-large-file=\"https:\/\/www.legistdf.gob.ar\/wp-content\/uploads\/2020\/11\/IMG_8247-1024x683.jpg\" \/><\/a>\n\t\t\t<\/dt><\/dl><dl class='gallery-item'>\n\t\t\t<dt class='gallery-icon landscape'>\n\t\t\t\t<a href='https:\/\/www.legistdf.gob.ar\/index.php\/2020\/11\/25\/legislatura-los-parlamentarios-renovaron-la-designacion-de-ricardo-furlan-y-pablo-villegas-como-integrantes-del-consejo-de-la-magistratura\/img_8248-2\/'><img loading=\"lazy\" decoding=\"async\" width=\"150\" height=\"150\" src=\"https:\/\/www.legistdf.gob.ar\/wp-content\/uploads\/2020\/11\/IMG_8248-150x150.jpg\" class=\"attachment-thumbnail size-thumbnail\" alt=\"\" srcset=\"https:\/\/www.legistdf.gob.ar\/wp-content\/uploads\/2020\/11\/IMG_8248-150x150.jpg 150w, https:\/\/www.legistdf.gob.ar\/wp-content\/uploads\/2020\/11\/IMG_8248-64x64.jpg 64w\" sizes=\"(max-width: 150px) 100vw, 150px\" data-attachment-id=\"22173\" data-permalink=\"https:\/\/www.legistdf.gob.ar\/index.php\/2020\/11\/25\/legislatura-los-parlamentarios-renovaron-la-designacion-de-ricardo-furlan-y-pablo-villegas-como-integrantes-del-consejo-de-la-magistratura\/img_8248-2\/\" data-orig-file=\"https:\/\/www.legistdf.gob.ar\/wp-content\/uploads\/2020\/11\/IMG_8248.jpg\" data-orig-size=\"1500,1000\" data-comments-opened=\"0\" data-image-meta=\"{&quot;aperture&quot;:&quot;3.2&quot;,&quot;credit&quot;:&quot;&quot;,&quot;camera&quot;:&quot;Canon EOS 6D&quot;,&quot;caption&quot;:&quot;&quot;,&quot;created_timestamp&quot;:&quot;1606295492&quot;,&quot;copyright&quot;:&quot;&quot;,&quot;focal_length&quot;:&quot;28&quot;,&quot;iso&quot;:&quot;1000&quot;,&quot;shutter_speed&quot;:&quot;0.008&quot;,&quot;title&quot;:&quot;&quot;,&quot;orientation&quot;:&quot;1&quot;}\" data-image-title=\"IMG_8248\" data-image-description=\"\" data-image-caption=\"\" data-medium-file=\"https:\/\/www.legistdf.gob.ar\/wp-content\/uploads\/2020\/11\/IMG_8248-300x200.jpg\" data-large-file=\"https:\/\/www.legistdf.gob.ar\/wp-content\/uploads\/2020\/11\/IMG_8248-1024x683.jpg\" \/><\/a>\n\t\t\t<\/dt><\/dl><br style=\"clear: both\" \/><dl class='gallery-item'>\n\t\t\t<dt class='gallery-icon landscape'>\n\t\t\t\t<a href='https:\/\/www.legistdf.gob.ar\/index.php\/2020\/11\/25\/legislatura-los-parlamentarios-renovaron-la-designacion-de-ricardo-furlan-y-pablo-villegas-como-integrantes-del-consejo-de-la-magistratura\/img_8249-2\/'><img loading=\"lazy\" decoding=\"async\" width=\"150\" height=\"150\" src=\"https:\/\/www.legistdf.gob.ar\/wp-content\/uploads\/2020\/11\/IMG_8249-150x150.jpg\" class=\"attachment-thumbnail size-thumbnail\" alt=\"\" srcset=\"https:\/\/www.legistdf.gob.ar\/wp-content\/uploads\/2020\/11\/IMG_8249-150x150.jpg 150w, https:\/\/www.legistdf.gob.ar\/wp-content\/uploads\/2020\/11\/IMG_8249-64x64.jpg 64w\" sizes=\"(max-width: 150px) 100vw, 150px\" data-attachment-id=\"22174\" data-permalink=\"https:\/\/www.legistdf.gob.ar\/index.php\/2020\/11\/25\/legislatura-los-parlamentarios-renovaron-la-designacion-de-ricardo-furlan-y-pablo-villegas-como-integrantes-del-consejo-de-la-magistratura\/img_8249-2\/\" data-orig-file=\"https:\/\/www.legistdf.gob.ar\/wp-content\/uploads\/2020\/11\/IMG_8249.jpg\" data-orig-size=\"1500,1000\" data-comments-opened=\"0\" data-image-meta=\"{&quot;aperture&quot;:&quot;2.8&quot;,&quot;credit&quot;:&quot;&quot;,&quot;camera&quot;:&quot;Canon EOS 6D&quot;,&quot;caption&quot;:&quot;&quot;,&quot;created_timestamp&quot;:&quot;1606295516&quot;,&quot;copyright&quot;:&quot;&quot;,&quot;focal_length&quot;:&quot;24&quot;,&quot;iso&quot;:&quot;1000&quot;,&quot;shutter_speed&quot;:&quot;0.008&quot;,&quot;title&quot;:&quot;&quot;,&quot;orientation&quot;:&quot;1&quot;}\" data-image-title=\"IMG_8249\" data-image-description=\"\" data-image-caption=\"\" data-medium-file=\"https:\/\/www.legistdf.gob.ar\/wp-content\/uploads\/2020\/11\/IMG_8249-300x200.jpg\" data-large-file=\"https:\/\/www.legistdf.gob.ar\/wp-content\/uploads\/2020\/11\/IMG_8249-1024x683.jpg\" \/><\/a>\n\t\t\t<\/dt><\/dl><dl class='gallery-item'>\n\t\t\t<dt class='gallery-icon landscape'>\n\t\t\t\t<a href='https:\/\/www.legistdf.gob.ar\/index.php\/2020\/11\/25\/legislatura-los-parlamentarios-renovaron-la-designacion-de-ricardo-furlan-y-pablo-villegas-como-integrantes-del-consejo-de-la-magistratura\/img_8250\/'><img loading=\"lazy\" decoding=\"async\" width=\"150\" height=\"150\" src=\"https:\/\/www.legistdf.gob.ar\/wp-content\/uploads\/2020\/11\/IMG_8250-150x150.jpg\" class=\"attachment-thumbnail size-thumbnail\" alt=\"\" srcset=\"https:\/\/www.legistdf.gob.ar\/wp-content\/uploads\/2020\/11\/IMG_8250-150x150.jpg 150w, https:\/\/www.legistdf.gob.ar\/wp-content\/uploads\/2020\/11\/IMG_8250-64x64.jpg 64w\" sizes=\"(max-width: 150px) 100vw, 150px\" data-attachment-id=\"22175\" data-permalink=\"https:\/\/www.legistdf.gob.ar\/index.php\/2020\/11\/25\/legislatura-los-parlamentarios-renovaron-la-designacion-de-ricardo-furlan-y-pablo-villegas-como-integrantes-del-consejo-de-la-magistratura\/img_8250\/\" data-orig-file=\"https:\/\/www.legistdf.gob.ar\/wp-content\/uploads\/2020\/11\/IMG_8250.jpg\" data-orig-size=\"1500,985\" data-comments-opened=\"0\" data-image-meta=\"{&quot;aperture&quot;:&quot;2.8&quot;,&quot;credit&quot;:&quot;&quot;,&quot;camera&quot;:&quot;Canon EOS 6D&quot;,&quot;caption&quot;:&quot;&quot;,&quot;created_timestamp&quot;:&quot;1606295525&quot;,&quot;copyright&quot;:&quot;&quot;,&quot;focal_length&quot;:&quot;35&quot;,&quot;iso&quot;:&quot;1000&quot;,&quot;shutter_speed&quot;:&quot;0.008&quot;,&quot;title&quot;:&quot;&quot;,&quot;orientation&quot;:&quot;1&quot;}\" data-image-title=\"IMG_8250\" data-image-description=\"\" data-image-caption=\"\" data-medium-file=\"https:\/\/www.legistdf.gob.ar\/wp-content\/uploads\/2020\/11\/IMG_8250-300x197.jpg\" data-large-file=\"https:\/\/www.legistdf.gob.ar\/wp-content\/uploads\/2020\/11\/IMG_8250-1024x672.jpg\" \/><\/a>\n\t\t\t<\/dt><\/dl><dl class='gallery-item'>\n\t\t\t<dt class='gallery-icon landscape'>\n\t\t\t\t<a href='https:\/\/www.legistdf.gob.ar\/index.php\/2020\/11\/25\/legislatura-los-parlamentarios-renovaron-la-designacion-de-ricardo-furlan-y-pablo-villegas-como-integrantes-del-consejo-de-la-magistratura\/img_8251\/'><img loading=\"lazy\" decoding=\"async\" width=\"150\" height=\"150\" src=\"https:\/\/www.legistdf.gob.ar\/wp-content\/uploads\/2020\/11\/IMG_8251-150x150.jpg\" class=\"attachment-thumbnail size-thumbnail\" alt=\"\" srcset=\"https:\/\/www.legistdf.gob.ar\/wp-content\/uploads\/2020\/11\/IMG_8251-150x150.jpg 150w, https:\/\/www.legistdf.gob.ar\/wp-content\/uploads\/2020\/11\/IMG_8251-64x64.jpg 64w\" sizes=\"(max-width: 150px) 100vw, 150px\" data-attachment-id=\"22176\" data-permalink=\"https:\/\/www.legistdf.gob.ar\/index.php\/2020\/11\/25\/legislatura-los-parlamentarios-renovaron-la-designacion-de-ricardo-furlan-y-pablo-villegas-como-integrantes-del-consejo-de-la-magistratura\/img_8251\/\" data-orig-file=\"https:\/\/www.legistdf.gob.ar\/wp-content\/uploads\/2020\/11\/IMG_8251.jpg\" data-orig-size=\"1500,1000\" data-comments-opened=\"0\" data-image-meta=\"{&quot;aperture&quot;:&quot;2.8&quot;,&quot;credit&quot;:&quot;&quot;,&quot;camera&quot;:&quot;Canon EOS 6D&quot;,&quot;caption&quot;:&quot;&quot;,&quot;created_timestamp&quot;:&quot;1606295533&quot;,&quot;copyright&quot;:&quot;&quot;,&quot;focal_length&quot;:&quot;47&quot;,&quot;iso&quot;:&quot;1000&quot;,&quot;shutter_speed&quot;:&quot;0.008&quot;,&quot;title&quot;:&quot;&quot;,&quot;orientation&quot;:&quot;1&quot;}\" data-image-title=\"IMG_8251\" data-image-description=\"\" data-image-caption=\"\" data-medium-file=\"https:\/\/www.legistdf.gob.ar\/wp-content\/uploads\/2020\/11\/IMG_8251-300x200.jpg\" data-large-file=\"https:\/\/www.legistdf.gob.ar\/wp-content\/uploads\/2020\/11\/IMG_8251-1024x683.jpg\" \/><\/a>\n\t\t\t<\/dt><\/dl><br style=\"clear: both\" \/><dl class='gallery-item'>\n\t\t\t<dt class='gallery-icon landscape'>\n\t\t\t\t<a href='https:\/\/www.legistdf.gob.ar\/index.php\/2020\/11\/25\/legislatura-los-parlamentarios-renovaron-la-designacion-de-ricardo-furlan-y-pablo-villegas-como-integrantes-del-consejo-de-la-magistratura\/img_8254\/'><img loading=\"lazy\" decoding=\"async\" width=\"150\" height=\"150\" src=\"https:\/\/www.legistdf.gob.ar\/wp-content\/uploads\/2020\/11\/IMG_8254-150x150.jpg\" class=\"attachment-thumbnail size-thumbnail\" alt=\"\" srcset=\"https:\/\/www.legistdf.gob.ar\/wp-content\/uploads\/2020\/11\/IMG_8254-150x150.jpg 150w, https:\/\/www.legistdf.gob.ar\/wp-content\/uploads\/2020\/11\/IMG_8254-64x64.jpg 64w\" sizes=\"(max-width: 150px) 100vw, 150px\" data-attachment-id=\"22177\" data-permalink=\"https:\/\/www.legistdf.gob.ar\/index.php\/2020\/11\/25\/legislatura-los-parlamentarios-renovaron-la-designacion-de-ricardo-furlan-y-pablo-villegas-como-integrantes-del-consejo-de-la-magistratura\/img_8254\/\" data-orig-file=\"https:\/\/www.legistdf.gob.ar\/wp-content\/uploads\/2020\/11\/IMG_8254.jpg\" data-orig-size=\"1500,1071\" data-comments-opened=\"0\" data-image-meta=\"{&quot;aperture&quot;:&quot;5.6&quot;,&quot;credit&quot;:&quot;&quot;,&quot;camera&quot;:&quot;Canon EOS 6D&quot;,&quot;caption&quot;:&quot;&quot;,&quot;created_timestamp&quot;:&quot;1606295568&quot;,&quot;copyright&quot;:&quot;&quot;,&quot;focal_length&quot;:&quot;44&quot;,&quot;iso&quot;:&quot;1000&quot;,&quot;shutter_speed&quot;:&quot;0.008&quot;,&quot;title&quot;:&quot;&quot;,&quot;orientation&quot;:&quot;1&quot;}\" data-image-title=\"IMG_8254\" data-image-description=\"\" data-image-caption=\"\" data-medium-file=\"https:\/\/www.legistdf.gob.ar\/wp-content\/uploads\/2020\/11\/IMG_8254-300x214.jpg\" data-large-file=\"https:\/\/www.legistdf.gob.ar\/wp-content\/uploads\/2020\/11\/IMG_8254-1024x731.jpg\" \/><\/a>\n\t\t\t<\/dt><\/dl><dl class='gallery-item'>\n\t\t\t<dt class='gallery-icon landscape'>\n\t\t\t\t<a href='https:\/\/www.legistdf.gob.ar\/index.php\/2020\/11\/25\/legislatura-los-parlamentarios-renovaron-la-designacion-de-ricardo-furlan-y-pablo-villegas-como-integrantes-del-consejo-de-la-magistratura\/img_8256\/'><img loading=\"lazy\" decoding=\"async\" width=\"150\" height=\"150\" src=\"https:\/\/www.legistdf.gob.ar\/wp-content\/uploads\/2020\/11\/IMG_8256-150x150.jpg\" class=\"attachment-thumbnail size-thumbnail\" alt=\"\" srcset=\"https:\/\/www.legistdf.gob.ar\/wp-content\/uploads\/2020\/11\/IMG_8256-150x150.jpg 150w, https:\/\/www.legistdf.gob.ar\/wp-content\/uploads\/2020\/11\/IMG_8256-64x64.jpg 64w\" sizes=\"(max-width: 150px) 100vw, 150px\" data-attachment-id=\"22178\" data-permalink=\"https:\/\/www.legistdf.gob.ar\/index.php\/2020\/11\/25\/legislatura-los-parlamentarios-renovaron-la-designacion-de-ricardo-furlan-y-pablo-villegas-como-integrantes-del-consejo-de-la-magistratura\/img_8256\/\" data-orig-file=\"https:\/\/www.legistdf.gob.ar\/wp-content\/uploads\/2020\/11\/IMG_8256.jpg\" data-orig-size=\"1500,1000\" data-comments-opened=\"0\" data-image-meta=\"{&quot;aperture&quot;:&quot;2.8&quot;,&quot;credit&quot;:&quot;&quot;,&quot;camera&quot;:&quot;Canon EOS 6D&quot;,&quot;caption&quot;:&quot;&quot;,&quot;created_timestamp&quot;:&quot;1606295584&quot;,&quot;copyright&quot;:&quot;&quot;,&quot;focal_length&quot;:&quot;35&quot;,&quot;iso&quot;:&quot;1000&quot;,&quot;shutter_speed&quot;:&quot;0.008&quot;,&quot;title&quot;:&quot;&quot;,&quot;orientation&quot;:&quot;1&quot;}\" data-image-title=\"IMG_8256\" data-image-description=\"\" data-image-caption=\"\" data-medium-file=\"https:\/\/www.legistdf.gob.ar\/wp-content\/uploads\/2020\/11\/IMG_8256-300x200.jpg\" data-large-file=\"https:\/\/www.legistdf.gob.ar\/wp-content\/uploads\/2020\/11\/IMG_8256-1024x683.jpg\" \/><\/a>\n\t\t\t<\/dt><\/dl><dl class='gallery-item'>\n\t\t\t<dt class='gallery-icon landscape'>\n\t\t\t\t<a href='https:\/\/www.legistdf.gob.ar\/index.php\/2020\/11\/25\/legislatura-los-parlamentarios-renovaron-la-designacion-de-ricardo-furlan-y-pablo-villegas-como-integrantes-del-consejo-de-la-magistratura\/img_8257\/'><img loading=\"lazy\" decoding=\"async\" width=\"150\" height=\"150\" src=\"https:\/\/www.legistdf.gob.ar\/wp-content\/uploads\/2020\/11\/IMG_8257-150x150.jpg\" class=\"attachment-thumbnail size-thumbnail\" alt=\"\" srcset=\"https:\/\/www.legistdf.gob.ar\/wp-content\/uploads\/2020\/11\/IMG_8257-150x150.jpg 150w, https:\/\/www.legistdf.gob.ar\/wp-content\/uploads\/2020\/11\/IMG_8257-64x64.jpg 64w\" sizes=\"(max-width: 150px) 100vw, 150px\" data-attachment-id=\"22179\" data-permalink=\"https:\/\/www.legistdf.gob.ar\/index.php\/2020\/11\/25\/legislatura-los-parlamentarios-renovaron-la-designacion-de-ricardo-furlan-y-pablo-villegas-como-integrantes-del-consejo-de-la-magistratura\/img_8257\/\" data-orig-file=\"https:\/\/www.legistdf.gob.ar\/wp-content\/uploads\/2020\/11\/IMG_8257.jpg\" data-orig-size=\"1500,1000\" data-comments-opened=\"0\" data-image-meta=\"{&quot;aperture&quot;:&quot;2.8&quot;,&quot;credit&quot;:&quot;&quot;,&quot;camera&quot;:&quot;Canon EOS 6D&quot;,&quot;caption&quot;:&quot;&quot;,&quot;created_timestamp&quot;:&quot;1606295598&quot;,&quot;copyright&quot;:&quot;&quot;,&quot;focal_length&quot;:&quot;25&quot;,&quot;iso&quot;:&quot;1000&quot;,&quot;shutter_speed&quot;:&quot;0.008&quot;,&quot;title&quot;:&quot;&quot;,&quot;orientation&quot;:&quot;1&quot;}\" data-image-title=\"IMG_8257\" data-image-description=\"\" data-image-caption=\"\" data-medium-file=\"https:\/\/www.legistdf.gob.ar\/wp-content\/uploads\/2020\/11\/IMG_8257-300x200.jpg\" data-large-file=\"https:\/\/www.legistdf.gob.ar\/wp-content\/uploads\/2020\/11\/IMG_8257-1024x683.jpg\" \/><\/a>\n\t\t\t<\/dt><\/dl><br style=\"clear: both\" \/><dl class='gallery-item'>\n\t\t\t<dt class='gallery-icon landscape'>\n\t\t\t\t<a href='https:\/\/www.legistdf.gob.ar\/index.php\/2020\/11\/25\/legislatura-los-parlamentarios-renovaron-la-designacion-de-ricardo-furlan-y-pablo-villegas-como-integrantes-del-consejo-de-la-magistratura\/img_8258\/'><img loading=\"lazy\" decoding=\"async\" width=\"150\" height=\"150\" src=\"https:\/\/www.legistdf.gob.ar\/wp-content\/uploads\/2020\/11\/IMG_8258-150x150.jpg\" class=\"attachment-thumbnail size-thumbnail\" alt=\"\" srcset=\"https:\/\/www.legistdf.gob.ar\/wp-content\/uploads\/2020\/11\/IMG_8258-150x150.jpg 150w, https:\/\/www.legistdf.gob.ar\/wp-content\/uploads\/2020\/11\/IMG_8258-64x64.jpg 64w\" sizes=\"(max-width: 150px) 100vw, 150px\" data-attachment-id=\"22180\" data-permalink=\"https:\/\/www.legistdf.gob.ar\/index.php\/2020\/11\/25\/legislatura-los-parlamentarios-renovaron-la-designacion-de-ricardo-furlan-y-pablo-villegas-como-integrantes-del-consejo-de-la-magistratura\/img_8258\/\" data-orig-file=\"https:\/\/www.legistdf.gob.ar\/wp-content\/uploads\/2020\/11\/IMG_8258.jpg\" data-orig-size=\"1366,768\" data-comments-opened=\"0\" data-image-meta=\"{&quot;aperture&quot;:&quot;0&quot;,&quot;credit&quot;:&quot;&quot;,&quot;camera&quot;:&quot;&quot;,&quot;caption&quot;:&quot;&quot;,&quot;created_timestamp&quot;:&quot;0&quot;,&quot;copyright&quot;:&quot;&quot;,&quot;focal_length&quot;:&quot;0&quot;,&quot;iso&quot;:&quot;0&quot;,&quot;shutter_speed&quot;:&quot;0&quot;,&quot;title&quot;:&quot;&quot;,&quot;orientation&quot;:&quot;0&quot;}\" data-image-title=\"IMG_8258\" data-image-description=\"\" data-image-caption=\"\" data-medium-file=\"https:\/\/www.legistdf.gob.ar\/wp-content\/uploads\/2020\/11\/IMG_8258-300x169.jpg\" data-large-file=\"https:\/\/www.legistdf.gob.ar\/wp-content\/uploads\/2020\/11\/IMG_8258-1024x576.jpg\" \/><\/a>\n\t\t\t<\/dt><\/dl><dl class='gallery-item'>\n\t\t\t<dt class='gallery-icon landscape'>\n\t\t\t\t<a href='https:\/\/www.legistdf.gob.ar\/index.php\/2020\/11\/25\/legislatura-los-parlamentarios-renovaron-la-designacion-de-ricardo-furlan-y-pablo-villegas-como-integrantes-del-consejo-de-la-magistratura\/img_8261\/'><img loading=\"lazy\" decoding=\"async\" width=\"150\" height=\"150\" src=\"https:\/\/www.legistdf.gob.ar\/wp-content\/uploads\/2020\/11\/IMG_8261-150x150.jpg\" class=\"attachment-thumbnail size-thumbnail\" alt=\"\" srcset=\"https:\/\/www.legistdf.gob.ar\/wp-content\/uploads\/2020\/11\/IMG_8261-150x150.jpg 150w, https:\/\/www.legistdf.gob.ar\/wp-content\/uploads\/2020\/11\/IMG_8261-64x64.jpg 64w\" sizes=\"(max-width: 150px) 100vw, 150px\" data-attachment-id=\"22181\" data-permalink=\"https:\/\/www.legistdf.gob.ar\/index.php\/2020\/11\/25\/legislatura-los-parlamentarios-renovaron-la-designacion-de-ricardo-furlan-y-pablo-villegas-como-integrantes-del-consejo-de-la-magistratura\/img_8261\/\" data-orig-file=\"https:\/\/www.legistdf.gob.ar\/wp-content\/uploads\/2020\/11\/IMG_8261.jpg\" data-orig-size=\"1500,1000\" data-comments-opened=\"0\" data-image-meta=\"{&quot;aperture&quot;:&quot;3.5&quot;,&quot;credit&quot;:&quot;&quot;,&quot;camera&quot;:&quot;Canon EOS 6D&quot;,&quot;caption&quot;:&quot;&quot;,&quot;created_timestamp&quot;:&quot;1606298319&quot;,&quot;copyright&quot;:&quot;&quot;,&quot;focal_length&quot;:&quot;31&quot;,&quot;iso&quot;:&quot;1000&quot;,&quot;shutter_speed&quot;:&quot;0.008&quot;,&quot;title&quot;:&quot;&quot;,&quot;orientation&quot;:&quot;1&quot;}\" data-image-title=\"IMG_8261\" data-image-description=\"\" data-image-caption=\"\" data-medium-file=\"https:\/\/www.legistdf.gob.ar\/wp-content\/uploads\/2020\/11\/IMG_8261-300x200.jpg\" data-large-file=\"https:\/\/www.legistdf.gob.ar\/wp-content\/uploads\/2020\/11\/IMG_8261-1024x683.jpg\" \/><\/a>\n\t\t\t<\/dt><\/dl>\n\t\t\t<br style='clear: both' \/>\n\t\t<\/div>\n\n","protected":false},"excerpt":{"rendered":"<p>Ushuaia, mi\u00e9rcoles 25 de noviembre de 2020.- Tal cual estaba previsto se llev\u00f3 adelante en el recinto de sesiones de la capital fueguina, una nueva Sesi\u00f3n Especial de manera presencial y remota en virtud del Reglamento Interno de la C\u00e1mara. El encuentro estuvo presidido por la titular del Parlamento, vicegobernadora M\u00f3nica Urquiza y la convocatoria [&hellip;]<\/p>\n","protected":false},"author":352,"featured_media":22179,"comment_status":"closed","ping_status":"open","sticky":false,"template":"","format":"standard","meta":{"jetpack_post_was_ever_published":false,"_jetpack_newsletter_access":"","_jetpack_dont_email_post_to_subs":false,"_jetpack_newsletter_tier_id":0,"footnotes":"","jetpack_publicize_message":"","jetpack_publicize_feature_enabled":true,"jetpack_social_post_already_shared":true,"jetpack_social_options":{"image_generator_settings":{"template":"highway","enabled":false}}},"categories":[1],"tags":[144,241,1218],"jetpack_publicize_connections":[],"jetpack_sharing_enabled":true,"jetpack_featured_media_url":"https:\/\/www.legistdf.gob.ar\/wp-content\/uploads\/2020\/11\/IMG_8257.jpg","jetpack-related-posts":[],"_links":{"self":[{"href":"https:\/\/www.legistdf.gob.ar\/index.php\/wp-json\/wp\/v2\/posts\/22157"}],"collection":[{"href":"https:\/\/www.legistdf.gob.ar\/index.php\/wp-json\/wp\/v2\/posts"}],"about":[{"href":"https:\/\/www.legistdf.gob.ar\/index.php\/wp-json\/wp\/v2\/types\/post"}],"author":[{"embeddable":true,"href":"https:\/\/www.legistdf.gob.ar\/index.php\/wp-json\/wp\/v2\/users\/352"}],"replies":[{"embeddable":true,"href":"https:\/\/www.legistdf.gob.ar\/index.php\/wp-json\/wp\/v2\/comments?post=22157"}],"version-history":[{"count":4,"href":"https:\/\/www.legistdf.gob.ar\/index.php\/wp-json\/wp\/v2\/posts\/22157\/revisions"}],"predecessor-version":[{"id":22187,"href":"https:\/\/www.legistdf.gob.ar\/index.php\/wp-json\/wp\/v2\/posts\/22157\/revisions\/22187"}],"wp:featuredmedia":[{"embeddable":true,"href":"https:\/\/www.legistdf.gob.ar\/index.php\/wp-json\/wp\/v2\/media\/22179"}],"wp:attachment":[{"href":"https:\/\/www.legistdf.gob.ar\/index.php\/wp-json\/wp\/v2\/media?parent=22157"}],"wp:term":[{"taxonomy":"category","embeddable":true,"href":"https:\/\/www.legistdf.gob.ar\/index.php\/wp-json\/wp\/v2\/categories?post=22157"},{"taxonomy":"post_tag","embeddable":true,"href":"https:\/\/www.legistdf.gob.ar\/index.php\/wp-json\/wp\/v2\/tags?post=22157"}],"curies":[{"name":"wp","href":"https:\/\/api.w.org\/{rel}","templated":true}]}}