{"id":22312,"date":"2020-12-06T18:30:51","date_gmt":"2020-12-06T21:30:51","guid":{"rendered":"http:\/\/www.legistdf.gob.ar\/?p=22312"},"modified":"2020-12-06T16:00:42","modified_gmt":"2020-12-06T19:00:42","slug":"urquiza-trabajamos-nuestro-potencial-productivo-de-exportacion-con-espana","status":"publish","type":"post","link":"https:\/\/www.legistdf.gob.ar\/index.php\/2020\/12\/06\/urquiza-trabajamos-nuestro-potencial-productivo-de-exportacion-con-espana\/","title":{"rendered":"URQUIZA: \u201cTrabajamos nuestro potencial productivo de exportaci\u00f3n con Espa\u00f1a\u201d \u00a0"},"content":{"rendered":"<p><strong><img loading=\"lazy\" decoding=\"async\" data-attachment-id=\"22315\" data-permalink=\"https:\/\/www.legistdf.gob.ar\/index.php\/2020\/12\/06\/urquiza-trabajamos-nuestro-potencial-productivo-de-exportacion-con-espana\/dsc_2230-1\/\" data-orig-file=\"https:\/\/www.legistdf.gob.ar\/wp-content\/uploads\/2020\/12\/DSC_2230-1.jpg\" data-orig-size=\"2464,1640\" data-comments-opened=\"0\" data-image-meta=\"{&quot;aperture&quot;:&quot;4&quot;,&quot;credit&quot;:&quot;&quot;,&quot;camera&quot;:&quot;NIKON D4&quot;,&quot;caption&quot;:&quot;&quot;,&quot;created_timestamp&quot;:&quot;1606885424&quot;,&quot;copyright&quot;:&quot;&quot;,&quot;focal_length&quot;:&quot;70&quot;,&quot;iso&quot;:&quot;3200&quot;,&quot;shutter_speed&quot;:&quot;0.005&quot;,&quot;title&quot;:&quot;&quot;,&quot;orientation&quot;:&quot;0&quot;}\" data-image-title=\"DSC_2230 (1)\" data-image-description=\"\" data-image-caption=\"\" data-medium-file=\"https:\/\/www.legistdf.gob.ar\/wp-content\/uploads\/2020\/12\/DSC_2230-1-300x200.jpg\" data-large-file=\"https:\/\/www.legistdf.gob.ar\/wp-content\/uploads\/2020\/12\/DSC_2230-1-1024x682.jpg\" class=\"alignleft wp-image-22315 size-medium\" src=\"http:\/\/www.legistdf.gob.ar\/wp-content\/uploads\/2020\/12\/DSC_2230-1-300x200.jpg\" alt=\"\" width=\"300\" height=\"200\" srcset=\"https:\/\/www.legistdf.gob.ar\/wp-content\/uploads\/2020\/12\/DSC_2230-1-300x200.jpg 300w, https:\/\/www.legistdf.gob.ar\/wp-content\/uploads\/2020\/12\/DSC_2230-1-768x511.jpg 768w, https:\/\/www.legistdf.gob.ar\/wp-content\/uploads\/2020\/12\/DSC_2230-1-1024x682.jpg 1024w, https:\/\/www.legistdf.gob.ar\/wp-content\/uploads\/2020\/12\/DSC_2230-1-160x106.jpg 160w\" sizes=\"(max-width: 300px) 100vw, 300px\" \/>Ushuaia, domingo 6 de diciembre de 2020.- La presidenta de la C\u00e1mara, vicegobernadora M\u00f3nica Urquiza, junto a Vicegobernadoras y Vicegobernadores de todo el pa\u00eds, mantuvo una reuni\u00f3n virtual con el embajador Argentino en Espa\u00f1a, Dr. Ricardo Alfons\u00edn.<\/strong><\/p>\n<p><strong>\u00a0<\/strong><\/p>\n<p>El encuentro convocado por el vicegobernador de la provincia de Corrientes, Gustavo Canteros y realizado v\u00eda zoom, se realiz\u00f3 en el marco del Programa \u201cArgentina en el Mundo\u201d. El mismo apunt\u00f3 a promocionar las fortalezas y potencialidades de los sectores productivos de cada una de las Provincias argentinas, con posibilidad de exportaci\u00f3n a la Rep\u00fablica de Espa\u00f1a.<img loading=\"lazy\" decoding=\"async\" data-attachment-id=\"22314\" data-permalink=\"https:\/\/www.legistdf.gob.ar\/index.php\/2020\/12\/06\/urquiza-trabajamos-nuestro-potencial-productivo-de-exportacion-con-espana\/dsc_2211-1\/\" data-orig-file=\"https:\/\/www.legistdf.gob.ar\/wp-content\/uploads\/2020\/12\/DSC_2211-1.jpg\" data-orig-size=\"2464,1640\" data-comments-opened=\"0\" data-image-meta=\"{&quot;aperture&quot;:&quot;4&quot;,&quot;credit&quot;:&quot;&quot;,&quot;camera&quot;:&quot;NIKON D4&quot;,&quot;caption&quot;:&quot;&quot;,&quot;created_timestamp&quot;:&quot;1606884249&quot;,&quot;copyright&quot;:&quot;&quot;,&quot;focal_length&quot;:&quot;50&quot;,&quot;iso&quot;:&quot;3200&quot;,&quot;shutter_speed&quot;:&quot;0.005&quot;,&quot;title&quot;:&quot;&quot;,&quot;orientation&quot;:&quot;0&quot;}\" data-image-title=\"DSC_2211 (1)\" data-image-description=\"\" data-image-caption=\"\" data-medium-file=\"https:\/\/www.legistdf.gob.ar\/wp-content\/uploads\/2020\/12\/DSC_2211-1-300x200.jpg\" data-large-file=\"https:\/\/www.legistdf.gob.ar\/wp-content\/uploads\/2020\/12\/DSC_2211-1-1024x682.jpg\" class=\"wp-image-22314 size-medium alignright\" src=\"http:\/\/www.legistdf.gob.ar\/wp-content\/uploads\/2020\/12\/DSC_2211-1-300x200.jpg\" alt=\"\" width=\"300\" height=\"200\" srcset=\"https:\/\/www.legistdf.gob.ar\/wp-content\/uploads\/2020\/12\/DSC_2211-1-300x200.jpg 300w, https:\/\/www.legistdf.gob.ar\/wp-content\/uploads\/2020\/12\/DSC_2211-1-768x511.jpg 768w, https:\/\/www.legistdf.gob.ar\/wp-content\/uploads\/2020\/12\/DSC_2211-1-1024x682.jpg 1024w, https:\/\/www.legistdf.gob.ar\/wp-content\/uploads\/2020\/12\/DSC_2211-1-160x106.jpg 160w\" sizes=\"(max-width: 300px) 100vw, 300px\" \/><\/p>\n<p>&nbsp;<\/p>\n<p>Durante la exposici\u00f3n, la Vicegobernadora destac\u00f3 diversas actividades que la provincia de Tierra del Fuego ofrece como por ejemplo industria electr\u00f3nica, textil, industria del conocimiento, turismo, log\u00edstica ant\u00e1rtica como as\u00ed tambi\u00e9n lo que representa la cuesti\u00f3n Malvinas.<\/p>\n<p>&nbsp;<\/p>\n<p>En este sentido, coment\u00f3 que \u201cEspa\u00f1a es el s\u00e9ptimo pa\u00eds del mundo en el ranking de llegadas de turistas a Argentina, de los cuales el 27% visita Patagonia, con itinerarios que llegan a superar los 20 d\u00edas, principalmente en noviembre y diciembre, potenciando el verano fueguino. Aqu\u00ed tenemos para ofrecer turismo aventura, gastronom\u00eda y por supuesto la Ant\u00e1rtida, que es muy visitada por el turismo europeo y principalmente por los espa\u00f1oles\u201d.<\/p>\n<p>&nbsp;<\/p>\n<p>La presidenta de la C\u00e1mara, afirm\u00f3 \u201cel enclave log\u00edstico que tenemos con Espa\u00f1a, desde Ushuaia y hacia la Ant\u00e1rtida, se ha desarrollado fuertemente desde el a\u00f1o 2005, a trav\u00e9s de la Armada espa\u00f1ola con el buque Hesp\u00e9ride, que realiza la log\u00edstica ant\u00e1rtica desde la capital de la provincia\u201d, destacando que \u201crealizamos un trabajo mancomunado con el gobierno de Espa\u00f1a. Estamos trabajando en el polo tur\u00edstico Ant\u00e1rtico para ofrecer todos los servicios necesarios, que tambi\u00e9n permitir\u00e1 reducir los costos operativos y log\u00edsticos propios de esta actividad\u201d.<\/p>\n<p>&nbsp;<\/p>\n<p>Para concluir, agradeci\u00f3 al vicegobernador de Corrientes, Gustavo Canteros \u201cpor propiciar estos encuentros, porque es muy importante este trabajo de federalismo. Los que estamos m\u00e1s alejados de los centros comerciales agradecemos esta oportunidad de tener estas posibilidades de trabajar en conjunto, es decir los Vicegobernadores, acompa\u00f1ando a nuestros Gobernadores\u201d.<\/p>\n<p>&nbsp;<\/p>\n<p>&nbsp;<\/p>\n<p>&nbsp;<\/p>\n\n\t\t<style type=\"text\/css\">\n\t\t\t#gallery-1 {\n\t\t\t\tmargin: auto;\n\t\t\t}\n\t\t\t#gallery-1 .gallery-item {\n\t\t\t\tfloat: left;\n\t\t\t\tmargin-top: 10px;\n\t\t\t\ttext-align: center;\n\t\t\t\twidth: 33%;\n\t\t\t}\n\t\t\t#gallery-1 img {\n\t\t\t\tborder: 2px solid #cfcfcf;\n\t\t\t}\n\t\t\t#gallery-1 .gallery-caption {\n\t\t\t\tmargin-left: 0;\n\t\t\t}\n\t\t\t\/* see gallery_shortcode() in wp-includes\/media.php *\/\n\t\t<\/style>\n\t\t<div data-carousel-extra='{\"blog_id\":1,\"permalink\":\"https:\\\/\\\/www.legistdf.gob.ar\\\/index.php\\\/2020\\\/12\\\/06\\\/urquiza-trabajamos-nuestro-potencial-productivo-de-exportacion-con-espana\\\/\"}' id='gallery-1' class='gallery galleryid-22312 gallery-columns-3 gallery-size-thumbnail'><dl class='gallery-item'>\n\t\t\t<dt class='gallery-icon landscape'>\n\t\t\t\t<a href='https:\/\/www.legistdf.gob.ar\/index.php\/2020\/12\/06\/urquiza-trabajamos-nuestro-potencial-productivo-de-exportacion-con-espana\/dsc_2205\/'><img loading=\"lazy\" decoding=\"async\" width=\"150\" height=\"150\" src=\"https:\/\/www.legistdf.gob.ar\/wp-content\/uploads\/2020\/12\/DSC_2205-150x150.jpg\" class=\"attachment-thumbnail size-thumbnail\" alt=\"\" srcset=\"https:\/\/www.legistdf.gob.ar\/wp-content\/uploads\/2020\/12\/DSC_2205-150x150.jpg 150w, https:\/\/www.legistdf.gob.ar\/wp-content\/uploads\/2020\/12\/DSC_2205-64x64.jpg 64w\" sizes=\"(max-width: 150px) 100vw, 150px\" data-attachment-id=\"22313\" data-permalink=\"https:\/\/www.legistdf.gob.ar\/index.php\/2020\/12\/06\/urquiza-trabajamos-nuestro-potencial-productivo-de-exportacion-con-espana\/dsc_2205\/\" data-orig-file=\"https:\/\/www.legistdf.gob.ar\/wp-content\/uploads\/2020\/12\/DSC_2205.jpg\" data-orig-size=\"2464,1640\" data-comments-opened=\"0\" data-image-meta=\"{&quot;aperture&quot;:&quot;4&quot;,&quot;credit&quot;:&quot;&quot;,&quot;camera&quot;:&quot;NIKON D4&quot;,&quot;caption&quot;:&quot;&quot;,&quot;created_timestamp&quot;:&quot;1606883504&quot;,&quot;copyright&quot;:&quot;&quot;,&quot;focal_length&quot;:&quot;92&quot;,&quot;iso&quot;:&quot;3200&quot;,&quot;shutter_speed&quot;:&quot;0.005&quot;,&quot;title&quot;:&quot;&quot;,&quot;orientation&quot;:&quot;0&quot;}\" data-image-title=\"DSC_2205\" data-image-description=\"\" data-image-caption=\"\" data-medium-file=\"https:\/\/www.legistdf.gob.ar\/wp-content\/uploads\/2020\/12\/DSC_2205-300x200.jpg\" data-large-file=\"https:\/\/www.legistdf.gob.ar\/wp-content\/uploads\/2020\/12\/DSC_2205-1024x682.jpg\" \/><\/a>\n\t\t\t<\/dt><\/dl><dl class='gallery-item'>\n\t\t\t<dt class='gallery-icon landscape'>\n\t\t\t\t<a href='https:\/\/www.legistdf.gob.ar\/index.php\/2020\/12\/06\/urquiza-trabajamos-nuestro-potencial-productivo-de-exportacion-con-espana\/dsc_2211-1\/'><img loading=\"lazy\" decoding=\"async\" width=\"150\" height=\"150\" src=\"https:\/\/www.legistdf.gob.ar\/wp-content\/uploads\/2020\/12\/DSC_2211-1-150x150.jpg\" class=\"attachment-thumbnail size-thumbnail\" alt=\"\" srcset=\"https:\/\/www.legistdf.gob.ar\/wp-content\/uploads\/2020\/12\/DSC_2211-1-150x150.jpg 150w, https:\/\/www.legistdf.gob.ar\/wp-content\/uploads\/2020\/12\/DSC_2211-1-64x64.jpg 64w\" sizes=\"(max-width: 150px) 100vw, 150px\" data-attachment-id=\"22314\" data-permalink=\"https:\/\/www.legistdf.gob.ar\/index.php\/2020\/12\/06\/urquiza-trabajamos-nuestro-potencial-productivo-de-exportacion-con-espana\/dsc_2211-1\/\" data-orig-file=\"https:\/\/www.legistdf.gob.ar\/wp-content\/uploads\/2020\/12\/DSC_2211-1.jpg\" data-orig-size=\"2464,1640\" data-comments-opened=\"0\" data-image-meta=\"{&quot;aperture&quot;:&quot;4&quot;,&quot;credit&quot;:&quot;&quot;,&quot;camera&quot;:&quot;NIKON D4&quot;,&quot;caption&quot;:&quot;&quot;,&quot;created_timestamp&quot;:&quot;1606884249&quot;,&quot;copyright&quot;:&quot;&quot;,&quot;focal_length&quot;:&quot;50&quot;,&quot;iso&quot;:&quot;3200&quot;,&quot;shutter_speed&quot;:&quot;0.005&quot;,&quot;title&quot;:&quot;&quot;,&quot;orientation&quot;:&quot;0&quot;}\" data-image-title=\"DSC_2211 (1)\" data-image-description=\"\" data-image-caption=\"\" data-medium-file=\"https:\/\/www.legistdf.gob.ar\/wp-content\/uploads\/2020\/12\/DSC_2211-1-300x200.jpg\" data-large-file=\"https:\/\/www.legistdf.gob.ar\/wp-content\/uploads\/2020\/12\/DSC_2211-1-1024x682.jpg\" \/><\/a>\n\t\t\t<\/dt><\/dl><dl class='gallery-item'>\n\t\t\t<dt class='gallery-icon landscape'>\n\t\t\t\t<a href='https:\/\/www.legistdf.gob.ar\/index.php\/2020\/12\/06\/urquiza-trabajamos-nuestro-potencial-productivo-de-exportacion-con-espana\/dsc_2230-1\/'><img loading=\"lazy\" decoding=\"async\" width=\"150\" height=\"150\" src=\"https:\/\/www.legistdf.gob.ar\/wp-content\/uploads\/2020\/12\/DSC_2230-1-150x150.jpg\" class=\"attachment-thumbnail size-thumbnail\" alt=\"\" srcset=\"https:\/\/www.legistdf.gob.ar\/wp-content\/uploads\/2020\/12\/DSC_2230-1-150x150.jpg 150w, https:\/\/www.legistdf.gob.ar\/wp-content\/uploads\/2020\/12\/DSC_2230-1-64x64.jpg 64w\" sizes=\"(max-width: 150px) 100vw, 150px\" data-attachment-id=\"22315\" data-permalink=\"https:\/\/www.legistdf.gob.ar\/index.php\/2020\/12\/06\/urquiza-trabajamos-nuestro-potencial-productivo-de-exportacion-con-espana\/dsc_2230-1\/\" data-orig-file=\"https:\/\/www.legistdf.gob.ar\/wp-content\/uploads\/2020\/12\/DSC_2230-1.jpg\" data-orig-size=\"2464,1640\" data-comments-opened=\"0\" data-image-meta=\"{&quot;aperture&quot;:&quot;4&quot;,&quot;credit&quot;:&quot;&quot;,&quot;camera&quot;:&quot;NIKON D4&quot;,&quot;caption&quot;:&quot;&quot;,&quot;created_timestamp&quot;:&quot;1606885424&quot;,&quot;copyright&quot;:&quot;&quot;,&quot;focal_length&quot;:&quot;70&quot;,&quot;iso&quot;:&quot;3200&quot;,&quot;shutter_speed&quot;:&quot;0.005&quot;,&quot;title&quot;:&quot;&quot;,&quot;orientation&quot;:&quot;0&quot;}\" data-image-title=\"DSC_2230 (1)\" data-image-description=\"\" data-image-caption=\"\" data-medium-file=\"https:\/\/www.legistdf.gob.ar\/wp-content\/uploads\/2020\/12\/DSC_2230-1-300x200.jpg\" data-large-file=\"https:\/\/www.legistdf.gob.ar\/wp-content\/uploads\/2020\/12\/DSC_2230-1-1024x682.jpg\" \/><\/a>\n\t\t\t<\/dt><\/dl><br style=\"clear: both\" \/><dl class='gallery-item'>\n\t\t\t<dt class='gallery-icon landscape'>\n\t\t\t\t<a href='https:\/\/www.legistdf.gob.ar\/index.php\/2020\/12\/06\/urquiza-trabajamos-nuestro-potencial-productivo-de-exportacion-con-espana\/dsc_2265-1\/'><img loading=\"lazy\" decoding=\"async\" width=\"150\" height=\"150\" src=\"https:\/\/www.legistdf.gob.ar\/wp-content\/uploads\/2020\/12\/DSC_2265-1-150x150.jpg\" class=\"attachment-thumbnail size-thumbnail\" alt=\"\" srcset=\"https:\/\/www.legistdf.gob.ar\/wp-content\/uploads\/2020\/12\/DSC_2265-1-150x150.jpg 150w, https:\/\/www.legistdf.gob.ar\/wp-content\/uploads\/2020\/12\/DSC_2265-1-64x64.jpg 64w\" sizes=\"(max-width: 150px) 100vw, 150px\" data-attachment-id=\"22316\" data-permalink=\"https:\/\/www.legistdf.gob.ar\/index.php\/2020\/12\/06\/urquiza-trabajamos-nuestro-potencial-productivo-de-exportacion-con-espana\/dsc_2265-1\/\" data-orig-file=\"https:\/\/www.legistdf.gob.ar\/wp-content\/uploads\/2020\/12\/DSC_2265-1.jpg\" data-orig-size=\"2464,1640\" data-comments-opened=\"0\" data-image-meta=\"{&quot;aperture&quot;:&quot;5&quot;,&quot;credit&quot;:&quot;&quot;,&quot;camera&quot;:&quot;NIKON D4&quot;,&quot;caption&quot;:&quot;&quot;,&quot;created_timestamp&quot;:&quot;1606885857&quot;,&quot;copyright&quot;:&quot;&quot;,&quot;focal_length&quot;:&quot;48&quot;,&quot;iso&quot;:&quot;3200&quot;,&quot;shutter_speed&quot;:&quot;0.005&quot;,&quot;title&quot;:&quot;&quot;,&quot;orientation&quot;:&quot;0&quot;}\" data-image-title=\"DSC_2265 (1)\" data-image-description=\"\" data-image-caption=\"\" data-medium-file=\"https:\/\/www.legistdf.gob.ar\/wp-content\/uploads\/2020\/12\/DSC_2265-1-300x200.jpg\" data-large-file=\"https:\/\/www.legistdf.gob.ar\/wp-content\/uploads\/2020\/12\/DSC_2265-1-1024x682.jpg\" \/><\/a>\n\t\t\t<\/dt><\/dl>\n\t\t\t<br style='clear: both' \/>\n\t\t<\/div>\n\n","protected":false},"excerpt":{"rendered":"<p>Ushuaia, domingo 6 de diciembre de 2020.- La presidenta de la C\u00e1mara, vicegobernadora M\u00f3nica Urquiza, junto a Vicegobernadoras y Vicegobernadores de todo el pa\u00eds, mantuvo una reuni\u00f3n virtual con el embajador Argentino en Espa\u00f1a, Dr. Ricardo Alfons\u00edn. \u00a0 El encuentro convocado por el vicegobernador de la provincia de Corrientes, Gustavo Canteros y realizado v\u00eda zoom, [&hellip;]<\/p>\n","protected":false},"author":352,"featured_media":22316,"comment_status":"closed","ping_status":"open","sticky":false,"template":"","format":"standard","meta":{"jetpack_post_was_ever_published":false,"_jetpack_newsletter_access":"","_jetpack_dont_email_post_to_subs":false,"_jetpack_newsletter_tier_id":0,"footnotes":"","jetpack_publicize_message":"","jetpack_publicize_feature_enabled":true,"jetpack_social_post_already_shared":true,"jetpack_social_options":{"image_generator_settings":{"template":"highway","enabled":false}}},"categories":[1],"tags":[947,2016,144,2085],"jetpack_publicize_connections":[],"jetpack_sharing_enabled":true,"jetpack_featured_media_url":"https:\/\/www.legistdf.gob.ar\/wp-content\/uploads\/2020\/12\/DSC_2265-1.jpg","jetpack-related-posts":[],"_links":{"self":[{"href":"https:\/\/www.legistdf.gob.ar\/index.php\/wp-json\/wp\/v2\/posts\/22312"}],"collection":[{"href":"https:\/\/www.legistdf.gob.ar\/index.php\/wp-json\/wp\/v2\/posts"}],"about":[{"href":"https:\/\/www.legistdf.gob.ar\/index.php\/wp-json\/wp\/v2\/types\/post"}],"author":[{"embeddable":true,"href":"https:\/\/www.legistdf.gob.ar\/index.php\/wp-json\/wp\/v2\/users\/352"}],"replies":[{"embeddable":true,"href":"https:\/\/www.legistdf.gob.ar\/index.php\/wp-json\/wp\/v2\/comments?post=22312"}],"version-history":[{"count":1,"href":"https:\/\/www.legistdf.gob.ar\/index.php\/wp-json\/wp\/v2\/posts\/22312\/revisions"}],"predecessor-version":[{"id":22317,"href":"https:\/\/www.legistdf.gob.ar\/index.php\/wp-json\/wp\/v2\/posts\/22312\/revisions\/22317"}],"wp:featuredmedia":[{"embeddable":true,"href":"https:\/\/www.legistdf.gob.ar\/index.php\/wp-json\/wp\/v2\/media\/22316"}],"wp:attachment":[{"href":"https:\/\/www.legistdf.gob.ar\/index.php\/wp-json\/wp\/v2\/media?parent=22312"}],"wp:term":[{"taxonomy":"category","embeddable":true,"href":"https:\/\/www.legistdf.gob.ar\/index.php\/wp-json\/wp\/v2\/categories?post=22312"},{"taxonomy":"post_tag","embeddable":true,"href":"https:\/\/www.legistdf.gob.ar\/index.php\/wp-json\/wp\/v2\/tags?post=22312"}],"curies":[{"name":"wp","href":"https:\/\/api.w.org\/{rel}","templated":true}]}}