{"id":22595,"date":"2020-12-31T00:02:19","date_gmt":"2020-12-31T03:02:19","guid":{"rendered":"http:\/\/www.legistdf.gob.ar\/?p=22595"},"modified":"2020-12-30T18:09:57","modified_gmt":"2020-12-30T21:09:57","slug":"legislatura-damian-loffler-brindo-un-saludo-por-el-ano-legislativo-que-finalizo-ayer","status":"publish","type":"post","link":"https:\/\/www.legistdf.gob.ar\/index.php\/2020\/12\/31\/legislatura-damian-loffler-brindo-un-saludo-por-el-ano-legislativo-que-finalizo-ayer\/","title":{"rendered":"LEGISLATURA: Dami\u00e1n L\u00f6ffler brind\u00f3 un saludo por el a\u00f1o legislativo que finaliz\u00f3 ayer"},"content":{"rendered":"<p><strong><img loading=\"lazy\" decoding=\"async\" data-attachment-id=\"22532\" data-permalink=\"https:\/\/www.legistdf.gob.ar\/index.php\/2020\/12\/29\/galeria-imagenes-de-la-4a-sesion-ordinaria-nueva-publicacion\/img_8515-2\/\" data-orig-file=\"https:\/\/www.legistdf.gob.ar\/wp-content\/uploads\/2020\/12\/IMG_8515.jpg\" data-orig-size=\"1500,1000\" data-comments-opened=\"0\" data-image-meta=\"{&quot;aperture&quot;:&quot;2.8&quot;,&quot;credit&quot;:&quot;&quot;,&quot;camera&quot;:&quot;Canon EOS 6D&quot;,&quot;caption&quot;:&quot;&quot;,&quot;created_timestamp&quot;:&quot;1609218760&quot;,&quot;copyright&quot;:&quot;&quot;,&quot;focal_length&quot;:&quot;70&quot;,&quot;iso&quot;:&quot;640&quot;,&quot;shutter_speed&quot;:&quot;0.008&quot;,&quot;title&quot;:&quot;&quot;,&quot;orientation&quot;:&quot;1&quot;}\" data-image-title=\"IMG_8515\" data-image-description=\"\" data-image-caption=\"\" data-medium-file=\"https:\/\/www.legistdf.gob.ar\/wp-content\/uploads\/2020\/12\/IMG_8515-300x200.jpg\" data-large-file=\"https:\/\/www.legistdf.gob.ar\/wp-content\/uploads\/2020\/12\/IMG_8515-1024x683.jpg\" class=\"alignleft wp-image-22532 size-medium\" src=\"http:\/\/www.legistdf.gob.ar\/wp-content\/uploads\/2020\/12\/IMG_8515-300x200.jpg\" alt=\"\" width=\"300\" height=\"200\" srcset=\"https:\/\/www.legistdf.gob.ar\/wp-content\/uploads\/2020\/12\/IMG_8515-300x200.jpg 300w, https:\/\/www.legistdf.gob.ar\/wp-content\/uploads\/2020\/12\/IMG_8515-768x512.jpg 768w, https:\/\/www.legistdf.gob.ar\/wp-content\/uploads\/2020\/12\/IMG_8515-1024x683.jpg 1024w, https:\/\/www.legistdf.gob.ar\/wp-content\/uploads\/2020\/12\/IMG_8515-160x107.jpg 160w, https:\/\/www.legistdf.gob.ar\/wp-content\/uploads\/2020\/12\/IMG_8515.jpg 1500w\" sizes=\"(max-width: 300px) 100vw, 300px\" \/>Ushuaia, jueves 31 de diciembre de 2020.- El Vicepresidente 1\u00b0 a cargo de la Presidencia del Parlamento fueguino, legislador Dami\u00e1n L\u00f6ffler (MPF), salud\u00f3 ayer \u2013pasada la medianoche- el trabajo de la Casa pol\u00edtica en medio de la pandemia por COVID19. En nombre de la Presidenta de la C\u00e1mara, vicegobernadora M\u00f3nica Urquiza, \u201cquiero agradecer el trabajo de todo el personal\u201d de la Legislatura Provincial. A su alocuci\u00f3n, se sumaron otros Parlamentarios que ponderaron el trabajo del a\u00f1o 2020 de la Casa pol\u00edtica fueguina.<\/strong><\/p>\n<p><strong>\u00a0<\/strong><\/p>\n<p>El referente del MPF legislativo comprendi\u00f3 que se trat\u00f3 de un \u201ca\u00f1o muy dif\u00edcil para todos\u201d y transmiti\u00f3 \u2013en nombre de la titular del Poder Legislativo y el resto de la composici\u00f3n- \u201clo profundamente agradecidos que estamos por la tarea y el acompa\u00f1amiento\u201d que recibieron durante \u201cel a\u00f1o tan dif\u00edcil y especial para todos\u201d.<\/p>\n<p>&nbsp;<\/p>\n<p>En otro p\u00e1rrafo de su mensaje, L\u00f6ffler tambi\u00e9n se refiri\u00f3 a la labor de sus pares, de quienes destac\u00f3 el \u201ccompromiso, no solamente por el trabajo de ustedes sino para con el pueblo de la Provincia\u201d, dijo. Y entendi\u00f3 que durante el a\u00f1o de la pandemia, el Parlamento trabaj\u00f3 en herramientas que \u201cno redundan en beneficio de un gobierno sino que, con absoluta responsabilidad, con absoluto conocimiento de la realidad que nos toc\u00f3 vivir y nos va a tocar transitar en un tiempo m\u00e1s\u201d van hacia la ciudadan\u00eda, se\u00f1al\u00f3 al cierre de la cuarta sesi\u00f3n ordinaria del a\u00f1o.<\/p>\n<p>&nbsp;<\/p>\n<p>Dijo que los Legisladores transitaron su labor \u201ccon absoluto compromiso, independencia, con la mejor predisposici\u00f3n\u201d y record\u00f3 la particularidad del a\u00f1o 2020; \u201ccon situaciones complejas en t\u00e9rminos de salud para muchos de nosotros\u201d. Tambi\u00e9n, en su mensaje de cierre record\u00f3: \u201cLamentablemente hemos perdido compa\u00f1eros de trabajo de la Casa que conoc\u00edamos desde hace muchos a\u00f1os\u201d.<\/p>\n<p>&nbsp;<\/p>\n<p>Destac\u00f3 la funci\u00f3n de los legisladores Ricardo Furlan (FDT-PJ) y Mario Jorge Colazo (PV) quienes transitaron el a\u00f1o legislativo de forma remota, una vez que la C\u00e1mara modific\u00f3 el Reglamento Interno. En este sentido, referenci\u00f3 a las extensas horas frente a los dispositivos para poder asistir a las actividades y reiter\u00f3 \u201cun agradecimiento muy especial\u201d.<\/p>\n<p>&nbsp;<\/p>\n<p style=\"text-align: right\">AT<\/p>\n","protected":false},"excerpt":{"rendered":"<p>Ushuaia, jueves 31 de diciembre de 2020.- El Vicepresidente 1\u00b0 a cargo de la Presidencia del Parlamento fueguino, legislador Dami\u00e1n L\u00f6ffler (MPF), salud\u00f3 ayer \u2013pasada la medianoche- el trabajo de la Casa pol\u00edtica en medio de la pandemia por COVID19. En nombre de la Presidenta de la C\u00e1mara, vicegobernadora M\u00f3nica Urquiza, \u201cquiero agradecer el trabajo [&hellip;]<\/p>\n","protected":false},"author":352,"featured_media":22532,"comment_status":"closed","ping_status":"open","sticky":false,"template":"","format":"standard","meta":{"jetpack_post_was_ever_published":false,"_jetpack_newsletter_access":"","_jetpack_dont_email_post_to_subs":false,"_jetpack_newsletter_tier_id":0,"footnotes":"","jetpack_publicize_message":"","jetpack_publicize_feature_enabled":true,"jetpack_social_post_already_shared":true,"jetpack_social_options":{"image_generator_settings":{"template":"highway","enabled":false}}},"categories":[1],"tags":[1918,388,78,117,79,87],"jetpack_publicize_connections":[],"jetpack_sharing_enabled":true,"jetpack_featured_media_url":"https:\/\/www.legistdf.gob.ar\/wp-content\/uploads\/2020\/12\/IMG_8515.jpg","jetpack-related-posts":[],"_links":{"self":[{"href":"https:\/\/www.legistdf.gob.ar\/index.php\/wp-json\/wp\/v2\/posts\/22595"}],"collection":[{"href":"https:\/\/www.legistdf.gob.ar\/index.php\/wp-json\/wp\/v2\/posts"}],"about":[{"href":"https:\/\/www.legistdf.gob.ar\/index.php\/wp-json\/wp\/v2\/types\/post"}],"author":[{"embeddable":true,"href":"https:\/\/www.legistdf.gob.ar\/index.php\/wp-json\/wp\/v2\/users\/352"}],"replies":[{"embeddable":true,"href":"https:\/\/www.legistdf.gob.ar\/index.php\/wp-json\/wp\/v2\/comments?post=22595"}],"version-history":[{"count":1,"href":"https:\/\/www.legistdf.gob.ar\/index.php\/wp-json\/wp\/v2\/posts\/22595\/revisions"}],"predecessor-version":[{"id":22598,"href":"https:\/\/www.legistdf.gob.ar\/index.php\/wp-json\/wp\/v2\/posts\/22595\/revisions\/22598"}],"wp:featuredmedia":[{"embeddable":true,"href":"https:\/\/www.legistdf.gob.ar\/index.php\/wp-json\/wp\/v2\/media\/22532"}],"wp:attachment":[{"href":"https:\/\/www.legistdf.gob.ar\/index.php\/wp-json\/wp\/v2\/media?parent=22595"}],"wp:term":[{"taxonomy":"category","embeddable":true,"href":"https:\/\/www.legistdf.gob.ar\/index.php\/wp-json\/wp\/v2\/categories?post=22595"},{"taxonomy":"post_tag","embeddable":true,"href":"https:\/\/www.legistdf.gob.ar\/index.php\/wp-json\/wp\/v2\/tags?post=22595"}],"curies":[{"name":"wp","href":"https:\/\/api.w.org\/{rel}","templated":true}]}}