{"id":22894,"date":"2021-03-01T15:09:28","date_gmt":"2021-03-01T18:09:28","guid":{"rendered":"http:\/\/www.legistdf.gob.ar\/?p=22894"},"modified":"2021-03-01T15:16:54","modified_gmt":"2021-03-01T18:16:54","slug":"legislatura-melella-repaso-las-principales-acciones-gubernamentales-en-un-ano-de-pandemia-por-covid-19","status":"publish","type":"post","link":"https:\/\/www.legistdf.gob.ar\/index.php\/2021\/03\/01\/legislatura-melella-repaso-las-principales-acciones-gubernamentales-en-un-ano-de-pandemia-por-covid-19\/","title":{"rendered":"LEGISLATURA: Melella repas\u00f3 las principales acciones gubernamentales en un a\u00f1o de pandemia por COVID-19"},"content":{"rendered":"<p><strong><img loading=\"lazy\" decoding=\"async\" data-attachment-id=\"22877\" data-permalink=\"https:\/\/www.legistdf.gob.ar\/_mg_4570\/\" data-orig-file=\"https:\/\/www.legistdf.gob.ar\/wp-content\/uploads\/2021\/03\/MG_4570.jpg\" data-orig-size=\"1500,1000\" data-comments-opened=\"0\" data-image-meta=\"{&quot;aperture&quot;:&quot;4.5&quot;,&quot;credit&quot;:&quot;PrenlsaLegislativa2015&quot;,&quot;camera&quot;:&quot;Canon EOS 60D&quot;,&quot;caption&quot;:&quot;&quot;,&quot;created_timestamp&quot;:&quot;1614577665&quot;,&quot;copyright&quot;:&quot;&quot;,&quot;focal_length&quot;:&quot;90&quot;,&quot;iso&quot;:&quot;1000&quot;,&quot;shutter_speed&quot;:&quot;0.008&quot;,&quot;title&quot;:&quot;&quot;,&quot;orientation&quot;:&quot;1&quot;}\" data-image-title=\"_MG_4570\" data-image-description=\"\" data-image-caption=\"\" data-medium-file=\"https:\/\/www.legistdf.gob.ar\/wp-content\/uploads\/2021\/03\/MG_4570-300x200.jpg\" data-large-file=\"https:\/\/www.legistdf.gob.ar\/wp-content\/uploads\/2021\/03\/MG_4570-1024x683.jpg\" class=\"alignleft wp-image-22877 size-medium\" src=\"http:\/\/www.legistdf.gob.ar\/wp-content\/uploads\/2021\/03\/MG_4570-300x200.jpg\" alt=\"\" width=\"300\" height=\"200\" srcset=\"https:\/\/www.legistdf.gob.ar\/wp-content\/uploads\/2021\/03\/MG_4570-300x200.jpg 300w, https:\/\/www.legistdf.gob.ar\/wp-content\/uploads\/2021\/03\/MG_4570-768x512.jpg 768w, https:\/\/www.legistdf.gob.ar\/wp-content\/uploads\/2021\/03\/MG_4570-1024x683.jpg 1024w, https:\/\/www.legistdf.gob.ar\/wp-content\/uploads\/2021\/03\/MG_4570-160x107.jpg 160w, https:\/\/www.legistdf.gob.ar\/wp-content\/uploads\/2021\/03\/MG_4570.jpg 1500w\" sizes=\"(max-width: 300px) 100vw, 300px\" \/>Ushuaia, lunes 1\u00b0 de marzo de 2021.- Con el tradicional mensaje dirigido al pueblo de la Provincia, el gobernador profesor Gustavo Melella, inaugur\u00f3 el 38\u00b0 per\u00edodo de sesiones ordinarias del Poder Legislativo. La Presidenta del Parlamento, vicegobernadora M\u00f3nica Urquiza presidi\u00f3 el encuentro, acompa\u00f1ada por el titular del Superior Tribunal de Justicia, Dr. Javier Muchnik. Del acto participaron trece Parlamentarios de manera presencial y los legisladores Ricardo Furlan (FdT-PJ) y Jorge Colazo (PV) en forma remota, en atenci\u00f3n al protocolo sanitario vigente.<\/strong><\/p>\n<p>&nbsp;<\/p>\n<p>El titular del Poder Ejecutivo de Tierra del Fuego record\u00f3, al inicio de su mensaje, que luego de la apertura de sesiones de 2020 \u201cun par de semanas m\u00e1s tarde, nos cay\u00f3 encima una realidad que jam\u00e1s hubi\u00e9ramos imaginado vivir\u201d, dijo. Desde ese momento, repas\u00f3 las acciones llevadas a cabo por el Gobierno provincial entre las que destac\u00f3 las medidas adoptadas para enfrentar la pandemia por COVID-19 y contener a los fueguinos m\u00e1s necesitados o vulnerables.<\/p>\n<p>&nbsp;<\/p>\n<p><img loading=\"lazy\" decoding=\"async\" data-attachment-id=\"22869\" data-permalink=\"https:\/\/www.legistdf.gob.ar\/_mg_4562\/\" data-orig-file=\"https:\/\/www.legistdf.gob.ar\/wp-content\/uploads\/2021\/03\/MG_4562.jpg\" data-orig-size=\"1500,1000\" data-comments-opened=\"0\" data-image-meta=\"{&quot;aperture&quot;:&quot;4&quot;,&quot;credit&quot;:&quot;PrenlsaLegislativa2015&quot;,&quot;camera&quot;:&quot;Canon EOS 60D&quot;,&quot;caption&quot;:&quot;&quot;,&quot;created_timestamp&quot;:&quot;1614577587&quot;,&quot;copyright&quot;:&quot;&quot;,&quot;focal_length&quot;:&quot;75&quot;,&quot;iso&quot;:&quot;1000&quot;,&quot;shutter_speed&quot;:&quot;0.008&quot;,&quot;title&quot;:&quot;&quot;,&quot;orientation&quot;:&quot;1&quot;}\" data-image-title=\"_MG_4562\" data-image-description=\"\" data-image-caption=\"\" data-medium-file=\"https:\/\/www.legistdf.gob.ar\/wp-content\/uploads\/2021\/03\/MG_4562-300x200.jpg\" data-large-file=\"https:\/\/www.legistdf.gob.ar\/wp-content\/uploads\/2021\/03\/MG_4562-1024x683.jpg\" class=\"alignright wp-image-22869 size-medium\" src=\"http:\/\/www.legistdf.gob.ar\/wp-content\/uploads\/2021\/03\/MG_4562-300x200.jpg\" alt=\"\" width=\"300\" height=\"200\" srcset=\"https:\/\/www.legistdf.gob.ar\/wp-content\/uploads\/2021\/03\/MG_4562-300x200.jpg 300w, https:\/\/www.legistdf.gob.ar\/wp-content\/uploads\/2021\/03\/MG_4562-768x512.jpg 768w, https:\/\/www.legistdf.gob.ar\/wp-content\/uploads\/2021\/03\/MG_4562-1024x683.jpg 1024w, https:\/\/www.legistdf.gob.ar\/wp-content\/uploads\/2021\/03\/MG_4562-160x107.jpg 160w, https:\/\/www.legistdf.gob.ar\/wp-content\/uploads\/2021\/03\/MG_4562.jpg 1500w\" sizes=\"(max-width: 300px) 100vw, 300px\" \/>Rese\u00f1\u00f3 los avances de este \u00faltimo a\u00f1o en \u00e1reas como salud p\u00fablica, contenci\u00f3n social, y cuesti\u00f3n de g\u00e9nero; la aplicaci\u00f3n del programa PROGRESO al que calific\u00f3 como \u201cuna herramienta indispensable en la crisis\u201d. Deline\u00f3 tambi\u00e9n las acciones a seguir en los \u00e1mbitos del trabajo y empleo, educaci\u00f3n, deportes, obras y servicios p\u00fablicos, turismo, lucha contra el narcotr\u00e1fico, entre otros.<\/p>\n<p>&nbsp;<\/p>\n<p>En su mensaje al pueblo de la Provincia, se refiri\u00f3 al reordenamiento y las prioridades de la Administraci\u00f3n p\u00fablica en materia de finanzas y ahond\u00f3 en detalles sobre la deuda p\u00fablica provincial, coparticipaci\u00f3n y asegur\u00f3 que su gesti\u00f3n \u201cdar\u00e1 respuestas a una demanda genuina respecto de tierra y viviendas para los fueguinos\u201d.<\/p>\n<p>&nbsp;<\/p>\n<p><img loading=\"lazy\" decoding=\"async\" data-attachment-id=\"22882\" data-permalink=\"https:\/\/www.legistdf.gob.ar\/sin-titulo-1-4\/\" data-orig-file=\"https:\/\/www.legistdf.gob.ar\/wp-content\/uploads\/2021\/03\/Sin-t\u00edtulo-1.jpg\" data-orig-size=\"1366,768\" data-comments-opened=\"0\" data-image-meta=\"{&quot;aperture&quot;:&quot;0&quot;,&quot;credit&quot;:&quot;&quot;,&quot;camera&quot;:&quot;&quot;,&quot;caption&quot;:&quot;&quot;,&quot;created_timestamp&quot;:&quot;0&quot;,&quot;copyright&quot;:&quot;&quot;,&quot;focal_length&quot;:&quot;0&quot;,&quot;iso&quot;:&quot;0&quot;,&quot;shutter_speed&quot;:&quot;0&quot;,&quot;title&quot;:&quot;&quot;,&quot;orientation&quot;:&quot;1&quot;}\" data-image-title=\"Sin t\u00edtulo-1\" data-image-description=\"\" data-image-caption=\"\" data-medium-file=\"https:\/\/www.legistdf.gob.ar\/wp-content\/uploads\/2021\/03\/Sin-t\u00edtulo-1-300x169.jpg\" data-large-file=\"https:\/\/www.legistdf.gob.ar\/wp-content\/uploads\/2021\/03\/Sin-t\u00edtulo-1-1024x576.jpg\" class=\"aligncenter size-full wp-image-22882\" src=\"http:\/\/www.legistdf.gob.ar\/wp-content\/uploads\/2021\/03\/Sin-t\u00edtulo-1.jpg\" alt=\"\" width=\"1366\" height=\"768\" srcset=\"https:\/\/www.legistdf.gob.ar\/wp-content\/uploads\/2021\/03\/Sin-t\u00edtulo-1.jpg 1366w, https:\/\/www.legistdf.gob.ar\/wp-content\/uploads\/2021\/03\/Sin-t\u00edtulo-1-300x169.jpg 300w, https:\/\/www.legistdf.gob.ar\/wp-content\/uploads\/2021\/03\/Sin-t\u00edtulo-1-768x432.jpg 768w, https:\/\/www.legistdf.gob.ar\/wp-content\/uploads\/2021\/03\/Sin-t\u00edtulo-1-1024x576.jpg 1024w, https:\/\/www.legistdf.gob.ar\/wp-content\/uploads\/2021\/03\/Sin-t\u00edtulo-1-160x90.jpg 160w\" sizes=\"(max-width: 1366px) 100vw, 1366px\" \/><\/p>\n<p>Tambi\u00e9n, el gobernador Melella, anunci\u00f3 \u201cla proyecci\u00f3n de diez grandes acciones\u201d y resumi\u00f3 en: Conexiones intradomiciliarias de gas para R\u00edo Grande y Tolhuin; construcci\u00f3n de un nuevo gimnasio en el barrio R\u00edo Pipo de Ushuaia; construcci\u00f3n de una pileta semiol\u00edmpica la Margen sur de R\u00edo Grande; el llamado a licitaci\u00f3n para la construcci\u00f3n de una Comisaria de G\u00e9nero y Familia en el barrio San Mart\u00edn de R\u00edo Grande; obras de refacci\u00f3n en el hospital regional de Ushuaia \u201cGdor. Ernesto Campos\u201d; la construcci\u00f3n de dos pistas de atletismo para R\u00edo Grande y Ushuaia \u201cque contar\u00e1 con la \u00faltima tecnolog\u00eda\u201d y el reacondicionamiento de distintos edificios p\u00fablicos.<\/p>\n<p>&nbsp;<\/p>\n<p><img loading=\"lazy\" decoding=\"async\" data-attachment-id=\"22880\" data-permalink=\"https:\/\/www.legistdf.gob.ar\/_mg_4574\/\" data-orig-file=\"https:\/\/www.legistdf.gob.ar\/wp-content\/uploads\/2021\/03\/MG_4574.jpg\" data-orig-size=\"1500,1000\" data-comments-opened=\"0\" data-image-meta=\"{&quot;aperture&quot;:&quot;3.5&quot;,&quot;credit&quot;:&quot;PrenlsaLegislativa2015&quot;,&quot;camera&quot;:&quot;Canon EOS 60D&quot;,&quot;caption&quot;:&quot;&quot;,&quot;created_timestamp&quot;:&quot;1614577735&quot;,&quot;copyright&quot;:&quot;&quot;,&quot;focal_length&quot;:&quot;10&quot;,&quot;iso&quot;:&quot;1000&quot;,&quot;shutter_speed&quot;:&quot;0.01&quot;,&quot;title&quot;:&quot;&quot;,&quot;orientation&quot;:&quot;1&quot;}\" data-image-title=\"_MG_4574\" data-image-description=\"\" data-image-caption=\"\" data-medium-file=\"https:\/\/www.legistdf.gob.ar\/wp-content\/uploads\/2021\/03\/MG_4574-300x200.jpg\" data-large-file=\"https:\/\/www.legistdf.gob.ar\/wp-content\/uploads\/2021\/03\/MG_4574-1024x683.jpg\" class=\"alignright wp-image-22880 size-medium\" src=\"http:\/\/www.legistdf.gob.ar\/wp-content\/uploads\/2021\/03\/MG_4574-300x200.jpg\" alt=\"\" width=\"300\" height=\"200\" srcset=\"https:\/\/www.legistdf.gob.ar\/wp-content\/uploads\/2021\/03\/MG_4574-300x200.jpg 300w, https:\/\/www.legistdf.gob.ar\/wp-content\/uploads\/2021\/03\/MG_4574-768x512.jpg 768w, https:\/\/www.legistdf.gob.ar\/wp-content\/uploads\/2021\/03\/MG_4574-1024x683.jpg 1024w, https:\/\/www.legistdf.gob.ar\/wp-content\/uploads\/2021\/03\/MG_4574-160x107.jpg 160w, https:\/\/www.legistdf.gob.ar\/wp-content\/uploads\/2021\/03\/MG_4574.jpg 1500w\" sizes=\"(max-width: 300px) 100vw, 300px\" \/>Adem\u00e1s puntualiz\u00f3, el proyecto de un centro de salud con internaci\u00f3n en Tolhuin; edificios polivalentes para las tres ciudades fueguinas \u201cpara la integraci\u00f3n comunitaria\u201d; proyecto de una cancha de c\u00e9sped sint\u00e9tico en R\u00edo Grande; junto al Gobierno nacional se concretar\u00e1 la construcci\u00f3n de tres centros de desarrollo infantil; la adecuaci\u00f3n de espacios para vacunaci\u00f3n en R\u00edo Grande y Ushuaia; la concreci\u00f3n de un centro sanitario de atenci\u00f3n al turista, trabajo ejecutado en conjunto con el Gobierno central; y el anuncio de \u201cm\u00e1s de 30 obras de distintas magnitudes en ejecuci\u00f3n, m\u00e1s de 50 licitaciones en curso\u201d de la que se espera se inyecten \u201cuna inversi\u00f3n de aproximadamente 4000 millones de pesos entre 2021 y 2023\u201d.<\/p>\n<p>&nbsp;<\/p>\n<p>Al finalizar su alocuci\u00f3n, el Primer Mandatario fueguino reforz\u00f3 las pol\u00edticas referidas a Malvinas y Ant\u00e1rtida, las que calific\u00f3 como de \u201ccompromiso, identidad y sentimiento\u201d al tiempo que sostuvo que la Provincia \u201credobl\u00f3 sus esfuerzos para dar continuidad al plan estrat\u00e9gico\u201d. En este sentido, record\u00f3 la \u201cpol\u00edtica de Estado nacional y provincial por excelencia que es la cuesti\u00f3n Malvinas.<\/p>\n<p>&nbsp;<\/p>\n<p><img loading=\"lazy\" decoding=\"async\" data-attachment-id=\"22881\" data-permalink=\"https:\/\/www.legistdf.gob.ar\/_mg_4575\/\" data-orig-file=\"https:\/\/www.legistdf.gob.ar\/wp-content\/uploads\/2021\/03\/MG_4575.jpg\" data-orig-size=\"1500,1000\" data-comments-opened=\"0\" data-image-meta=\"{&quot;aperture&quot;:&quot;3.5&quot;,&quot;credit&quot;:&quot;PrenlsaLegislativa2015&quot;,&quot;camera&quot;:&quot;Canon EOS 60D&quot;,&quot;caption&quot;:&quot;&quot;,&quot;created_timestamp&quot;:&quot;1614577741&quot;,&quot;copyright&quot;:&quot;&quot;,&quot;focal_length&quot;:&quot;10&quot;,&quot;iso&quot;:&quot;1000&quot;,&quot;shutter_speed&quot;:&quot;0.01&quot;,&quot;title&quot;:&quot;&quot;,&quot;orientation&quot;:&quot;1&quot;}\" data-image-title=\"_MG_4575\" data-image-description=\"\" data-image-caption=\"\" data-medium-file=\"https:\/\/www.legistdf.gob.ar\/wp-content\/uploads\/2021\/03\/MG_4575-300x200.jpg\" data-large-file=\"https:\/\/www.legistdf.gob.ar\/wp-content\/uploads\/2021\/03\/MG_4575-1024x683.jpg\" class=\"alignleft wp-image-22881 size-medium\" src=\"http:\/\/www.legistdf.gob.ar\/wp-content\/uploads\/2021\/03\/MG_4575-300x200.jpg\" alt=\"\" width=\"300\" height=\"200\" srcset=\"https:\/\/www.legistdf.gob.ar\/wp-content\/uploads\/2021\/03\/MG_4575-300x200.jpg 300w, https:\/\/www.legistdf.gob.ar\/wp-content\/uploads\/2021\/03\/MG_4575-768x512.jpg 768w, https:\/\/www.legistdf.gob.ar\/wp-content\/uploads\/2021\/03\/MG_4575-1024x683.jpg 1024w, https:\/\/www.legistdf.gob.ar\/wp-content\/uploads\/2021\/03\/MG_4575-160x107.jpg 160w, https:\/\/www.legistdf.gob.ar\/wp-content\/uploads\/2021\/03\/MG_4575.jpg 1500w\" sizes=\"(max-width: 300px) 100vw, 300px\" \/><\/p>\n<p>Dijo que en la actual gesti\u00f3n del Gobierno central, \u201cvolvi\u00f3 a posicionar en el lugar que tal causa nacional amerita tras la creaci\u00f3n del Consejo Nacional de Asunto Relativos a las Islas Malvinas\u201d del que Tierra del Fuego es parte integrante.<\/p>\n<p>&nbsp;<\/p>\n<p>Cabe se\u00f1alar que al encuentro asistieron la ministra de Gobierno, Justicia y Derechos Humanos, Dra. Adriana Chapper\u00f3n y el ministro Jefe de Gabinete, Agust\u00edn Tita, en atenci\u00f3n al distanciamiento social por la pandemia por COVID-19.<\/p>\n<p>&nbsp;<\/p>\n<p style=\"text-align: right\"><em>AT<\/em><\/p>\n","protected":false},"excerpt":{"rendered":"<p>Ushuaia, lunes 1\u00b0 de marzo de 2021.- Con el tradicional mensaje dirigido al pueblo de la Provincia, el gobernador profesor Gustavo Melella, inaugur\u00f3 el 38\u00b0 per\u00edodo de sesiones ordinarias del Poder Legislativo. La Presidenta del Parlamento, vicegobernadora M\u00f3nica Urquiza presidi\u00f3 el encuentro, acompa\u00f1ada por el titular del Superior Tribunal de Justicia, Dr. Javier Muchnik. Del [&hellip;]<\/p>\n","protected":false},"author":352,"featured_media":22879,"comment_status":"closed","ping_status":"open","sticky":false,"template":"","format":"standard","meta":{"jetpack_post_was_ever_published":false,"_jetpack_newsletter_access":"","_jetpack_dont_email_post_to_subs":false,"_jetpack_newsletter_tier_id":0,"footnotes":"","jetpack_publicize_message":"","jetpack_publicize_feature_enabled":true,"jetpack_social_post_already_shared":true,"jetpack_social_options":{"image_generator_settings":{"template":"highway","enabled":false}}},"categories":[1],"tags":[972,1911,959,141,144,2115,79,87],"jetpack_publicize_connections":[],"jetpack_sharing_enabled":true,"jetpack_featured_media_url":"https:\/\/www.legistdf.gob.ar\/wp-content\/uploads\/2021\/03\/MG_4572.jpg","jetpack-related-posts":[],"_links":{"self":[{"href":"https:\/\/www.legistdf.gob.ar\/index.php\/wp-json\/wp\/v2\/posts\/22894"}],"collection":[{"href":"https:\/\/www.legistdf.gob.ar\/index.php\/wp-json\/wp\/v2\/posts"}],"about":[{"href":"https:\/\/www.legistdf.gob.ar\/index.php\/wp-json\/wp\/v2\/types\/post"}],"author":[{"embeddable":true,"href":"https:\/\/www.legistdf.gob.ar\/index.php\/wp-json\/wp\/v2\/users\/352"}],"replies":[{"embeddable":true,"href":"https:\/\/www.legistdf.gob.ar\/index.php\/wp-json\/wp\/v2\/comments?post=22894"}],"version-history":[{"count":2,"href":"https:\/\/www.legistdf.gob.ar\/index.php\/wp-json\/wp\/v2\/posts\/22894\/revisions"}],"predecessor-version":[{"id":22896,"href":"https:\/\/www.legistdf.gob.ar\/index.php\/wp-json\/wp\/v2\/posts\/22894\/revisions\/22896"}],"wp:featuredmedia":[{"embeddable":true,"href":"https:\/\/www.legistdf.gob.ar\/index.php\/wp-json\/wp\/v2\/media\/22879"}],"wp:attachment":[{"href":"https:\/\/www.legistdf.gob.ar\/index.php\/wp-json\/wp\/v2\/media?parent=22894"}],"wp:term":[{"taxonomy":"category","embeddable":true,"href":"https:\/\/www.legistdf.gob.ar\/index.php\/wp-json\/wp\/v2\/categories?post=22894"},{"taxonomy":"post_tag","embeddable":true,"href":"https:\/\/www.legistdf.gob.ar\/index.php\/wp-json\/wp\/v2\/tags?post=22894"}],"curies":[{"name":"wp","href":"https:\/\/api.w.org\/{rel}","templated":true}]}}