{"id":22901,"date":"2021-03-02T14:30:48","date_gmt":"2021-03-02T17:30:48","guid":{"rendered":"http:\/\/www.legistdf.gob.ar\/?p=22901"},"modified":"2021-03-02T14:30:48","modified_gmt":"2021-03-02T17:30:48","slug":"comisiones-definieron-las-autoridades-para-2021","status":"publish","type":"post","link":"https:\/\/www.legistdf.gob.ar\/index.php\/2021\/03\/02\/comisiones-definieron-las-autoridades-para-2021\/","title":{"rendered":"COMISIONES: Definieron las autoridades para 2021"},"content":{"rendered":"<p><strong><img loading=\"lazy\" decoding=\"async\" data-attachment-id=\"22434\" data-permalink=\"https:\/\/www.legistdf.gob.ar\/index.php\/2020\/12\/21\/legislatura-tierra-del-fuego-es-parte-del-foro-permanente-de-vicegobernadores-y-vicegobernadoras-de-la-republica-argentina\/photo5109882425420392734\/\" data-orig-file=\"https:\/\/www.legistdf.gob.ar\/wp-content\/uploads\/2020\/12\/photo5109882425420392734.jpg\" data-orig-size=\"1280,851\" data-comments-opened=\"0\" data-image-meta=\"{&quot;aperture&quot;:&quot;0&quot;,&quot;credit&quot;:&quot;&quot;,&quot;camera&quot;:&quot;&quot;,&quot;caption&quot;:&quot;&quot;,&quot;created_timestamp&quot;:&quot;0&quot;,&quot;copyright&quot;:&quot;&quot;,&quot;focal_length&quot;:&quot;0&quot;,&quot;iso&quot;:&quot;0&quot;,&quot;shutter_speed&quot;:&quot;0&quot;,&quot;title&quot;:&quot;&quot;,&quot;orientation&quot;:&quot;0&quot;}\" data-image-title=\"photo5109882425420392734\" data-image-description=\"\" data-image-caption=\"\" data-medium-file=\"https:\/\/www.legistdf.gob.ar\/wp-content\/uploads\/2020\/12\/photo5109882425420392734-300x199.jpg\" data-large-file=\"https:\/\/www.legistdf.gob.ar\/wp-content\/uploads\/2020\/12\/photo5109882425420392734-1024x681.jpg\" class=\"alignleft wp-image-22434 size-medium\" src=\"http:\/\/www.legistdf.gob.ar\/wp-content\/uploads\/2020\/12\/photo5109882425420392734-300x199.jpg\" alt=\"\" width=\"300\" height=\"199\" srcset=\"https:\/\/www.legistdf.gob.ar\/wp-content\/uploads\/2020\/12\/photo5109882425420392734-300x199.jpg 300w, https:\/\/www.legistdf.gob.ar\/wp-content\/uploads\/2020\/12\/photo5109882425420392734-768x511.jpg 768w, https:\/\/www.legistdf.gob.ar\/wp-content\/uploads\/2020\/12\/photo5109882425420392734-1024x681.jpg 1024w, https:\/\/www.legistdf.gob.ar\/wp-content\/uploads\/2020\/12\/photo5109882425420392734-160x106.jpg 160w, https:\/\/www.legistdf.gob.ar\/wp-content\/uploads\/2020\/12\/photo5109882425420392734.jpg 1280w\" sizes=\"(max-width: 300px) 100vw, 300px\" \/>Ushuaia, martes 2 de marzo de 2021.- La Presidenta de la Legislatura, vicegobernadora de la Provincia M\u00f3nica Urquiza, suscribi\u00f3 hoy la Resoluci\u00f3n de Presidencia N\u00b0 0059\/21 donde da lugar a la conformaci\u00f3n de las Comisiones Permanentes de Asesoramiento Legislativo y anuncia las autoridades de los ocho espacios de an\u00e1lisis y debate. <\/strong><\/p>\n<p>&nbsp;<\/p>\n<p>En plenario los Legisladores, reunidos en el Recinto de Sesiones y Comisiones el viernes \u00faltimo, determinaron qui\u00e9nes ocupar\u00e1n las presidencias, vicepresidencias y secretar\u00edas de cada espacio como as\u00ed tambi\u00e9n los Parlamentarios que las integrar\u00e1n como vocales. Cabe se\u00f1alar que se mantienen de igual modo a la conformaci\u00f3n de 2020 aunque se suma, desde noviembre \u00faltimo, la Comisi\u00f3n Malvinas, Atl\u00e1ntico Sur y Ant\u00e1rtida.<\/p>\n<p>&nbsp;<\/p>\n<p>Las Comisiones funcionar\u00e1n con las siguientes integraciones:<\/p>\n<p>&nbsp;<\/p>\n<p><strong><em>COMISI\u00d3N N\u00b0 1: Legislaci\u00f3n General. Peticiones. Poderes y Reglamentos. Asuntos Constitucionales, Municipales y Comunales.<\/em><\/strong><\/p>\n<p>&nbsp;<\/p>\n<p><img loading=\"lazy\" decoding=\"async\" data-attachment-id=\"22770\" data-permalink=\"https:\/\/www.legistdf.gob.ar\/index.php\/2021\/02\/26\/260221-imagenes-sesion-preparatoria\/img_8669\/\" data-orig-file=\"https:\/\/www.legistdf.gob.ar\/wp-content\/uploads\/2021\/02\/IMG_8669.jpg\" data-orig-size=\"1500,1000\" data-comments-opened=\"0\" data-image-meta=\"{&quot;aperture&quot;:&quot;2.8&quot;,&quot;credit&quot;:&quot;&quot;,&quot;camera&quot;:&quot;Canon EOS 6D&quot;,&quot;caption&quot;:&quot;&quot;,&quot;created_timestamp&quot;:&quot;1614332665&quot;,&quot;copyright&quot;:&quot;&quot;,&quot;focal_length&quot;:&quot;24&quot;,&quot;iso&quot;:&quot;640&quot;,&quot;shutter_speed&quot;:&quot;0.008&quot;,&quot;title&quot;:&quot;&quot;,&quot;orientation&quot;:&quot;1&quot;}\" data-image-title=\"IMG_8669\" data-image-description=\"\" data-image-caption=\"\" data-medium-file=\"https:\/\/www.legistdf.gob.ar\/wp-content\/uploads\/2021\/02\/IMG_8669-300x200.jpg\" data-large-file=\"https:\/\/www.legistdf.gob.ar\/wp-content\/uploads\/2021\/02\/IMG_8669-1024x683.jpg\" class=\"alignleft wp-image-22770 size-medium\" src=\"http:\/\/www.legistdf.gob.ar\/wp-content\/uploads\/2021\/02\/IMG_8669-300x200.jpg\" alt=\"\" width=\"300\" height=\"200\" srcset=\"https:\/\/www.legistdf.gob.ar\/wp-content\/uploads\/2021\/02\/IMG_8669-300x200.jpg 300w, https:\/\/www.legistdf.gob.ar\/wp-content\/uploads\/2021\/02\/IMG_8669-768x512.jpg 768w, https:\/\/www.legistdf.gob.ar\/wp-content\/uploads\/2021\/02\/IMG_8669-1024x683.jpg 1024w, https:\/\/www.legistdf.gob.ar\/wp-content\/uploads\/2021\/02\/IMG_8669-160x107.jpg 160w, https:\/\/www.legistdf.gob.ar\/wp-content\/uploads\/2021\/02\/IMG_8669.jpg 1500w\" sizes=\"(max-width: 300px) 100vw, 300px\" \/>Presidente: Federico Greve<\/p>\n<p>Vicepresidente: Pablo Villegas<\/p>\n<p>Secretario: Ricardo Furlan<\/p>\n<p>&nbsp;<\/p>\n<p>Y ser\u00e1 integrado adem\u00e1s, como vocales por los legisladores Daniel Rivarola, Emmanuel Trentino (FORJA); legisladora Mar\u00eda Victoria Vuoto (PV); Federico Bilota y Myriam Mart\u00ednez (FdT-PJ) y Federico Sciurano (UCR).<\/p>\n<p>&nbsp;<\/p>\n<p><strong><em>COMISI\u00d3N N\u00b0 2: Econom\u00eda. Presupuesto y Hacienda. Finanzas y Politica Fiscal.<\/em><\/strong><\/p>\n<p>&nbsp;<\/p>\n<p><img loading=\"lazy\" decoding=\"async\" data-attachment-id=\"22779\" data-permalink=\"https:\/\/www.legistdf.gob.ar\/index.php\/2021\/02\/26\/260221-imagenes-sesion-preparatoria\/img_8678\/\" data-orig-file=\"https:\/\/www.legistdf.gob.ar\/wp-content\/uploads\/2021\/02\/IMG_8678.jpg\" data-orig-size=\"1500,1000\" data-comments-opened=\"0\" data-image-meta=\"{&quot;aperture&quot;:&quot;2.8&quot;,&quot;credit&quot;:&quot;&quot;,&quot;camera&quot;:&quot;Canon EOS 6D&quot;,&quot;caption&quot;:&quot;&quot;,&quot;created_timestamp&quot;:&quot;1614332832&quot;,&quot;copyright&quot;:&quot;&quot;,&quot;focal_length&quot;:&quot;24&quot;,&quot;iso&quot;:&quot;640&quot;,&quot;shutter_speed&quot;:&quot;0.008&quot;,&quot;title&quot;:&quot;&quot;,&quot;orientation&quot;:&quot;1&quot;}\" data-image-title=\"IMG_8678\" data-image-description=\"\" data-image-caption=\"\" data-medium-file=\"https:\/\/www.legistdf.gob.ar\/wp-content\/uploads\/2021\/02\/IMG_8678-300x200.jpg\" data-large-file=\"https:\/\/www.legistdf.gob.ar\/wp-content\/uploads\/2021\/02\/IMG_8678-1024x683.jpg\" class=\"alignleft wp-image-22779 size-medium\" src=\"http:\/\/www.legistdf.gob.ar\/wp-content\/uploads\/2021\/02\/IMG_8678-300x200.jpg\" alt=\"\" width=\"300\" height=\"200\" srcset=\"https:\/\/www.legistdf.gob.ar\/wp-content\/uploads\/2021\/02\/IMG_8678-300x200.jpg 300w, https:\/\/www.legistdf.gob.ar\/wp-content\/uploads\/2021\/02\/IMG_8678-768x512.jpg 768w, https:\/\/www.legistdf.gob.ar\/wp-content\/uploads\/2021\/02\/IMG_8678-1024x683.jpg 1024w, https:\/\/www.legistdf.gob.ar\/wp-content\/uploads\/2021\/02\/IMG_8678-160x107.jpg 160w, https:\/\/www.legistdf.gob.ar\/wp-content\/uploads\/2021\/02\/IMG_8678.jpg 1500w\" sizes=\"(max-width: 300px) 100vw, 300px\" \/>Presidente: Federico Sciurano<\/p>\n<p>Vicepresidente: M\u00f3nica Acosta<\/p>\n<p>Secretario: Dami\u00e1n L\u00f6ffler<\/p>\n<p>&nbsp;<\/p>\n<p>Vocales: Legisladores Daniel Rivarola; Emmanuel Trentino (FORJA); Mar\u00eda Laura Colazo (PV); Myriam Mart\u00ednez, Federico Bilota y Andrea Freites (FDT-PJ).<\/p>\n<p>&nbsp;<\/p>\n<p><strong><em>COMISI\u00d3N N\u00b0 3: Obra P\u00fablica. Servicios P\u00fablicos. Transportes. Comunicaciones. Agricultura y Ganader\u00eda. Industria. Comercio. Recursos Naturales (Pesca, Bosques, Miner\u00eda, Aguas, Flora y Fauna). Turismo. Energ\u00eda y Combustibles.<\/em><\/strong><\/p>\n<p>&nbsp;<\/p>\n<p><img loading=\"lazy\" decoding=\"async\" data-attachment-id=\"22767\" data-permalink=\"https:\/\/www.legistdf.gob.ar\/index.php\/2021\/02\/26\/260221-imagenes-sesion-preparatoria\/img_8666\/\" data-orig-file=\"https:\/\/www.legistdf.gob.ar\/wp-content\/uploads\/2021\/02\/IMG_8666.jpg\" data-orig-size=\"1500,1000\" data-comments-opened=\"0\" data-image-meta=\"{&quot;aperture&quot;:&quot;2.8&quot;,&quot;credit&quot;:&quot;&quot;,&quot;camera&quot;:&quot;Canon EOS 6D&quot;,&quot;caption&quot;:&quot;&quot;,&quot;created_timestamp&quot;:&quot;1614332646&quot;,&quot;copyright&quot;:&quot;&quot;,&quot;focal_length&quot;:&quot;24&quot;,&quot;iso&quot;:&quot;640&quot;,&quot;shutter_speed&quot;:&quot;0.008&quot;,&quot;title&quot;:&quot;&quot;,&quot;orientation&quot;:&quot;1&quot;}\" data-image-title=\"IMG_8666\" data-image-description=\"\" data-image-caption=\"\" data-medium-file=\"https:\/\/www.legistdf.gob.ar\/wp-content\/uploads\/2021\/02\/IMG_8666-300x200.jpg\" data-large-file=\"https:\/\/www.legistdf.gob.ar\/wp-content\/uploads\/2021\/02\/IMG_8666-1024x683.jpg\" class=\"alignleft wp-image-22767 size-medium\" src=\"http:\/\/www.legistdf.gob.ar\/wp-content\/uploads\/2021\/02\/IMG_8666-300x200.jpg\" alt=\"\" width=\"300\" height=\"200\" srcset=\"https:\/\/www.legistdf.gob.ar\/wp-content\/uploads\/2021\/02\/IMG_8666-300x200.jpg 300w, https:\/\/www.legistdf.gob.ar\/wp-content\/uploads\/2021\/02\/IMG_8666-768x512.jpg 768w, https:\/\/www.legistdf.gob.ar\/wp-content\/uploads\/2021\/02\/IMG_8666-1024x683.jpg 1024w, https:\/\/www.legistdf.gob.ar\/wp-content\/uploads\/2021\/02\/IMG_8666-160x107.jpg 160w, https:\/\/www.legistdf.gob.ar\/wp-content\/uploads\/2021\/02\/IMG_8666.jpg 1500w\" sizes=\"(max-width: 300px) 100vw, 300px\" \/>Presidente: M\u00f3nica Acosta<\/p>\n<p>Vicepresidente: Liliana Mart\u00ednez Allende<\/p>\n<p>Secretario: Daniel Rivarola<\/p>\n<p>&nbsp;<\/p>\n<p>Vocales: Federico Greve (FORJA); Dami\u00e1n L\u00f6ffler (MPF); Mar\u00eda Laura Colazo (PV) y Myriam Mart\u00ednez, Ricardo Furlan y Federico Bilota (FDT-PJ).<\/p>\n<p>&nbsp;<\/p>\n<p><strong><em>COMISI\u00d3N N\u00b0 4: Educaci\u00f3n. Cultura. Medio Ambiente. Ciencia y Tecnolog\u00eda.<\/em><\/strong><\/p>\n<p>&nbsp;<\/p>\n<p><img loading=\"lazy\" decoding=\"async\" data-attachment-id=\"22768\" data-permalink=\"https:\/\/www.legistdf.gob.ar\/index.php\/2021\/02\/26\/260221-imagenes-sesion-preparatoria\/img_8667\/\" data-orig-file=\"https:\/\/www.legistdf.gob.ar\/wp-content\/uploads\/2021\/02\/IMG_8667.jpg\" data-orig-size=\"1500,1000\" data-comments-opened=\"0\" data-image-meta=\"{&quot;aperture&quot;:&quot;2.8&quot;,&quot;credit&quot;:&quot;&quot;,&quot;camera&quot;:&quot;Canon EOS 6D&quot;,&quot;caption&quot;:&quot;&quot;,&quot;created_timestamp&quot;:&quot;1614332652&quot;,&quot;copyright&quot;:&quot;&quot;,&quot;focal_length&quot;:&quot;24&quot;,&quot;iso&quot;:&quot;640&quot;,&quot;shutter_speed&quot;:&quot;0.008&quot;,&quot;title&quot;:&quot;&quot;,&quot;orientation&quot;:&quot;1&quot;}\" data-image-title=\"IMG_8667\" data-image-description=\"\" data-image-caption=\"\" data-medium-file=\"https:\/\/www.legistdf.gob.ar\/wp-content\/uploads\/2021\/02\/IMG_8667-300x200.jpg\" data-large-file=\"https:\/\/www.legistdf.gob.ar\/wp-content\/uploads\/2021\/02\/IMG_8667-1024x683.jpg\" class=\"alignleft wp-image-22768 size-medium\" src=\"http:\/\/www.legistdf.gob.ar\/wp-content\/uploads\/2021\/02\/IMG_8667-300x200.jpg\" alt=\"\" width=\"300\" height=\"200\" srcset=\"https:\/\/www.legistdf.gob.ar\/wp-content\/uploads\/2021\/02\/IMG_8667-300x200.jpg 300w, https:\/\/www.legistdf.gob.ar\/wp-content\/uploads\/2021\/02\/IMG_8667-768x512.jpg 768w, https:\/\/www.legistdf.gob.ar\/wp-content\/uploads\/2021\/02\/IMG_8667-1024x683.jpg 1024w, https:\/\/www.legistdf.gob.ar\/wp-content\/uploads\/2021\/02\/IMG_8667-160x107.jpg 160w, https:\/\/www.legistdf.gob.ar\/wp-content\/uploads\/2021\/02\/IMG_8667.jpg 1500w\" sizes=\"(max-width: 300px) 100vw, 300px\" \/>Presidente: Emmanuel Trentino<\/p>\n<p>Vicepresidente: Pablo Villegas<\/p>\n<p>Secretario: Federico Greve<\/p>\n<p>&nbsp;<\/p>\n<p>Vocales: Federico Sciurano (UCR); Jorge Colazo (PV); Ricardo Furlan y Andrea Freites (FDT-PJ).<\/p>\n<p>&nbsp;<\/p>\n<p><strong><em>COMISI\u00d3N N\u00b0 5: Acci\u00f3n Social. Familia y Minoridad. Salud P\u00fablica. Deportes y Recreaci\u00f3n. Vivienda. Tierras Fiscales. Asistencia. Previsi\u00f3n Social y Trabajo.<\/em><\/strong><\/p>\n<p>&nbsp;<\/p>\n<p><img loading=\"lazy\" decoding=\"async\" data-attachment-id=\"22764\" data-permalink=\"https:\/\/www.legistdf.gob.ar\/index.php\/2021\/02\/26\/260221-imagenes-sesion-preparatoria\/img_8663\/\" data-orig-file=\"https:\/\/www.legistdf.gob.ar\/wp-content\/uploads\/2021\/02\/IMG_8663.jpg\" data-orig-size=\"1500,1000\" data-comments-opened=\"0\" data-image-meta=\"{&quot;aperture&quot;:&quot;2.8&quot;,&quot;credit&quot;:&quot;&quot;,&quot;camera&quot;:&quot;Canon EOS 6D&quot;,&quot;caption&quot;:&quot;&quot;,&quot;created_timestamp&quot;:&quot;1614332618&quot;,&quot;copyright&quot;:&quot;&quot;,&quot;focal_length&quot;:&quot;24&quot;,&quot;iso&quot;:&quot;640&quot;,&quot;shutter_speed&quot;:&quot;0.008&quot;,&quot;title&quot;:&quot;&quot;,&quot;orientation&quot;:&quot;1&quot;}\" data-image-title=\"IMG_8663\" data-image-description=\"\" data-image-caption=\"\" data-medium-file=\"https:\/\/www.legistdf.gob.ar\/wp-content\/uploads\/2021\/02\/IMG_8663-300x200.jpg\" data-large-file=\"https:\/\/www.legistdf.gob.ar\/wp-content\/uploads\/2021\/02\/IMG_8663-1024x683.jpg\" class=\"alignleft wp-image-22764 size-medium\" src=\"http:\/\/www.legistdf.gob.ar\/wp-content\/uploads\/2021\/02\/IMG_8663-300x200.jpg\" alt=\"\" width=\"300\" height=\"200\" srcset=\"https:\/\/www.legistdf.gob.ar\/wp-content\/uploads\/2021\/02\/IMG_8663-300x200.jpg 300w, https:\/\/www.legistdf.gob.ar\/wp-content\/uploads\/2021\/02\/IMG_8663-768x512.jpg 768w, https:\/\/www.legistdf.gob.ar\/wp-content\/uploads\/2021\/02\/IMG_8663-1024x683.jpg 1024w, https:\/\/www.legistdf.gob.ar\/wp-content\/uploads\/2021\/02\/IMG_8663-160x107.jpg 160w, https:\/\/www.legistdf.gob.ar\/wp-content\/uploads\/2021\/02\/IMG_8663.jpg 1500w\" sizes=\"(max-width: 300px) 100vw, 300px\" \/>Presidente: Daniel Rivarola<\/p>\n<p>Vicepresidente: Liliana Mart\u00ednez Allende<\/p>\n<p>Secretario: Dami\u00e1n L\u00f6ffler<\/p>\n<p>&nbsp;<\/p>\n<p>Vocales: M\u00f3nica Acosta (FORJA); Mar\u00eda Victoria Vuoto (PV) y Myriam Mart\u00ednez y Andrea Freites (FDT-PJ).<\/p>\n<p>&nbsp;<\/p>\n<p><em><strong>COMISI\u00d3N N\u00b0 6: Justicia y Seguridad. Relaciones Institucionales. Seguimiento Legislativo y Derechos Humanos.<\/strong><\/em><\/p>\n<p>&nbsp;<\/p>\n<p><img loading=\"lazy\" decoding=\"async\" data-attachment-id=\"22773\" data-permalink=\"https:\/\/www.legistdf.gob.ar\/index.php\/2021\/02\/26\/260221-imagenes-sesion-preparatoria\/img_8672\/\" data-orig-file=\"https:\/\/www.legistdf.gob.ar\/wp-content\/uploads\/2021\/02\/IMG_8672.jpg\" data-orig-size=\"1500,1000\" data-comments-opened=\"0\" data-image-meta=\"{&quot;aperture&quot;:&quot;2.8&quot;,&quot;credit&quot;:&quot;&quot;,&quot;camera&quot;:&quot;Canon EOS 6D&quot;,&quot;caption&quot;:&quot;&quot;,&quot;created_timestamp&quot;:&quot;1614332682&quot;,&quot;copyright&quot;:&quot;&quot;,&quot;focal_length&quot;:&quot;24&quot;,&quot;iso&quot;:&quot;640&quot;,&quot;shutter_speed&quot;:&quot;0.008&quot;,&quot;title&quot;:&quot;&quot;,&quot;orientation&quot;:&quot;1&quot;}\" data-image-title=\"IMG_8672\" data-image-description=\"\" data-image-caption=\"\" data-medium-file=\"https:\/\/www.legistdf.gob.ar\/wp-content\/uploads\/2021\/02\/IMG_8672-300x200.jpg\" data-large-file=\"https:\/\/www.legistdf.gob.ar\/wp-content\/uploads\/2021\/02\/IMG_8672-1024x683.jpg\" class=\"alignleft wp-image-22773 size-medium\" src=\"http:\/\/www.legistdf.gob.ar\/wp-content\/uploads\/2021\/02\/IMG_8672-300x200.jpg\" alt=\"\" width=\"300\" height=\"200\" srcset=\"https:\/\/www.legistdf.gob.ar\/wp-content\/uploads\/2021\/02\/IMG_8672-300x200.jpg 300w, https:\/\/www.legistdf.gob.ar\/wp-content\/uploads\/2021\/02\/IMG_8672-768x512.jpg 768w, https:\/\/www.legistdf.gob.ar\/wp-content\/uploads\/2021\/02\/IMG_8672-1024x683.jpg 1024w, https:\/\/www.legistdf.gob.ar\/wp-content\/uploads\/2021\/02\/IMG_8672-160x107.jpg 160w, https:\/\/www.legistdf.gob.ar\/wp-content\/uploads\/2021\/02\/IMG_8672.jpg 1500w\" sizes=\"(max-width: 300px) 100vw, 300px\" \/>Presidente: Pablo Villegas<\/p>\n<p>Vicepresidente: M\u00f3nica Acosta<\/p>\n<p>Secretario: Emmanuel Trentino<\/p>\n<p>&nbsp;<\/p>\n<p>Vocales: Liliana Mart\u00ednez Allende (UCR); Jorge Colazo (PV); Ricardo Furlan y Federico Bilota (FDT-PJ).<\/p>\n<p>&nbsp;<\/p>\n<p><strong><em>COMISI\u00d3N N\u00b0 7: Malvinas, Atl\u00e1ntico Sur y Ant\u00e1rtida<\/em><\/strong><\/p>\n<p>&nbsp;<\/p>\n<p><img loading=\"lazy\" decoding=\"async\" data-attachment-id=\"22780\" data-permalink=\"https:\/\/www.legistdf.gob.ar\/index.php\/2021\/02\/26\/260221-imagenes-sesion-preparatoria\/img_8679\/\" data-orig-file=\"https:\/\/www.legistdf.gob.ar\/wp-content\/uploads\/2021\/02\/IMG_8679.jpg\" data-orig-size=\"1500,1000\" data-comments-opened=\"0\" data-image-meta=\"{&quot;aperture&quot;:&quot;2.8&quot;,&quot;credit&quot;:&quot;&quot;,&quot;camera&quot;:&quot;Canon EOS 6D&quot;,&quot;caption&quot;:&quot;&quot;,&quot;created_timestamp&quot;:&quot;1614332835&quot;,&quot;copyright&quot;:&quot;&quot;,&quot;focal_length&quot;:&quot;24&quot;,&quot;iso&quot;:&quot;640&quot;,&quot;shutter_speed&quot;:&quot;0.008&quot;,&quot;title&quot;:&quot;&quot;,&quot;orientation&quot;:&quot;1&quot;}\" data-image-title=\"IMG_8679\" data-image-description=\"\" data-image-caption=\"\" data-medium-file=\"https:\/\/www.legistdf.gob.ar\/wp-content\/uploads\/2021\/02\/IMG_8679-300x200.jpg\" data-large-file=\"https:\/\/www.legistdf.gob.ar\/wp-content\/uploads\/2021\/02\/IMG_8679-1024x683.jpg\" class=\"alignleft wp-image-22780 size-medium\" src=\"http:\/\/www.legistdf.gob.ar\/wp-content\/uploads\/2021\/02\/IMG_8679-300x200.jpg\" alt=\"\" width=\"300\" height=\"200\" srcset=\"https:\/\/www.legistdf.gob.ar\/wp-content\/uploads\/2021\/02\/IMG_8679-300x200.jpg 300w, https:\/\/www.legistdf.gob.ar\/wp-content\/uploads\/2021\/02\/IMG_8679-768x512.jpg 768w, https:\/\/www.legistdf.gob.ar\/wp-content\/uploads\/2021\/02\/IMG_8679-1024x683.jpg 1024w, https:\/\/www.legistdf.gob.ar\/wp-content\/uploads\/2021\/02\/IMG_8679-160x107.jpg 160w, https:\/\/www.legistdf.gob.ar\/wp-content\/uploads\/2021\/02\/IMG_8679.jpg 1500w\" sizes=\"(max-width: 300px) 100vw, 300px\" \/>Presidente: Federico Sciurano<\/p>\n<p>Vicepresidente: Emmanuel Trentino<\/p>\n<p>Secretaria: Mar\u00eda Laura Colazo<\/p>\n<p>&nbsp;<\/p>\n<p>Vocales: Federico Greve, Daniel Rivarola y M\u00f3nica Acosta (FORJA); Mar\u00eda Victoria Vuoto y Jorge Colazo (PV); Dami\u00e1n L\u00f6ffler y Pablo Villegas (MPF); Liliana Mart\u00ednez Allende (UCR) y Ricardo Furlan,\u00a0 Federico Bilota, Myriam Mart\u00ednez y Andrea Freites.<\/p>\n<p>&nbsp;<\/p>\n<p><strong><em>COMISI\u00d3N N\u00b0 8: Parlamento Patag\u00f3nico, MERCOSUR, Integraci\u00f3n Regional y Asuntos Internacionales.<\/em><\/strong><\/p>\n<p>&nbsp;<\/p>\n<p><img loading=\"lazy\" decoding=\"async\" data-attachment-id=\"22769\" data-permalink=\"https:\/\/www.legistdf.gob.ar\/index.php\/2021\/02\/26\/260221-imagenes-sesion-preparatoria\/img_8668\/\" data-orig-file=\"https:\/\/www.legistdf.gob.ar\/wp-content\/uploads\/2021\/02\/IMG_8668.jpg\" data-orig-size=\"1500,1000\" data-comments-opened=\"0\" data-image-meta=\"{&quot;aperture&quot;:&quot;2.8&quot;,&quot;credit&quot;:&quot;&quot;,&quot;camera&quot;:&quot;Canon EOS 6D&quot;,&quot;caption&quot;:&quot;&quot;,&quot;created_timestamp&quot;:&quot;1614332655&quot;,&quot;copyright&quot;:&quot;&quot;,&quot;focal_length&quot;:&quot;24&quot;,&quot;iso&quot;:&quot;640&quot;,&quot;shutter_speed&quot;:&quot;0.008&quot;,&quot;title&quot;:&quot;&quot;,&quot;orientation&quot;:&quot;1&quot;}\" data-image-title=\"IMG_8668\" data-image-description=\"\" data-image-caption=\"\" data-medium-file=\"https:\/\/www.legistdf.gob.ar\/wp-content\/uploads\/2021\/02\/IMG_8668-300x200.jpg\" data-large-file=\"https:\/\/www.legistdf.gob.ar\/wp-content\/uploads\/2021\/02\/IMG_8668-1024x683.jpg\" class=\"alignleft wp-image-22769 size-medium\" src=\"http:\/\/www.legistdf.gob.ar\/wp-content\/uploads\/2021\/02\/IMG_8668-300x200.jpg\" alt=\"\" width=\"300\" height=\"200\" srcset=\"https:\/\/www.legistdf.gob.ar\/wp-content\/uploads\/2021\/02\/IMG_8668-300x200.jpg 300w, https:\/\/www.legistdf.gob.ar\/wp-content\/uploads\/2021\/02\/IMG_8668-768x512.jpg 768w, https:\/\/www.legistdf.gob.ar\/wp-content\/uploads\/2021\/02\/IMG_8668-1024x683.jpg 1024w, https:\/\/www.legistdf.gob.ar\/wp-content\/uploads\/2021\/02\/IMG_8668-160x107.jpg 160w, https:\/\/www.legistdf.gob.ar\/wp-content\/uploads\/2021\/02\/IMG_8668.jpg 1500w\" sizes=\"(max-width: 300px) 100vw, 300px\" \/>Presidente: Emmanuel Trentino<\/p>\n<p>Vicepresidente: Federico Sciurano<\/p>\n<p>Secretario: Federico Greve<\/p>\n<p>&nbsp;<\/p>\n<p>Vocales: Daniel Rivarola y M\u00f3nica Acosta (FORJA); Mar\u00eda Laura Colazo, Mar\u00eda Victoria Vuoto y Jorge Colazo (PV); Dami\u00e1n L\u00f6ffler y Pablo Villegas (MPF); Liliana Mart\u00ednez Allende (UCR) y Ricardo Furlan,\u00a0 Federico Bilota, Myriam Mart\u00ednez y Andrea Freites.<\/p>\n<p>&nbsp;<\/p>\n<p style=\"text-align: right\"><em>AT-DM<\/em><\/p>\n","protected":false},"excerpt":{"rendered":"<p>Ushuaia, martes 2 de marzo de 2021.- La Presidenta de la Legislatura, vicegobernadora de la Provincia M\u00f3nica Urquiza, suscribi\u00f3 hoy la Resoluci\u00f3n de Presidencia N\u00b0 0059\/21 donde da lugar a la conformaci\u00f3n de las Comisiones Permanentes de Asesoramiento Legislativo y anuncia las autoridades de los ocho espacios de an\u00e1lisis y debate. &nbsp; En plenario los [&hellip;]<\/p>\n","protected":false},"author":352,"featured_media":22813,"comment_status":"closed","ping_status":"open","sticky":false,"template":"","format":"standard","meta":{"jetpack_post_was_ever_published":false,"_jetpack_newsletter_access":"","_jetpack_dont_email_post_to_subs":false,"_jetpack_newsletter_tier_id":0,"footnotes":"","jetpack_publicize_message":"","jetpack_publicize_feature_enabled":true,"jetpack_social_post_already_shared":true,"jetpack_social_options":{"image_generator_settings":{"template":"highway","enabled":false}}},"categories":[1],"tags":[84,78,141,144,134,79],"jetpack_publicize_connections":[],"jetpack_sharing_enabled":true,"jetpack_featured_media_url":"https:\/\/www.legistdf.gob.ar\/wp-content\/uploads\/2021\/02\/photo_2021-02-28_20-38-57.jpg","jetpack-related-posts":[],"_links":{"self":[{"href":"https:\/\/www.legistdf.gob.ar\/index.php\/wp-json\/wp\/v2\/posts\/22901"}],"collection":[{"href":"https:\/\/www.legistdf.gob.ar\/index.php\/wp-json\/wp\/v2\/posts"}],"about":[{"href":"https:\/\/www.legistdf.gob.ar\/index.php\/wp-json\/wp\/v2\/types\/post"}],"author":[{"embeddable":true,"href":"https:\/\/www.legistdf.gob.ar\/index.php\/wp-json\/wp\/v2\/users\/352"}],"replies":[{"embeddable":true,"href":"https:\/\/www.legistdf.gob.ar\/index.php\/wp-json\/wp\/v2\/comments?post=22901"}],"version-history":[{"count":1,"href":"https:\/\/www.legistdf.gob.ar\/index.php\/wp-json\/wp\/v2\/posts\/22901\/revisions"}],"predecessor-version":[{"id":22902,"href":"https:\/\/www.legistdf.gob.ar\/index.php\/wp-json\/wp\/v2\/posts\/22901\/revisions\/22902"}],"wp:featuredmedia":[{"embeddable":true,"href":"https:\/\/www.legistdf.gob.ar\/index.php\/wp-json\/wp\/v2\/media\/22813"}],"wp:attachment":[{"href":"https:\/\/www.legistdf.gob.ar\/index.php\/wp-json\/wp\/v2\/media?parent=22901"}],"wp:term":[{"taxonomy":"category","embeddable":true,"href":"https:\/\/www.legistdf.gob.ar\/index.php\/wp-json\/wp\/v2\/categories?post=22901"},{"taxonomy":"post_tag","embeddable":true,"href":"https:\/\/www.legistdf.gob.ar\/index.php\/wp-json\/wp\/v2\/tags?post=22901"}],"curies":[{"name":"wp","href":"https:\/\/api.w.org\/{rel}","templated":true}]}}