{"id":22935,"date":"2021-03-08T19:19:29","date_gmt":"2021-03-08T22:19:29","guid":{"rendered":"http:\/\/www.legistdf.gob.ar\/?p=22935"},"modified":"2021-03-08T19:19:29","modified_gmt":"2021-03-08T22:19:29","slug":"legislatura-la-vicegobernadora-urquiza-participo-de-nosotras-movemos-el-mundo","status":"publish","type":"post","link":"https:\/\/www.legistdf.gob.ar\/index.php\/2021\/03\/08\/legislatura-la-vicegobernadora-urquiza-participo-de-nosotras-movemos-el-mundo\/","title":{"rendered":"LEGISLATURA: La vicegobernadora Urquiza particip\u00f3 de \u201cNosotras Movemos el Mundo\u201d"},"content":{"rendered":"<p><img loading=\"lazy\" decoding=\"async\" data-attachment-id=\"22936\" data-permalink=\"https:\/\/www.legistdf.gob.ar\/index.php\/2021\/03\/08\/legislatura-la-vicegobernadora-urquiza-participo-de-nosotras-movemos-el-mundo\/dsc_8704\/\" data-orig-file=\"https:\/\/www.legistdf.gob.ar\/wp-content\/uploads\/2021\/03\/DSC_8704.jpg\" data-orig-size=\"2464,1640\" data-comments-opened=\"0\" data-image-meta=\"{&quot;aperture&quot;:&quot;4&quot;,&quot;credit&quot;:&quot;&quot;,&quot;camera&quot;:&quot;NIKON D4&quot;,&quot;caption&quot;:&quot;&quot;,&quot;created_timestamp&quot;:&quot;1615027602&quot;,&quot;copyright&quot;:&quot;&quot;,&quot;focal_length&quot;:&quot;48&quot;,&quot;iso&quot;:&quot;2200&quot;,&quot;shutter_speed&quot;:&quot;0.005&quot;,&quot;title&quot;:&quot;&quot;,&quot;orientation&quot;:&quot;0&quot;}\" data-image-title=\"DSC_8704\" data-image-description=\"\" data-image-caption=\"\" data-medium-file=\"https:\/\/www.legistdf.gob.ar\/wp-content\/uploads\/2021\/03\/DSC_8704-300x200.jpg\" data-large-file=\"https:\/\/www.legistdf.gob.ar\/wp-content\/uploads\/2021\/03\/DSC_8704-1024x682.jpg\" class=\"wp-image-22936 size-medium alignleft\" src=\"http:\/\/www.legistdf.gob.ar\/wp-content\/uploads\/2021\/03\/DSC_8704-300x200.jpg\" alt=\"\" width=\"300\" height=\"200\" srcset=\"https:\/\/www.legistdf.gob.ar\/wp-content\/uploads\/2021\/03\/DSC_8704-300x200.jpg 300w, https:\/\/www.legistdf.gob.ar\/wp-content\/uploads\/2021\/03\/DSC_8704-768x511.jpg 768w, https:\/\/www.legistdf.gob.ar\/wp-content\/uploads\/2021\/03\/DSC_8704-1024x682.jpg 1024w, https:\/\/www.legistdf.gob.ar\/wp-content\/uploads\/2021\/03\/DSC_8704-160x106.jpg 160w\" sizes=\"(max-width: 300px) 100vw, 300px\" \/><\/p>\n<p><strong>Ushuaia, lunes 8 de marzo de 2021.- La Presidenta del Poder Legislativo, vicegobernadora M\u00f3nica Urquiza particip\u00f3 junto a sus pares del Conversatorio \u201cDi\u00e1logo entre Vicegobernadoras\u201d en el marco de Nosotras Movemos el Mundo.<\/strong><\/p>\n<p>&nbsp;<\/p>\n<p>En el marco de Nosotras Movemos el Mundo, evento cultural y federal organizado por el Ministerio de las Mujeres, G\u00e9neros y Diversidad y el Ministerio de Cultura de la Naci\u00f3n Argentina, las vicegobernadoras del pa\u00eds participaron de un conversatorio para dialogar en torno a los desaf\u00edos y estrategias desde la gesti\u00f3n estatal con perspectiva de g\u00e9nero y diversidad.<\/p>\n<p>&nbsp;<\/p>\n<p>&nbsp;<\/p>\n<p><img loading=\"lazy\" decoding=\"async\" data-attachment-id=\"22937\" data-permalink=\"https:\/\/www.legistdf.gob.ar\/index.php\/2021\/03\/08\/legislatura-la-vicegobernadora-urquiza-participo-de-nosotras-movemos-el-mundo\/dsc_8730\/\" data-orig-file=\"https:\/\/www.legistdf.gob.ar\/wp-content\/uploads\/2021\/03\/DSC_8730.jpg\" data-orig-size=\"2464,1640\" data-comments-opened=\"0\" data-image-meta=\"{&quot;aperture&quot;:&quot;4&quot;,&quot;credit&quot;:&quot;&quot;,&quot;camera&quot;:&quot;NIKON D4&quot;,&quot;caption&quot;:&quot;&quot;,&quot;created_timestamp&quot;:&quot;1615027791&quot;,&quot;copyright&quot;:&quot;&quot;,&quot;focal_length&quot;:&quot;34&quot;,&quot;iso&quot;:&quot;3200&quot;,&quot;shutter_speed&quot;:&quot;0.005&quot;,&quot;title&quot;:&quot;&quot;,&quot;orientation&quot;:&quot;0&quot;}\" data-image-title=\"DSC_8730\" data-image-description=\"\" data-image-caption=\"\" data-medium-file=\"https:\/\/www.legistdf.gob.ar\/wp-content\/uploads\/2021\/03\/DSC_8730-300x200.jpg\" data-large-file=\"https:\/\/www.legistdf.gob.ar\/wp-content\/uploads\/2021\/03\/DSC_8730-1024x682.jpg\" class=\"wp-image-22937 size-medium alignright\" src=\"http:\/\/www.legistdf.gob.ar\/wp-content\/uploads\/2021\/03\/DSC_8730-300x200.jpg\" alt=\"\" width=\"300\" height=\"200\" srcset=\"https:\/\/www.legistdf.gob.ar\/wp-content\/uploads\/2021\/03\/DSC_8730-300x200.jpg 300w, https:\/\/www.legistdf.gob.ar\/wp-content\/uploads\/2021\/03\/DSC_8730-768x511.jpg 768w, https:\/\/www.legistdf.gob.ar\/wp-content\/uploads\/2021\/03\/DSC_8730-1024x682.jpg 1024w, https:\/\/www.legistdf.gob.ar\/wp-content\/uploads\/2021\/03\/DSC_8730-160x106.jpg 160w\" sizes=\"(max-width: 300px) 100vw, 300px\" \/><\/p>\n<p>En su presentaci\u00f3n, Urquiza resalt\u00f3 la presencia femenina en la historia y pol\u00edtica fueguina. En relaci\u00f3n a los aprendizajes y los desaf\u00edos de la formaci\u00f3n pol\u00edtica con enfoque de g\u00e9nero, se\u00f1al\u00f3 \u201chay que seguir fortaleciendo los espacios de participaci\u00f3n y la formaci\u00f3n pol\u00edtica con enfoque de g\u00e9nero porque es fundamental para lograr una sociedad m\u00e1s justa e igualitaria, y as\u00ed facilitar la participaci\u00f3n de la mujer en la estructura partidaria\u201d.<\/p>\n<p>&nbsp;<\/p>\n<p>\u201cSe debe prestar especial atenci\u00f3n, a lo que ocurre dentro de los hogares y lograr un reparto igualitario de la carga de cuidados entre hombres y mujeres, poner en valor el trabajo no remunerado y el uso del tiempo. Tenemos que desestereotipar los roles de g\u00e9nero que est\u00e1n presentes en la sociedad actual para generar real igualdad de oportunidades\u201d afirm\u00f3 la Vicegobernadora.<\/p>\n<p>&nbsp;<\/p>\n<p>Para finalizar, Urquiza asegur\u00f3 que \u201clos desaf\u00edos son inmensos, se debe llevar adelante una tarea integral e interdisciplinaria y contar con un Estado moderno, din\u00e1mico y presente\u201d.<\/p>\n<p><img loading=\"lazy\" decoding=\"async\" data-attachment-id=\"22938\" data-permalink=\"https:\/\/www.legistdf.gob.ar\/index.php\/2021\/03\/08\/legislatura-la-vicegobernadora-urquiza-participo-de-nosotras-movemos-el-mundo\/dsc_8733\/\" data-orig-file=\"https:\/\/www.legistdf.gob.ar\/wp-content\/uploads\/2021\/03\/DSC_8733.jpg\" data-orig-size=\"2464,1640\" data-comments-opened=\"0\" data-image-meta=\"{&quot;aperture&quot;:&quot;4&quot;,&quot;credit&quot;:&quot;&quot;,&quot;camera&quot;:&quot;NIKON D4&quot;,&quot;caption&quot;:&quot;&quot;,&quot;created_timestamp&quot;:&quot;1615027796&quot;,&quot;copyright&quot;:&quot;&quot;,&quot;focal_length&quot;:&quot;24&quot;,&quot;iso&quot;:&quot;3200&quot;,&quot;shutter_speed&quot;:&quot;0.005&quot;,&quot;title&quot;:&quot;&quot;,&quot;orientation&quot;:&quot;0&quot;}\" data-image-title=\"DSC_8733\" data-image-description=\"\" data-image-caption=\"\" data-medium-file=\"https:\/\/www.legistdf.gob.ar\/wp-content\/uploads\/2021\/03\/DSC_8733-300x200.jpg\" data-large-file=\"https:\/\/www.legistdf.gob.ar\/wp-content\/uploads\/2021\/03\/DSC_8733-1024x682.jpg\" class=\"alignleft wp-image-22938 size-medium\" src=\"http:\/\/www.legistdf.gob.ar\/wp-content\/uploads\/2021\/03\/DSC_8733-300x200.jpg\" alt=\"\" width=\"300\" height=\"200\" srcset=\"https:\/\/www.legistdf.gob.ar\/wp-content\/uploads\/2021\/03\/DSC_8733-300x200.jpg 300w, https:\/\/www.legistdf.gob.ar\/wp-content\/uploads\/2021\/03\/DSC_8733-768x511.jpg 768w, https:\/\/www.legistdf.gob.ar\/wp-content\/uploads\/2021\/03\/DSC_8733-1024x682.jpg 1024w, https:\/\/www.legistdf.gob.ar\/wp-content\/uploads\/2021\/03\/DSC_8733-160x106.jpg 160w\" sizes=\"(max-width: 300px) 100vw, 300px\" \/><\/p>\n<p>En esta oportunidad, el encuentro moderado por la Ministra Nacional, Elizabeth G\u00f3mez Alcorta, tuvo como oradoras a las vicegobernadoras Ver\u00f3nica Magario, de Buenos Aires; Alejandra Rodenas, de Santa Fe; Laura Stratta, de Entre R\u00edos; Anal\u00eda Rach Quiroga del Chaco y Florencia L\u00f3pez de La Rioja.<\/p>\n<p>&nbsp;<\/p>\n<p>&nbsp;<\/p>\n<p>&nbsp;<\/p>\n<p>&nbsp;<\/p>\n<p>&nbsp;<\/p>\n\n\t\t<style type=\"text\/css\">\n\t\t\t#gallery-1 {\n\t\t\t\tmargin: auto;\n\t\t\t}\n\t\t\t#gallery-1 .gallery-item {\n\t\t\t\tfloat: left;\n\t\t\t\tmargin-top: 10px;\n\t\t\t\ttext-align: center;\n\t\t\t\twidth: 33%;\n\t\t\t}\n\t\t\t#gallery-1 img {\n\t\t\t\tborder: 2px solid #cfcfcf;\n\t\t\t}\n\t\t\t#gallery-1 .gallery-caption {\n\t\t\t\tmargin-left: 0;\n\t\t\t}\n\t\t\t\/* see gallery_shortcode() in wp-includes\/media.php *\/\n\t\t<\/style>\n\t\t<div data-carousel-extra='{\"blog_id\":1,\"permalink\":\"https:\\\/\\\/www.legistdf.gob.ar\\\/index.php\\\/2021\\\/03\\\/08\\\/legislatura-la-vicegobernadora-urquiza-participo-de-nosotras-movemos-el-mundo\\\/\"}' id='gallery-1' class='gallery galleryid-22935 gallery-columns-3 gallery-size-thumbnail'><dl class='gallery-item'>\n\t\t\t<dt class='gallery-icon landscape'>\n\t\t\t\t<a href='https:\/\/www.legistdf.gob.ar\/index.php\/2021\/03\/08\/legislatura-la-vicegobernadora-urquiza-participo-de-nosotras-movemos-el-mundo\/dsc_8733\/'><img loading=\"lazy\" decoding=\"async\" width=\"150\" height=\"150\" src=\"https:\/\/www.legistdf.gob.ar\/wp-content\/uploads\/2021\/03\/DSC_8733-150x150.jpg\" class=\"attachment-thumbnail size-thumbnail\" alt=\"\" srcset=\"https:\/\/www.legistdf.gob.ar\/wp-content\/uploads\/2021\/03\/DSC_8733-150x150.jpg 150w, https:\/\/www.legistdf.gob.ar\/wp-content\/uploads\/2021\/03\/DSC_8733-64x64.jpg 64w\" sizes=\"(max-width: 150px) 100vw, 150px\" data-attachment-id=\"22938\" data-permalink=\"https:\/\/www.legistdf.gob.ar\/index.php\/2021\/03\/08\/legislatura-la-vicegobernadora-urquiza-participo-de-nosotras-movemos-el-mundo\/dsc_8733\/\" data-orig-file=\"https:\/\/www.legistdf.gob.ar\/wp-content\/uploads\/2021\/03\/DSC_8733.jpg\" data-orig-size=\"2464,1640\" data-comments-opened=\"0\" data-image-meta=\"{&quot;aperture&quot;:&quot;4&quot;,&quot;credit&quot;:&quot;&quot;,&quot;camera&quot;:&quot;NIKON D4&quot;,&quot;caption&quot;:&quot;&quot;,&quot;created_timestamp&quot;:&quot;1615027796&quot;,&quot;copyright&quot;:&quot;&quot;,&quot;focal_length&quot;:&quot;24&quot;,&quot;iso&quot;:&quot;3200&quot;,&quot;shutter_speed&quot;:&quot;0.005&quot;,&quot;title&quot;:&quot;&quot;,&quot;orientation&quot;:&quot;0&quot;}\" data-image-title=\"DSC_8733\" data-image-description=\"\" data-image-caption=\"\" data-medium-file=\"https:\/\/www.legistdf.gob.ar\/wp-content\/uploads\/2021\/03\/DSC_8733-300x200.jpg\" data-large-file=\"https:\/\/www.legistdf.gob.ar\/wp-content\/uploads\/2021\/03\/DSC_8733-1024x682.jpg\" \/><\/a>\n\t\t\t<\/dt><\/dl><dl class='gallery-item'>\n\t\t\t<dt class='gallery-icon landscape'>\n\t\t\t\t<a href='https:\/\/www.legistdf.gob.ar\/index.php\/2021\/03\/08\/legislatura-la-vicegobernadora-urquiza-participo-de-nosotras-movemos-el-mundo\/dsc_8730\/'><img loading=\"lazy\" decoding=\"async\" width=\"150\" height=\"150\" src=\"https:\/\/www.legistdf.gob.ar\/wp-content\/uploads\/2021\/03\/DSC_8730-150x150.jpg\" class=\"attachment-thumbnail size-thumbnail\" alt=\"\" srcset=\"https:\/\/www.legistdf.gob.ar\/wp-content\/uploads\/2021\/03\/DSC_8730-150x150.jpg 150w, https:\/\/www.legistdf.gob.ar\/wp-content\/uploads\/2021\/03\/DSC_8730-64x64.jpg 64w\" sizes=\"(max-width: 150px) 100vw, 150px\" data-attachment-id=\"22937\" data-permalink=\"https:\/\/www.legistdf.gob.ar\/index.php\/2021\/03\/08\/legislatura-la-vicegobernadora-urquiza-participo-de-nosotras-movemos-el-mundo\/dsc_8730\/\" data-orig-file=\"https:\/\/www.legistdf.gob.ar\/wp-content\/uploads\/2021\/03\/DSC_8730.jpg\" data-orig-size=\"2464,1640\" data-comments-opened=\"0\" data-image-meta=\"{&quot;aperture&quot;:&quot;4&quot;,&quot;credit&quot;:&quot;&quot;,&quot;camera&quot;:&quot;NIKON D4&quot;,&quot;caption&quot;:&quot;&quot;,&quot;created_timestamp&quot;:&quot;1615027791&quot;,&quot;copyright&quot;:&quot;&quot;,&quot;focal_length&quot;:&quot;34&quot;,&quot;iso&quot;:&quot;3200&quot;,&quot;shutter_speed&quot;:&quot;0.005&quot;,&quot;title&quot;:&quot;&quot;,&quot;orientation&quot;:&quot;0&quot;}\" data-image-title=\"DSC_8730\" data-image-description=\"\" data-image-caption=\"\" data-medium-file=\"https:\/\/www.legistdf.gob.ar\/wp-content\/uploads\/2021\/03\/DSC_8730-300x200.jpg\" data-large-file=\"https:\/\/www.legistdf.gob.ar\/wp-content\/uploads\/2021\/03\/DSC_8730-1024x682.jpg\" \/><\/a>\n\t\t\t<\/dt><\/dl><dl class='gallery-item'>\n\t\t\t<dt class='gallery-icon landscape'>\n\t\t\t\t<a href='https:\/\/www.legistdf.gob.ar\/index.php\/2021\/03\/08\/legislatura-la-vicegobernadora-urquiza-participo-de-nosotras-movemos-el-mundo\/dsc_8704\/'><img loading=\"lazy\" decoding=\"async\" width=\"150\" height=\"150\" src=\"https:\/\/www.legistdf.gob.ar\/wp-content\/uploads\/2021\/03\/DSC_8704-150x150.jpg\" class=\"attachment-thumbnail size-thumbnail\" alt=\"\" srcset=\"https:\/\/www.legistdf.gob.ar\/wp-content\/uploads\/2021\/03\/DSC_8704-150x150.jpg 150w, https:\/\/www.legistdf.gob.ar\/wp-content\/uploads\/2021\/03\/DSC_8704-64x64.jpg 64w\" sizes=\"(max-width: 150px) 100vw, 150px\" data-attachment-id=\"22936\" data-permalink=\"https:\/\/www.legistdf.gob.ar\/index.php\/2021\/03\/08\/legislatura-la-vicegobernadora-urquiza-participo-de-nosotras-movemos-el-mundo\/dsc_8704\/\" data-orig-file=\"https:\/\/www.legistdf.gob.ar\/wp-content\/uploads\/2021\/03\/DSC_8704.jpg\" data-orig-size=\"2464,1640\" data-comments-opened=\"0\" data-image-meta=\"{&quot;aperture&quot;:&quot;4&quot;,&quot;credit&quot;:&quot;&quot;,&quot;camera&quot;:&quot;NIKON D4&quot;,&quot;caption&quot;:&quot;&quot;,&quot;created_timestamp&quot;:&quot;1615027602&quot;,&quot;copyright&quot;:&quot;&quot;,&quot;focal_length&quot;:&quot;48&quot;,&quot;iso&quot;:&quot;2200&quot;,&quot;shutter_speed&quot;:&quot;0.005&quot;,&quot;title&quot;:&quot;&quot;,&quot;orientation&quot;:&quot;0&quot;}\" data-image-title=\"DSC_8704\" data-image-description=\"\" data-image-caption=\"\" data-medium-file=\"https:\/\/www.legistdf.gob.ar\/wp-content\/uploads\/2021\/03\/DSC_8704-300x200.jpg\" data-large-file=\"https:\/\/www.legistdf.gob.ar\/wp-content\/uploads\/2021\/03\/DSC_8704-1024x682.jpg\" \/><\/a>\n\t\t\t<\/dt><\/dl><br style=\"clear: both\" \/>\n\t\t<\/div>\n\n","protected":false},"excerpt":{"rendered":"<p>Ushuaia, lunes 8 de marzo de 2021.- La Presidenta del Poder Legislativo, vicegobernadora M\u00f3nica Urquiza particip\u00f3 junto a sus pares del Conversatorio \u201cDi\u00e1logo entre Vicegobernadoras\u201d en el marco de Nosotras Movemos el Mundo. &nbsp; En el marco de Nosotras Movemos el Mundo, evento cultural y federal organizado por el Ministerio de las Mujeres, G\u00e9neros y [&hellip;]<\/p>\n","protected":false},"author":352,"featured_media":22937,"comment_status":"closed","ping_status":"open","sticky":false,"template":"","format":"standard","meta":{"jetpack_post_was_ever_published":false,"_jetpack_newsletter_access":"","_jetpack_dont_email_post_to_subs":false,"_jetpack_newsletter_tier_id":0,"footnotes":"","jetpack_publicize_message":"","jetpack_publicize_feature_enabled":true,"jetpack_social_post_already_shared":true,"jetpack_social_options":{"image_generator_settings":{"template":"highway","enabled":false}}},"categories":[1],"tags":[2120,1034,78,144,1959,87],"jetpack_publicize_connections":[],"jetpack_sharing_enabled":true,"jetpack_featured_media_url":"https:\/\/www.legistdf.gob.ar\/wp-content\/uploads\/2021\/03\/DSC_8730.jpg","jetpack-related-posts":[],"_links":{"self":[{"href":"https:\/\/www.legistdf.gob.ar\/index.php\/wp-json\/wp\/v2\/posts\/22935"}],"collection":[{"href":"https:\/\/www.legistdf.gob.ar\/index.php\/wp-json\/wp\/v2\/posts"}],"about":[{"href":"https:\/\/www.legistdf.gob.ar\/index.php\/wp-json\/wp\/v2\/types\/post"}],"author":[{"embeddable":true,"href":"https:\/\/www.legistdf.gob.ar\/index.php\/wp-json\/wp\/v2\/users\/352"}],"replies":[{"embeddable":true,"href":"https:\/\/www.legistdf.gob.ar\/index.php\/wp-json\/wp\/v2\/comments?post=22935"}],"version-history":[{"count":1,"href":"https:\/\/www.legistdf.gob.ar\/index.php\/wp-json\/wp\/v2\/posts\/22935\/revisions"}],"predecessor-version":[{"id":22939,"href":"https:\/\/www.legistdf.gob.ar\/index.php\/wp-json\/wp\/v2\/posts\/22935\/revisions\/22939"}],"wp:featuredmedia":[{"embeddable":true,"href":"https:\/\/www.legistdf.gob.ar\/index.php\/wp-json\/wp\/v2\/media\/22937"}],"wp:attachment":[{"href":"https:\/\/www.legistdf.gob.ar\/index.php\/wp-json\/wp\/v2\/media?parent=22935"}],"wp:term":[{"taxonomy":"category","embeddable":true,"href":"https:\/\/www.legistdf.gob.ar\/index.php\/wp-json\/wp\/v2\/categories?post=22935"},{"taxonomy":"post_tag","embeddable":true,"href":"https:\/\/www.legistdf.gob.ar\/index.php\/wp-json\/wp\/v2\/tags?post=22935"}],"curies":[{"name":"wp","href":"https:\/\/api.w.org\/{rel}","templated":true}]}}