{"id":23029,"date":"2021-03-14T18:14:10","date_gmt":"2021-03-14T21:14:10","guid":{"rendered":"http:\/\/www.legistdf.gob.ar\/?p=23029"},"modified":"2021-03-14T18:14:10","modified_gmt":"2021-03-14T21:14:10","slug":"comisiones-se-reunira-la-comision-malvinas-atlantico-sur-y-antartida","status":"publish","type":"post","link":"https:\/\/www.legistdf.gob.ar\/index.php\/2021\/03\/14\/comisiones-se-reunira-la-comision-malvinas-atlantico-sur-y-antartida\/","title":{"rendered":"COMISIONES: Se reunir\u00e1 la Comisi\u00f3n Malvinas, Atl\u00e1ntico Sur y Ant\u00e1rtida"},"content":{"rendered":"<p><strong>R\u00edo Grande, domingo 14 de marzo de 2021.- El presidente de la Comisi\u00f3n N\u00b0 7 Malvinas, Atl\u00e1ntico Sur y Ant\u00e1rtida, legislador Federico Sciurano (UCR), determin\u00f3 el primer encuentro para el jueves 18 a las 14 h en el Recinto de Sesiones y Comisiones del Parlamento fueguino. Se espera que ordenen la agenda de asuntos que fueron girados a ese espacio.<\/strong><\/p>\n<p>&nbsp;<\/p>\n<p>La Comisi\u00f3n est\u00e1 integrada adem\u00e1s por Federico Greve, Emmanuel Trentino, Daniel Rivarola y M\u00f3nica Acosta (FORJA); Mar\u00eda Laura Colazo Mar\u00eda Victoria Vuoto y Jorge Colazo (PV); Dami\u00e1n L\u00f6ffler y Pablo Villegas (MPF); Liliana Mart\u00ednez Allende (UCR) y Ricardo Furlan,\u00a0 Federico Bilota, Myriam Mart\u00ednez y Andrea Freites (FdT-PJ).<\/p>\n<p>&nbsp;<\/p>\n<p style=\"text-align: right\"><em>AT con informaci\u00f3n de la<\/em><\/p>\n<p style=\"text-align: right\"><em>DirComisiones memo N\u00b0 003\/21<\/em><\/p>\n","protected":false},"excerpt":{"rendered":"<p>R\u00edo Grande, domingo 14 de marzo de 2021.- El presidente de la Comisi\u00f3n N\u00b0 7 Malvinas, Atl\u00e1ntico Sur y Ant\u00e1rtida, legislador Federico Sciurano (UCR), determin\u00f3 el primer encuentro para el jueves 18 a las 14 h en el Recinto de Sesiones y Comisiones del Parlamento fueguino. Se espera que ordenen la agenda de asuntos que [&hellip;]<\/p>\n","protected":false},"author":352,"featured_media":22351,"comment_status":"closed","ping_status":"open","sticky":false,"template":"","format":"standard","meta":{"jetpack_post_was_ever_published":false,"_jetpack_newsletter_access":"","_jetpack_dont_email_post_to_subs":false,"_jetpack_newsletter_tier_id":0,"footnotes":"","jetpack_publicize_message":"","jetpack_publicize_feature_enabled":true,"jetpack_social_post_already_shared":true,"jetpack_social_options":{"image_generator_settings":{"template":"highway","enabled":false}}},"categories":[1],"tags":[2125,84,1824,78,141,87],"jetpack_publicize_connections":[],"jetpack_sharing_enabled":true,"jetpack_featured_media_url":"https:\/\/www.legistdf.gob.ar\/wp-content\/uploads\/2020\/12\/IMG_8464.jpg","jetpack-related-posts":[],"_links":{"self":[{"href":"https:\/\/www.legistdf.gob.ar\/index.php\/wp-json\/wp\/v2\/posts\/23029"}],"collection":[{"href":"https:\/\/www.legistdf.gob.ar\/index.php\/wp-json\/wp\/v2\/posts"}],"about":[{"href":"https:\/\/www.legistdf.gob.ar\/index.php\/wp-json\/wp\/v2\/types\/post"}],"author":[{"embeddable":true,"href":"https:\/\/www.legistdf.gob.ar\/index.php\/wp-json\/wp\/v2\/users\/352"}],"replies":[{"embeddable":true,"href":"https:\/\/www.legistdf.gob.ar\/index.php\/wp-json\/wp\/v2\/comments?post=23029"}],"version-history":[{"count":1,"href":"https:\/\/www.legistdf.gob.ar\/index.php\/wp-json\/wp\/v2\/posts\/23029\/revisions"}],"predecessor-version":[{"id":23030,"href":"https:\/\/www.legistdf.gob.ar\/index.php\/wp-json\/wp\/v2\/posts\/23029\/revisions\/23030"}],"wp:featuredmedia":[{"embeddable":true,"href":"https:\/\/www.legistdf.gob.ar\/index.php\/wp-json\/wp\/v2\/media\/22351"}],"wp:attachment":[{"href":"https:\/\/www.legistdf.gob.ar\/index.php\/wp-json\/wp\/v2\/media?parent=23029"}],"wp:term":[{"taxonomy":"category","embeddable":true,"href":"https:\/\/www.legistdf.gob.ar\/index.php\/wp-json\/wp\/v2\/categories?post=23029"},{"taxonomy":"post_tag","embeddable":true,"href":"https:\/\/www.legistdf.gob.ar\/index.php\/wp-json\/wp\/v2\/tags?post=23029"}],"curies":[{"name":"wp","href":"https:\/\/api.w.org\/{rel}","templated":true}]}}