{"id":23032,"date":"2021-03-15T15:20:03","date_gmt":"2021-03-15T18:20:03","guid":{"rendered":"http:\/\/www.legistdf.gob.ar\/?p=23032"},"modified":"2021-03-15T15:20:03","modified_gmt":"2021-03-15T18:20:03","slug":"comisiones-continua-el-debate-por-la-reforma-de-la-ley-electoral","status":"publish","type":"post","link":"https:\/\/www.legistdf.gob.ar\/index.php\/2021\/03\/15\/comisiones-continua-el-debate-por-la-reforma-de-la-ley-electoral\/","title":{"rendered":"COMISIONES: Contin\u00faa el debate por la reforma de la Ley Electoral"},"content":{"rendered":"<p><strong>Ushuaia, lunes 15 de marzo de 2021.- El presidente de la Comisi\u00f3n N\u00ba 1 de Legislaci\u00f3n General. Peticiones. Poderes y Reglamentos. Asuntos Constitucionales, Municipales y Comunales, Federico Greve (FORJA), convoc\u00f3 a los Legisladores que integran ese espacio, a una reuni\u00f3n el mi\u00e9rcoles 17 a partir de las 11 en el Recinto de Sesiones y Comisiones del Parlamento fueguino para tratar los asuntos N\u00ba 106\/20 y N\u00ba 133\/20.<\/strong><\/p>\n<p>&nbsp;<\/p>\n<p>Cabe recordar que ambas iniciativas abordan la reforma de Ley Electoral, y para continuar con el debate en torno a los proyectos, desde la Presidencia de la Comisi\u00f3n convocaron a las 11, a representantes de los tres municipios y de los Concejos Deliberantes de la Provincia.<\/p>\n<p>&nbsp;<\/p>\n<p>Por otro lado, desde las 14 y hasta las 18, est\u00e1 prevista la presencia de miembros de organizaciones sociales, quienes expresar\u00e1n sus opiniones ante las iniciativas propuestas por los bloques FORJA y UCR.<\/p>\n<p>&nbsp;<\/p>\n<p style=\"text-align: right\"><em>ZV con informaci\u00f3n de<\/em><\/p>\n<p style=\"text-align: right\"><em>DirComisiones<\/em><\/p>\n","protected":false},"excerpt":{"rendered":"<p>Ushuaia, lunes 15 de marzo de 2021.- El presidente de la Comisi\u00f3n N\u00ba 1 de Legislaci\u00f3n General. Peticiones. Poderes y Reglamentos. Asuntos Constitucionales, Municipales y Comunales, Federico Greve (FORJA), convoc\u00f3 a los Legisladores que integran ese espacio, a una reuni\u00f3n el mi\u00e9rcoles 17 a partir de las 11 en el Recinto de Sesiones y Comisiones [&hellip;]<\/p>\n","protected":false},"author":352,"featured_media":22563,"comment_status":"closed","ping_status":"open","sticky":false,"template":"","format":"standard","meta":{"jetpack_post_was_ever_published":false,"_jetpack_newsletter_access":"","_jetpack_dont_email_post_to_subs":false,"_jetpack_newsletter_tier_id":0,"footnotes":"","jetpack_publicize_message":"","jetpack_publicize_feature_enabled":true,"jetpack_social_post_already_shared":true,"jetpack_social_options":{"image_generator_settings":{"template":"highway","enabled":false}}},"categories":[1],"tags":[84,1816,2117,87],"jetpack_publicize_connections":[],"jetpack_sharing_enabled":true,"jetpack_featured_media_url":"https:\/\/www.legistdf.gob.ar\/wp-content\/uploads\/2020\/12\/IMG_8636.jpg","jetpack-related-posts":[],"_links":{"self":[{"href":"https:\/\/www.legistdf.gob.ar\/index.php\/wp-json\/wp\/v2\/posts\/23032"}],"collection":[{"href":"https:\/\/www.legistdf.gob.ar\/index.php\/wp-json\/wp\/v2\/posts"}],"about":[{"href":"https:\/\/www.legistdf.gob.ar\/index.php\/wp-json\/wp\/v2\/types\/post"}],"author":[{"embeddable":true,"href":"https:\/\/www.legistdf.gob.ar\/index.php\/wp-json\/wp\/v2\/users\/352"}],"replies":[{"embeddable":true,"href":"https:\/\/www.legistdf.gob.ar\/index.php\/wp-json\/wp\/v2\/comments?post=23032"}],"version-history":[{"count":1,"href":"https:\/\/www.legistdf.gob.ar\/index.php\/wp-json\/wp\/v2\/posts\/23032\/revisions"}],"predecessor-version":[{"id":23033,"href":"https:\/\/www.legistdf.gob.ar\/index.php\/wp-json\/wp\/v2\/posts\/23032\/revisions\/23033"}],"wp:featuredmedia":[{"embeddable":true,"href":"https:\/\/www.legistdf.gob.ar\/index.php\/wp-json\/wp\/v2\/media\/22563"}],"wp:attachment":[{"href":"https:\/\/www.legistdf.gob.ar\/index.php\/wp-json\/wp\/v2\/media?parent=23032"}],"wp:term":[{"taxonomy":"category","embeddable":true,"href":"https:\/\/www.legistdf.gob.ar\/index.php\/wp-json\/wp\/v2\/categories?post=23032"},{"taxonomy":"post_tag","embeddable":true,"href":"https:\/\/www.legistdf.gob.ar\/index.php\/wp-json\/wp\/v2\/tags?post=23032"}],"curies":[{"name":"wp","href":"https:\/\/api.w.org\/{rel}","templated":true}]}}