{"id":23042,"date":"2021-03-16T11:56:05","date_gmt":"2021-03-16T14:56:05","guid":{"rendered":"http:\/\/www.legistdf.gob.ar\/?p=23042"},"modified":"2021-03-16T11:56:05","modified_gmt":"2021-03-16T14:56:05","slug":"comisiones-nuevos-encuentros-de-educacion-y-salud-publica-para-esta-semana","status":"publish","type":"post","link":"https:\/\/www.legistdf.gob.ar\/index.php\/2021\/03\/16\/comisiones-nuevos-encuentros-de-educacion-y-salud-publica-para-esta-semana\/","title":{"rendered":"COMISIONES: Nuevos encuentros de Educaci\u00f3n y Salud P\u00fablica para esta semana"},"content":{"rendered":"<p><strong><img loading=\"lazy\" decoding=\"async\" data-attachment-id=\"22880\" data-permalink=\"https:\/\/www.legistdf.gob.ar\/_mg_4574\/\" data-orig-file=\"https:\/\/www.legistdf.gob.ar\/wp-content\/uploads\/2021\/03\/MG_4574.jpg\" data-orig-size=\"1500,1000\" data-comments-opened=\"0\" data-image-meta=\"{&quot;aperture&quot;:&quot;3.5&quot;,&quot;credit&quot;:&quot;PrenlsaLegislativa2015&quot;,&quot;camera&quot;:&quot;Canon EOS 60D&quot;,&quot;caption&quot;:&quot;&quot;,&quot;created_timestamp&quot;:&quot;1614577735&quot;,&quot;copyright&quot;:&quot;&quot;,&quot;focal_length&quot;:&quot;10&quot;,&quot;iso&quot;:&quot;1000&quot;,&quot;shutter_speed&quot;:&quot;0.01&quot;,&quot;title&quot;:&quot;&quot;,&quot;orientation&quot;:&quot;1&quot;}\" data-image-title=\"_MG_4574\" data-image-description=\"\" data-image-caption=\"\" data-medium-file=\"https:\/\/www.legistdf.gob.ar\/wp-content\/uploads\/2021\/03\/MG_4574-300x200.jpg\" data-large-file=\"https:\/\/www.legistdf.gob.ar\/wp-content\/uploads\/2021\/03\/MG_4574-1024x683.jpg\" class=\"size-full wp-image-22880 aligncenter\" src=\"http:\/\/www.legistdf.gob.ar\/wp-content\/uploads\/2021\/03\/MG_4574.jpg\" alt=\"\" width=\"1500\" height=\"1000\" srcset=\"https:\/\/www.legistdf.gob.ar\/wp-content\/uploads\/2021\/03\/MG_4574.jpg 1500w, https:\/\/www.legistdf.gob.ar\/wp-content\/uploads\/2021\/03\/MG_4574-300x200.jpg 300w, https:\/\/www.legistdf.gob.ar\/wp-content\/uploads\/2021\/03\/MG_4574-768x512.jpg 768w, https:\/\/www.legistdf.gob.ar\/wp-content\/uploads\/2021\/03\/MG_4574-1024x683.jpg 1024w, https:\/\/www.legistdf.gob.ar\/wp-content\/uploads\/2021\/03\/MG_4574-160x107.jpg 160w\" sizes=\"(max-width: 1500px) 100vw, 1500px\" \/>Ushuaia, martes 16 de marzo de 2021.- El legislador Emmanuel Trentino convoc\u00f3 a una nueva reuni\u00f3n de la Comisi\u00f3n de Educaci\u00f3n (4), para este jueves 18 por la tarde. Por su parte, el legislador Daniel Rivarola hizo lo propio para el mismo d\u00eda a las 11 h, con los integrantes de la Comisi\u00f3n de Salud P\u00fablica (5). <\/strong><\/p>\n<p><strong>\u00a0<\/strong><\/p>\n<p>El legislador Trentino, integrante del bloque FORJA, llam\u00f3 a sus pares para reunirse en el Recinto de Sesiones y Comisiones, una vez que finalice la reuni\u00f3n de la Comisi\u00f3n Malvinas, Atl\u00e1ntico Sur y Ant\u00e1rtida (7), prevista para las 14 h.<\/p>\n<p>&nbsp;<\/p>\n<p>Por su parte, el presidente de la Comisi\u00f3n N\u00ba 5, legislador Daniel Rivarola (FORJA), convoc\u00f3 a sus pares para analizar los siguientes asuntos:<\/p>\n<p>&nbsp;<\/p>\n<ul>\n<li><a href=\"http:\/\/www.legistdf.gob.ar\/lp\/novedadesip\/Asuntos%20Entrados%202020\/As.%20N%BA%20151-20.pdf\">N\u00ba 151\/20<\/a> impulsado por el Partido Verde, propone modificaciones a la Ley provincial N\u00ba 48 de Discapacidad.<\/li>\n<li><a href=\"http:\/\/www.legistdf.gob.ar\/lp\/novedadesip\/Asuntos%20Entrados%202020\/As.%20N%BA%20320-20.pdf\">N\u00ba 320\/20<\/a>, propone declarar concluido el plazo para la interposici\u00f3n de reclamos de regularizaci\u00f3n de antiguas ocupaciones, seg\u00fan las Leyes N\u00ba 313, 341 y 1184. El asunto es impulsado por el bloque UCR.<\/li>\n<li><a href=\"http:\/\/www.legistdf.gob.ar\/lp\/novedadesip\/Asuntos%20Entrados%202020\/As.%20N%BA%20467-20.pdf\">N\u00ba 467\/20<\/a>, tambi\u00e9n promovido por el bloque radical, proyecto de Ley de creaci\u00f3n del programa \u201cG\u00f3ndola saludable\u201d.<\/li>\n<li><a href=\"http:\/\/www.legistdf.gob.ar\/lp\/novedadesip\/Asuntos%20Entrados%202020\/As.%20N%BA%20469-20.pdf\">N\u00ba 469\/20<\/a>, busca incorporar por Ley, como pr\u00e1ctica obligatoria y rutinaria la realizaci\u00f3n de \u201cEcograf\u00edas fetales con evaluaci\u00f3n card\u00edaca\u201d. El proyecto tambi\u00e9n es propuesto por el bloque UCR.<\/li>\n<\/ul>\n<p style=\"text-align: right\">LVV<\/p>\n<p style=\"text-align: right\">Seg\u00fan Memorandum 05\/21 y 06\/21<\/p>\n<p style=\"text-align: right\">de la Direcci\u00f3n de Comisiones<\/p>\n<p>&nbsp;<\/p>\n","protected":false},"excerpt":{"rendered":"<p>Ushuaia, martes 16 de marzo de 2021.- El legislador Emmanuel Trentino convoc\u00f3 a una nueva reuni\u00f3n de la Comisi\u00f3n de Educaci\u00f3n (4), para este jueves 18 por la tarde. Por su parte, el legislador Daniel Rivarola hizo lo propio para el mismo d\u00eda a las 11 h, con los integrantes de la Comisi\u00f3n de Salud [&hellip;]<\/p>\n","protected":false},"author":352,"featured_media":22880,"comment_status":"closed","ping_status":"open","sticky":false,"template":"","format":"standard","meta":{"jetpack_post_was_ever_published":false,"_jetpack_newsletter_access":"","_jetpack_dont_email_post_to_subs":false,"_jetpack_newsletter_tier_id":0,"footnotes":"","jetpack_publicize_message":"","jetpack_publicize_feature_enabled":true,"jetpack_social_post_already_shared":true,"jetpack_social_options":{"image_generator_settings":{"template":"highway","enabled":false}}},"categories":[1],"tags":[259,213,84,1819,80,1818,130,154],"jetpack_publicize_connections":[],"jetpack_sharing_enabled":true,"jetpack_featured_media_url":"https:\/\/www.legistdf.gob.ar\/wp-content\/uploads\/2021\/03\/MG_4574.jpg","jetpack-related-posts":[],"_links":{"self":[{"href":"https:\/\/www.legistdf.gob.ar\/index.php\/wp-json\/wp\/v2\/posts\/23042"}],"collection":[{"href":"https:\/\/www.legistdf.gob.ar\/index.php\/wp-json\/wp\/v2\/posts"}],"about":[{"href":"https:\/\/www.legistdf.gob.ar\/index.php\/wp-json\/wp\/v2\/types\/post"}],"author":[{"embeddable":true,"href":"https:\/\/www.legistdf.gob.ar\/index.php\/wp-json\/wp\/v2\/users\/352"}],"replies":[{"embeddable":true,"href":"https:\/\/www.legistdf.gob.ar\/index.php\/wp-json\/wp\/v2\/comments?post=23042"}],"version-history":[{"count":1,"href":"https:\/\/www.legistdf.gob.ar\/index.php\/wp-json\/wp\/v2\/posts\/23042\/revisions"}],"predecessor-version":[{"id":23043,"href":"https:\/\/www.legistdf.gob.ar\/index.php\/wp-json\/wp\/v2\/posts\/23042\/revisions\/23043"}],"wp:featuredmedia":[{"embeddable":true,"href":"https:\/\/www.legistdf.gob.ar\/index.php\/wp-json\/wp\/v2\/media\/22880"}],"wp:attachment":[{"href":"https:\/\/www.legistdf.gob.ar\/index.php\/wp-json\/wp\/v2\/media?parent=23042"}],"wp:term":[{"taxonomy":"category","embeddable":true,"href":"https:\/\/www.legistdf.gob.ar\/index.php\/wp-json\/wp\/v2\/categories?post=23042"},{"taxonomy":"post_tag","embeddable":true,"href":"https:\/\/www.legistdf.gob.ar\/index.php\/wp-json\/wp\/v2\/tags?post=23042"}],"curies":[{"name":"wp","href":"https:\/\/api.w.org\/{rel}","templated":true}]}}