{"id":23538,"date":"2021-03-26T17:00:27","date_gmt":"2021-03-26T20:00:27","guid":{"rendered":"http:\/\/www.legistdf.gob.ar\/?p=23538"},"modified":"2021-03-27T15:28:29","modified_gmt":"2021-03-27T18:28:29","slug":"sciurano-celebro-el-debate-de-las-cinco-fuerzas-politicas-que-conforman-la-camara-legislativa","status":"publish","type":"post","link":"https:\/\/www.legistdf.gob.ar\/index.php\/2021\/03\/26\/sciurano-celebro-el-debate-de-las-cinco-fuerzas-politicas-que-conforman-la-camara-legislativa\/","title":{"rendered":"SCIURANO: Celebr\u00f3 el debate de las cinco fuerzas pol\u00edticas que conforman la C\u00e1mara legislativa"},"content":{"rendered":"<p><strong><img loading=\"lazy\" decoding=\"async\" data-attachment-id=\"23458\" data-permalink=\"https:\/\/www.legistdf.gob.ar\/index.php\/2021\/03\/25\/galeria-imagenes-de-la-1a-sesion-ordinaria\/img_8924\/\" data-orig-file=\"https:\/\/www.legistdf.gob.ar\/wp-content\/uploads\/2021\/03\/IMG_8924.jpg\" data-orig-size=\"1500,1000\" data-comments-opened=\"0\" data-image-meta=\"{&quot;aperture&quot;:&quot;0&quot;,&quot;credit&quot;:&quot;&quot;,&quot;camera&quot;:&quot;&quot;,&quot;caption&quot;:&quot;&quot;,&quot;created_timestamp&quot;:&quot;0&quot;,&quot;copyright&quot;:&quot;&quot;,&quot;focal_length&quot;:&quot;0&quot;,&quot;iso&quot;:&quot;0&quot;,&quot;shutter_speed&quot;:&quot;0&quot;,&quot;title&quot;:&quot;&quot;,&quot;orientation&quot;:&quot;0&quot;}\" data-image-title=\"IMG_8924\" data-image-description=\"\" data-image-caption=\"\" data-medium-file=\"https:\/\/www.legistdf.gob.ar\/wp-content\/uploads\/2021\/03\/IMG_8924-300x200.jpg\" data-large-file=\"https:\/\/www.legistdf.gob.ar\/wp-content\/uploads\/2021\/03\/IMG_8924-1024x683.jpg\" class=\"alignleft wp-image-23458 size-medium\" src=\"http:\/\/www.legistdf.gob.ar\/wp-content\/uploads\/2021\/03\/IMG_8924-300x200.jpg\" alt=\"\" width=\"300\" height=\"200\" srcset=\"https:\/\/www.legistdf.gob.ar\/wp-content\/uploads\/2021\/03\/IMG_8924-300x200.jpg 300w, https:\/\/www.legistdf.gob.ar\/wp-content\/uploads\/2021\/03\/IMG_8924-768x512.jpg 768w, https:\/\/www.legistdf.gob.ar\/wp-content\/uploads\/2021\/03\/IMG_8924-1024x683.jpg 1024w, https:\/\/www.legistdf.gob.ar\/wp-content\/uploads\/2021\/03\/IMG_8924-160x107.jpg 160w, https:\/\/www.legistdf.gob.ar\/wp-content\/uploads\/2021\/03\/IMG_8924.jpg 1500w\" sizes=\"(max-width: 300px) 100vw, 300px\" \/>Ushuaia, viernes 26 de marzo de 2021.- El presidente del bloque de la UCR, legislador Federico Sciurano, realiz\u00f3 un balance de los temas aprobados en la 1\u00aa sesi\u00f3n ordinaria del Poder Legislativo, entre los que destac\u00f3 la sanci\u00f3n de leyes vinculadas a la salud y la creaci\u00f3n de la comisi\u00f3n legislativa que evaluar\u00e1 la ampliaci\u00f3n del ejido urbano de Ushuaia. <\/strong><\/p>\n<p>&nbsp;<\/p>\n<p>\u201cSe trat\u00f3 de una sesi\u00f3n con una mirada muy interesante sobre cada uno de los temas, dado que hay que tener en cuenta que la Legislatura est\u00e1 conformada por cinco bloques pol\u00edticos y eso marca la necesidad de debatir\u201d, dijo a Prensa Legislativa.<\/p>\n<p>&nbsp;<\/p>\n<p>En primer lugar, destac\u00f3 la aprobaci\u00f3n por mayor\u00eda del <a href=\"http:\/\/www.legistdf.gob.ar\/lp\/novedadesip\/Asuntos%20Entrados%202021\/As.%20N%BA%20038-21.pdf\" target=\"_blank\" rel=\"noopener noreferrer\">asunto N\u00ba 038\/21<\/a>, \u00a0impulsado por los bloques UCR, MPF, FdT &#8211; PJ que crea una comisi\u00f3n para analizar la ampliaci\u00f3n del ejido urbano de la capital fueguina.<\/p>\n<p>&nbsp;<\/p>\n<p>\u201cEs una responsabilidad legislativa, y es parte de un debate muy sustancioso y la Legislatura va a generar todas las estructuras necesarias para que esa decisi\u00f3n se pueda tomar con las opiniones de todos los involucrados en el tema para llevarla adelante\u201d, opin\u00f3.<\/p>\n<p>&nbsp;<\/p>\n<p>En el articulado de la iniciativa, se especifica que dicha comisi\u00f3n estar\u00e1 integrada por dos legisladores de cada bloque pol\u00edtico y ser\u00e1 presidida por la Vicegobernadora, en un plazo no mayor de 30 d\u00edas a partir de su constituci\u00f3n.<\/p>\n<p>&nbsp;<\/p>\n<p><img loading=\"lazy\" decoding=\"async\" data-attachment-id=\"23448\" data-permalink=\"https:\/\/www.legistdf.gob.ar\/index.php\/2021\/03\/25\/galeria-imagenes-de-la-1a-sesion-ordinaria\/img_8911-2\/\" data-orig-file=\"https:\/\/www.legistdf.gob.ar\/wp-content\/uploads\/2021\/03\/IMG_8911.jpg\" data-orig-size=\"1500,1000\" data-comments-opened=\"0\" data-image-meta=\"{&quot;aperture&quot;:&quot;0&quot;,&quot;credit&quot;:&quot;&quot;,&quot;camera&quot;:&quot;&quot;,&quot;caption&quot;:&quot;&quot;,&quot;created_timestamp&quot;:&quot;0&quot;,&quot;copyright&quot;:&quot;&quot;,&quot;focal_length&quot;:&quot;0&quot;,&quot;iso&quot;:&quot;0&quot;,&quot;shutter_speed&quot;:&quot;0&quot;,&quot;title&quot;:&quot;&quot;,&quot;orientation&quot;:&quot;0&quot;}\" data-image-title=\"IMG_8911\" data-image-description=\"\" data-image-caption=\"\" data-medium-file=\"https:\/\/www.legistdf.gob.ar\/wp-content\/uploads\/2021\/03\/IMG_8911-300x200.jpg\" data-large-file=\"https:\/\/www.legistdf.gob.ar\/wp-content\/uploads\/2021\/03\/IMG_8911-1024x683.jpg\" class=\"alignright wp-image-23448 size-medium\" src=\"http:\/\/www.legistdf.gob.ar\/wp-content\/uploads\/2021\/03\/IMG_8911-300x200.jpg\" alt=\"\" width=\"300\" height=\"200\" srcset=\"https:\/\/www.legistdf.gob.ar\/wp-content\/uploads\/2021\/03\/IMG_8911-300x200.jpg 300w, https:\/\/www.legistdf.gob.ar\/wp-content\/uploads\/2021\/03\/IMG_8911-768x512.jpg 768w, https:\/\/www.legistdf.gob.ar\/wp-content\/uploads\/2021\/03\/IMG_8911-1024x683.jpg 1024w, https:\/\/www.legistdf.gob.ar\/wp-content\/uploads\/2021\/03\/IMG_8911-160x107.jpg 160w, https:\/\/www.legistdf.gob.ar\/wp-content\/uploads\/2021\/03\/IMG_8911.jpg 1500w\" sizes=\"(max-width: 300px) 100vw, 300px\" \/>En otro de sus art\u00edculos, especifica que \u201cal concretar su cometido, la comisi\u00f3n especial elevar\u00e1 a la C\u00e1mara un informe definitiva fundamentando a las conclusiones a las que arribe, dictaminando sobre el objetivo\u201d.<\/p>\n<p>&nbsp;<\/p>\n<p>Por otro lado, resalt\u00f3 la sanci\u00f3n de la Ley denominada \u201cG\u00f3ndola saludable\u201d que, para el Legislador, pone un freno al capitalismo \u201cexcesivo\u201d, y de esta forma se podr\u00e1 valorizar la salud y generar una estructura de consumo adecuada.<\/p>\n<p>&nbsp;<\/p>\n<p>Asimismo expres\u00f3 que la norma, permitir\u00e1 que el consumidor, se \u201chaga de herramientas sanas y constructivas al momento de realizar sus consumos\u201d. El <a href=\"http:\/\/www.legistdf.gob.ar\/lp\/novedadesip\/Asuntos%20Entrados%202021\/As.%20N%BA%20051-21.pdf\" target=\"_blank\" rel=\"noopener noreferrer\">asunto N\u00ba 051\/21<\/a>, especifica que se debe difundir, estimular y visibilizar, la producci\u00f3n, el consumo y la comercializaci\u00f3n de productos, elaborados en la Provincia, que ocupen mano de obra y den empleo en cualquiera de las etapas de elaboraci\u00f3n en la Tierra del Fuego.<\/p>\n<p>&nbsp;<\/p>\n<p>Sciurano, tambi\u00e9n celebr\u00f3 la sanci\u00f3n de la Ley que incorpora\u00a0 como pr\u00e1ctica obligatoria y rutinaria la realizaci\u00f3n de ecograf\u00edas fetales con evaluaci\u00f3n card\u00edacas. El asunto N\u00ba 469\/20, impulsado por la UCR, cont\u00f3 con dictamen favorable y en mayor\u00eda de la comisi\u00f3n de Salud, realizada la semana pasada.<\/p>\n<p>&nbsp;<\/p>\n<p><img loading=\"lazy\" decoding=\"async\" data-attachment-id=\"23433\" data-permalink=\"https:\/\/www.legistdf.gob.ar\/index.php\/2021\/03\/25\/galeria-imagenes-de-la-1a-sesion-ordinaria\/img_8882-2\/\" data-orig-file=\"https:\/\/www.legistdf.gob.ar\/wp-content\/uploads\/2021\/03\/IMG_8882.jpg\" data-orig-size=\"1500,1000\" data-comments-opened=\"0\" data-image-meta=\"{&quot;aperture&quot;:&quot;0&quot;,&quot;credit&quot;:&quot;&quot;,&quot;camera&quot;:&quot;&quot;,&quot;caption&quot;:&quot;&quot;,&quot;created_timestamp&quot;:&quot;0&quot;,&quot;copyright&quot;:&quot;&quot;,&quot;focal_length&quot;:&quot;0&quot;,&quot;iso&quot;:&quot;0&quot;,&quot;shutter_speed&quot;:&quot;0&quot;,&quot;title&quot;:&quot;&quot;,&quot;orientation&quot;:&quot;0&quot;}\" data-image-title=\"IMG_8882\" data-image-description=\"\" data-image-caption=\"\" data-medium-file=\"https:\/\/www.legistdf.gob.ar\/wp-content\/uploads\/2021\/03\/IMG_8882-300x200.jpg\" data-large-file=\"https:\/\/www.legistdf.gob.ar\/wp-content\/uploads\/2021\/03\/IMG_8882-1024x683.jpg\" class=\"alignleft wp-image-23433 size-medium\" src=\"http:\/\/www.legistdf.gob.ar\/wp-content\/uploads\/2021\/03\/IMG_8882-300x200.jpg\" alt=\"\" width=\"300\" height=\"200\" srcset=\"https:\/\/www.legistdf.gob.ar\/wp-content\/uploads\/2021\/03\/IMG_8882-300x200.jpg 300w, https:\/\/www.legistdf.gob.ar\/wp-content\/uploads\/2021\/03\/IMG_8882-768x512.jpg 768w, https:\/\/www.legistdf.gob.ar\/wp-content\/uploads\/2021\/03\/IMG_8882-1024x683.jpg 1024w, https:\/\/www.legistdf.gob.ar\/wp-content\/uploads\/2021\/03\/IMG_8882-160x107.jpg 160w, https:\/\/www.legistdf.gob.ar\/wp-content\/uploads\/2021\/03\/IMG_8882.jpg 1500w\" sizes=\"(max-width: 300px) 100vw, 300px\" \/>\u201cEl\u00a0 Estado estar\u00e1 obligado a generar las estructuras que detecten cardiopat\u00edas fetales en el momento del embarazo\u201d, resalt\u00f3.<\/p>\n<p>&nbsp;<\/p>\n<p>La norma, tiene como objetivo, convertir la ecograf\u00eda fetal\u00a0 en una pr\u00e1ctica de rutina obligatoria en todos los hospitales p\u00fablicos y privados a fin de disminuir el n\u00famero de muertes en bebes reci\u00e9n nacidos con cardiopat\u00eda cong\u00e9nitas a trav\u00e9s de detenci\u00f3n temprana y el consecuente tratamiento.<\/p>\n<p>&nbsp;<\/p>\n<p>En los fundamentos, se especifica que para el Hospital Garraham, la cardiopat\u00eda cong\u00e9nita es una de las malformaciones m\u00e1s comunes que puede tener un bebe al nacer. En Argentina cada a\u00f1o nacen 7000 chicos\u00a0 con esta patolog\u00eda y es la principal causa de muerte en ni\u00f1os menores a un a\u00f1o de edad<\/p>\n<p>&nbsp;<\/p>\n<p><iframe loading=\"lazy\" title=\"SCIURANO: Celebr\u00f3 el debate de las cinco fuerzas pol\u00edticas que conforman la C\u00e1mara legislativa\" width=\"844\" height=\"475\" src=\"https:\/\/www.youtube.com\/embed\/dnqPnO147Zs?feature=oembed\" frameborder=\"0\" allow=\"accelerometer; autoplay; clipboard-write; encrypted-media; gyroscope; picture-in-picture; web-share\" allowfullscreen><\/iframe><\/p>\n<p style=\"text-align: right\"><em>ZV-DM-AT<\/em><\/p>\n<p>&nbsp;<\/p>\n","protected":false},"excerpt":{"rendered":"<p>Ushuaia, viernes 26 de marzo de 2021.- El presidente del bloque de la UCR, legislador Federico Sciurano, realiz\u00f3 un balance de los temas aprobados en la 1\u00aa sesi\u00f3n ordinaria del Poder Legislativo, entre los que destac\u00f3 la sanci\u00f3n de leyes vinculadas a la salud y la creaci\u00f3n de la comisi\u00f3n legislativa que evaluar\u00e1 la ampliaci\u00f3n [&hellip;]<\/p>\n","protected":false},"author":352,"featured_media":23433,"comment_status":"closed","ping_status":"open","sticky":false,"template":"","format":"standard","meta":{"jetpack_post_was_ever_published":false,"_jetpack_newsletter_access":"","_jetpack_dont_email_post_to_subs":false,"_jetpack_newsletter_tier_id":0,"footnotes":"","jetpack_publicize_message":"","jetpack_publicize_feature_enabled":true,"jetpack_social_post_already_shared":true,"jetpack_social_options":{"image_generator_settings":{"template":"highway","enabled":false}}},"categories":[1],"tags":[1824,78,117,79,87],"jetpack_publicize_connections":[],"jetpack_sharing_enabled":true,"jetpack_featured_media_url":"https:\/\/www.legistdf.gob.ar\/wp-content\/uploads\/2021\/03\/IMG_8882.jpg","jetpack-related-posts":[],"_links":{"self":[{"href":"https:\/\/www.legistdf.gob.ar\/index.php\/wp-json\/wp\/v2\/posts\/23538"}],"collection":[{"href":"https:\/\/www.legistdf.gob.ar\/index.php\/wp-json\/wp\/v2\/posts"}],"about":[{"href":"https:\/\/www.legistdf.gob.ar\/index.php\/wp-json\/wp\/v2\/types\/post"}],"author":[{"embeddable":true,"href":"https:\/\/www.legistdf.gob.ar\/index.php\/wp-json\/wp\/v2\/users\/352"}],"replies":[{"embeddable":true,"href":"https:\/\/www.legistdf.gob.ar\/index.php\/wp-json\/wp\/v2\/comments?post=23538"}],"version-history":[{"count":3,"href":"https:\/\/www.legistdf.gob.ar\/index.php\/wp-json\/wp\/v2\/posts\/23538\/revisions"}],"predecessor-version":[{"id":23570,"href":"https:\/\/www.legistdf.gob.ar\/index.php\/wp-json\/wp\/v2\/posts\/23538\/revisions\/23570"}],"wp:featuredmedia":[{"embeddable":true,"href":"https:\/\/www.legistdf.gob.ar\/index.php\/wp-json\/wp\/v2\/media\/23433"}],"wp:attachment":[{"href":"https:\/\/www.legistdf.gob.ar\/index.php\/wp-json\/wp\/v2\/media?parent=23538"}],"wp:term":[{"taxonomy":"category","embeddable":true,"href":"https:\/\/www.legistdf.gob.ar\/index.php\/wp-json\/wp\/v2\/categories?post=23538"},{"taxonomy":"post_tag","embeddable":true,"href":"https:\/\/www.legistdf.gob.ar\/index.php\/wp-json\/wp\/v2\/tags?post=23538"}],"curies":[{"name":"wp","href":"https:\/\/api.w.org\/{rel}","templated":true}]}}