{"id":23542,"date":"2021-03-28T12:36:42","date_gmt":"2021-03-28T15:36:42","guid":{"rendered":"http:\/\/www.legistdf.gob.ar\/?p=23542"},"modified":"2021-03-26T19:15:21","modified_gmt":"2021-03-26T22:15:21","slug":"justicia-el-parlamento-acompano-la-jura-del-dr-ernesto-loffler-nuevo-juez-fueguino","status":"publish","type":"post","link":"https:\/\/www.legistdf.gob.ar\/index.php\/2021\/03\/28\/justicia-el-parlamento-acompano-la-jura-del-dr-ernesto-loffler-nuevo-juez-fueguino\/","title":{"rendered":"JUSTICIA: El Parlamento acompa\u00f1\u00f3 la jura del Dr. Ernesto L\u00f6ffler, nuevo Juez fueguino"},"content":{"rendered":"<p style=\"font-weight: 400\"><strong><img loading=\"lazy\" decoding=\"async\" data-attachment-id=\"23559\" data-permalink=\"https:\/\/www.legistdf.gob.ar\/index.php\/2021\/03\/28\/justicia-el-parlamento-acompano-la-jura-del-dr-ernesto-loffler-nuevo-juez-fueguino\/dsc_1407-00_00_00_26-still001\/\" data-orig-file=\"https:\/\/www.legistdf.gob.ar\/wp-content\/uploads\/2021\/03\/DSC_1407.00_00_00_26.Still001.jpg\" data-orig-size=\"1920,1080\" data-comments-opened=\"0\" data-image-meta=\"{&quot;aperture&quot;:&quot;0&quot;,&quot;credit&quot;:&quot;&quot;,&quot;camera&quot;:&quot;&quot;,&quot;caption&quot;:&quot;&quot;,&quot;created_timestamp&quot;:&quot;1616753414&quot;,&quot;copyright&quot;:&quot;&quot;,&quot;focal_length&quot;:&quot;0&quot;,&quot;iso&quot;:&quot;0&quot;,&quot;shutter_speed&quot;:&quot;0&quot;,&quot;title&quot;:&quot;&quot;,&quot;orientation&quot;:&quot;0&quot;}\" data-image-title=\"DSC_1407.00_00_00_26.Still001\" data-image-description=\"\" data-image-caption=\"\" data-medium-file=\"https:\/\/www.legistdf.gob.ar\/wp-content\/uploads\/2021\/03\/DSC_1407.00_00_00_26.Still001-300x169.jpg\" data-large-file=\"https:\/\/www.legistdf.gob.ar\/wp-content\/uploads\/2021\/03\/DSC_1407.00_00_00_26.Still001-1024x576.jpg\" class=\"alignleft wp-image-23559 size-medium\" src=\"http:\/\/www.legistdf.gob.ar\/wp-content\/uploads\/2021\/03\/DSC_1407.00_00_00_26.Still001-300x169.jpg\" alt=\"\" width=\"300\" height=\"169\" srcset=\"https:\/\/www.legistdf.gob.ar\/wp-content\/uploads\/2021\/03\/DSC_1407.00_00_00_26.Still001-300x169.jpg 300w, https:\/\/www.legistdf.gob.ar\/wp-content\/uploads\/2021\/03\/DSC_1407.00_00_00_26.Still001-768x432.jpg 768w, https:\/\/www.legistdf.gob.ar\/wp-content\/uploads\/2021\/03\/DSC_1407.00_00_00_26.Still001-1024x576.jpg 1024w, https:\/\/www.legistdf.gob.ar\/wp-content\/uploads\/2021\/03\/DSC_1407.00_00_00_26.Still001-160x90.jpg 160w, https:\/\/www.legistdf.gob.ar\/wp-content\/uploads\/2021\/03\/DSC_1407.00_00_00_26.Still001.jpg 1920w\" sizes=\"(max-width: 300px) 100vw, 300px\" \/>Ushuaia, domingo 28 de marzo de 2021.- La Presidenta del Poder Legislativo, vicegobernadora M\u00f3nica Urquiza junto a los Legisladores Provinciales participaron el viernes \u00faltimo, del acto de toma de juramento del Dr. Ernesto Adri\u00e1n L\u00f6ffler, quien asumi\u00f3 como cuarto vocal del Superior Tribunal de Justicia de la Provincia de Tierra del Fuego, Ant\u00e1rtida e Islas del Atl\u00e1ntico Sur.<\/strong><\/p>\n<p>&nbsp;<\/p>\n<p style=\"font-weight: 400\">La ceremonia de asunci\u00f3n cont\u00f3 con la presencia del gobernador de la Provincia, Gustavo Melella; funcionarios judiciales; funcionarios provinciales; e invitados especiales.<\/p>\n<p>&nbsp;<\/p>\n<p>En un acto sin p\u00fablico, a causa de la situaci\u00f3n sanitaria por la pandemia del COVID-19, el nuevo juez del Superior Tribunal de Justicia prest\u00f3 el juramento de rigor, tras la designaci\u00f3n efectuada por el gobernador Gustavo Melella, en el Decreto N\u00ba 574.<\/p>\n<p>&nbsp;<\/p>\n<p>Cabe destacar que esta ceremonia de jura adquiere un car\u00e1cter \u00fanico respecto de las anteriores, no s\u00f3lo porque es la primera vez que una jura de un juez es transmitida v\u00eda streaming, sino porque tambi\u00e9n se ha empleado la firma digital para rubricar el acta de su designaci\u00f3n.<\/p>\n<p>&nbsp;<\/p>\n<p>La ceremonia de jura se desarroll\u00f3 bajo los lineamientos de la pol\u00edtica de despapelizaci\u00f3n que se viene implementando en el Poder Judicial a los fines de minimizar al m\u00e1ximo el uso del papel.<\/p>\n<p>&nbsp;<\/p>\n<p style=\"font-weight: 400\">Por parte de la C\u00e1mara legislativa asistieron los legisladores Federico Greve, Emmanuel Trentino, Daniel Rivarola\u00a0 y M\u00f3nica Acosta (FORJA); Federico Bilota y Myriam Mart\u00ednez (FdT-PJ); Federico Sciurano y Liliana Mart\u00ednez Allende (UCR); Mar\u00eda Laura Colazo y Mar\u00eda Victoria Vuoto (PV) y Dami\u00e1n L\u00f6ffler (MPF)<\/p>\n\n\t\t<style type=\"text\/css\">\n\t\t\t#gallery-1 {\n\t\t\t\tmargin: auto;\n\t\t\t}\n\t\t\t#gallery-1 .gallery-item {\n\t\t\t\tfloat: left;\n\t\t\t\tmargin-top: 10px;\n\t\t\t\ttext-align: center;\n\t\t\t\twidth: 25%;\n\t\t\t}\n\t\t\t#gallery-1 img {\n\t\t\t\tborder: 2px solid #cfcfcf;\n\t\t\t}\n\t\t\t#gallery-1 .gallery-caption {\n\t\t\t\tmargin-left: 0;\n\t\t\t}\n\t\t\t\/* see gallery_shortcode() in wp-includes\/media.php *\/\n\t\t<\/style>\n\t\t<div data-carousel-extra='{\"blog_id\":1,\"permalink\":\"https:\\\/\\\/www.legistdf.gob.ar\\\/index.php\\\/2021\\\/03\\\/28\\\/justicia-el-parlamento-acompano-la-jura-del-dr-ernesto-loffler-nuevo-juez-fueguino\\\/\"}' id='gallery-1' class='gallery galleryid-23542 gallery-columns-4 gallery-size-medium'><dl class='gallery-item'>\n\t\t\t<dt class='gallery-icon landscape'>\n\t\t\t\t<a href='https:\/\/www.legistdf.gob.ar\/index.php\/2021\/03\/28\/justicia-el-parlamento-acompano-la-jura-del-dr-ernesto-loffler-nuevo-juez-fueguino\/dsc_1416\/'><img loading=\"lazy\" decoding=\"async\" width=\"300\" height=\"200\" src=\"https:\/\/www.legistdf.gob.ar\/wp-content\/uploads\/2021\/03\/DSC_1416-300x200.jpg\" class=\"attachment-medium size-medium\" alt=\"\" srcset=\"https:\/\/www.legistdf.gob.ar\/wp-content\/uploads\/2021\/03\/DSC_1416-300x200.jpg 300w, https:\/\/www.legistdf.gob.ar\/wp-content\/uploads\/2021\/03\/DSC_1416-768x511.jpg 768w, https:\/\/www.legistdf.gob.ar\/wp-content\/uploads\/2021\/03\/DSC_1416-1024x682.jpg 1024w, https:\/\/www.legistdf.gob.ar\/wp-content\/uploads\/2021\/03\/DSC_1416-160x106.jpg 160w\" sizes=\"(max-width: 300px) 100vw, 300px\" data-attachment-id=\"23562\" data-permalink=\"https:\/\/www.legistdf.gob.ar\/index.php\/2021\/03\/28\/justicia-el-parlamento-acompano-la-jura-del-dr-ernesto-loffler-nuevo-juez-fueguino\/dsc_1416\/\" data-orig-file=\"https:\/\/www.legistdf.gob.ar\/wp-content\/uploads\/2021\/03\/DSC_1416.jpg\" data-orig-size=\"2464,1640\" data-comments-opened=\"0\" data-image-meta=\"{&quot;aperture&quot;:&quot;4&quot;,&quot;credit&quot;:&quot;&quot;,&quot;camera&quot;:&quot;NIKON D4&quot;,&quot;caption&quot;:&quot;&quot;,&quot;created_timestamp&quot;:&quot;1616751108&quot;,&quot;copyright&quot;:&quot;&quot;,&quot;focal_length&quot;:&quot;70&quot;,&quot;iso&quot;:&quot;800&quot;,&quot;shutter_speed&quot;:&quot;0.005&quot;,&quot;title&quot;:&quot;&quot;,&quot;orientation&quot;:&quot;0&quot;}\" data-image-title=\"DSC_1416\" data-image-description=\"\" data-image-caption=\"\" data-medium-file=\"https:\/\/www.legistdf.gob.ar\/wp-content\/uploads\/2021\/03\/DSC_1416-300x200.jpg\" data-large-file=\"https:\/\/www.legistdf.gob.ar\/wp-content\/uploads\/2021\/03\/DSC_1416-1024x682.jpg\" \/><\/a>\n\t\t\t<\/dt><\/dl><dl class='gallery-item'>\n\t\t\t<dt class='gallery-icon landscape'>\n\t\t\t\t<a href='https:\/\/www.legistdf.gob.ar\/index.php\/2021\/03\/28\/justicia-el-parlamento-acompano-la-jura-del-dr-ernesto-loffler-nuevo-juez-fueguino\/dsc_1320\/'><img loading=\"lazy\" decoding=\"async\" width=\"300\" height=\"200\" src=\"https:\/\/www.legistdf.gob.ar\/wp-content\/uploads\/2021\/03\/DSC_1320-300x200.jpg\" class=\"attachment-medium size-medium\" alt=\"\" srcset=\"https:\/\/www.legistdf.gob.ar\/wp-content\/uploads\/2021\/03\/DSC_1320-300x200.jpg 300w, https:\/\/www.legistdf.gob.ar\/wp-content\/uploads\/2021\/03\/DSC_1320-768x511.jpg 768w, https:\/\/www.legistdf.gob.ar\/wp-content\/uploads\/2021\/03\/DSC_1320-1024x682.jpg 1024w, https:\/\/www.legistdf.gob.ar\/wp-content\/uploads\/2021\/03\/DSC_1320-160x106.jpg 160w\" sizes=\"(max-width: 300px) 100vw, 300px\" data-attachment-id=\"23546\" data-permalink=\"https:\/\/www.legistdf.gob.ar\/index.php\/2021\/03\/28\/justicia-el-parlamento-acompano-la-jura-del-dr-ernesto-loffler-nuevo-juez-fueguino\/dsc_1320\/\" data-orig-file=\"https:\/\/www.legistdf.gob.ar\/wp-content\/uploads\/2021\/03\/DSC_1320.jpg\" data-orig-size=\"2464,1640\" data-comments-opened=\"0\" data-image-meta=\"{&quot;aperture&quot;:&quot;4&quot;,&quot;credit&quot;:&quot;&quot;,&quot;camera&quot;:&quot;NIKON D4&quot;,&quot;caption&quot;:&quot;&quot;,&quot;created_timestamp&quot;:&quot;1616747591&quot;,&quot;copyright&quot;:&quot;&quot;,&quot;focal_length&quot;:&quot;70&quot;,&quot;iso&quot;:&quot;1100&quot;,&quot;shutter_speed&quot;:&quot;0.005&quot;,&quot;title&quot;:&quot;&quot;,&quot;orientation&quot;:&quot;0&quot;}\" data-image-title=\"DSC_1320\" data-image-description=\"\" data-image-caption=\"\" data-medium-file=\"https:\/\/www.legistdf.gob.ar\/wp-content\/uploads\/2021\/03\/DSC_1320-300x200.jpg\" data-large-file=\"https:\/\/www.legistdf.gob.ar\/wp-content\/uploads\/2021\/03\/DSC_1320-1024x682.jpg\" \/><\/a>\n\t\t\t<\/dt><\/dl><dl class='gallery-item'>\n\t\t\t<dt class='gallery-icon landscape'>\n\t\t\t\t<a href='https:\/\/www.legistdf.gob.ar\/index.php\/2021\/03\/28\/justicia-el-parlamento-acompano-la-jura-del-dr-ernesto-loffler-nuevo-juez-fueguino\/dsc_1325\/'><img loading=\"lazy\" decoding=\"async\" width=\"300\" height=\"200\" src=\"https:\/\/www.legistdf.gob.ar\/wp-content\/uploads\/2021\/03\/DSC_1325-300x200.jpg\" class=\"attachment-medium size-medium\" alt=\"\" srcset=\"https:\/\/www.legistdf.gob.ar\/wp-content\/uploads\/2021\/03\/DSC_1325-300x200.jpg 300w, https:\/\/www.legistdf.gob.ar\/wp-content\/uploads\/2021\/03\/DSC_1325-768x511.jpg 768w, https:\/\/www.legistdf.gob.ar\/wp-content\/uploads\/2021\/03\/DSC_1325-1024x682.jpg 1024w, https:\/\/www.legistdf.gob.ar\/wp-content\/uploads\/2021\/03\/DSC_1325-160x106.jpg 160w\" sizes=\"(max-width: 300px) 100vw, 300px\" data-attachment-id=\"23548\" data-permalink=\"https:\/\/www.legistdf.gob.ar\/index.php\/2021\/03\/28\/justicia-el-parlamento-acompano-la-jura-del-dr-ernesto-loffler-nuevo-juez-fueguino\/dsc_1325\/\" data-orig-file=\"https:\/\/www.legistdf.gob.ar\/wp-content\/uploads\/2021\/03\/DSC_1325.jpg\" data-orig-size=\"2464,1640\" data-comments-opened=\"0\" data-image-meta=\"{&quot;aperture&quot;:&quot;4&quot;,&quot;credit&quot;:&quot;&quot;,&quot;camera&quot;:&quot;NIKON D4&quot;,&quot;caption&quot;:&quot;&quot;,&quot;created_timestamp&quot;:&quot;1616747674&quot;,&quot;copyright&quot;:&quot;&quot;,&quot;focal_length&quot;:&quot;78&quot;,&quot;iso&quot;:&quot;1100&quot;,&quot;shutter_speed&quot;:&quot;0.005&quot;,&quot;title&quot;:&quot;&quot;,&quot;orientation&quot;:&quot;0&quot;}\" data-image-title=\"DSC_1325\" data-image-description=\"\" data-image-caption=\"\" data-medium-file=\"https:\/\/www.legistdf.gob.ar\/wp-content\/uploads\/2021\/03\/DSC_1325-300x200.jpg\" data-large-file=\"https:\/\/www.legistdf.gob.ar\/wp-content\/uploads\/2021\/03\/DSC_1325-1024x682.jpg\" \/><\/a>\n\t\t\t<\/dt><\/dl><dl class='gallery-item'>\n\t\t\t<dt class='gallery-icon landscape'>\n\t\t\t\t<a href='https:\/\/www.legistdf.gob.ar\/index.php\/2021\/03\/28\/justicia-el-parlamento-acompano-la-jura-del-dr-ernesto-loffler-nuevo-juez-fueguino\/dsc_1328\/'><img loading=\"lazy\" decoding=\"async\" width=\"300\" height=\"200\" src=\"https:\/\/www.legistdf.gob.ar\/wp-content\/uploads\/2021\/03\/DSC_1328-300x200.jpg\" class=\"attachment-medium size-medium\" alt=\"\" srcset=\"https:\/\/www.legistdf.gob.ar\/wp-content\/uploads\/2021\/03\/DSC_1328-300x200.jpg 300w, https:\/\/www.legistdf.gob.ar\/wp-content\/uploads\/2021\/03\/DSC_1328-768x511.jpg 768w, https:\/\/www.legistdf.gob.ar\/wp-content\/uploads\/2021\/03\/DSC_1328-1024x682.jpg 1024w, https:\/\/www.legistdf.gob.ar\/wp-content\/uploads\/2021\/03\/DSC_1328-160x106.jpg 160w\" sizes=\"(max-width: 300px) 100vw, 300px\" data-attachment-id=\"23549\" data-permalink=\"https:\/\/www.legistdf.gob.ar\/index.php\/2021\/03\/28\/justicia-el-parlamento-acompano-la-jura-del-dr-ernesto-loffler-nuevo-juez-fueguino\/dsc_1328\/\" data-orig-file=\"https:\/\/www.legistdf.gob.ar\/wp-content\/uploads\/2021\/03\/DSC_1328.jpg\" data-orig-size=\"2464,1640\" data-comments-opened=\"0\" data-image-meta=\"{&quot;aperture&quot;:&quot;4&quot;,&quot;credit&quot;:&quot;&quot;,&quot;camera&quot;:&quot;NIKON D4&quot;,&quot;caption&quot;:&quot;&quot;,&quot;created_timestamp&quot;:&quot;1616747700&quot;,&quot;copyright&quot;:&quot;&quot;,&quot;focal_length&quot;:&quot;95&quot;,&quot;iso&quot;:&quot;1100&quot;,&quot;shutter_speed&quot;:&quot;0.005&quot;,&quot;title&quot;:&quot;&quot;,&quot;orientation&quot;:&quot;0&quot;}\" data-image-title=\"DSC_1328\" data-image-description=\"\" data-image-caption=\"\" data-medium-file=\"https:\/\/www.legistdf.gob.ar\/wp-content\/uploads\/2021\/03\/DSC_1328-300x200.jpg\" data-large-file=\"https:\/\/www.legistdf.gob.ar\/wp-content\/uploads\/2021\/03\/DSC_1328-1024x682.jpg\" \/><\/a>\n\t\t\t<\/dt><\/dl><br style=\"clear: both\" \/><dl class='gallery-item'>\n\t\t\t<dt class='gallery-icon landscape'>\n\t\t\t\t<a href='https:\/\/www.legistdf.gob.ar\/index.php\/2021\/03\/28\/justicia-el-parlamento-acompano-la-jura-del-dr-ernesto-loffler-nuevo-juez-fueguino\/dsc_1314\/'><img loading=\"lazy\" decoding=\"async\" width=\"300\" height=\"200\" src=\"https:\/\/www.legistdf.gob.ar\/wp-content\/uploads\/2021\/03\/DSC_1314-300x200.jpg\" class=\"attachment-medium size-medium\" alt=\"\" srcset=\"https:\/\/www.legistdf.gob.ar\/wp-content\/uploads\/2021\/03\/DSC_1314-300x200.jpg 300w, https:\/\/www.legistdf.gob.ar\/wp-content\/uploads\/2021\/03\/DSC_1314-768x511.jpg 768w, https:\/\/www.legistdf.gob.ar\/wp-content\/uploads\/2021\/03\/DSC_1314-1024x682.jpg 1024w, https:\/\/www.legistdf.gob.ar\/wp-content\/uploads\/2021\/03\/DSC_1314-160x106.jpg 160w\" sizes=\"(max-width: 300px) 100vw, 300px\" data-attachment-id=\"23543\" data-permalink=\"https:\/\/www.legistdf.gob.ar\/index.php\/2021\/03\/28\/justicia-el-parlamento-acompano-la-jura-del-dr-ernesto-loffler-nuevo-juez-fueguino\/dsc_1314\/\" data-orig-file=\"https:\/\/www.legistdf.gob.ar\/wp-content\/uploads\/2021\/03\/DSC_1314.jpg\" data-orig-size=\"2464,1640\" data-comments-opened=\"0\" data-image-meta=\"{&quot;aperture&quot;:&quot;0&quot;,&quot;credit&quot;:&quot;&quot;,&quot;camera&quot;:&quot;&quot;,&quot;caption&quot;:&quot;&quot;,&quot;created_timestamp&quot;:&quot;0&quot;,&quot;copyright&quot;:&quot;&quot;,&quot;focal_length&quot;:&quot;0&quot;,&quot;iso&quot;:&quot;0&quot;,&quot;shutter_speed&quot;:&quot;0&quot;,&quot;title&quot;:&quot;&quot;,&quot;orientation&quot;:&quot;0&quot;}\" data-image-title=\"DSC_1314\" data-image-description=\"\" data-image-caption=\"\" data-medium-file=\"https:\/\/www.legistdf.gob.ar\/wp-content\/uploads\/2021\/03\/DSC_1314-300x200.jpg\" data-large-file=\"https:\/\/www.legistdf.gob.ar\/wp-content\/uploads\/2021\/03\/DSC_1314-1024x682.jpg\" \/><\/a>\n\t\t\t<\/dt><\/dl><dl class='gallery-item'>\n\t\t\t<dt class='gallery-icon landscape'>\n\t\t\t\t<a href='https:\/\/www.legistdf.gob.ar\/index.php\/2021\/03\/28\/justicia-el-parlamento-acompano-la-jura-del-dr-ernesto-loffler-nuevo-juez-fueguino\/dsc_1332\/'><img loading=\"lazy\" decoding=\"async\" width=\"300\" height=\"200\" src=\"https:\/\/www.legistdf.gob.ar\/wp-content\/uploads\/2021\/03\/DSC_1332-300x200.jpg\" class=\"attachment-medium size-medium\" alt=\"\" srcset=\"https:\/\/www.legistdf.gob.ar\/wp-content\/uploads\/2021\/03\/DSC_1332-300x200.jpg 300w, https:\/\/www.legistdf.gob.ar\/wp-content\/uploads\/2021\/03\/DSC_1332-768x511.jpg 768w, https:\/\/www.legistdf.gob.ar\/wp-content\/uploads\/2021\/03\/DSC_1332-1024x682.jpg 1024w, https:\/\/www.legistdf.gob.ar\/wp-content\/uploads\/2021\/03\/DSC_1332-160x106.jpg 160w\" sizes=\"(max-width: 300px) 100vw, 300px\" data-attachment-id=\"23551\" data-permalink=\"https:\/\/www.legistdf.gob.ar\/index.php\/2021\/03\/28\/justicia-el-parlamento-acompano-la-jura-del-dr-ernesto-loffler-nuevo-juez-fueguino\/dsc_1332\/\" data-orig-file=\"https:\/\/www.legistdf.gob.ar\/wp-content\/uploads\/2021\/03\/DSC_1332.jpg\" data-orig-size=\"2464,1640\" data-comments-opened=\"0\" data-image-meta=\"{&quot;aperture&quot;:&quot;4&quot;,&quot;credit&quot;:&quot;&quot;,&quot;camera&quot;:&quot;NIKON D4&quot;,&quot;caption&quot;:&quot;&quot;,&quot;created_timestamp&quot;:&quot;1616747871&quot;,&quot;copyright&quot;:&quot;&quot;,&quot;focal_length&quot;:&quot;85&quot;,&quot;iso&quot;:&quot;1000&quot;,&quot;shutter_speed&quot;:&quot;0.005&quot;,&quot;title&quot;:&quot;&quot;,&quot;orientation&quot;:&quot;0&quot;}\" data-image-title=\"DSC_1332\" data-image-description=\"\" data-image-caption=\"\" data-medium-file=\"https:\/\/www.legistdf.gob.ar\/wp-content\/uploads\/2021\/03\/DSC_1332-300x200.jpg\" data-large-file=\"https:\/\/www.legistdf.gob.ar\/wp-content\/uploads\/2021\/03\/DSC_1332-1024x682.jpg\" \/><\/a>\n\t\t\t<\/dt><\/dl><dl class='gallery-item'>\n\t\t\t<dt class='gallery-icon landscape'>\n\t\t\t\t<a href='https:\/\/www.legistdf.gob.ar\/index.php\/2021\/03\/28\/justicia-el-parlamento-acompano-la-jura-del-dr-ernesto-loffler-nuevo-juez-fueguino\/dsc_1318\/'><img loading=\"lazy\" decoding=\"async\" width=\"300\" height=\"200\" src=\"https:\/\/www.legistdf.gob.ar\/wp-content\/uploads\/2021\/03\/DSC_1318-300x200.jpg\" class=\"attachment-medium size-medium\" alt=\"\" srcset=\"https:\/\/www.legistdf.gob.ar\/wp-content\/uploads\/2021\/03\/DSC_1318-300x200.jpg 300w, https:\/\/www.legistdf.gob.ar\/wp-content\/uploads\/2021\/03\/DSC_1318-768x511.jpg 768w, https:\/\/www.legistdf.gob.ar\/wp-content\/uploads\/2021\/03\/DSC_1318-1024x682.jpg 1024w, https:\/\/www.legistdf.gob.ar\/wp-content\/uploads\/2021\/03\/DSC_1318-160x106.jpg 160w\" sizes=\"(max-width: 300px) 100vw, 300px\" data-attachment-id=\"23545\" data-permalink=\"https:\/\/www.legistdf.gob.ar\/index.php\/2021\/03\/28\/justicia-el-parlamento-acompano-la-jura-del-dr-ernesto-loffler-nuevo-juez-fueguino\/dsc_1318\/\" data-orig-file=\"https:\/\/www.legistdf.gob.ar\/wp-content\/uploads\/2021\/03\/DSC_1318.jpg\" data-orig-size=\"2464,1640\" data-comments-opened=\"0\" data-image-meta=\"{&quot;aperture&quot;:&quot;4&quot;,&quot;credit&quot;:&quot;&quot;,&quot;camera&quot;:&quot;NIKON D4&quot;,&quot;caption&quot;:&quot;&quot;,&quot;created_timestamp&quot;:&quot;1616747573&quot;,&quot;copyright&quot;:&quot;&quot;,&quot;focal_length&quot;:&quot;100&quot;,&quot;iso&quot;:&quot;1250&quot;,&quot;shutter_speed&quot;:&quot;0.005&quot;,&quot;title&quot;:&quot;&quot;,&quot;orientation&quot;:&quot;0&quot;}\" data-image-title=\"DSC_1318\" data-image-description=\"\" data-image-caption=\"\" data-medium-file=\"https:\/\/www.legistdf.gob.ar\/wp-content\/uploads\/2021\/03\/DSC_1318-300x200.jpg\" data-large-file=\"https:\/\/www.legistdf.gob.ar\/wp-content\/uploads\/2021\/03\/DSC_1318-1024x682.jpg\" \/><\/a>\n\t\t\t<\/dt><\/dl><dl class='gallery-item'>\n\t\t\t<dt class='gallery-icon landscape'>\n\t\t\t\t<a href='https:\/\/www.legistdf.gob.ar\/index.php\/2021\/03\/28\/justicia-el-parlamento-acompano-la-jura-del-dr-ernesto-loffler-nuevo-juez-fueguino\/dsc_1322\/'><img loading=\"lazy\" decoding=\"async\" width=\"300\" height=\"200\" src=\"https:\/\/www.legistdf.gob.ar\/wp-content\/uploads\/2021\/03\/DSC_1322-300x200.jpg\" class=\"attachment-medium size-medium\" alt=\"\" srcset=\"https:\/\/www.legistdf.gob.ar\/wp-content\/uploads\/2021\/03\/DSC_1322-300x200.jpg 300w, https:\/\/www.legistdf.gob.ar\/wp-content\/uploads\/2021\/03\/DSC_1322-768x511.jpg 768w, https:\/\/www.legistdf.gob.ar\/wp-content\/uploads\/2021\/03\/DSC_1322-1024x682.jpg 1024w, https:\/\/www.legistdf.gob.ar\/wp-content\/uploads\/2021\/03\/DSC_1322-160x106.jpg 160w\" sizes=\"(max-width: 300px) 100vw, 300px\" data-attachment-id=\"23547\" data-permalink=\"https:\/\/www.legistdf.gob.ar\/index.php\/2021\/03\/28\/justicia-el-parlamento-acompano-la-jura-del-dr-ernesto-loffler-nuevo-juez-fueguino\/dsc_1322\/\" data-orig-file=\"https:\/\/www.legistdf.gob.ar\/wp-content\/uploads\/2021\/03\/DSC_1322.jpg\" data-orig-size=\"2464,1640\" data-comments-opened=\"0\" data-image-meta=\"{&quot;aperture&quot;:&quot;4&quot;,&quot;credit&quot;:&quot;&quot;,&quot;camera&quot;:&quot;NIKON D4&quot;,&quot;caption&quot;:&quot;&quot;,&quot;created_timestamp&quot;:&quot;1616747625&quot;,&quot;copyright&quot;:&quot;&quot;,&quot;focal_length&quot;:&quot;86&quot;,&quot;iso&quot;:&quot;1800&quot;,&quot;shutter_speed&quot;:&quot;0.005&quot;,&quot;title&quot;:&quot;&quot;,&quot;orientation&quot;:&quot;0&quot;}\" data-image-title=\"DSC_1322\" data-image-description=\"\" data-image-caption=\"\" data-medium-file=\"https:\/\/www.legistdf.gob.ar\/wp-content\/uploads\/2021\/03\/DSC_1322-300x200.jpg\" data-large-file=\"https:\/\/www.legistdf.gob.ar\/wp-content\/uploads\/2021\/03\/DSC_1322-1024x682.jpg\" \/><\/a>\n\t\t\t<\/dt><\/dl><br style=\"clear: both\" \/><dl class='gallery-item'>\n\t\t\t<dt class='gallery-icon landscape'>\n\t\t\t\t<a href='https:\/\/www.legistdf.gob.ar\/index.php\/2021\/03\/28\/justicia-el-parlamento-acompano-la-jura-del-dr-ernesto-loffler-nuevo-juez-fueguino\/dsc_1317\/'><img loading=\"lazy\" decoding=\"async\" width=\"300\" height=\"200\" src=\"https:\/\/www.legistdf.gob.ar\/wp-content\/uploads\/2021\/03\/DSC_1317-300x200.jpg\" class=\"attachment-medium size-medium\" alt=\"\" srcset=\"https:\/\/www.legistdf.gob.ar\/wp-content\/uploads\/2021\/03\/DSC_1317-300x200.jpg 300w, https:\/\/www.legistdf.gob.ar\/wp-content\/uploads\/2021\/03\/DSC_1317-768x511.jpg 768w, https:\/\/www.legistdf.gob.ar\/wp-content\/uploads\/2021\/03\/DSC_1317-1024x682.jpg 1024w, https:\/\/www.legistdf.gob.ar\/wp-content\/uploads\/2021\/03\/DSC_1317-160x106.jpg 160w\" sizes=\"(max-width: 300px) 100vw, 300px\" data-attachment-id=\"23544\" data-permalink=\"https:\/\/www.legistdf.gob.ar\/index.php\/2021\/03\/28\/justicia-el-parlamento-acompano-la-jura-del-dr-ernesto-loffler-nuevo-juez-fueguino\/dsc_1317\/\" data-orig-file=\"https:\/\/www.legistdf.gob.ar\/wp-content\/uploads\/2021\/03\/DSC_1317.jpg\" data-orig-size=\"2464,1640\" data-comments-opened=\"0\" data-image-meta=\"{&quot;aperture&quot;:&quot;4&quot;,&quot;credit&quot;:&quot;&quot;,&quot;camera&quot;:&quot;NIKON D4&quot;,&quot;caption&quot;:&quot;&quot;,&quot;created_timestamp&quot;:&quot;1616747568&quot;,&quot;copyright&quot;:&quot;&quot;,&quot;focal_length&quot;:&quot;110&quot;,&quot;iso&quot;:&quot;1250&quot;,&quot;shutter_speed&quot;:&quot;0.005&quot;,&quot;title&quot;:&quot;&quot;,&quot;orientation&quot;:&quot;0&quot;}\" data-image-title=\"DSC_1317\" data-image-description=\"\" data-image-caption=\"\" data-medium-file=\"https:\/\/www.legistdf.gob.ar\/wp-content\/uploads\/2021\/03\/DSC_1317-300x200.jpg\" data-large-file=\"https:\/\/www.legistdf.gob.ar\/wp-content\/uploads\/2021\/03\/DSC_1317-1024x682.jpg\" \/><\/a>\n\t\t\t<\/dt><\/dl><dl class='gallery-item'>\n\t\t\t<dt class='gallery-icon landscape'>\n\t\t\t\t<a href='https:\/\/www.legistdf.gob.ar\/index.php\/2021\/03\/28\/justicia-el-parlamento-acompano-la-jura-del-dr-ernesto-loffler-nuevo-juez-fueguino\/dsc_1343\/'><img loading=\"lazy\" decoding=\"async\" width=\"300\" height=\"200\" src=\"https:\/\/www.legistdf.gob.ar\/wp-content\/uploads\/2021\/03\/DSC_1343-300x200.jpg\" class=\"attachment-medium size-medium\" alt=\"\" srcset=\"https:\/\/www.legistdf.gob.ar\/wp-content\/uploads\/2021\/03\/DSC_1343-300x200.jpg 300w, https:\/\/www.legistdf.gob.ar\/wp-content\/uploads\/2021\/03\/DSC_1343-768x511.jpg 768w, https:\/\/www.legistdf.gob.ar\/wp-content\/uploads\/2021\/03\/DSC_1343-1024x682.jpg 1024w, https:\/\/www.legistdf.gob.ar\/wp-content\/uploads\/2021\/03\/DSC_1343-160x106.jpg 160w\" sizes=\"(max-width: 300px) 100vw, 300px\" data-attachment-id=\"23552\" data-permalink=\"https:\/\/www.legistdf.gob.ar\/index.php\/2021\/03\/28\/justicia-el-parlamento-acompano-la-jura-del-dr-ernesto-loffler-nuevo-juez-fueguino\/dsc_1343\/\" data-orig-file=\"https:\/\/www.legistdf.gob.ar\/wp-content\/uploads\/2021\/03\/DSC_1343.jpg\" data-orig-size=\"2464,1640\" data-comments-opened=\"0\" data-image-meta=\"{&quot;aperture&quot;:&quot;4&quot;,&quot;credit&quot;:&quot;&quot;,&quot;camera&quot;:&quot;NIKON D4&quot;,&quot;caption&quot;:&quot;&quot;,&quot;created_timestamp&quot;:&quot;1616748000&quot;,&quot;copyright&quot;:&quot;&quot;,&quot;focal_length&quot;:&quot;75&quot;,&quot;iso&quot;:&quot;1250&quot;,&quot;shutter_speed&quot;:&quot;0.005&quot;,&quot;title&quot;:&quot;&quot;,&quot;orientation&quot;:&quot;0&quot;}\" data-image-title=\"DSC_1343\" data-image-description=\"\" data-image-caption=\"\" data-medium-file=\"https:\/\/www.legistdf.gob.ar\/wp-content\/uploads\/2021\/03\/DSC_1343-300x200.jpg\" data-large-file=\"https:\/\/www.legistdf.gob.ar\/wp-content\/uploads\/2021\/03\/DSC_1343-1024x682.jpg\" \/><\/a>\n\t\t\t<\/dt><\/dl><dl class='gallery-item'>\n\t\t\t<dt class='gallery-icon landscape'>\n\t\t\t\t<a href='https:\/\/www.legistdf.gob.ar\/index.php\/2021\/03\/28\/justicia-el-parlamento-acompano-la-jura-del-dr-ernesto-loffler-nuevo-juez-fueguino\/dsc_1330\/'><img loading=\"lazy\" decoding=\"async\" width=\"300\" height=\"200\" src=\"https:\/\/www.legistdf.gob.ar\/wp-content\/uploads\/2021\/03\/DSC_1330-300x200.jpg\" class=\"attachment-medium size-medium\" alt=\"\" srcset=\"https:\/\/www.legistdf.gob.ar\/wp-content\/uploads\/2021\/03\/DSC_1330-300x200.jpg 300w, https:\/\/www.legistdf.gob.ar\/wp-content\/uploads\/2021\/03\/DSC_1330-768x511.jpg 768w, https:\/\/www.legistdf.gob.ar\/wp-content\/uploads\/2021\/03\/DSC_1330-1024x682.jpg 1024w, https:\/\/www.legistdf.gob.ar\/wp-content\/uploads\/2021\/03\/DSC_1330-160x106.jpg 160w\" sizes=\"(max-width: 300px) 100vw, 300px\" data-attachment-id=\"23550\" data-permalink=\"https:\/\/www.legistdf.gob.ar\/index.php\/2021\/03\/28\/justicia-el-parlamento-acompano-la-jura-del-dr-ernesto-loffler-nuevo-juez-fueguino\/dsc_1330\/\" data-orig-file=\"https:\/\/www.legistdf.gob.ar\/wp-content\/uploads\/2021\/03\/DSC_1330.jpg\" data-orig-size=\"2464,1640\" data-comments-opened=\"0\" data-image-meta=\"{&quot;aperture&quot;:&quot;4&quot;,&quot;credit&quot;:&quot;&quot;,&quot;camera&quot;:&quot;NIKON D4&quot;,&quot;caption&quot;:&quot;&quot;,&quot;created_timestamp&quot;:&quot;1616747761&quot;,&quot;copyright&quot;:&quot;&quot;,&quot;focal_length&quot;:&quot;75&quot;,&quot;iso&quot;:&quot;1000&quot;,&quot;shutter_speed&quot;:&quot;0.005&quot;,&quot;title&quot;:&quot;&quot;,&quot;orientation&quot;:&quot;0&quot;}\" data-image-title=\"DSC_1330\" data-image-description=\"\" data-image-caption=\"\" data-medium-file=\"https:\/\/www.legistdf.gob.ar\/wp-content\/uploads\/2021\/03\/DSC_1330-300x200.jpg\" data-large-file=\"https:\/\/www.legistdf.gob.ar\/wp-content\/uploads\/2021\/03\/DSC_1330-1024x682.jpg\" \/><\/a>\n\t\t\t<\/dt><\/dl><dl class='gallery-item'>\n\t\t\t<dt class='gallery-icon landscape'>\n\t\t\t\t<a href='https:\/\/www.legistdf.gob.ar\/index.php\/2021\/03\/28\/justicia-el-parlamento-acompano-la-jura-del-dr-ernesto-loffler-nuevo-juez-fueguino\/dsc_1372\/'><img loading=\"lazy\" decoding=\"async\" width=\"300\" height=\"200\" src=\"https:\/\/www.legistdf.gob.ar\/wp-content\/uploads\/2021\/03\/DSC_1372-300x200.jpg\" class=\"attachment-medium size-medium\" alt=\"\" srcset=\"https:\/\/www.legistdf.gob.ar\/wp-content\/uploads\/2021\/03\/DSC_1372-300x200.jpg 300w, https:\/\/www.legistdf.gob.ar\/wp-content\/uploads\/2021\/03\/DSC_1372-768x511.jpg 768w, https:\/\/www.legistdf.gob.ar\/wp-content\/uploads\/2021\/03\/DSC_1372-1024x682.jpg 1024w, https:\/\/www.legistdf.gob.ar\/wp-content\/uploads\/2021\/03\/DSC_1372-160x106.jpg 160w\" sizes=\"(max-width: 300px) 100vw, 300px\" data-attachment-id=\"23553\" data-permalink=\"https:\/\/www.legistdf.gob.ar\/index.php\/2021\/03\/28\/justicia-el-parlamento-acompano-la-jura-del-dr-ernesto-loffler-nuevo-juez-fueguino\/dsc_1372\/\" data-orig-file=\"https:\/\/www.legistdf.gob.ar\/wp-content\/uploads\/2021\/03\/DSC_1372.jpg\" data-orig-size=\"2464,1640\" data-comments-opened=\"0\" data-image-meta=\"{&quot;aperture&quot;:&quot;4&quot;,&quot;credit&quot;:&quot;&quot;,&quot;camera&quot;:&quot;NIKON D4&quot;,&quot;caption&quot;:&quot;&quot;,&quot;created_timestamp&quot;:&quot;1616748614&quot;,&quot;copyright&quot;:&quot;&quot;,&quot;focal_length&quot;:&quot;82&quot;,&quot;iso&quot;:&quot;500&quot;,&quot;shutter_speed&quot;:&quot;0.005&quot;,&quot;title&quot;:&quot;&quot;,&quot;orientation&quot;:&quot;0&quot;}\" data-image-title=\"DSC_1372\" data-image-description=\"\" data-image-caption=\"\" data-medium-file=\"https:\/\/www.legistdf.gob.ar\/wp-content\/uploads\/2021\/03\/DSC_1372-300x200.jpg\" data-large-file=\"https:\/\/www.legistdf.gob.ar\/wp-content\/uploads\/2021\/03\/DSC_1372-1024x682.jpg\" \/><\/a>\n\t\t\t<\/dt><\/dl><br style=\"clear: both\" \/><dl class='gallery-item'>\n\t\t\t<dt class='gallery-icon landscape'>\n\t\t\t\t<a href='https:\/\/www.legistdf.gob.ar\/index.php\/2021\/03\/28\/justicia-el-parlamento-acompano-la-jura-del-dr-ernesto-loffler-nuevo-juez-fueguino\/dsc_1390\/'><img loading=\"lazy\" decoding=\"async\" width=\"300\" height=\"200\" src=\"https:\/\/www.legistdf.gob.ar\/wp-content\/uploads\/2021\/03\/DSC_1390-300x200.jpg\" class=\"attachment-medium size-medium\" alt=\"\" srcset=\"https:\/\/www.legistdf.gob.ar\/wp-content\/uploads\/2021\/03\/DSC_1390-300x200.jpg 300w, https:\/\/www.legistdf.gob.ar\/wp-content\/uploads\/2021\/03\/DSC_1390-768x511.jpg 768w, https:\/\/www.legistdf.gob.ar\/wp-content\/uploads\/2021\/03\/DSC_1390-1024x682.jpg 1024w, https:\/\/www.legistdf.gob.ar\/wp-content\/uploads\/2021\/03\/DSC_1390-160x106.jpg 160w\" sizes=\"(max-width: 300px) 100vw, 300px\" data-attachment-id=\"23554\" data-permalink=\"https:\/\/www.legistdf.gob.ar\/index.php\/2021\/03\/28\/justicia-el-parlamento-acompano-la-jura-del-dr-ernesto-loffler-nuevo-juez-fueguino\/dsc_1390\/\" data-orig-file=\"https:\/\/www.legistdf.gob.ar\/wp-content\/uploads\/2021\/03\/DSC_1390.jpg\" data-orig-size=\"2464,1640\" data-comments-opened=\"0\" data-image-meta=\"{&quot;aperture&quot;:&quot;4&quot;,&quot;credit&quot;:&quot;&quot;,&quot;camera&quot;:&quot;NIKON D4&quot;,&quot;caption&quot;:&quot;&quot;,&quot;created_timestamp&quot;:&quot;1616748935&quot;,&quot;copyright&quot;:&quot;&quot;,&quot;focal_length&quot;:&quot;24&quot;,&quot;iso&quot;:&quot;1000&quot;,&quot;shutter_speed&quot;:&quot;0.005&quot;,&quot;title&quot;:&quot;&quot;,&quot;orientation&quot;:&quot;0&quot;}\" data-image-title=\"DSC_1390\" data-image-description=\"\" data-image-caption=\"\" data-medium-file=\"https:\/\/www.legistdf.gob.ar\/wp-content\/uploads\/2021\/03\/DSC_1390-300x200.jpg\" data-large-file=\"https:\/\/www.legistdf.gob.ar\/wp-content\/uploads\/2021\/03\/DSC_1390-1024x682.jpg\" \/><\/a>\n\t\t\t<\/dt><\/dl><dl class='gallery-item'>\n\t\t\t<dt class='gallery-icon landscape'>\n\t\t\t\t<a href='https:\/\/www.legistdf.gob.ar\/index.php\/2021\/03\/28\/justicia-el-parlamento-acompano-la-jura-del-dr-ernesto-loffler-nuevo-juez-fueguino\/dsc_1391\/'><img loading=\"lazy\" decoding=\"async\" width=\"300\" height=\"200\" src=\"https:\/\/www.legistdf.gob.ar\/wp-content\/uploads\/2021\/03\/DSC_1391-300x200.jpg\" class=\"attachment-medium size-medium\" alt=\"\" srcset=\"https:\/\/www.legistdf.gob.ar\/wp-content\/uploads\/2021\/03\/DSC_1391-300x200.jpg 300w, https:\/\/www.legistdf.gob.ar\/wp-content\/uploads\/2021\/03\/DSC_1391-768x511.jpg 768w, https:\/\/www.legistdf.gob.ar\/wp-content\/uploads\/2021\/03\/DSC_1391-1024x682.jpg 1024w, https:\/\/www.legistdf.gob.ar\/wp-content\/uploads\/2021\/03\/DSC_1391-160x106.jpg 160w\" sizes=\"(max-width: 300px) 100vw, 300px\" data-attachment-id=\"23555\" data-permalink=\"https:\/\/www.legistdf.gob.ar\/index.php\/2021\/03\/28\/justicia-el-parlamento-acompano-la-jura-del-dr-ernesto-loffler-nuevo-juez-fueguino\/dsc_1391\/\" data-orig-file=\"https:\/\/www.legistdf.gob.ar\/wp-content\/uploads\/2021\/03\/DSC_1391.jpg\" data-orig-size=\"2464,1640\" data-comments-opened=\"0\" data-image-meta=\"{&quot;aperture&quot;:&quot;4&quot;,&quot;credit&quot;:&quot;&quot;,&quot;camera&quot;:&quot;NIKON D4&quot;,&quot;caption&quot;:&quot;&quot;,&quot;created_timestamp&quot;:&quot;1616748936&quot;,&quot;copyright&quot;:&quot;&quot;,&quot;focal_length&quot;:&quot;24&quot;,&quot;iso&quot;:&quot;1000&quot;,&quot;shutter_speed&quot;:&quot;0.005&quot;,&quot;title&quot;:&quot;&quot;,&quot;orientation&quot;:&quot;0&quot;}\" data-image-title=\"DSC_1391\" data-image-description=\"\" data-image-caption=\"\" data-medium-file=\"https:\/\/www.legistdf.gob.ar\/wp-content\/uploads\/2021\/03\/DSC_1391-300x200.jpg\" data-large-file=\"https:\/\/www.legistdf.gob.ar\/wp-content\/uploads\/2021\/03\/DSC_1391-1024x682.jpg\" \/><\/a>\n\t\t\t<\/dt><\/dl><dl class='gallery-item'>\n\t\t\t<dt class='gallery-icon landscape'>\n\t\t\t\t<a href='https:\/\/www.legistdf.gob.ar\/index.php\/2021\/03\/28\/justicia-el-parlamento-acompano-la-jura-del-dr-ernesto-loffler-nuevo-juez-fueguino\/dsc_1392-1\/'><img loading=\"lazy\" decoding=\"async\" width=\"300\" height=\"200\" src=\"https:\/\/www.legistdf.gob.ar\/wp-content\/uploads\/2021\/03\/DSC_1392-1-300x200.jpg\" class=\"attachment-medium size-medium\" alt=\"\" srcset=\"https:\/\/www.legistdf.gob.ar\/wp-content\/uploads\/2021\/03\/DSC_1392-1-300x200.jpg 300w, https:\/\/www.legistdf.gob.ar\/wp-content\/uploads\/2021\/03\/DSC_1392-1-768x511.jpg 768w, https:\/\/www.legistdf.gob.ar\/wp-content\/uploads\/2021\/03\/DSC_1392-1-1024x682.jpg 1024w, https:\/\/www.legistdf.gob.ar\/wp-content\/uploads\/2021\/03\/DSC_1392-1-160x106.jpg 160w\" sizes=\"(max-width: 300px) 100vw, 300px\" data-attachment-id=\"23556\" data-permalink=\"https:\/\/www.legistdf.gob.ar\/index.php\/2021\/03\/28\/justicia-el-parlamento-acompano-la-jura-del-dr-ernesto-loffler-nuevo-juez-fueguino\/dsc_1392-1\/\" data-orig-file=\"https:\/\/www.legistdf.gob.ar\/wp-content\/uploads\/2021\/03\/DSC_1392-1.jpg\" data-orig-size=\"2464,1640\" data-comments-opened=\"0\" data-image-meta=\"{&quot;aperture&quot;:&quot;4&quot;,&quot;credit&quot;:&quot;&quot;,&quot;camera&quot;:&quot;NIKON D4&quot;,&quot;caption&quot;:&quot;&quot;,&quot;created_timestamp&quot;:&quot;1616748937&quot;,&quot;copyright&quot;:&quot;&quot;,&quot;focal_length&quot;:&quot;52&quot;,&quot;iso&quot;:&quot;1250&quot;,&quot;shutter_speed&quot;:&quot;0.005&quot;,&quot;title&quot;:&quot;&quot;,&quot;orientation&quot;:&quot;0&quot;}\" data-image-title=\"DSC_1392 (1)\" data-image-description=\"\" data-image-caption=\"\" data-medium-file=\"https:\/\/www.legistdf.gob.ar\/wp-content\/uploads\/2021\/03\/DSC_1392-1-300x200.jpg\" data-large-file=\"https:\/\/www.legistdf.gob.ar\/wp-content\/uploads\/2021\/03\/DSC_1392-1-1024x682.jpg\" \/><\/a>\n\t\t\t<\/dt><\/dl><dl class='gallery-item'>\n\t\t\t<dt class='gallery-icon landscape'>\n\t\t\t\t<a href='https:\/\/www.legistdf.gob.ar\/index.php\/2021\/03\/28\/justicia-el-parlamento-acompano-la-jura-del-dr-ernesto-loffler-nuevo-juez-fueguino\/dsc_1401\/'><img loading=\"lazy\" decoding=\"async\" width=\"300\" height=\"200\" src=\"https:\/\/www.legistdf.gob.ar\/wp-content\/uploads\/2021\/03\/DSC_1401-300x200.jpg\" class=\"attachment-medium size-medium\" alt=\"\" srcset=\"https:\/\/www.legistdf.gob.ar\/wp-content\/uploads\/2021\/03\/DSC_1401-300x200.jpg 300w, https:\/\/www.legistdf.gob.ar\/wp-content\/uploads\/2021\/03\/DSC_1401-768x511.jpg 768w, https:\/\/www.legistdf.gob.ar\/wp-content\/uploads\/2021\/03\/DSC_1401-1024x682.jpg 1024w, https:\/\/www.legistdf.gob.ar\/wp-content\/uploads\/2021\/03\/DSC_1401-160x106.jpg 160w\" sizes=\"(max-width: 300px) 100vw, 300px\" data-attachment-id=\"23557\" data-permalink=\"https:\/\/www.legistdf.gob.ar\/index.php\/2021\/03\/28\/justicia-el-parlamento-acompano-la-jura-del-dr-ernesto-loffler-nuevo-juez-fueguino\/dsc_1401\/\" data-orig-file=\"https:\/\/www.legistdf.gob.ar\/wp-content\/uploads\/2021\/03\/DSC_1401.jpg\" data-orig-size=\"2464,1640\" data-comments-opened=\"0\" data-image-meta=\"{&quot;aperture&quot;:&quot;4&quot;,&quot;credit&quot;:&quot;&quot;,&quot;camera&quot;:&quot;NIKON D4&quot;,&quot;caption&quot;:&quot;&quot;,&quot;created_timestamp&quot;:&quot;1616748973&quot;,&quot;copyright&quot;:&quot;&quot;,&quot;focal_length&quot;:&quot;120&quot;,&quot;iso&quot;:&quot;1250&quot;,&quot;shutter_speed&quot;:&quot;0.005&quot;,&quot;title&quot;:&quot;&quot;,&quot;orientation&quot;:&quot;0&quot;}\" data-image-title=\"DSC_1401\" data-image-description=\"\" data-image-caption=\"\" data-medium-file=\"https:\/\/www.legistdf.gob.ar\/wp-content\/uploads\/2021\/03\/DSC_1401-300x200.jpg\" data-large-file=\"https:\/\/www.legistdf.gob.ar\/wp-content\/uploads\/2021\/03\/DSC_1401-1024x682.jpg\" \/><\/a>\n\t\t\t<\/dt><\/dl><br style=\"clear: both\" \/><dl class='gallery-item'>\n\t\t\t<dt class='gallery-icon landscape'>\n\t\t\t\t<a href='https:\/\/www.legistdf.gob.ar\/index.php\/2021\/03\/28\/justicia-el-parlamento-acompano-la-jura-del-dr-ernesto-loffler-nuevo-juez-fueguino\/dsc_1406\/'><img loading=\"lazy\" decoding=\"async\" width=\"300\" height=\"200\" src=\"https:\/\/www.legistdf.gob.ar\/wp-content\/uploads\/2021\/03\/DSC_1406-300x200.jpg\" class=\"attachment-medium size-medium\" alt=\"\" srcset=\"https:\/\/www.legistdf.gob.ar\/wp-content\/uploads\/2021\/03\/DSC_1406-300x200.jpg 300w, https:\/\/www.legistdf.gob.ar\/wp-content\/uploads\/2021\/03\/DSC_1406-768x511.jpg 768w, https:\/\/www.legistdf.gob.ar\/wp-content\/uploads\/2021\/03\/DSC_1406-1024x682.jpg 1024w, https:\/\/www.legistdf.gob.ar\/wp-content\/uploads\/2021\/03\/DSC_1406-160x106.jpg 160w\" sizes=\"(max-width: 300px) 100vw, 300px\" data-attachment-id=\"23558\" data-permalink=\"https:\/\/www.legistdf.gob.ar\/index.php\/2021\/03\/28\/justicia-el-parlamento-acompano-la-jura-del-dr-ernesto-loffler-nuevo-juez-fueguino\/dsc_1406\/\" data-orig-file=\"https:\/\/www.legistdf.gob.ar\/wp-content\/uploads\/2021\/03\/DSC_1406.jpg\" data-orig-size=\"2464,1640\" data-comments-opened=\"0\" data-image-meta=\"{&quot;aperture&quot;:&quot;4&quot;,&quot;credit&quot;:&quot;&quot;,&quot;camera&quot;:&quot;NIKON D4&quot;,&quot;caption&quot;:&quot;&quot;,&quot;created_timestamp&quot;:&quot;1616749768&quot;,&quot;copyright&quot;:&quot;&quot;,&quot;focal_length&quot;:&quot;40&quot;,&quot;iso&quot;:&quot;1400&quot;,&quot;shutter_speed&quot;:&quot;0.005&quot;,&quot;title&quot;:&quot;&quot;,&quot;orientation&quot;:&quot;0&quot;}\" data-image-title=\"DSC_1406\" data-image-description=\"\" data-image-caption=\"\" data-medium-file=\"https:\/\/www.legistdf.gob.ar\/wp-content\/uploads\/2021\/03\/DSC_1406-300x200.jpg\" data-large-file=\"https:\/\/www.legistdf.gob.ar\/wp-content\/uploads\/2021\/03\/DSC_1406-1024x682.jpg\" \/><\/a>\n\t\t\t<\/dt><\/dl><dl class='gallery-item'>\n\t\t\t<dt class='gallery-icon landscape'>\n\t\t\t\t<a href='https:\/\/www.legistdf.gob.ar\/index.php\/2021\/03\/28\/justicia-el-parlamento-acompano-la-jura-del-dr-ernesto-loffler-nuevo-juez-fueguino\/dsc_1407-00_00_00_26-still001\/'><img loading=\"lazy\" decoding=\"async\" width=\"300\" height=\"169\" src=\"https:\/\/www.legistdf.gob.ar\/wp-content\/uploads\/2021\/03\/DSC_1407.00_00_00_26.Still001-300x169.jpg\" class=\"attachment-medium size-medium\" alt=\"\" srcset=\"https:\/\/www.legistdf.gob.ar\/wp-content\/uploads\/2021\/03\/DSC_1407.00_00_00_26.Still001-300x169.jpg 300w, https:\/\/www.legistdf.gob.ar\/wp-content\/uploads\/2021\/03\/DSC_1407.00_00_00_26.Still001-768x432.jpg 768w, https:\/\/www.legistdf.gob.ar\/wp-content\/uploads\/2021\/03\/DSC_1407.00_00_00_26.Still001-1024x576.jpg 1024w, https:\/\/www.legistdf.gob.ar\/wp-content\/uploads\/2021\/03\/DSC_1407.00_00_00_26.Still001-160x90.jpg 160w, https:\/\/www.legistdf.gob.ar\/wp-content\/uploads\/2021\/03\/DSC_1407.00_00_00_26.Still001.jpg 1920w\" sizes=\"(max-width: 300px) 100vw, 300px\" data-attachment-id=\"23559\" data-permalink=\"https:\/\/www.legistdf.gob.ar\/index.php\/2021\/03\/28\/justicia-el-parlamento-acompano-la-jura-del-dr-ernesto-loffler-nuevo-juez-fueguino\/dsc_1407-00_00_00_26-still001\/\" data-orig-file=\"https:\/\/www.legistdf.gob.ar\/wp-content\/uploads\/2021\/03\/DSC_1407.00_00_00_26.Still001.jpg\" data-orig-size=\"1920,1080\" data-comments-opened=\"0\" data-image-meta=\"{&quot;aperture&quot;:&quot;0&quot;,&quot;credit&quot;:&quot;&quot;,&quot;camera&quot;:&quot;&quot;,&quot;caption&quot;:&quot;&quot;,&quot;created_timestamp&quot;:&quot;1616753414&quot;,&quot;copyright&quot;:&quot;&quot;,&quot;focal_length&quot;:&quot;0&quot;,&quot;iso&quot;:&quot;0&quot;,&quot;shutter_speed&quot;:&quot;0&quot;,&quot;title&quot;:&quot;&quot;,&quot;orientation&quot;:&quot;0&quot;}\" data-image-title=\"DSC_1407.00_00_00_26.Still001\" data-image-description=\"\" data-image-caption=\"\" data-medium-file=\"https:\/\/www.legistdf.gob.ar\/wp-content\/uploads\/2021\/03\/DSC_1407.00_00_00_26.Still001-300x169.jpg\" data-large-file=\"https:\/\/www.legistdf.gob.ar\/wp-content\/uploads\/2021\/03\/DSC_1407.00_00_00_26.Still001-1024x576.jpg\" \/><\/a>\n\t\t\t<\/dt><\/dl><dl class='gallery-item'>\n\t\t\t<dt class='gallery-icon landscape'>\n\t\t\t\t<a href='https:\/\/www.legistdf.gob.ar\/index.php\/2021\/03\/28\/justicia-el-parlamento-acompano-la-jura-del-dr-ernesto-loffler-nuevo-juez-fueguino\/dsc_1412-1\/'><img loading=\"lazy\" decoding=\"async\" width=\"300\" height=\"200\" src=\"https:\/\/www.legistdf.gob.ar\/wp-content\/uploads\/2021\/03\/DSC_1412-1-300x200.jpg\" class=\"attachment-medium size-medium\" alt=\"\" srcset=\"https:\/\/www.legistdf.gob.ar\/wp-content\/uploads\/2021\/03\/DSC_1412-1-300x200.jpg 300w, https:\/\/www.legistdf.gob.ar\/wp-content\/uploads\/2021\/03\/DSC_1412-1-768x511.jpg 768w, https:\/\/www.legistdf.gob.ar\/wp-content\/uploads\/2021\/03\/DSC_1412-1-1024x682.jpg 1024w, https:\/\/www.legistdf.gob.ar\/wp-content\/uploads\/2021\/03\/DSC_1412-1-160x106.jpg 160w\" sizes=\"(max-width: 300px) 100vw, 300px\" data-attachment-id=\"23560\" data-permalink=\"https:\/\/www.legistdf.gob.ar\/index.php\/2021\/03\/28\/justicia-el-parlamento-acompano-la-jura-del-dr-ernesto-loffler-nuevo-juez-fueguino\/dsc_1412-1\/\" data-orig-file=\"https:\/\/www.legistdf.gob.ar\/wp-content\/uploads\/2021\/03\/DSC_1412-1.jpg\" data-orig-size=\"2464,1640\" data-comments-opened=\"0\" data-image-meta=\"{&quot;aperture&quot;:&quot;4&quot;,&quot;credit&quot;:&quot;&quot;,&quot;camera&quot;:&quot;NIKON D4&quot;,&quot;caption&quot;:&quot;&quot;,&quot;created_timestamp&quot;:&quot;1616750015&quot;,&quot;copyright&quot;:&quot;&quot;,&quot;focal_length&quot;:&quot;48&quot;,&quot;iso&quot;:&quot;1250&quot;,&quot;shutter_speed&quot;:&quot;0.005&quot;,&quot;title&quot;:&quot;&quot;,&quot;orientation&quot;:&quot;0&quot;}\" data-image-title=\"DSC_1412 (1)\" data-image-description=\"\" data-image-caption=\"\" data-medium-file=\"https:\/\/www.legistdf.gob.ar\/wp-content\/uploads\/2021\/03\/DSC_1412-1-300x200.jpg\" data-large-file=\"https:\/\/www.legistdf.gob.ar\/wp-content\/uploads\/2021\/03\/DSC_1412-1-1024x682.jpg\" \/><\/a>\n\t\t\t<\/dt><\/dl>\n\t\t\t<br style='clear: both' \/>\n\t\t<\/div>\n\n<p style=\"text-align: right\"><em>Con informaci\u00f3n de prensa del<\/em><\/p>\n<p style=\"text-align: right\"><em>Poder Judicial de Tierra del Fuego<\/em><\/p>\n<p>&nbsp;<\/p>\n","protected":false},"excerpt":{"rendered":"<p>Ushuaia, domingo 28 de marzo de 2021.- La Presidenta del Poder Legislativo, vicegobernadora M\u00f3nica Urquiza junto a los Legisladores Provinciales participaron el viernes \u00faltimo, del acto de toma de juramento del Dr. Ernesto Adri\u00e1n L\u00f6ffler, quien asumi\u00f3 como cuarto vocal del Superior Tribunal de Justicia de la Provincia de Tierra del Fuego, Ant\u00e1rtida e Islas [&hellip;]<\/p>\n","protected":false},"author":352,"featured_media":23557,"comment_status":"closed","ping_status":"open","sticky":false,"template":"","format":"standard","meta":{"jetpack_post_was_ever_published":false,"_jetpack_newsletter_access":"","_jetpack_dont_email_post_to_subs":false,"_jetpack_newsletter_tier_id":0,"footnotes":"","jetpack_publicize_message":"","jetpack_publicize_feature_enabled":true,"jetpack_social_post_already_shared":true,"jetpack_social_options":{"image_generator_settings":{"template":"highway","enabled":false}}},"categories":[1],"tags":[162,78,144,79,87],"jetpack_publicize_connections":[],"jetpack_sharing_enabled":true,"jetpack_featured_media_url":"https:\/\/www.legistdf.gob.ar\/wp-content\/uploads\/2021\/03\/DSC_1401.jpg","jetpack-related-posts":[],"_links":{"self":[{"href":"https:\/\/www.legistdf.gob.ar\/index.php\/wp-json\/wp\/v2\/posts\/23542"}],"collection":[{"href":"https:\/\/www.legistdf.gob.ar\/index.php\/wp-json\/wp\/v2\/posts"}],"about":[{"href":"https:\/\/www.legistdf.gob.ar\/index.php\/wp-json\/wp\/v2\/types\/post"}],"author":[{"embeddable":true,"href":"https:\/\/www.legistdf.gob.ar\/index.php\/wp-json\/wp\/v2\/users\/352"}],"replies":[{"embeddable":true,"href":"https:\/\/www.legistdf.gob.ar\/index.php\/wp-json\/wp\/v2\/comments?post=23542"}],"version-history":[{"count":3,"href":"https:\/\/www.legistdf.gob.ar\/index.php\/wp-json\/wp\/v2\/posts\/23542\/revisions"}],"predecessor-version":[{"id":23565,"href":"https:\/\/www.legistdf.gob.ar\/index.php\/wp-json\/wp\/v2\/posts\/23542\/revisions\/23565"}],"wp:featuredmedia":[{"embeddable":true,"href":"https:\/\/www.legistdf.gob.ar\/index.php\/wp-json\/wp\/v2\/media\/23557"}],"wp:attachment":[{"href":"https:\/\/www.legistdf.gob.ar\/index.php\/wp-json\/wp\/v2\/media?parent=23542"}],"wp:term":[{"taxonomy":"category","embeddable":true,"href":"https:\/\/www.legistdf.gob.ar\/index.php\/wp-json\/wp\/v2\/categories?post=23542"},{"taxonomy":"post_tag","embeddable":true,"href":"https:\/\/www.legistdf.gob.ar\/index.php\/wp-json\/wp\/v2\/tags?post=23542"}],"curies":[{"name":"wp","href":"https:\/\/api.w.org\/{rel}","templated":true}]}}