{"id":23571,"date":"2021-03-27T15:36:35","date_gmt":"2021-03-27T18:36:35","guid":{"rendered":"http:\/\/www.legistdf.gob.ar\/?p=23571"},"modified":"2021-03-27T15:36:46","modified_gmt":"2021-03-27T18:36:46","slug":"sesion-es-importante-que-hayamos-logrado-un-consenso-dijo-bilota","status":"publish","type":"post","link":"https:\/\/www.legistdf.gob.ar\/index.php\/2021\/03\/27\/sesion-es-importante-que-hayamos-logrado-un-consenso-dijo-bilota\/","title":{"rendered":"SESI\u00d3N: \u201cEs importante que hayamos logrado un consenso\u201d, dijo Bilota"},"content":{"rendered":"<p style=\"font-weight: 400\"><strong><img loading=\"lazy\" decoding=\"async\" data-attachment-id=\"23461\" data-permalink=\"https:\/\/www.legistdf.gob.ar\/index.php\/2021\/03\/25\/galeria-imagenes-de-la-1a-sesion-ordinaria\/img_8928\/\" data-orig-file=\"https:\/\/www.legistdf.gob.ar\/wp-content\/uploads\/2021\/03\/IMG_8928.jpg\" data-orig-size=\"1500,1000\" data-comments-opened=\"0\" data-image-meta=\"{&quot;aperture&quot;:&quot;0&quot;,&quot;credit&quot;:&quot;&quot;,&quot;camera&quot;:&quot;&quot;,&quot;caption&quot;:&quot;&quot;,&quot;created_timestamp&quot;:&quot;0&quot;,&quot;copyright&quot;:&quot;&quot;,&quot;focal_length&quot;:&quot;0&quot;,&quot;iso&quot;:&quot;0&quot;,&quot;shutter_speed&quot;:&quot;0&quot;,&quot;title&quot;:&quot;&quot;,&quot;orientation&quot;:&quot;0&quot;}\" data-image-title=\"IMG_8928\" data-image-description=\"\" data-image-caption=\"\" data-medium-file=\"https:\/\/www.legistdf.gob.ar\/wp-content\/uploads\/2021\/03\/IMG_8928-300x200.jpg\" data-large-file=\"https:\/\/www.legistdf.gob.ar\/wp-content\/uploads\/2021\/03\/IMG_8928-1024x683.jpg\" class=\"alignleft wp-image-23461 size-medium\" src=\"http:\/\/www.legistdf.gob.ar\/wp-content\/uploads\/2021\/03\/IMG_8928-300x200.jpg\" alt=\"\" width=\"300\" height=\"200\" srcset=\"https:\/\/www.legistdf.gob.ar\/wp-content\/uploads\/2021\/03\/IMG_8928-300x200.jpg 300w, https:\/\/www.legistdf.gob.ar\/wp-content\/uploads\/2021\/03\/IMG_8928-768x512.jpg 768w, https:\/\/www.legistdf.gob.ar\/wp-content\/uploads\/2021\/03\/IMG_8928-1024x683.jpg 1024w, https:\/\/www.legistdf.gob.ar\/wp-content\/uploads\/2021\/03\/IMG_8928-160x107.jpg 160w, https:\/\/www.legistdf.gob.ar\/wp-content\/uploads\/2021\/03\/IMG_8928.jpg 1500w\" sizes=\"(max-width: 300px) 100vw, 300px\" \/>Ushuaia, s\u00e1bado 27 de marzo de 2021.- Luego de la sanci\u00f3n de 5 nuevas leyes para la Provincia en la primera sesi\u00f3n ordinaria, el legislador del FdT \u2013PJ, Federico Bilota celebr\u00f3 el consenso alcanzado con sus pares para conformar la comisi\u00f3n de evaluaci\u00f3n y an\u00e1lisis para la ampliaci\u00f3n del ejido urbano de la capital fueguina. \u00abLlegaremos a buen puerto porque hay una voluntad pol\u00edtica manifiesta de ampliar el ejido, no solo eso, sino la posibilidad de mejorar las condiciones de los vecinos\u00bb dijo a Prensa Legislativa.<\/strong><\/p>\n<p>&nbsp;<\/p>\n<p style=\"font-weight: 400\">Analiz\u00f3 el encuentro parlamentario y ponder\u00f3 el tratamiento de \u201cproyectos de ley, algunos con pedido de reserva, resoluciones importantes\u201d y destac\u00f3 la creaci\u00f3n de la Comisi\u00f3n especial.<\/p>\n<p>&nbsp;<\/p>\n<p style=\"font-weight: 400\">\u201cEs muy importante que hayamos logrado un consenso con la mayor\u00eda de los bloques para crear una Comisi\u00f3n espec\u00edfica para tratar este asunto, se trata de un tema que el legislador Furlan de nuestro bloque, viene presentando hace varios a\u00f1os\u00bb, refiri\u00f3 Bilota<\/p>\n<p>&nbsp;<\/p>\n<p style=\"font-weight: 400\">En este aspecto, record\u00f3 la importancia de la manda del poder Ejecutivo: \u201cMe parece que las palabras del Gobernador (Gustavo Melella) al inicio de las sesiones mencionando esto como un asunto importante y no urgente, por esto tiene que ser debatida con absoluta seriedad como se merece, con la mayor apertura y participaci\u00f3n a todos los actores vinculados a este tema\u201d.<\/p>\n<p>&nbsp;<\/p>\n<p style=\"font-weight: 400\">\u00a0El Parlamentario record\u00f3 que en el proyecto se estima que se citar\u00e1 a todos los sectores involucrados al debate. \u201cHay que lograr la mayor informaci\u00f3n para abordar a una conclusi\u00f3n, seguramente ser\u00e1 en el plazo que estime la comisi\u00f3n y llegaremos a buen puerto porque hay una voluntad pol\u00edtica manifiesta de ampliar el ejido, no solo eso, sino la posibilidad de mejorar las condiciones de los vecinos\u201d, cerr\u00f3.<\/p>\n<p><iframe loading=\"lazy\" title=\"SESI\u00d3N: \u201cEs importante que hayamos logrado un consenso\u201d, dijo Bilota\" width=\"844\" height=\"475\" src=\"https:\/\/www.youtube.com\/embed\/R7xE39S4pEE?feature=oembed\" frameborder=\"0\" allow=\"accelerometer; autoplay; clipboard-write; encrypted-media; gyroscope; picture-in-picture; web-share\" allowfullscreen><\/iframe><\/p>\n<p style=\"text-align: right\"><em>MBCH-DM-AT<\/em><\/p>\n","protected":false},"excerpt":{"rendered":"<p>Ushuaia, s\u00e1bado 27 de marzo de 2021.- Luego de la sanci\u00f3n de 5 nuevas leyes para la Provincia en la primera sesi\u00f3n ordinaria, el legislador del FdT \u2013PJ, Federico Bilota celebr\u00f3 el consenso alcanzado con sus pares para conformar la comisi\u00f3n de evaluaci\u00f3n y an\u00e1lisis para la ampliaci\u00f3n del ejido urbano de la capital fueguina. [&hellip;]<\/p>\n","protected":false},"author":352,"featured_media":23461,"comment_status":"closed","ping_status":"open","sticky":false,"template":"","format":"standard","meta":{"jetpack_post_was_ever_published":false,"_jetpack_newsletter_access":"","_jetpack_dont_email_post_to_subs":false,"_jetpack_newsletter_tier_id":0,"footnotes":"","jetpack_publicize_message":"","jetpack_publicize_feature_enabled":true,"jetpack_social_post_already_shared":true,"jetpack_social_options":{"image_generator_settings":{"template":"highway","enabled":false}}},"categories":[1],"tags":[122,78,117,2177,87],"jetpack_publicize_connections":[],"jetpack_sharing_enabled":true,"jetpack_featured_media_url":"https:\/\/www.legistdf.gob.ar\/wp-content\/uploads\/2021\/03\/IMG_8928.jpg","jetpack-related-posts":[],"_links":{"self":[{"href":"https:\/\/www.legistdf.gob.ar\/index.php\/wp-json\/wp\/v2\/posts\/23571"}],"collection":[{"href":"https:\/\/www.legistdf.gob.ar\/index.php\/wp-json\/wp\/v2\/posts"}],"about":[{"href":"https:\/\/www.legistdf.gob.ar\/index.php\/wp-json\/wp\/v2\/types\/post"}],"author":[{"embeddable":true,"href":"https:\/\/www.legistdf.gob.ar\/index.php\/wp-json\/wp\/v2\/users\/352"}],"replies":[{"embeddable":true,"href":"https:\/\/www.legistdf.gob.ar\/index.php\/wp-json\/wp\/v2\/comments?post=23571"}],"version-history":[{"count":2,"href":"https:\/\/www.legistdf.gob.ar\/index.php\/wp-json\/wp\/v2\/posts\/23571\/revisions"}],"predecessor-version":[{"id":23573,"href":"https:\/\/www.legistdf.gob.ar\/index.php\/wp-json\/wp\/v2\/posts\/23571\/revisions\/23573"}],"wp:featuredmedia":[{"embeddable":true,"href":"https:\/\/www.legistdf.gob.ar\/index.php\/wp-json\/wp\/v2\/media\/23461"}],"wp:attachment":[{"href":"https:\/\/www.legistdf.gob.ar\/index.php\/wp-json\/wp\/v2\/media?parent=23571"}],"wp:term":[{"taxonomy":"category","embeddable":true,"href":"https:\/\/www.legistdf.gob.ar\/index.php\/wp-json\/wp\/v2\/categories?post=23571"},{"taxonomy":"post_tag","embeddable":true,"href":"https:\/\/www.legistdf.gob.ar\/index.php\/wp-json\/wp\/v2\/tags?post=23571"}],"curies":[{"name":"wp","href":"https:\/\/api.w.org\/{rel}","templated":true}]}}