{"id":23575,"date":"2021-03-27T16:38:36","date_gmt":"2021-03-27T19:38:36","guid":{"rendered":"http:\/\/www.legistdf.gob.ar\/?p=23575"},"modified":"2021-03-27T16:38:36","modified_gmt":"2021-03-27T19:38:36","slug":"colazo-estamos-satisfechos-por-los-proyectos-que-se-trataron-dijo","status":"publish","type":"post","link":"https:\/\/www.legistdf.gob.ar\/index.php\/2021\/03\/27\/colazo-estamos-satisfechos-por-los-proyectos-que-se-trataron-dijo\/","title":{"rendered":"COLAZO: \u00abEstamos satisfechos por los proyectos que se trataron\u00bb, dijo"},"content":{"rendered":"<p><strong><img loading=\"lazy\" decoding=\"async\" data-attachment-id=\"23462\" data-permalink=\"https:\/\/www.legistdf.gob.ar\/index.php\/2021\/03\/25\/galeria-imagenes-de-la-1a-sesion-ordinaria\/img_8929\/\" data-orig-file=\"https:\/\/www.legistdf.gob.ar\/wp-content\/uploads\/2021\/03\/IMG_8929.jpg\" data-orig-size=\"1500,1000\" data-comments-opened=\"0\" data-image-meta=\"{&quot;aperture&quot;:&quot;0&quot;,&quot;credit&quot;:&quot;&quot;,&quot;camera&quot;:&quot;&quot;,&quot;caption&quot;:&quot;&quot;,&quot;created_timestamp&quot;:&quot;0&quot;,&quot;copyright&quot;:&quot;&quot;,&quot;focal_length&quot;:&quot;0&quot;,&quot;iso&quot;:&quot;0&quot;,&quot;shutter_speed&quot;:&quot;0&quot;,&quot;title&quot;:&quot;&quot;,&quot;orientation&quot;:&quot;0&quot;}\" data-image-title=\"IMG_8929\" data-image-description=\"\" data-image-caption=\"\" data-medium-file=\"https:\/\/www.legistdf.gob.ar\/wp-content\/uploads\/2021\/03\/IMG_8929-300x200.jpg\" data-large-file=\"https:\/\/www.legistdf.gob.ar\/wp-content\/uploads\/2021\/03\/IMG_8929-1024x683.jpg\" class=\"alignright wp-image-23462 size-medium\" src=\"http:\/\/www.legistdf.gob.ar\/wp-content\/uploads\/2021\/03\/IMG_8929-300x200.jpg\" alt=\"\" width=\"300\" height=\"200\" srcset=\"https:\/\/www.legistdf.gob.ar\/wp-content\/uploads\/2021\/03\/IMG_8929-300x200.jpg 300w, https:\/\/www.legistdf.gob.ar\/wp-content\/uploads\/2021\/03\/IMG_8929-768x512.jpg 768w, https:\/\/www.legistdf.gob.ar\/wp-content\/uploads\/2021\/03\/IMG_8929-1024x683.jpg 1024w, https:\/\/www.legistdf.gob.ar\/wp-content\/uploads\/2021\/03\/IMG_8929-160x107.jpg 160w, https:\/\/www.legistdf.gob.ar\/wp-content\/uploads\/2021\/03\/IMG_8929.jpg 1500w\" sizes=\"(max-width: 300px) 100vw, 300px\" \/>Ushuaia, s\u00e1bado 27 de marzo de 2021.- La titular de la bancada del Partido Verde, legisladora Mar\u00eda Laura Colazo resalt\u00f3 el \u201cintenso\u201d debate que se alcanz\u00f3 en varios de los asuntos que se trataron en la primera sesi\u00f3n ordinaria de 2021. Resalt\u00f3 las nuevas Leyes sancionadas en torno a la salud de los fueguinos y fueguinas.<\/strong><\/p>\n<p><strong>\u00a0<\/strong><\/p>\n<p>Al respecto de los proyectos que lograron sanci\u00f3n, Colazo refiri\u00f3 al programa \u201cG\u00f3ndolas Saludables\u201d que propone \u201cla promoci\u00f3n de la salud en los habitantes de nuestra provincia a trav\u00e9s de intervenciones que estimulen mejores h\u00e1bitos alimentarios\u201d. Tambi\u00e9n destac\u00f3 la Ley sancionada que marca la obligatoriedad de \u201cincorporar como pr\u00e1ctica obligatoria y rutinaria la realizaci\u00f3n de ecograf\u00edas fetales con evaluaci\u00f3n cardiaca\u201d, ambas iniciativas del bloque de la UCR.<\/p>\n<p>&nbsp;<\/p>\n<p>\u201cAcompa\u00f1amos proyectos muy interesantes\u201d dijo al tiempo que record\u00f3: \u201cNos hubiera gustado poder incluir algunos pedidos de informe al Poder Ejecutivo pero estamos satisfechos\u201d con las iniciativas que se lograron tratar en el encuentro.<\/p>\n<p><iframe loading=\"lazy\" title=\"COLAZO: &quot;Estamos satisfechos por los proyectos que se trataron&quot;, sostuvo\" width=\"844\" height=\"475\" src=\"https:\/\/www.youtube.com\/embed\/Ok8cMLyjBXM?feature=oembed\" frameborder=\"0\" allow=\"accelerometer; autoplay; clipboard-write; encrypted-media; gyroscope; picture-in-picture; web-share\" allowfullscreen><\/iframe><\/p>\n<p style=\"text-align: right\"><em>DM-AT<\/em><\/p>\n","protected":false},"excerpt":{"rendered":"<p>Ushuaia, s\u00e1bado 27 de marzo de 2021.- La titular de la bancada del Partido Verde, legisladora Mar\u00eda Laura Colazo resalt\u00f3 el \u201cintenso\u201d debate que se alcanz\u00f3 en varios de los asuntos que se trataron en la primera sesi\u00f3n ordinaria de 2021. Resalt\u00f3 las nuevas Leyes sancionadas en torno a la salud de los fueguinos y [&hellip;]<\/p>\n","protected":false},"author":352,"featured_media":23462,"comment_status":"closed","ping_status":"open","sticky":false,"template":"","format":"standard","meta":{"jetpack_post_was_ever_published":false,"_jetpack_newsletter_access":"","_jetpack_dont_email_post_to_subs":false,"_jetpack_newsletter_tier_id":0,"footnotes":"","jetpack_publicize_message":"","jetpack_publicize_feature_enabled":true,"jetpack_social_post_already_shared":true,"jetpack_social_options":{"image_generator_settings":{"template":"highway","enabled":false}}},"categories":[1],"tags":[78,2178,117,79,87],"jetpack_publicize_connections":[],"jetpack_sharing_enabled":true,"jetpack_featured_media_url":"https:\/\/www.legistdf.gob.ar\/wp-content\/uploads\/2021\/03\/IMG_8929.jpg","jetpack-related-posts":[],"_links":{"self":[{"href":"https:\/\/www.legistdf.gob.ar\/index.php\/wp-json\/wp\/v2\/posts\/23575"}],"collection":[{"href":"https:\/\/www.legistdf.gob.ar\/index.php\/wp-json\/wp\/v2\/posts"}],"about":[{"href":"https:\/\/www.legistdf.gob.ar\/index.php\/wp-json\/wp\/v2\/types\/post"}],"author":[{"embeddable":true,"href":"https:\/\/www.legistdf.gob.ar\/index.php\/wp-json\/wp\/v2\/users\/352"}],"replies":[{"embeddable":true,"href":"https:\/\/www.legistdf.gob.ar\/index.php\/wp-json\/wp\/v2\/comments?post=23575"}],"version-history":[{"count":1,"href":"https:\/\/www.legistdf.gob.ar\/index.php\/wp-json\/wp\/v2\/posts\/23575\/revisions"}],"predecessor-version":[{"id":23576,"href":"https:\/\/www.legistdf.gob.ar\/index.php\/wp-json\/wp\/v2\/posts\/23575\/revisions\/23576"}],"wp:featuredmedia":[{"embeddable":true,"href":"https:\/\/www.legistdf.gob.ar\/index.php\/wp-json\/wp\/v2\/media\/23462"}],"wp:attachment":[{"href":"https:\/\/www.legistdf.gob.ar\/index.php\/wp-json\/wp\/v2\/media?parent=23575"}],"wp:term":[{"taxonomy":"category","embeddable":true,"href":"https:\/\/www.legistdf.gob.ar\/index.php\/wp-json\/wp\/v2\/categories?post=23575"},{"taxonomy":"post_tag","embeddable":true,"href":"https:\/\/www.legistdf.gob.ar\/index.php\/wp-json\/wp\/v2\/tags?post=23575"}],"curies":[{"name":"wp","href":"https:\/\/api.w.org\/{rel}","templated":true}]}}