{"id":23582,"date":"2021-03-28T18:40:05","date_gmt":"2021-03-28T21:40:05","guid":{"rendered":"http:\/\/www.legistdf.gob.ar\/?p=23582"},"modified":"2021-03-28T18:40:05","modified_gmt":"2021-03-28T21:40:05","slug":"sesion-pablo-villegas-reseno-los-proyectos-abordados-el-jueves-pasado","status":"publish","type":"post","link":"https:\/\/www.legistdf.gob.ar\/index.php\/2021\/03\/28\/sesion-pablo-villegas-reseno-los-proyectos-abordados-el-jueves-pasado\/","title":{"rendered":"SESI\u00d3N: Pablo Villegas rese\u00f1\u00f3 los proyectos abordados el jueves pasado"},"content":{"rendered":"<p><strong><img loading=\"lazy\" decoding=\"async\" data-attachment-id=\"23446\" data-permalink=\"https:\/\/www.legistdf.gob.ar\/index.php\/2021\/03\/25\/galeria-imagenes-de-la-1a-sesion-ordinaria\/img_8906-2\/\" data-orig-file=\"https:\/\/www.legistdf.gob.ar\/wp-content\/uploads\/2021\/03\/IMG_8906.jpg\" data-orig-size=\"1500,1000\" data-comments-opened=\"0\" data-image-meta=\"{&quot;aperture&quot;:&quot;0&quot;,&quot;credit&quot;:&quot;&quot;,&quot;camera&quot;:&quot;&quot;,&quot;caption&quot;:&quot;&quot;,&quot;created_timestamp&quot;:&quot;0&quot;,&quot;copyright&quot;:&quot;&quot;,&quot;focal_length&quot;:&quot;0&quot;,&quot;iso&quot;:&quot;0&quot;,&quot;shutter_speed&quot;:&quot;0&quot;,&quot;title&quot;:&quot;&quot;,&quot;orientation&quot;:&quot;0&quot;}\" data-image-title=\"IMG_8906\" data-image-description=\"\" data-image-caption=\"\" data-medium-file=\"https:\/\/www.legistdf.gob.ar\/wp-content\/uploads\/2021\/03\/IMG_8906-300x200.jpg\" data-large-file=\"https:\/\/www.legistdf.gob.ar\/wp-content\/uploads\/2021\/03\/IMG_8906-1024x683.jpg\" class=\"alignleft wp-image-23446 size-medium\" src=\"http:\/\/www.legistdf.gob.ar\/wp-content\/uploads\/2021\/03\/IMG_8906-300x200.jpg\" alt=\"\" width=\"300\" height=\"200\" srcset=\"https:\/\/www.legistdf.gob.ar\/wp-content\/uploads\/2021\/03\/IMG_8906-300x200.jpg 300w, https:\/\/www.legistdf.gob.ar\/wp-content\/uploads\/2021\/03\/IMG_8906-768x512.jpg 768w, https:\/\/www.legistdf.gob.ar\/wp-content\/uploads\/2021\/03\/IMG_8906-1024x683.jpg 1024w, https:\/\/www.legistdf.gob.ar\/wp-content\/uploads\/2021\/03\/IMG_8906-160x107.jpg 160w, https:\/\/www.legistdf.gob.ar\/wp-content\/uploads\/2021\/03\/IMG_8906.jpg 1500w\" sizes=\"(max-width: 300px) 100vw, 300px\" \/>Ushuaia, domingo 28 de marzo de 2021.- Desde el bloque del Movimiento Popular Fueguino, el legislador Pablo Villegas destac\u00f3 la labor realizada por el Parlamento tras concretarse el jueves pasado, la 1\u00aa sesi\u00f3n ordinaria del Poder Legislativo. \u00a0La bancada present\u00f3 distintos proyectos de resoluci\u00f3n y proyectos de Ley, entre los que resalt\u00f3 la iniciativa que propone eximir al Instituto Provincial de Vivienda y H\u00e1bitat (IPVyH) del pago de la tasa de justicia en todos los procesos judiciales en los que intervenga. \u00a0<\/strong><\/p>\n<p>&nbsp;<\/p>\n<p>El Legislador dijo a Prensa Legislativa que los recursos del organismo, deben ser afectados en su totalidad a la construcci\u00f3n de viviendas y \u201cno destinarlo a otras cuestiones que terminan distorsionando su verdadera funci\u00f3n social\u201d, opin\u00f3.<\/p>\n<p>&nbsp;<\/p>\n<p>El asunto ingres\u00f3 con el <a href=\"http:\/\/www.legistdf.gob.ar\/lp\/novedadesip\/Asuntos%20Entrados%202021\/As.%20N%BA%20054-21.pdf\" target=\"_blank\" rel=\"noopener noreferrer\">N\u00ba 54\/21<\/a>, y fue sancionado por unanimidad. En los fundamentos de la iniciativa, Villegas precisa que si bien las actuaciones judiciales est\u00e1n sujetas al pago de las tasas, se debe eximir al Instituto por tratarse de un ente del Estado provincial.<\/p>\n<p>&nbsp;<\/p>\n<p>Por otro lado, mencion\u00f3 la aprobaci\u00f3n del proyecto de Resoluci\u00f3n, vinculado a un \u201cen\u00e9rgico rechazo a la\u00a0 posibilidad de que se impongan en nuestras Islas Malvinas, granjas de cultivo y producci\u00f3n\u00a0 de salmones a gran escala\u201d, sostuvo.<\/p>\n<p>&nbsp;<\/p>\n<p>Adem\u00e1s record\u00f3 que este tema, posee relaci\u00f3n con el asunto N\u00ba 40\/21, que se encuentra siendo debatido en Comisiones, vinculado b\u00fasqueda de la prohibici\u00f3n de dicha actividad en toda la jurisdicci\u00f3n provincial.<\/p>\n<p>&nbsp;<\/p>\n<p>En tanto, el titular de la bancada del MPF afirm\u00f3 que las salmoneras atentan contra el patrimonio ecol\u00f3gico, ecosistemas y el banco ecol\u00f3gico que posee Tierra del Fuego. \u201cEstamos convencidos que debemos apuntar a un sistema\u00a0 de producci\u00f3n econ\u00f3mica que no represente en los hecho, transferir recursos al extranjero y quedarnos con un pasivo ambiental\u201d, postul\u00f3.<\/p>\n<p>&nbsp;<\/p>\n<p>En relaci\u00f3n a la coyuntura que se atraviesa, vinculada a la pandemia por COVID-19, el MPF present\u00f3 un proyecto de Resoluci\u00f3n, ingresado con el <a href=\"http:\/\/www.legistdf.gob.ar\/lp\/novedadesip\/Asuntos%20Entrados%202021\/As.%20N%BA%20056-21.pdf\" target=\"_blank\" rel=\"noopener noreferrer\">N\u00ba 56\/21<\/a>, en que se le solicita al Poder Ejecutivo la implementaci\u00f3n de la ivermectina en pacientes afectados con COVID-19.<\/p>\n<p>&nbsp;<\/p>\n<p>\u201cHemos trasmitido una preocupaci\u00f3n, de una realidad que conocemos. La ivermectina, que es un antiparasitario la estamos tomando muchos ciudadanos. Y no hay, como en otras provincias, una resoluci\u00f3n del Ministerio de Salud, que la autorice pero por lo que nos dicen algunos facultativos m\u00e9dicos es que la gente est\u00e1 ingiriendo dicho parasitario\u201d, declar\u00f3 el Parlamentario.<\/p>\n<p>&nbsp;<\/p>\n<p>Prosigui\u00f3 al argumentar que solicitaron al Ejecutivo, que en un plazo de 30 d\u00edas \u201cponga blanco sobre negro, es decir, que informe a esta C\u00e1mara y a la comunidad en general, si tiene incidencia en la prevenci\u00f3n y en el tratamiento del coronavirus. Y si se puede autorizar al igual que en la provincia de Misiones, La Pampa, Tucum\u00e1n y Corrientes\u201d, concluy\u00f3.<\/p>\n<p><iframe loading=\"lazy\" title=\"SESI\u00d3N: Pablo Villegas rese\u00f1o los proyectos abordados el jueves pasado (Im\u00e1genes archivo)\" width=\"844\" height=\"475\" src=\"https:\/\/www.youtube.com\/embed\/jZzFUZNGWZ8?feature=oembed\" frameborder=\"0\" allow=\"accelerometer; autoplay; clipboard-write; encrypted-media; gyroscope; picture-in-picture; web-share\" allowfullscreen><\/iframe><\/p>\n<p style=\"text-align: right\"><em>ZV-DM-AT<\/em><\/p>\n","protected":false},"excerpt":{"rendered":"<p>Ushuaia, domingo 28 de marzo de 2021.- Desde el bloque del Movimiento Popular Fueguino, el legislador Pablo Villegas destac\u00f3 la labor realizada por el Parlamento tras concretarse el jueves pasado, la 1\u00aa sesi\u00f3n ordinaria del Poder Legislativo. \u00a0La bancada present\u00f3 distintos proyectos de resoluci\u00f3n y proyectos de Ley, entre los que resalt\u00f3 la iniciativa que [&hellip;]<\/p>\n","protected":false},"author":352,"featured_media":23446,"comment_status":"closed","ping_status":"open","sticky":false,"template":"","format":"standard","meta":{"jetpack_post_was_ever_published":false,"_jetpack_newsletter_access":"","_jetpack_dont_email_post_to_subs":false,"_jetpack_newsletter_tier_id":0,"footnotes":"","jetpack_publicize_message":"","jetpack_publicize_feature_enabled":true,"jetpack_social_post_already_shared":true,"jetpack_social_options":{"image_generator_settings":{"template":"highway","enabled":false}}},"categories":[1],"tags":[78,106,117,79,87],"jetpack_publicize_connections":[],"jetpack_sharing_enabled":true,"jetpack_featured_media_url":"https:\/\/www.legistdf.gob.ar\/wp-content\/uploads\/2021\/03\/IMG_8906.jpg","jetpack-related-posts":[],"_links":{"self":[{"href":"https:\/\/www.legistdf.gob.ar\/index.php\/wp-json\/wp\/v2\/posts\/23582"}],"collection":[{"href":"https:\/\/www.legistdf.gob.ar\/index.php\/wp-json\/wp\/v2\/posts"}],"about":[{"href":"https:\/\/www.legistdf.gob.ar\/index.php\/wp-json\/wp\/v2\/types\/post"}],"author":[{"embeddable":true,"href":"https:\/\/www.legistdf.gob.ar\/index.php\/wp-json\/wp\/v2\/users\/352"}],"replies":[{"embeddable":true,"href":"https:\/\/www.legistdf.gob.ar\/index.php\/wp-json\/wp\/v2\/comments?post=23582"}],"version-history":[{"count":1,"href":"https:\/\/www.legistdf.gob.ar\/index.php\/wp-json\/wp\/v2\/posts\/23582\/revisions"}],"predecessor-version":[{"id":23583,"href":"https:\/\/www.legistdf.gob.ar\/index.php\/wp-json\/wp\/v2\/posts\/23582\/revisions\/23583"}],"wp:featuredmedia":[{"embeddable":true,"href":"https:\/\/www.legistdf.gob.ar\/index.php\/wp-json\/wp\/v2\/media\/23446"}],"wp:attachment":[{"href":"https:\/\/www.legistdf.gob.ar\/index.php\/wp-json\/wp\/v2\/media?parent=23582"}],"wp:term":[{"taxonomy":"category","embeddable":true,"href":"https:\/\/www.legistdf.gob.ar\/index.php\/wp-json\/wp\/v2\/categories?post=23582"},{"taxonomy":"post_tag","embeddable":true,"href":"https:\/\/www.legistdf.gob.ar\/index.php\/wp-json\/wp\/v2\/tags?post=23582"}],"curies":[{"name":"wp","href":"https:\/\/api.w.org\/{rel}","templated":true}]}}