{"id":23586,"date":"2021-03-29T17:00:32","date_gmt":"2021-03-29T20:00:32","guid":{"rendered":"http:\/\/www.legistdf.gob.ar\/?p=23586"},"modified":"2021-03-29T17:00:32","modified_gmt":"2021-03-29T20:00:32","slug":"deportes-el-parlamento-fueguino-destaco-el-logro-de-nicolas-lima-y-su-entrenadora-maria-giro","status":"publish","type":"post","link":"https:\/\/www.legistdf.gob.ar\/index.php\/2021\/03\/29\/deportes-el-parlamento-fueguino-destaco-el-logro-de-nicolas-lima-y-su-entrenadora-maria-giro\/","title":{"rendered":"DEPORTES: El Parlamento fueguino destac\u00f3 el logro de Nicol\u00e1s Lima y su entrenadora Mar\u00eda Gir\u00f3"},"content":{"rendered":"<p><strong><img loading=\"lazy\" decoding=\"async\" data-attachment-id=\"23469\" data-permalink=\"https:\/\/www.legistdf.gob.ar\/index.php\/2021\/03\/25\/galeria-imagenes-de-la-1a-sesion-ordinaria\/img_8944\/\" data-orig-file=\"https:\/\/www.legistdf.gob.ar\/wp-content\/uploads\/2021\/03\/IMG_8944.jpg\" data-orig-size=\"1500,1000\" data-comments-opened=\"0\" data-image-meta=\"{&quot;aperture&quot;:&quot;0&quot;,&quot;credit&quot;:&quot;&quot;,&quot;camera&quot;:&quot;&quot;,&quot;caption&quot;:&quot;&quot;,&quot;created_timestamp&quot;:&quot;0&quot;,&quot;copyright&quot;:&quot;&quot;,&quot;focal_length&quot;:&quot;0&quot;,&quot;iso&quot;:&quot;0&quot;,&quot;shutter_speed&quot;:&quot;0&quot;,&quot;title&quot;:&quot;&quot;,&quot;orientation&quot;:&quot;0&quot;}\" data-image-title=\"IMG_8944\" data-image-description=\"\" data-image-caption=\"\" data-medium-file=\"https:\/\/www.legistdf.gob.ar\/wp-content\/uploads\/2021\/03\/IMG_8944-300x200.jpg\" data-large-file=\"https:\/\/www.legistdf.gob.ar\/wp-content\/uploads\/2021\/03\/IMG_8944-1024x683.jpg\" class=\"alignleft wp-image-23469 size-medium\" src=\"http:\/\/www.legistdf.gob.ar\/wp-content\/uploads\/2021\/03\/IMG_8944-300x200.jpg\" alt=\"\" width=\"300\" height=\"200\" srcset=\"https:\/\/www.legistdf.gob.ar\/wp-content\/uploads\/2021\/03\/IMG_8944-300x200.jpg 300w, https:\/\/www.legistdf.gob.ar\/wp-content\/uploads\/2021\/03\/IMG_8944-768x512.jpg 768w, https:\/\/www.legistdf.gob.ar\/wp-content\/uploads\/2021\/03\/IMG_8944-1024x683.jpg 1024w, https:\/\/www.legistdf.gob.ar\/wp-content\/uploads\/2021\/03\/IMG_8944-160x107.jpg 160w, https:\/\/www.legistdf.gob.ar\/wp-content\/uploads\/2021\/03\/IMG_8944.jpg 1500w\" sizes=\"(max-width: 300px) 100vw, 300px\" \/>Ushuaia, lunes 29 de marzo de 2021.- Durante la 1\u00aa sesi\u00f3n ordinaria, la semana pasada, los Parlamentarios decidieron por unanimidad, reconocer el desempe\u00f1o deportivo del fueguino Nicol\u00e1s Lima. Como resultado de sus recientes logros, el joven obtuvo los puntos necesarios para representar a la Argentina en los Juegos Paral\u00edmpicos de Pek\u00edn 2022. Su entrenadora, Mar\u00eda Gir\u00f3, tambi\u00e9n fue reconocida en el recinto de sesiones.<\/strong><\/p>\n<p>&nbsp;<\/p>\n<p>El bloque del Movimiento Popular Fueguino (MPF) present\u00f3 el <a href=\"http:\/\/www.legistdf.gob.ar\/lp\/novedadesip\/Asuntos%20Entrados%202021\/As.%20N%BA%20053-21.pdf\" target=\"_blank\" rel=\"noopener noreferrer\">asunto N\u00ba 053\/21<\/a>, en tanto el bloque del Partido Verde (PV) hizo lo propio con el asunto N\u00ba 065\/21. Los dos proyectos fueron tratados en conjunto y, por unanimidad, los Parlamentarios resolvieron \u201creconocer al deportista Nicol\u00e1s Lima que, luego de haber participado en la Copa del Mundo en Eslovenia, obtuvo la marca para participar en los juegos Paral\u00edmpicos de invierno \u2018Pek\u00edn 2022\u2019, en el deporte de esqu\u00ed de fondo, siendo el primer y \u00fanico representante de esa disciplina adaptada en nuestro pa\u00eds\u201d.<\/p>\n<p>&nbsp;<\/p>\n<p>Tambi\u00e9n, resolvieron \u201cdestacar con una distinci\u00f3n de honor al joven Nicol\u00e1s Lima y a su entrenadora Mar\u00eda Gir\u00f3, por su apoyo, incentivo y acompa\u00f1amiento incondicional, inst\u00e1ndolos a continuar desarrollando esta disciplina, esgrimiendo al deporte como una herramienta de inclusi\u00f3n y contenci\u00f3n social, representando a la Provincia de Tierra del Fuego, Ant\u00e1rtida e Islas del Atl\u00e1ntico Sur como a la Rep\u00fablica Argentina\u201d, dice el texto aprobado.<\/p>\n<p>&nbsp;<\/p>\n<p><img loading=\"lazy\" decoding=\"async\" data-attachment-id=\"23473\" data-permalink=\"https:\/\/www.legistdf.gob.ar\/index.php\/2021\/03\/25\/galeria-imagenes-de-la-1a-sesion-ordinaria\/img_8955\/\" data-orig-file=\"https:\/\/www.legistdf.gob.ar\/wp-content\/uploads\/2021\/03\/IMG_8955.jpg\" data-orig-size=\"1500,1000\" data-comments-opened=\"0\" data-image-meta=\"{&quot;aperture&quot;:&quot;0&quot;,&quot;credit&quot;:&quot;&quot;,&quot;camera&quot;:&quot;&quot;,&quot;caption&quot;:&quot;&quot;,&quot;created_timestamp&quot;:&quot;0&quot;,&quot;copyright&quot;:&quot;&quot;,&quot;focal_length&quot;:&quot;0&quot;,&quot;iso&quot;:&quot;0&quot;,&quot;shutter_speed&quot;:&quot;0&quot;,&quot;title&quot;:&quot;&quot;,&quot;orientation&quot;:&quot;0&quot;}\" data-image-title=\"IMG_8955\" data-image-description=\"\" data-image-caption=\"\" data-medium-file=\"https:\/\/www.legistdf.gob.ar\/wp-content\/uploads\/2021\/03\/IMG_8955-300x200.jpg\" data-large-file=\"https:\/\/www.legistdf.gob.ar\/wp-content\/uploads\/2021\/03\/IMG_8955-1024x683.jpg\" class=\"alignright wp-image-23473 size-medium\" src=\"http:\/\/www.legistdf.gob.ar\/wp-content\/uploads\/2021\/03\/IMG_8955-300x200.jpg\" alt=\"\" width=\"300\" height=\"200\" srcset=\"https:\/\/www.legistdf.gob.ar\/wp-content\/uploads\/2021\/03\/IMG_8955-300x200.jpg 300w, https:\/\/www.legistdf.gob.ar\/wp-content\/uploads\/2021\/03\/IMG_8955-768x512.jpg 768w, https:\/\/www.legistdf.gob.ar\/wp-content\/uploads\/2021\/03\/IMG_8955-1024x683.jpg 1024w, https:\/\/www.legistdf.gob.ar\/wp-content\/uploads\/2021\/03\/IMG_8955-160x107.jpg 160w, https:\/\/www.legistdf.gob.ar\/wp-content\/uploads\/2021\/03\/IMG_8955.jpg 1500w\" sizes=\"(max-width: 300px) 100vw, 300px\" \/>Al hacer uso de la palabra, el legislador Pablo Villegas (MPF), dijo que \u201cla Resoluci\u00f3n aprobada, marca a las claras lo que pensamos desde el bloque del Movimiento Popular Fueguino, cuando presentamos esta idea de querer destacar a Nicol\u00e1s y a Mar\u00eda. Simplemente queremos poner de relieve que ellos son sin\u00f3nimo de esfuerzo, dedicaci\u00f3n y compromiso y que Nicol\u00e1s es un verdadero ejemplo para muchos j\u00f3venes de nuestra Provincia\u201d.<\/p>\n<p>&nbsp;<\/p>\n<p>En sus fundamentos, el presidente del bloque mopofista asegur\u00f3 que \u201cpor eso, entend\u00edamos que el Poder Legislativo deb\u00eda, en t\u00e9rminos institucionales, poner una palabra y darles a ambos el reconocimiento debido\u201d.<\/p>\n<p>&nbsp;<\/p>\n<p>Por su parte el legislador Federico Sciurano (UCR), se sum\u00f3 a las palabras del legislador Villegas y destac\u00f3 \u201clas figuras de Nicol\u00e1s y Mar\u00eda, dos referentes del deporte fueguino, y que hoy nos permiten tambi\u00e9n visualizar el enorme esfuerzo que hacen muchos deportistas de Tierra del Fuego, cada uno con su caracter\u00edstica y destac\u00e1ndose en \u00e1mbitos nacionales e internacionales\u201d.<\/p>\n<p>&nbsp;<\/p>\n<p>\u201cEl deportista fueguino tiene caracter\u00edsticas particulares y especiales\u201d, continu\u00f3 el referente radical. \u201cLa insularidad, el clima, las dificultades que permanentemente la distancia pone, para que un deportista nuestro pueda llegar a \u00e1mbitos muy lejanos, que les permiten visualizar justamente el compromiso que tienen los deportistas y sus entrenadores y que debemos asumir toda la comunidad, a partir de las autoridades, para poder generar las herramientas e instrumentos, econ\u00f3micos y de log\u00edstica, para que estos deportistas puedan llegar a los niveles y lugares de competencia\u201d explic\u00f3 Federico Sciurano.<\/p>\n<p>&nbsp;<\/p>\n<p><img loading=\"lazy\" decoding=\"async\" data-attachment-id=\"23475\" data-permalink=\"https:\/\/www.legistdf.gob.ar\/index.php\/2021\/03\/25\/galeria-imagenes-de-la-1a-sesion-ordinaria\/img_8957\/\" data-orig-file=\"https:\/\/www.legistdf.gob.ar\/wp-content\/uploads\/2021\/03\/IMG_8957.jpg\" data-orig-size=\"1500,1000\" data-comments-opened=\"0\" data-image-meta=\"{&quot;aperture&quot;:&quot;0&quot;,&quot;credit&quot;:&quot;&quot;,&quot;camera&quot;:&quot;&quot;,&quot;caption&quot;:&quot;&quot;,&quot;created_timestamp&quot;:&quot;0&quot;,&quot;copyright&quot;:&quot;&quot;,&quot;focal_length&quot;:&quot;0&quot;,&quot;iso&quot;:&quot;0&quot;,&quot;shutter_speed&quot;:&quot;0&quot;,&quot;title&quot;:&quot;&quot;,&quot;orientation&quot;:&quot;0&quot;}\" data-image-title=\"IMG_8957\" data-image-description=\"\" data-image-caption=\"\" data-medium-file=\"https:\/\/www.legistdf.gob.ar\/wp-content\/uploads\/2021\/03\/IMG_8957-300x200.jpg\" data-large-file=\"https:\/\/www.legistdf.gob.ar\/wp-content\/uploads\/2021\/03\/IMG_8957-1024x683.jpg\" class=\"alignleft wp-image-23475 size-medium\" src=\"http:\/\/www.legistdf.gob.ar\/wp-content\/uploads\/2021\/03\/IMG_8957-300x200.jpg\" alt=\"\" width=\"300\" height=\"200\" srcset=\"https:\/\/www.legistdf.gob.ar\/wp-content\/uploads\/2021\/03\/IMG_8957-300x200.jpg 300w, https:\/\/www.legistdf.gob.ar\/wp-content\/uploads\/2021\/03\/IMG_8957-768x512.jpg 768w, https:\/\/www.legistdf.gob.ar\/wp-content\/uploads\/2021\/03\/IMG_8957-1024x683.jpg 1024w, https:\/\/www.legistdf.gob.ar\/wp-content\/uploads\/2021\/03\/IMG_8957-160x107.jpg 160w, https:\/\/www.legistdf.gob.ar\/wp-content\/uploads\/2021\/03\/IMG_8957.jpg 1500w\" sizes=\"(max-width: 300px) 100vw, 300px\" \/>Luego, la legisladora Mar\u00eda Victoria Vuoto (PV), impulsora de <a href=\"http:\/\/www.legistdf.gob.ar\/lp\/novedadesip\/Asuntos%20Entrados%202021\/As.%20N%BA%20065-21.pdf\" target=\"_blank\" rel=\"noopener noreferrer\">uno de los asuntos<\/a>, adhiri\u00f3 a las palabras expresadas por sus pares y record\u00f3 que \u201ccuando presentamos este proyecto de reconocimiento, pretend\u00edamos destacar la trayectoria de Nicol\u00e1s, el gran deportista de nuestra Provincia\u201d.<\/p>\n<p>&nbsp;<\/p>\n<p>Hizo un repaso de los logros del deportista, que \u201ccon much\u00edsimo esfuerzo y entrenamiento, obtuvo varias medallas para la delegaci\u00f3n de nuestra Provincia. Fue convocado para la selecci\u00f3n nacional juvenil, donde entre los a\u00f1os 2012 y 2017 no solo obtuvo varias condecoraciones, sino que tambi\u00e9n sali\u00f3 campe\u00f3n nacional en el deporte adaptado. Particip\u00f3 de los ParaPanamericanos de Buenos Aires en 2013 y de San Pablo en 2017, donde gan\u00f3 tres medallas de bronce. Y en 2019 obtuvo 3 medallas doradas en los juegos ParaEpade y ParaAraucan\u00eda\u201d record\u00f3 la legisladora Vuoto.<\/p>\n<p>&nbsp;<\/p>\n<p>Destac\u00f3 que en los pr\u00f3ximos Juegos de Pek\u00edn 2022, \u201cser\u00e1 el primer argentino que compita en esa categor\u00eda, que participar\u00e1 en una copa del mundo. La trayectoria deportiva de Nicol\u00e1s pone a la Provincia en lo m\u00e1s alto del desarrollo del deporte adaptado en el mundo entero. Y el acompa\u00f1amiento de su entrenadora Mar\u00eda Gir\u00f3 ha sido central para poder desarrollar esta tarea\u201d, destac\u00f3.<\/p>\n<p>&nbsp;<\/p>\n<p>Por \u00faltimo, la Parlamentaria del Partido Verde afirm\u00f3 que \u201cel texto que ha quedado consensuado, expresa plenamente la voluntad que desde este bloque tuvimos al momento de presentar este reconocimiento. Es bueno que el deporte adaptado tambi\u00e9n sea agenda de estado. Estamos muy orgullosos\u201d, cerr\u00f3 la legisladora Vuoto.<\/p>\n<p>&nbsp;<\/p>\n<p>Por \u00faltimo, en nombre del bloque FORJA, el legislador Emmanuel Trentino adhiri\u00f3 a los dichos de sus pares y resalt\u00f3 la figura de la entrenadora, \u201cconozco en persona a Mar\u00eda, s\u00e9 de su calidad humana, de su sacrificio, es una persona que siempre est\u00e1 incentivando al deporte y este es un gran logro\u201d.<\/p>\n<p>&nbsp;<\/p>\n<p>Tambi\u00e9n, Trentino destac\u00f3 al gobernador Gustavo Melella, \u201cque en su momento cuando era Intendente de R\u00edo Grande, gestion\u00f3 con Noruega un banco de instrumentos ortop\u00e9dicos, que ayud\u00f3 a todo lo que tiene que ver con el deporte adaptado. Nuestra Provincia tiene un enorme potencial, a trav\u00e9s de sus deportistas, en cada una de las competencias que se presentan cada uno de nuestros deportistas paral\u00edmpicos\u201d.<\/p>\n<p>&nbsp;<\/p>\n<p>Para cerrar, el legislador Emmanuel Trentino dijo que \u201cen nombre de Nicol\u00e1s Lima, saludamos a todos los deportistas de Tierra del Fuego, a sus entrenadores, a sus familias y a cada uno de ellos que con tanto esfuerzo han alcanzado este tipo de logros\u201d.<\/p>\n\n\t\t<style type=\"text\/css\">\n\t\t\t#gallery-1 {\n\t\t\t\tmargin: auto;\n\t\t\t}\n\t\t\t#gallery-1 .gallery-item {\n\t\t\t\tfloat: left;\n\t\t\t\tmargin-top: 10px;\n\t\t\t\ttext-align: center;\n\t\t\t\twidth: 33%;\n\t\t\t}\n\t\t\t#gallery-1 img {\n\t\t\t\tborder: 2px solid #cfcfcf;\n\t\t\t}\n\t\t\t#gallery-1 .gallery-caption {\n\t\t\t\tmargin-left: 0;\n\t\t\t}\n\t\t\t\/* see gallery_shortcode() in wp-includes\/media.php *\/\n\t\t<\/style>\n\t\t<div data-carousel-extra='{\"blog_id\":1,\"permalink\":\"https:\\\/\\\/www.legistdf.gob.ar\\\/index.php\\\/2021\\\/03\\\/29\\\/deportes-el-parlamento-fueguino-destaco-el-logro-de-nicolas-lima-y-su-entrenadora-maria-giro\\\/\"}' id='gallery-1' class='gallery galleryid-23586 gallery-columns-3 gallery-size-medium'><dl class='gallery-item'>\n\t\t\t<dt class='gallery-icon landscape'>\n\t\t\t\t<a href='https:\/\/www.legistdf.gob.ar\/index.php\/2021\/03\/25\/galeria-imagenes-de-la-1a-sesion-ordinaria\/img_8944\/'><img loading=\"lazy\" decoding=\"async\" width=\"300\" height=\"200\" src=\"https:\/\/www.legistdf.gob.ar\/wp-content\/uploads\/2021\/03\/IMG_8944-300x200.jpg\" class=\"attachment-medium size-medium\" alt=\"\" srcset=\"https:\/\/www.legistdf.gob.ar\/wp-content\/uploads\/2021\/03\/IMG_8944-300x200.jpg 300w, https:\/\/www.legistdf.gob.ar\/wp-content\/uploads\/2021\/03\/IMG_8944-768x512.jpg 768w, https:\/\/www.legistdf.gob.ar\/wp-content\/uploads\/2021\/03\/IMG_8944-1024x683.jpg 1024w, https:\/\/www.legistdf.gob.ar\/wp-content\/uploads\/2021\/03\/IMG_8944-160x107.jpg 160w, https:\/\/www.legistdf.gob.ar\/wp-content\/uploads\/2021\/03\/IMG_8944.jpg 1500w\" sizes=\"(max-width: 300px) 100vw, 300px\" data-attachment-id=\"23469\" data-permalink=\"https:\/\/www.legistdf.gob.ar\/index.php\/2021\/03\/25\/galeria-imagenes-de-la-1a-sesion-ordinaria\/img_8944\/\" data-orig-file=\"https:\/\/www.legistdf.gob.ar\/wp-content\/uploads\/2021\/03\/IMG_8944.jpg\" data-orig-size=\"1500,1000\" data-comments-opened=\"0\" data-image-meta=\"{&quot;aperture&quot;:&quot;0&quot;,&quot;credit&quot;:&quot;&quot;,&quot;camera&quot;:&quot;&quot;,&quot;caption&quot;:&quot;&quot;,&quot;created_timestamp&quot;:&quot;0&quot;,&quot;copyright&quot;:&quot;&quot;,&quot;focal_length&quot;:&quot;0&quot;,&quot;iso&quot;:&quot;0&quot;,&quot;shutter_speed&quot;:&quot;0&quot;,&quot;title&quot;:&quot;&quot;,&quot;orientation&quot;:&quot;0&quot;}\" data-image-title=\"IMG_8944\" data-image-description=\"\" data-image-caption=\"\" data-medium-file=\"https:\/\/www.legistdf.gob.ar\/wp-content\/uploads\/2021\/03\/IMG_8944-300x200.jpg\" data-large-file=\"https:\/\/www.legistdf.gob.ar\/wp-content\/uploads\/2021\/03\/IMG_8944-1024x683.jpg\" \/><\/a>\n\t\t\t<\/dt><\/dl><dl class='gallery-item'>\n\t\t\t<dt class='gallery-icon landscape'>\n\t\t\t\t<a href='https:\/\/www.legistdf.gob.ar\/index.php\/2021\/03\/25\/galeria-imagenes-de-la-1a-sesion-ordinaria\/img_8948\/'><img loading=\"lazy\" decoding=\"async\" width=\"300\" height=\"200\" src=\"https:\/\/www.legistdf.gob.ar\/wp-content\/uploads\/2021\/03\/IMG_8948-300x200.jpg\" class=\"attachment-medium size-medium\" alt=\"\" srcset=\"https:\/\/www.legistdf.gob.ar\/wp-content\/uploads\/2021\/03\/IMG_8948-300x200.jpg 300w, https:\/\/www.legistdf.gob.ar\/wp-content\/uploads\/2021\/03\/IMG_8948-768x512.jpg 768w, https:\/\/www.legistdf.gob.ar\/wp-content\/uploads\/2021\/03\/IMG_8948-1024x683.jpg 1024w, https:\/\/www.legistdf.gob.ar\/wp-content\/uploads\/2021\/03\/IMG_8948-160x107.jpg 160w, https:\/\/www.legistdf.gob.ar\/wp-content\/uploads\/2021\/03\/IMG_8948.jpg 1500w\" sizes=\"(max-width: 300px) 100vw, 300px\" data-attachment-id=\"23470\" data-permalink=\"https:\/\/www.legistdf.gob.ar\/index.php\/2021\/03\/25\/galeria-imagenes-de-la-1a-sesion-ordinaria\/img_8948\/\" data-orig-file=\"https:\/\/www.legistdf.gob.ar\/wp-content\/uploads\/2021\/03\/IMG_8948.jpg\" data-orig-size=\"1500,1000\" data-comments-opened=\"0\" data-image-meta=\"{&quot;aperture&quot;:&quot;0&quot;,&quot;credit&quot;:&quot;&quot;,&quot;camera&quot;:&quot;&quot;,&quot;caption&quot;:&quot;&quot;,&quot;created_timestamp&quot;:&quot;0&quot;,&quot;copyright&quot;:&quot;&quot;,&quot;focal_length&quot;:&quot;0&quot;,&quot;iso&quot;:&quot;0&quot;,&quot;shutter_speed&quot;:&quot;0&quot;,&quot;title&quot;:&quot;&quot;,&quot;orientation&quot;:&quot;0&quot;}\" data-image-title=\"IMG_8948\" data-image-description=\"\" data-image-caption=\"\" data-medium-file=\"https:\/\/www.legistdf.gob.ar\/wp-content\/uploads\/2021\/03\/IMG_8948-300x200.jpg\" data-large-file=\"https:\/\/www.legistdf.gob.ar\/wp-content\/uploads\/2021\/03\/IMG_8948-1024x683.jpg\" \/><\/a>\n\t\t\t<\/dt><\/dl><dl class='gallery-item'>\n\t\t\t<dt class='gallery-icon landscape'>\n\t\t\t\t<a href='https:\/\/www.legistdf.gob.ar\/index.php\/2021\/03\/25\/galeria-imagenes-de-la-1a-sesion-ordinaria\/img_8952-2\/'><img loading=\"lazy\" decoding=\"async\" width=\"300\" height=\"200\" src=\"https:\/\/www.legistdf.gob.ar\/wp-content\/uploads\/2021\/03\/IMG_8952-300x200.jpg\" class=\"attachment-medium size-medium\" alt=\"\" srcset=\"https:\/\/www.legistdf.gob.ar\/wp-content\/uploads\/2021\/03\/IMG_8952-300x200.jpg 300w, https:\/\/www.legistdf.gob.ar\/wp-content\/uploads\/2021\/03\/IMG_8952-768x512.jpg 768w, https:\/\/www.legistdf.gob.ar\/wp-content\/uploads\/2021\/03\/IMG_8952-1024x683.jpg 1024w, https:\/\/www.legistdf.gob.ar\/wp-content\/uploads\/2021\/03\/IMG_8952-160x107.jpg 160w, https:\/\/www.legistdf.gob.ar\/wp-content\/uploads\/2021\/03\/IMG_8952.jpg 1500w\" sizes=\"(max-width: 300px) 100vw, 300px\" data-attachment-id=\"23471\" data-permalink=\"https:\/\/www.legistdf.gob.ar\/index.php\/2021\/03\/25\/galeria-imagenes-de-la-1a-sesion-ordinaria\/img_8952-2\/\" data-orig-file=\"https:\/\/www.legistdf.gob.ar\/wp-content\/uploads\/2021\/03\/IMG_8952.jpg\" data-orig-size=\"1500,1000\" data-comments-opened=\"0\" data-image-meta=\"{&quot;aperture&quot;:&quot;0&quot;,&quot;credit&quot;:&quot;&quot;,&quot;camera&quot;:&quot;&quot;,&quot;caption&quot;:&quot;&quot;,&quot;created_timestamp&quot;:&quot;0&quot;,&quot;copyright&quot;:&quot;&quot;,&quot;focal_length&quot;:&quot;0&quot;,&quot;iso&quot;:&quot;0&quot;,&quot;shutter_speed&quot;:&quot;0&quot;,&quot;title&quot;:&quot;&quot;,&quot;orientation&quot;:&quot;0&quot;}\" data-image-title=\"IMG_8952\" data-image-description=\"\" data-image-caption=\"\" data-medium-file=\"https:\/\/www.legistdf.gob.ar\/wp-content\/uploads\/2021\/03\/IMG_8952-300x200.jpg\" data-large-file=\"https:\/\/www.legistdf.gob.ar\/wp-content\/uploads\/2021\/03\/IMG_8952-1024x683.jpg\" \/><\/a>\n\t\t\t<\/dt><\/dl><br style=\"clear: both\" \/><dl class='gallery-item'>\n\t\t\t<dt class='gallery-icon landscape'>\n\t\t\t\t<a href='https:\/\/www.legistdf.gob.ar\/index.php\/2021\/03\/25\/galeria-imagenes-de-la-1a-sesion-ordinaria\/img_8953\/'><img loading=\"lazy\" decoding=\"async\" width=\"300\" height=\"200\" src=\"https:\/\/www.legistdf.gob.ar\/wp-content\/uploads\/2021\/03\/IMG_8953-300x200.jpg\" class=\"attachment-medium size-medium\" alt=\"\" srcset=\"https:\/\/www.legistdf.gob.ar\/wp-content\/uploads\/2021\/03\/IMG_8953-300x200.jpg 300w, https:\/\/www.legistdf.gob.ar\/wp-content\/uploads\/2021\/03\/IMG_8953-768x512.jpg 768w, https:\/\/www.legistdf.gob.ar\/wp-content\/uploads\/2021\/03\/IMG_8953-1024x683.jpg 1024w, https:\/\/www.legistdf.gob.ar\/wp-content\/uploads\/2021\/03\/IMG_8953-160x107.jpg 160w, https:\/\/www.legistdf.gob.ar\/wp-content\/uploads\/2021\/03\/IMG_8953.jpg 1500w\" sizes=\"(max-width: 300px) 100vw, 300px\" data-attachment-id=\"23472\" data-permalink=\"https:\/\/www.legistdf.gob.ar\/index.php\/2021\/03\/25\/galeria-imagenes-de-la-1a-sesion-ordinaria\/img_8953\/\" data-orig-file=\"https:\/\/www.legistdf.gob.ar\/wp-content\/uploads\/2021\/03\/IMG_8953.jpg\" data-orig-size=\"1500,1000\" data-comments-opened=\"0\" data-image-meta=\"{&quot;aperture&quot;:&quot;0&quot;,&quot;credit&quot;:&quot;&quot;,&quot;camera&quot;:&quot;&quot;,&quot;caption&quot;:&quot;&quot;,&quot;created_timestamp&quot;:&quot;0&quot;,&quot;copyright&quot;:&quot;&quot;,&quot;focal_length&quot;:&quot;0&quot;,&quot;iso&quot;:&quot;0&quot;,&quot;shutter_speed&quot;:&quot;0&quot;,&quot;title&quot;:&quot;&quot;,&quot;orientation&quot;:&quot;0&quot;}\" data-image-title=\"IMG_8953\" data-image-description=\"\" data-image-caption=\"\" data-medium-file=\"https:\/\/www.legistdf.gob.ar\/wp-content\/uploads\/2021\/03\/IMG_8953-300x200.jpg\" data-large-file=\"https:\/\/www.legistdf.gob.ar\/wp-content\/uploads\/2021\/03\/IMG_8953-1024x683.jpg\" \/><\/a>\n\t\t\t<\/dt><\/dl><dl class='gallery-item'>\n\t\t\t<dt class='gallery-icon landscape'>\n\t\t\t\t<a href='https:\/\/www.legistdf.gob.ar\/index.php\/2021\/03\/25\/galeria-imagenes-de-la-1a-sesion-ordinaria\/img_8955\/'><img loading=\"lazy\" decoding=\"async\" width=\"300\" height=\"200\" src=\"https:\/\/www.legistdf.gob.ar\/wp-content\/uploads\/2021\/03\/IMG_8955-300x200.jpg\" class=\"attachment-medium size-medium\" alt=\"\" srcset=\"https:\/\/www.legistdf.gob.ar\/wp-content\/uploads\/2021\/03\/IMG_8955-300x200.jpg 300w, https:\/\/www.legistdf.gob.ar\/wp-content\/uploads\/2021\/03\/IMG_8955-768x512.jpg 768w, https:\/\/www.legistdf.gob.ar\/wp-content\/uploads\/2021\/03\/IMG_8955-1024x683.jpg 1024w, https:\/\/www.legistdf.gob.ar\/wp-content\/uploads\/2021\/03\/IMG_8955-160x107.jpg 160w, https:\/\/www.legistdf.gob.ar\/wp-content\/uploads\/2021\/03\/IMG_8955.jpg 1500w\" sizes=\"(max-width: 300px) 100vw, 300px\" data-attachment-id=\"23473\" data-permalink=\"https:\/\/www.legistdf.gob.ar\/index.php\/2021\/03\/25\/galeria-imagenes-de-la-1a-sesion-ordinaria\/img_8955\/\" data-orig-file=\"https:\/\/www.legistdf.gob.ar\/wp-content\/uploads\/2021\/03\/IMG_8955.jpg\" data-orig-size=\"1500,1000\" data-comments-opened=\"0\" data-image-meta=\"{&quot;aperture&quot;:&quot;0&quot;,&quot;credit&quot;:&quot;&quot;,&quot;camera&quot;:&quot;&quot;,&quot;caption&quot;:&quot;&quot;,&quot;created_timestamp&quot;:&quot;0&quot;,&quot;copyright&quot;:&quot;&quot;,&quot;focal_length&quot;:&quot;0&quot;,&quot;iso&quot;:&quot;0&quot;,&quot;shutter_speed&quot;:&quot;0&quot;,&quot;title&quot;:&quot;&quot;,&quot;orientation&quot;:&quot;0&quot;}\" data-image-title=\"IMG_8955\" data-image-description=\"\" data-image-caption=\"\" data-medium-file=\"https:\/\/www.legistdf.gob.ar\/wp-content\/uploads\/2021\/03\/IMG_8955-300x200.jpg\" data-large-file=\"https:\/\/www.legistdf.gob.ar\/wp-content\/uploads\/2021\/03\/IMG_8955-1024x683.jpg\" \/><\/a>\n\t\t\t<\/dt><\/dl><dl class='gallery-item'>\n\t\t\t<dt class='gallery-icon landscape'>\n\t\t\t\t<a href='https:\/\/www.legistdf.gob.ar\/index.php\/2021\/03\/25\/galeria-imagenes-de-la-1a-sesion-ordinaria\/img_8956-2\/'><img loading=\"lazy\" decoding=\"async\" width=\"300\" height=\"200\" src=\"https:\/\/www.legistdf.gob.ar\/wp-content\/uploads\/2021\/03\/IMG_8956-300x200.jpg\" class=\"attachment-medium size-medium\" alt=\"\" srcset=\"https:\/\/www.legistdf.gob.ar\/wp-content\/uploads\/2021\/03\/IMG_8956-300x200.jpg 300w, https:\/\/www.legistdf.gob.ar\/wp-content\/uploads\/2021\/03\/IMG_8956-768x512.jpg 768w, https:\/\/www.legistdf.gob.ar\/wp-content\/uploads\/2021\/03\/IMG_8956-1024x683.jpg 1024w, https:\/\/www.legistdf.gob.ar\/wp-content\/uploads\/2021\/03\/IMG_8956-160x107.jpg 160w, https:\/\/www.legistdf.gob.ar\/wp-content\/uploads\/2021\/03\/IMG_8956.jpg 1500w\" sizes=\"(max-width: 300px) 100vw, 300px\" data-attachment-id=\"23474\" data-permalink=\"https:\/\/www.legistdf.gob.ar\/index.php\/2021\/03\/25\/galeria-imagenes-de-la-1a-sesion-ordinaria\/img_8956-2\/\" data-orig-file=\"https:\/\/www.legistdf.gob.ar\/wp-content\/uploads\/2021\/03\/IMG_8956.jpg\" data-orig-size=\"1500,1000\" data-comments-opened=\"0\" data-image-meta=\"{&quot;aperture&quot;:&quot;0&quot;,&quot;credit&quot;:&quot;&quot;,&quot;camera&quot;:&quot;&quot;,&quot;caption&quot;:&quot;&quot;,&quot;created_timestamp&quot;:&quot;0&quot;,&quot;copyright&quot;:&quot;&quot;,&quot;focal_length&quot;:&quot;0&quot;,&quot;iso&quot;:&quot;0&quot;,&quot;shutter_speed&quot;:&quot;0&quot;,&quot;title&quot;:&quot;&quot;,&quot;orientation&quot;:&quot;0&quot;}\" data-image-title=\"IMG_8956\" data-image-description=\"\" data-image-caption=\"\" data-medium-file=\"https:\/\/www.legistdf.gob.ar\/wp-content\/uploads\/2021\/03\/IMG_8956-300x200.jpg\" data-large-file=\"https:\/\/www.legistdf.gob.ar\/wp-content\/uploads\/2021\/03\/IMG_8956-1024x683.jpg\" \/><\/a>\n\t\t\t<\/dt><\/dl><br style=\"clear: both\" \/><dl class='gallery-item'>\n\t\t\t<dt class='gallery-icon landscape'>\n\t\t\t\t<a href='https:\/\/www.legistdf.gob.ar\/index.php\/2021\/03\/25\/galeria-imagenes-de-la-1a-sesion-ordinaria\/img_8957\/'><img loading=\"lazy\" decoding=\"async\" width=\"300\" height=\"200\" src=\"https:\/\/www.legistdf.gob.ar\/wp-content\/uploads\/2021\/03\/IMG_8957-300x200.jpg\" class=\"attachment-medium size-medium\" alt=\"\" srcset=\"https:\/\/www.legistdf.gob.ar\/wp-content\/uploads\/2021\/03\/IMG_8957-300x200.jpg 300w, https:\/\/www.legistdf.gob.ar\/wp-content\/uploads\/2021\/03\/IMG_8957-768x512.jpg 768w, https:\/\/www.legistdf.gob.ar\/wp-content\/uploads\/2021\/03\/IMG_8957-1024x683.jpg 1024w, https:\/\/www.legistdf.gob.ar\/wp-content\/uploads\/2021\/03\/IMG_8957-160x107.jpg 160w, https:\/\/www.legistdf.gob.ar\/wp-content\/uploads\/2021\/03\/IMG_8957.jpg 1500w\" sizes=\"(max-width: 300px) 100vw, 300px\" data-attachment-id=\"23475\" data-permalink=\"https:\/\/www.legistdf.gob.ar\/index.php\/2021\/03\/25\/galeria-imagenes-de-la-1a-sesion-ordinaria\/img_8957\/\" data-orig-file=\"https:\/\/www.legistdf.gob.ar\/wp-content\/uploads\/2021\/03\/IMG_8957.jpg\" data-orig-size=\"1500,1000\" data-comments-opened=\"0\" data-image-meta=\"{&quot;aperture&quot;:&quot;0&quot;,&quot;credit&quot;:&quot;&quot;,&quot;camera&quot;:&quot;&quot;,&quot;caption&quot;:&quot;&quot;,&quot;created_timestamp&quot;:&quot;0&quot;,&quot;copyright&quot;:&quot;&quot;,&quot;focal_length&quot;:&quot;0&quot;,&quot;iso&quot;:&quot;0&quot;,&quot;shutter_speed&quot;:&quot;0&quot;,&quot;title&quot;:&quot;&quot;,&quot;orientation&quot;:&quot;0&quot;}\" data-image-title=\"IMG_8957\" data-image-description=\"\" data-image-caption=\"\" data-medium-file=\"https:\/\/www.legistdf.gob.ar\/wp-content\/uploads\/2021\/03\/IMG_8957-300x200.jpg\" data-large-file=\"https:\/\/www.legistdf.gob.ar\/wp-content\/uploads\/2021\/03\/IMG_8957-1024x683.jpg\" \/><\/a>\n\t\t\t<\/dt><\/dl><dl class='gallery-item'>\n\t\t\t<dt class='gallery-icon landscape'>\n\t\t\t\t<a href='https:\/\/www.legistdf.gob.ar\/index.php\/2021\/03\/25\/galeria-imagenes-de-la-1a-sesion-ordinaria\/img_8959\/'><img loading=\"lazy\" decoding=\"async\" width=\"300\" height=\"200\" src=\"https:\/\/www.legistdf.gob.ar\/wp-content\/uploads\/2021\/03\/IMG_8959-300x200.jpg\" class=\"attachment-medium size-medium\" alt=\"\" srcset=\"https:\/\/www.legistdf.gob.ar\/wp-content\/uploads\/2021\/03\/IMG_8959-300x200.jpg 300w, https:\/\/www.legistdf.gob.ar\/wp-content\/uploads\/2021\/03\/IMG_8959-768x512.jpg 768w, https:\/\/www.legistdf.gob.ar\/wp-content\/uploads\/2021\/03\/IMG_8959-1024x683.jpg 1024w, https:\/\/www.legistdf.gob.ar\/wp-content\/uploads\/2021\/03\/IMG_8959-160x107.jpg 160w, https:\/\/www.legistdf.gob.ar\/wp-content\/uploads\/2021\/03\/IMG_8959.jpg 1500w\" sizes=\"(max-width: 300px) 100vw, 300px\" data-attachment-id=\"23476\" data-permalink=\"https:\/\/www.legistdf.gob.ar\/index.php\/2021\/03\/25\/galeria-imagenes-de-la-1a-sesion-ordinaria\/img_8959\/\" data-orig-file=\"https:\/\/www.legistdf.gob.ar\/wp-content\/uploads\/2021\/03\/IMG_8959.jpg\" data-orig-size=\"1500,1000\" data-comments-opened=\"0\" data-image-meta=\"{&quot;aperture&quot;:&quot;0&quot;,&quot;credit&quot;:&quot;&quot;,&quot;camera&quot;:&quot;&quot;,&quot;caption&quot;:&quot;&quot;,&quot;created_timestamp&quot;:&quot;0&quot;,&quot;copyright&quot;:&quot;&quot;,&quot;focal_length&quot;:&quot;0&quot;,&quot;iso&quot;:&quot;0&quot;,&quot;shutter_speed&quot;:&quot;0&quot;,&quot;title&quot;:&quot;&quot;,&quot;orientation&quot;:&quot;0&quot;}\" data-image-title=\"IMG_8959\" data-image-description=\"\" data-image-caption=\"\" data-medium-file=\"https:\/\/www.legistdf.gob.ar\/wp-content\/uploads\/2021\/03\/IMG_8959-300x200.jpg\" data-large-file=\"https:\/\/www.legistdf.gob.ar\/wp-content\/uploads\/2021\/03\/IMG_8959-1024x683.jpg\" \/><\/a>\n\t\t\t<\/dt><\/dl><dl class='gallery-item'>\n\t\t\t<dt class='gallery-icon landscape'>\n\t\t\t\t<a href='https:\/\/www.legistdf.gob.ar\/index.php\/2021\/03\/25\/galeria-imagenes-de-la-1a-sesion-ordinaria\/img_8960\/'><img loading=\"lazy\" decoding=\"async\" width=\"300\" height=\"200\" src=\"https:\/\/www.legistdf.gob.ar\/wp-content\/uploads\/2021\/03\/IMG_8960-300x200.jpg\" class=\"attachment-medium size-medium\" alt=\"\" srcset=\"https:\/\/www.legistdf.gob.ar\/wp-content\/uploads\/2021\/03\/IMG_8960-300x200.jpg 300w, https:\/\/www.legistdf.gob.ar\/wp-content\/uploads\/2021\/03\/IMG_8960-768x512.jpg 768w, https:\/\/www.legistdf.gob.ar\/wp-content\/uploads\/2021\/03\/IMG_8960-1024x683.jpg 1024w, https:\/\/www.legistdf.gob.ar\/wp-content\/uploads\/2021\/03\/IMG_8960-160x107.jpg 160w, https:\/\/www.legistdf.gob.ar\/wp-content\/uploads\/2021\/03\/IMG_8960.jpg 1500w\" sizes=\"(max-width: 300px) 100vw, 300px\" data-attachment-id=\"23477\" data-permalink=\"https:\/\/www.legistdf.gob.ar\/index.php\/2021\/03\/25\/galeria-imagenes-de-la-1a-sesion-ordinaria\/img_8960\/\" data-orig-file=\"https:\/\/www.legistdf.gob.ar\/wp-content\/uploads\/2021\/03\/IMG_8960.jpg\" data-orig-size=\"1500,1000\" data-comments-opened=\"0\" data-image-meta=\"{&quot;aperture&quot;:&quot;0&quot;,&quot;credit&quot;:&quot;&quot;,&quot;camera&quot;:&quot;&quot;,&quot;caption&quot;:&quot;&quot;,&quot;created_timestamp&quot;:&quot;0&quot;,&quot;copyright&quot;:&quot;&quot;,&quot;focal_length&quot;:&quot;0&quot;,&quot;iso&quot;:&quot;0&quot;,&quot;shutter_speed&quot;:&quot;0&quot;,&quot;title&quot;:&quot;&quot;,&quot;orientation&quot;:&quot;0&quot;}\" data-image-title=\"IMG_8960\" data-image-description=\"\" data-image-caption=\"\" data-medium-file=\"https:\/\/www.legistdf.gob.ar\/wp-content\/uploads\/2021\/03\/IMG_8960-300x200.jpg\" data-large-file=\"https:\/\/www.legistdf.gob.ar\/wp-content\/uploads\/2021\/03\/IMG_8960-1024x683.jpg\" \/><\/a>\n\t\t\t<\/dt><\/dl><br style=\"clear: both\" \/>\n\t\t<\/div>\n\n<p><iframe loading=\"lazy\" title=\"SESI\u00d3N: Legisladores sancionaron cinco nuevas Leyes\" width=\"844\" height=\"475\" src=\"https:\/\/www.youtube.com\/embed\/gym2Pd0qcMg?start=9902&#038;feature=oembed\" frameborder=\"0\" allow=\"accelerometer; autoplay; clipboard-write; encrypted-media; gyroscope; picture-in-picture; web-share\" allowfullscreen><\/iframe><\/p>\n<p style=\"text-align: right\"><em>LVV-AT<\/em><\/p>\n","protected":false},"excerpt":{"rendered":"<p>Ushuaia, lunes 29 de marzo de 2021.- Durante la 1\u00aa sesi\u00f3n ordinaria, la semana pasada, los Parlamentarios decidieron por unanimidad, reconocer el desempe\u00f1o deportivo del fueguino Nicol\u00e1s Lima. Como resultado de sus recientes logros, el joven obtuvo los puntos necesarios para representar a la Argentina en los Juegos Paral\u00edmpicos de Pek\u00edn 2022. Su entrenadora, Mar\u00eda [&hellip;]<\/p>\n","protected":false},"author":352,"featured_media":23469,"comment_status":"closed","ping_status":"open","sticky":false,"template":"","format":"standard","meta":{"jetpack_post_was_ever_published":false,"_jetpack_newsletter_access":"","_jetpack_dont_email_post_to_subs":false,"_jetpack_newsletter_tier_id":0,"footnotes":"","jetpack_publicize_message":"","jetpack_publicize_feature_enabled":true,"jetpack_social_post_already_shared":true,"jetpack_social_options":{"image_generator_settings":{"template":"highway","enabled":false}}},"categories":[1],"tags":[291,78,2168,106,87],"jetpack_publicize_connections":[],"jetpack_sharing_enabled":true,"jetpack_featured_media_url":"https:\/\/www.legistdf.gob.ar\/wp-content\/uploads\/2021\/03\/IMG_8944.jpg","jetpack-related-posts":[],"_links":{"self":[{"href":"https:\/\/www.legistdf.gob.ar\/index.php\/wp-json\/wp\/v2\/posts\/23586"}],"collection":[{"href":"https:\/\/www.legistdf.gob.ar\/index.php\/wp-json\/wp\/v2\/posts"}],"about":[{"href":"https:\/\/www.legistdf.gob.ar\/index.php\/wp-json\/wp\/v2\/types\/post"}],"author":[{"embeddable":true,"href":"https:\/\/www.legistdf.gob.ar\/index.php\/wp-json\/wp\/v2\/users\/352"}],"replies":[{"embeddable":true,"href":"https:\/\/www.legistdf.gob.ar\/index.php\/wp-json\/wp\/v2\/comments?post=23586"}],"version-history":[{"count":1,"href":"https:\/\/www.legistdf.gob.ar\/index.php\/wp-json\/wp\/v2\/posts\/23586\/revisions"}],"predecessor-version":[{"id":23587,"href":"https:\/\/www.legistdf.gob.ar\/index.php\/wp-json\/wp\/v2\/posts\/23586\/revisions\/23587"}],"wp:featuredmedia":[{"embeddable":true,"href":"https:\/\/www.legistdf.gob.ar\/index.php\/wp-json\/wp\/v2\/media\/23469"}],"wp:attachment":[{"href":"https:\/\/www.legistdf.gob.ar\/index.php\/wp-json\/wp\/v2\/media?parent=23586"}],"wp:term":[{"taxonomy":"category","embeddable":true,"href":"https:\/\/www.legistdf.gob.ar\/index.php\/wp-json\/wp\/v2\/categories?post=23586"},{"taxonomy":"post_tag","embeddable":true,"href":"https:\/\/www.legistdf.gob.ar\/index.php\/wp-json\/wp\/v2\/tags?post=23586"}],"curies":[{"name":"wp","href":"https:\/\/api.w.org\/{rel}","templated":true}]}}