{"id":23747,"date":"2021-04-08T14:24:47","date_gmt":"2021-04-08T17:24:47","guid":{"rendered":"http:\/\/www.legistdf.gob.ar\/?p=23747"},"modified":"2021-04-08T14:24:47","modified_gmt":"2021-04-08T17:24:47","slug":"parlamento-patagonico-acordaran-integracion-de-comisiones-permanentes","status":"publish","type":"post","link":"https:\/\/www.legistdf.gob.ar\/index.php\/2021\/04\/08\/parlamento-patagonico-acordaran-integracion-de-comisiones-permanentes\/","title":{"rendered":"PARLAMENTO PATAG\u00d3NICO: Acordar\u00e1n integraci\u00f3n de Comisiones permanentes"},"content":{"rendered":"<p style=\"font-weight: 400\"><strong><img loading=\"lazy\" decoding=\"async\" data-attachment-id=\"23619\" data-permalink=\"https:\/\/www.legistdf.gob.ar\/index.php\/2021\/04\/01\/parlamento-patagonico-acordaron-nuevo-encuentro-para-trabajar-en-la-agenda-de-temas-en-comun\/img_9004\/\" data-orig-file=\"https:\/\/www.legistdf.gob.ar\/wp-content\/uploads\/2021\/04\/IMG_9004.jpg\" data-orig-size=\"1500,1000\" data-comments-opened=\"0\" data-image-meta=\"{&quot;aperture&quot;:&quot;0&quot;,&quot;credit&quot;:&quot;&quot;,&quot;camera&quot;:&quot;&quot;,&quot;caption&quot;:&quot;&quot;,&quot;created_timestamp&quot;:&quot;0&quot;,&quot;copyright&quot;:&quot;&quot;,&quot;focal_length&quot;:&quot;0&quot;,&quot;iso&quot;:&quot;0&quot;,&quot;shutter_speed&quot;:&quot;0&quot;,&quot;title&quot;:&quot;&quot;,&quot;orientation&quot;:&quot;0&quot;}\" data-image-title=\"IMG_9004\" data-image-description=\"\" data-image-caption=\"\" data-medium-file=\"https:\/\/www.legistdf.gob.ar\/wp-content\/uploads\/2021\/04\/IMG_9004-300x200.jpg\" data-large-file=\"https:\/\/www.legistdf.gob.ar\/wp-content\/uploads\/2021\/04\/IMG_9004-1024x683.jpg\" class=\"alignleft wp-image-23619 size-medium\" src=\"http:\/\/www.legistdf.gob.ar\/wp-content\/uploads\/2021\/04\/IMG_9004-300x200.jpg\" alt=\"\" width=\"300\" height=\"200\" srcset=\"https:\/\/www.legistdf.gob.ar\/wp-content\/uploads\/2021\/04\/IMG_9004-300x200.jpg 300w, https:\/\/www.legistdf.gob.ar\/wp-content\/uploads\/2021\/04\/IMG_9004-768x512.jpg 768w, https:\/\/www.legistdf.gob.ar\/wp-content\/uploads\/2021\/04\/IMG_9004-1024x683.jpg 1024w, https:\/\/www.legistdf.gob.ar\/wp-content\/uploads\/2021\/04\/IMG_9004-160x107.jpg 160w, https:\/\/www.legistdf.gob.ar\/wp-content\/uploads\/2021\/04\/IMG_9004.jpg 1500w\" sizes=\"(max-width: 300px) 100vw, 300px\" \/>Ushuaia, jueves 8 de abril de 2021.- El presidente de la Comisi\u00f3n N\u00b0 8 de Parlamento Patag\u00f3nico, Mercosur, Integraci\u00f3n Regional y Asuntos Internacionales, legislador Emmanuel Trentino, convoc\u00f3 a una reuni\u00f3n de ese espacio de debate para el martes 13 a las 14h, en el Recinto de Sesiones y Comisiones. Acordar\u00e1n la integraci\u00f3n de las Comisiones Permanentes del Parlamento Patag\u00f3nico.<\/strong><\/p>\n<p style=\"font-weight: 400\"><strong>\u00a0<\/strong><\/p>\n<p style=\"font-weight: 400\">Seg\u00fan el Estatuto del Parlamento Patag\u00f3nico, los integrantes de ese espacio trabajan en diferentes Comisiones, a saber: Asuntos Constitucionales y Legislaci\u00f3n General; Asuntos Econ\u00f3micos, Desarrollo Regional, Integraci\u00f3n Regional y Pol\u00edtica Territorial; Legislaci\u00f3n Social, Deportes, Salud y Trabajo, Cultura, Educaci\u00f3n, Comunicaci\u00f3n Social, Ciencia y Tecnolog\u00eda; Recursos Naturales, Turismo y Medio Ambiente; Infraestructura Patag\u00f3nica; Relaciones Internacionales; Igualdad de Oportunidades y Trato.<\/p>\n<p style=\"font-weight: 400\">\n<p style=\"font-weight: 400\">Cabe recordar que el Parlamento Patag\u00f3nico es un organismo para el debate democr\u00e1tico de los problemas comunes y la elaboraci\u00f3n de propuestas conjuntas para su superaci\u00f3n y concreci\u00f3n, integrado por los legisladores electos en funciones de las Legislaturas provinciales de Tierra Del Fuego, Santa Cruz, Chubut, R\u00edo Negro, Neuqu\u00e9n y La Pampa.<\/p>\n<p>&nbsp;<\/p>\n<p style=\"text-align: right\"><em>LVV-AT<\/em><\/p>\n","protected":false},"excerpt":{"rendered":"<p>Ushuaia, jueves 8 de abril de 2021.- El presidente de la Comisi\u00f3n N\u00b0 8 de Parlamento Patag\u00f3nico, Mercosur, Integraci\u00f3n Regional y Asuntos Internacionales, legislador Emmanuel Trentino, convoc\u00f3 a una reuni\u00f3n de ese espacio de debate para el martes 13 a las 14h, en el Recinto de Sesiones y Comisiones. Acordar\u00e1n la integraci\u00f3n de las Comisiones [&hellip;]<\/p>\n","protected":false},"author":352,"featured_media":23619,"comment_status":"closed","ping_status":"open","sticky":false,"template":"","format":"standard","meta":{"jetpack_post_was_ever_published":false,"_jetpack_newsletter_access":"","_jetpack_dont_email_post_to_subs":false,"_jetpack_newsletter_tier_id":0,"footnotes":"","jetpack_publicize_message":"","jetpack_publicize_feature_enabled":true,"jetpack_social_post_already_shared":true,"jetpack_social_options":{"image_generator_settings":{"template":"highway","enabled":false}}},"categories":[1],"tags":[84,1930,78,1980,79,87],"jetpack_publicize_connections":[],"jetpack_sharing_enabled":true,"jetpack_featured_media_url":"https:\/\/www.legistdf.gob.ar\/wp-content\/uploads\/2021\/04\/IMG_9004.jpg","jetpack-related-posts":[],"_links":{"self":[{"href":"https:\/\/www.legistdf.gob.ar\/index.php\/wp-json\/wp\/v2\/posts\/23747"}],"collection":[{"href":"https:\/\/www.legistdf.gob.ar\/index.php\/wp-json\/wp\/v2\/posts"}],"about":[{"href":"https:\/\/www.legistdf.gob.ar\/index.php\/wp-json\/wp\/v2\/types\/post"}],"author":[{"embeddable":true,"href":"https:\/\/www.legistdf.gob.ar\/index.php\/wp-json\/wp\/v2\/users\/352"}],"replies":[{"embeddable":true,"href":"https:\/\/www.legistdf.gob.ar\/index.php\/wp-json\/wp\/v2\/comments?post=23747"}],"version-history":[{"count":1,"href":"https:\/\/www.legistdf.gob.ar\/index.php\/wp-json\/wp\/v2\/posts\/23747\/revisions"}],"predecessor-version":[{"id":23748,"href":"https:\/\/www.legistdf.gob.ar\/index.php\/wp-json\/wp\/v2\/posts\/23747\/revisions\/23748"}],"wp:featuredmedia":[{"embeddable":true,"href":"https:\/\/www.legistdf.gob.ar\/index.php\/wp-json\/wp\/v2\/media\/23619"}],"wp:attachment":[{"href":"https:\/\/www.legistdf.gob.ar\/index.php\/wp-json\/wp\/v2\/media?parent=23747"}],"wp:term":[{"taxonomy":"category","embeddable":true,"href":"https:\/\/www.legistdf.gob.ar\/index.php\/wp-json\/wp\/v2\/categories?post=23747"},{"taxonomy":"post_tag","embeddable":true,"href":"https:\/\/www.legistdf.gob.ar\/index.php\/wp-json\/wp\/v2\/tags?post=23747"}],"curies":[{"name":"wp","href":"https:\/\/api.w.org\/{rel}","templated":true}]}}