{"id":23896,"date":"2021-04-19T15:47:31","date_gmt":"2021-04-19T18:47:31","guid":{"rendered":"http:\/\/www.legistdf.gob.ar\/?p=23896"},"modified":"2021-04-19T15:47:31","modified_gmt":"2021-04-19T18:47:31","slug":"comisiones-trentino-dijo-que-se-espera-poner-la-voz-de-los-patagonicos-en-lo-mas-alto-posible","status":"publish","type":"post","link":"https:\/\/www.legistdf.gob.ar\/index.php\/2021\/04\/19\/comisiones-trentino-dijo-que-se-espera-poner-la-voz-de-los-patagonicos-en-lo-mas-alto-posible\/","title":{"rendered":"COMISIONES: Trentino dijo que se espera \u201cponer la voz de los patag\u00f3nicos, en lo m\u00e1s alto posible\u201d"},"content":{"rendered":"<p><strong>Ushuaia, lunes 19 de abril de 2021.- El legislador Emmanuel Trentino (FORJA) presidi\u00f3 hoy el encuentro del Parlamento Patag\u00f3nico con representantes de la regi\u00f3n. Desarrollaron la jornada de trabajo en base a la organizaci\u00f3n del cuerpo y la realizaci\u00f3n del primer plenario de ese espacio. Se avanz\u00f3 sobre \u00edtems para la modificaci\u00f3n del Reglamento en relaci\u00f3n a la pandemia por COVID-19 y la virtualidad. Trentino dijo que se espera \u201cponer la voz de los patag\u00f3nicos, en lo m\u00e1s alto posible\u201d<\/strong><\/p>\n<p>&nbsp;<\/p>\n<p>Con la presidencia del legislador Emmanuel Trentino, se desarroll\u00f3, de manera remota, un nuevo encuentro del Parlamento Patag\u00f3nico que preside Tierra del Fuego y del que participaron los presidentes de esos cuerpos a nivel regional. De la reuni\u00f3n tambi\u00e9n fueron parte el vicepresidente de la Comisi\u00f3n N\u00b0 8 de la Legislatura fueguina, Federico Greve (FORJA) y el secretario de ese espacio, legislador Federico Sciurano (UCR).<\/p>\n<p>&nbsp;<\/p>\n<p>Trentino cont\u00f3 a Prensa Legislativa que ya se ha definido el lugar y la fecha para el plenario del cuerpo, que ser\u00e1 en la capital fueguina, el 25 de mayo. Al respecto el titular de la Comisi\u00f3n expres\u00f3 la \u201cexpectativas por los asuntos\u201d que esperan tratar. Buscan \u201ctener una agenda en conjunto con todas provincias patag\u00f3nicas\u201d y agreg\u00f3 que los temas son comunes a cada distrito y que en Tierra del Fuego \u00a0\u201chemos trabajado dentro de nuestro Parlamento\u201d.<\/p>\n<p>&nbsp;<\/p>\n<p>As\u00ed, el pr\u00f3ximo 10 de mayo ser\u00e1 la fecha l\u00edmite para el ingreso de asuntos; el 24 de mayo, se concretar\u00e1 la reuni\u00f3n de labor parlamentaria y 25 de mayo, encuentro del plenario del Parlamento Patag\u00f3nico.<\/p>\n<p>&nbsp;<\/p>\n<p>En cuanto al Reglamento de funcionamiento del cuerpo, el legislador Trentino afirm\u00f3 que \u201cnos pudimos poner de acuerdo, lo habilita la situaci\u00f3n epidemiol\u00f3gica, para reformarlo para generar la virtualidad\u201d que los Parlamentarios regionales puedan participar de manera mixta, es decir, de manera presencial y remota. \u201cVamos en un sentido y en un camino, para generar la mejor din\u00e1mica\u201d, sostuvo luego de la reuni\u00f3n.<\/p>\n<p>&nbsp;<\/p>\n<p>La agenda de temas comunes a los participantes de hoy, estuvo integrada por hidrocarburos; valor del combustible; pesca; soberan\u00eda, cruce por aguas argentinas; conectividad, recursos naturales, fronteras, salud. \u201chay un gran abanico de tem\u00e1ticas que tenemos que abordar y que lo tenemos que hacer de manera r\u00e1pida y poner la voz de los patag\u00f3nicos, lo m\u00e1s alta posible\u201d, cerr\u00f3.<\/p>\n<p>&nbsp;<\/p>\n<p>De nuestra regi\u00f3n participaron los legisladores Francisco Torroba de La Pampa; Elvis Cides, R\u00edo Negro; Roddy Ingram de Chubut; Ayel\u00e9n Guti\u00e9rrez de Neuqu\u00e9n y Mat\u00edas Mazu de Santa Cruz. Este viernes desde las 11 h volver\u00e1n a tener un encuentro similar.<\/p>\n<p>&nbsp;<\/p>\n<p><iframe loading=\"lazy\" title=\"COMISIONES: Trentino dijo que se espera \u201cponer la voz de los patag\u00f3nicos, en lo m\u00e1s alto posible\u201d\" width=\"844\" height=\"475\" src=\"https:\/\/www.youtube.com\/embed\/9F4QpExjfgw?feature=oembed\" frameborder=\"0\" allow=\"accelerometer; autoplay; clipboard-write; encrypted-media; gyroscope; picture-in-picture; web-share\" allowfullscreen><\/iframe><\/p>\n\n\t\t<style type=\"text\/css\">\n\t\t\t#gallery-1 {\n\t\t\t\tmargin: auto;\n\t\t\t}\n\t\t\t#gallery-1 .gallery-item {\n\t\t\t\tfloat: left;\n\t\t\t\tmargin-top: 10px;\n\t\t\t\ttext-align: center;\n\t\t\t\twidth: 33%;\n\t\t\t}\n\t\t\t#gallery-1 img {\n\t\t\t\tborder: 2px solid #cfcfcf;\n\t\t\t}\n\t\t\t#gallery-1 .gallery-caption {\n\t\t\t\tmargin-left: 0;\n\t\t\t}\n\t\t\t\/* see gallery_shortcode() in wp-includes\/media.php *\/\n\t\t<\/style>\n\t\t<div data-carousel-extra='{\"blog_id\":1,\"permalink\":\"https:\\\/\\\/www.legistdf.gob.ar\\\/index.php\\\/2021\\\/04\\\/19\\\/comisiones-trentino-dijo-que-se-espera-poner-la-voz-de-los-patagonicos-en-lo-mas-alto-posible\\\/\"}' id='gallery-1' class='gallery galleryid-23896 gallery-columns-3 gallery-size-thumbnail'><dl class='gallery-item'>\n\t\t\t<dt class='gallery-icon landscape'>\n\t\t\t\t<a href='https:\/\/www.legistdf.gob.ar\/index.php\/2021\/04\/19\/comisiones-trentino-dijo-que-se-espera-poner-la-voz-de-los-patagonicos-en-lo-mas-alto-posible\/img_9156\/'><img loading=\"lazy\" decoding=\"async\" width=\"150\" height=\"150\" src=\"https:\/\/www.legistdf.gob.ar\/wp-content\/uploads\/2021\/04\/IMG_9156-150x150.jpg\" class=\"attachment-thumbnail size-thumbnail\" alt=\"\" srcset=\"https:\/\/www.legistdf.gob.ar\/wp-content\/uploads\/2021\/04\/IMG_9156-150x150.jpg 150w, https:\/\/www.legistdf.gob.ar\/wp-content\/uploads\/2021\/04\/IMG_9156-64x64.jpg 64w\" sizes=\"(max-width: 150px) 100vw, 150px\" data-attachment-id=\"23898\" data-permalink=\"https:\/\/www.legistdf.gob.ar\/index.php\/2021\/04\/19\/comisiones-trentino-dijo-que-se-espera-poner-la-voz-de-los-patagonicos-en-lo-mas-alto-posible\/img_9156\/\" data-orig-file=\"https:\/\/www.legistdf.gob.ar\/wp-content\/uploads\/2021\/04\/IMG_9156.jpg\" data-orig-size=\"1500,1000\" data-comments-opened=\"0\" data-image-meta=\"{&quot;aperture&quot;:&quot;0&quot;,&quot;credit&quot;:&quot;&quot;,&quot;camera&quot;:&quot;&quot;,&quot;caption&quot;:&quot;&quot;,&quot;created_timestamp&quot;:&quot;0&quot;,&quot;copyright&quot;:&quot;&quot;,&quot;focal_length&quot;:&quot;0&quot;,&quot;iso&quot;:&quot;0&quot;,&quot;shutter_speed&quot;:&quot;0&quot;,&quot;title&quot;:&quot;&quot;,&quot;orientation&quot;:&quot;0&quot;}\" data-image-title=\"IMG_9156\" data-image-description=\"\" data-image-caption=\"\" data-medium-file=\"https:\/\/www.legistdf.gob.ar\/wp-content\/uploads\/2021\/04\/IMG_9156-300x200.jpg\" data-large-file=\"https:\/\/www.legistdf.gob.ar\/wp-content\/uploads\/2021\/04\/IMG_9156-1024x683.jpg\" \/><\/a>\n\t\t\t<\/dt><\/dl><dl class='gallery-item'>\n\t\t\t<dt class='gallery-icon landscape'>\n\t\t\t\t<a href='https:\/\/www.legistdf.gob.ar\/index.php\/2021\/04\/19\/comisiones-trentino-dijo-que-se-espera-poner-la-voz-de-los-patagonicos-en-lo-mas-alto-posible\/img_9158\/'><img loading=\"lazy\" decoding=\"async\" width=\"150\" height=\"150\" src=\"https:\/\/www.legistdf.gob.ar\/wp-content\/uploads\/2021\/04\/IMG_9158-150x150.jpg\" class=\"attachment-thumbnail size-thumbnail\" alt=\"\" srcset=\"https:\/\/www.legistdf.gob.ar\/wp-content\/uploads\/2021\/04\/IMG_9158-150x150.jpg 150w, https:\/\/www.legistdf.gob.ar\/wp-content\/uploads\/2021\/04\/IMG_9158-64x64.jpg 64w\" sizes=\"(max-width: 150px) 100vw, 150px\" data-attachment-id=\"23900\" data-permalink=\"https:\/\/www.legistdf.gob.ar\/index.php\/2021\/04\/19\/comisiones-trentino-dijo-que-se-espera-poner-la-voz-de-los-patagonicos-en-lo-mas-alto-posible\/img_9158\/\" data-orig-file=\"https:\/\/www.legistdf.gob.ar\/wp-content\/uploads\/2021\/04\/IMG_9158.jpg\" data-orig-size=\"1500,1000\" data-comments-opened=\"0\" data-image-meta=\"{&quot;aperture&quot;:&quot;0&quot;,&quot;credit&quot;:&quot;&quot;,&quot;camera&quot;:&quot;&quot;,&quot;caption&quot;:&quot;&quot;,&quot;created_timestamp&quot;:&quot;0&quot;,&quot;copyright&quot;:&quot;&quot;,&quot;focal_length&quot;:&quot;0&quot;,&quot;iso&quot;:&quot;0&quot;,&quot;shutter_speed&quot;:&quot;0&quot;,&quot;title&quot;:&quot;&quot;,&quot;orientation&quot;:&quot;0&quot;}\" data-image-title=\"IMG_9158\" data-image-description=\"\" data-image-caption=\"\" data-medium-file=\"https:\/\/www.legistdf.gob.ar\/wp-content\/uploads\/2021\/04\/IMG_9158-300x200.jpg\" data-large-file=\"https:\/\/www.legistdf.gob.ar\/wp-content\/uploads\/2021\/04\/IMG_9158-1024x683.jpg\" \/><\/a>\n\t\t\t<\/dt><\/dl><dl class='gallery-item'>\n\t\t\t<dt class='gallery-icon landscape'>\n\t\t\t\t<a href='https:\/\/www.legistdf.gob.ar\/index.php\/2021\/04\/19\/comisiones-trentino-dijo-que-se-espera-poner-la-voz-de-los-patagonicos-en-lo-mas-alto-posible\/img_9159\/'><img loading=\"lazy\" decoding=\"async\" width=\"150\" height=\"150\" src=\"https:\/\/www.legistdf.gob.ar\/wp-content\/uploads\/2021\/04\/IMG_9159-150x150.jpg\" class=\"attachment-thumbnail size-thumbnail\" alt=\"\" srcset=\"https:\/\/www.legistdf.gob.ar\/wp-content\/uploads\/2021\/04\/IMG_9159-150x150.jpg 150w, https:\/\/www.legistdf.gob.ar\/wp-content\/uploads\/2021\/04\/IMG_9159-64x64.jpg 64w\" sizes=\"(max-width: 150px) 100vw, 150px\" data-attachment-id=\"23901\" data-permalink=\"https:\/\/www.legistdf.gob.ar\/index.php\/2021\/04\/19\/comisiones-trentino-dijo-que-se-espera-poner-la-voz-de-los-patagonicos-en-lo-mas-alto-posible\/img_9159\/\" data-orig-file=\"https:\/\/www.legistdf.gob.ar\/wp-content\/uploads\/2021\/04\/IMG_9159.jpg\" data-orig-size=\"1500,1000\" data-comments-opened=\"0\" data-image-meta=\"{&quot;aperture&quot;:&quot;0&quot;,&quot;credit&quot;:&quot;&quot;,&quot;camera&quot;:&quot;&quot;,&quot;caption&quot;:&quot;&quot;,&quot;created_timestamp&quot;:&quot;0&quot;,&quot;copyright&quot;:&quot;&quot;,&quot;focal_length&quot;:&quot;0&quot;,&quot;iso&quot;:&quot;0&quot;,&quot;shutter_speed&quot;:&quot;0&quot;,&quot;title&quot;:&quot;&quot;,&quot;orientation&quot;:&quot;0&quot;}\" data-image-title=\"IMG_9159\" data-image-description=\"\" data-image-caption=\"\" data-medium-file=\"https:\/\/www.legistdf.gob.ar\/wp-content\/uploads\/2021\/04\/IMG_9159-300x200.jpg\" data-large-file=\"https:\/\/www.legistdf.gob.ar\/wp-content\/uploads\/2021\/04\/IMG_9159-1024x683.jpg\" \/><\/a>\n\t\t\t<\/dt><\/dl><br style=\"clear: both\" \/><dl class='gallery-item'>\n\t\t\t<dt class='gallery-icon landscape'>\n\t\t\t\t<a href='https:\/\/www.legistdf.gob.ar\/index.php\/2021\/04\/19\/comisiones-trentino-dijo-que-se-espera-poner-la-voz-de-los-patagonicos-en-lo-mas-alto-posible\/img_9161-2\/'><img loading=\"lazy\" decoding=\"async\" width=\"150\" height=\"150\" src=\"https:\/\/www.legistdf.gob.ar\/wp-content\/uploads\/2021\/04\/IMG_9161-150x150.jpg\" class=\"attachment-thumbnail size-thumbnail\" alt=\"\" srcset=\"https:\/\/www.legistdf.gob.ar\/wp-content\/uploads\/2021\/04\/IMG_9161-150x150.jpg 150w, https:\/\/www.legistdf.gob.ar\/wp-content\/uploads\/2021\/04\/IMG_9161-64x64.jpg 64w\" sizes=\"(max-width: 150px) 100vw, 150px\" data-attachment-id=\"23903\" data-permalink=\"https:\/\/www.legistdf.gob.ar\/index.php\/2021\/04\/19\/comisiones-trentino-dijo-que-se-espera-poner-la-voz-de-los-patagonicos-en-lo-mas-alto-posible\/img_9161-2\/\" data-orig-file=\"https:\/\/www.legistdf.gob.ar\/wp-content\/uploads\/2021\/04\/IMG_9161.jpg\" data-orig-size=\"1500,1000\" data-comments-opened=\"0\" data-image-meta=\"{&quot;aperture&quot;:&quot;0&quot;,&quot;credit&quot;:&quot;&quot;,&quot;camera&quot;:&quot;&quot;,&quot;caption&quot;:&quot;&quot;,&quot;created_timestamp&quot;:&quot;0&quot;,&quot;copyright&quot;:&quot;&quot;,&quot;focal_length&quot;:&quot;0&quot;,&quot;iso&quot;:&quot;0&quot;,&quot;shutter_speed&quot;:&quot;0&quot;,&quot;title&quot;:&quot;&quot;,&quot;orientation&quot;:&quot;0&quot;}\" data-image-title=\"IMG_9161\" data-image-description=\"\" data-image-caption=\"\" data-medium-file=\"https:\/\/www.legistdf.gob.ar\/wp-content\/uploads\/2021\/04\/IMG_9161-300x200.jpg\" data-large-file=\"https:\/\/www.legistdf.gob.ar\/wp-content\/uploads\/2021\/04\/IMG_9161-1024x683.jpg\" \/><\/a>\n\t\t\t<\/dt><\/dl><dl class='gallery-item'>\n\t\t\t<dt class='gallery-icon landscape'>\n\t\t\t\t<a href='https:\/\/www.legistdf.gob.ar\/index.php\/2021\/04\/19\/comisiones-trentino-dijo-que-se-espera-poner-la-voz-de-los-patagonicos-en-lo-mas-alto-posible\/img_9164\/'><img loading=\"lazy\" decoding=\"async\" width=\"150\" height=\"150\" src=\"https:\/\/www.legistdf.gob.ar\/wp-content\/uploads\/2021\/04\/IMG_9164-150x150.jpg\" class=\"attachment-thumbnail size-thumbnail\" alt=\"\" srcset=\"https:\/\/www.legistdf.gob.ar\/wp-content\/uploads\/2021\/04\/IMG_9164-150x150.jpg 150w, https:\/\/www.legistdf.gob.ar\/wp-content\/uploads\/2021\/04\/IMG_9164-64x64.jpg 64w\" sizes=\"(max-width: 150px) 100vw, 150px\" data-attachment-id=\"23905\" data-permalink=\"https:\/\/www.legistdf.gob.ar\/index.php\/2021\/04\/19\/comisiones-trentino-dijo-que-se-espera-poner-la-voz-de-los-patagonicos-en-lo-mas-alto-posible\/img_9164\/\" data-orig-file=\"https:\/\/www.legistdf.gob.ar\/wp-content\/uploads\/2021\/04\/IMG_9164.jpg\" data-orig-size=\"1500,1000\" data-comments-opened=\"0\" data-image-meta=\"{&quot;aperture&quot;:&quot;0&quot;,&quot;credit&quot;:&quot;&quot;,&quot;camera&quot;:&quot;&quot;,&quot;caption&quot;:&quot;&quot;,&quot;created_timestamp&quot;:&quot;0&quot;,&quot;copyright&quot;:&quot;&quot;,&quot;focal_length&quot;:&quot;0&quot;,&quot;iso&quot;:&quot;0&quot;,&quot;shutter_speed&quot;:&quot;0&quot;,&quot;title&quot;:&quot;&quot;,&quot;orientation&quot;:&quot;0&quot;}\" data-image-title=\"IMG_9164\" data-image-description=\"\" data-image-caption=\"\" data-medium-file=\"https:\/\/www.legistdf.gob.ar\/wp-content\/uploads\/2021\/04\/IMG_9164-300x200.jpg\" data-large-file=\"https:\/\/www.legistdf.gob.ar\/wp-content\/uploads\/2021\/04\/IMG_9164-1024x683.jpg\" \/><\/a>\n\t\t\t<\/dt><\/dl><dl class='gallery-item'>\n\t\t\t<dt class='gallery-icon landscape'>\n\t\t\t\t<a href='https:\/\/www.legistdf.gob.ar\/index.php\/2021\/04\/19\/comisiones-trentino-dijo-que-se-espera-poner-la-voz-de-los-patagonicos-en-lo-mas-alto-posible\/img_9165\/'><img loading=\"lazy\" decoding=\"async\" width=\"150\" height=\"150\" src=\"https:\/\/www.legistdf.gob.ar\/wp-content\/uploads\/2021\/04\/IMG_9165-150x150.jpg\" class=\"attachment-thumbnail size-thumbnail\" alt=\"\" srcset=\"https:\/\/www.legistdf.gob.ar\/wp-content\/uploads\/2021\/04\/IMG_9165-150x150.jpg 150w, https:\/\/www.legistdf.gob.ar\/wp-content\/uploads\/2021\/04\/IMG_9165-64x64.jpg 64w\" sizes=\"(max-width: 150px) 100vw, 150px\" data-attachment-id=\"23906\" data-permalink=\"https:\/\/www.legistdf.gob.ar\/index.php\/2021\/04\/19\/comisiones-trentino-dijo-que-se-espera-poner-la-voz-de-los-patagonicos-en-lo-mas-alto-posible\/img_9165\/\" data-orig-file=\"https:\/\/www.legistdf.gob.ar\/wp-content\/uploads\/2021\/04\/IMG_9165.jpg\" data-orig-size=\"1500,1000\" data-comments-opened=\"0\" data-image-meta=\"{&quot;aperture&quot;:&quot;0&quot;,&quot;credit&quot;:&quot;&quot;,&quot;camera&quot;:&quot;&quot;,&quot;caption&quot;:&quot;&quot;,&quot;created_timestamp&quot;:&quot;0&quot;,&quot;copyright&quot;:&quot;&quot;,&quot;focal_length&quot;:&quot;0&quot;,&quot;iso&quot;:&quot;0&quot;,&quot;shutter_speed&quot;:&quot;0&quot;,&quot;title&quot;:&quot;&quot;,&quot;orientation&quot;:&quot;0&quot;}\" data-image-title=\"IMG_9165\" data-image-description=\"\" data-image-caption=\"\" data-medium-file=\"https:\/\/www.legistdf.gob.ar\/wp-content\/uploads\/2021\/04\/IMG_9165-300x200.jpg\" data-large-file=\"https:\/\/www.legistdf.gob.ar\/wp-content\/uploads\/2021\/04\/IMG_9165-1024x683.jpg\" \/><\/a>\n\t\t\t<\/dt><\/dl><br style=\"clear: both\" \/><dl class='gallery-item'>\n\t\t\t<dt class='gallery-icon landscape'>\n\t\t\t\t<a href='https:\/\/www.legistdf.gob.ar\/index.php\/2021\/04\/19\/comisiones-trentino-dijo-que-se-espera-poner-la-voz-de-los-patagonicos-en-lo-mas-alto-posible\/img_9166\/'><img loading=\"lazy\" decoding=\"async\" width=\"150\" height=\"150\" src=\"https:\/\/www.legistdf.gob.ar\/wp-content\/uploads\/2021\/04\/IMG_9166-150x150.jpg\" class=\"attachment-thumbnail size-thumbnail\" alt=\"\" srcset=\"https:\/\/www.legistdf.gob.ar\/wp-content\/uploads\/2021\/04\/IMG_9166-150x150.jpg 150w, https:\/\/www.legistdf.gob.ar\/wp-content\/uploads\/2021\/04\/IMG_9166-64x64.jpg 64w\" sizes=\"(max-width: 150px) 100vw, 150px\" data-attachment-id=\"23907\" data-permalink=\"https:\/\/www.legistdf.gob.ar\/index.php\/2021\/04\/19\/comisiones-trentino-dijo-que-se-espera-poner-la-voz-de-los-patagonicos-en-lo-mas-alto-posible\/img_9166\/\" data-orig-file=\"https:\/\/www.legistdf.gob.ar\/wp-content\/uploads\/2021\/04\/IMG_9166.jpg\" data-orig-size=\"1500,1000\" data-comments-opened=\"0\" data-image-meta=\"{&quot;aperture&quot;:&quot;0&quot;,&quot;credit&quot;:&quot;&quot;,&quot;camera&quot;:&quot;&quot;,&quot;caption&quot;:&quot;&quot;,&quot;created_timestamp&quot;:&quot;0&quot;,&quot;copyright&quot;:&quot;&quot;,&quot;focal_length&quot;:&quot;0&quot;,&quot;iso&quot;:&quot;0&quot;,&quot;shutter_speed&quot;:&quot;0&quot;,&quot;title&quot;:&quot;&quot;,&quot;orientation&quot;:&quot;0&quot;}\" data-image-title=\"IMG_9166\" data-image-description=\"\" data-image-caption=\"\" data-medium-file=\"https:\/\/www.legistdf.gob.ar\/wp-content\/uploads\/2021\/04\/IMG_9166-300x200.jpg\" data-large-file=\"https:\/\/www.legistdf.gob.ar\/wp-content\/uploads\/2021\/04\/IMG_9166-1024x683.jpg\" \/><\/a>\n\t\t\t<\/dt><\/dl>\n\t\t\t<br style='clear: both' \/>\n\t\t<\/div>\n\n<p style=\"text-align: right\"><em>LVV-DM-AT<\/em><\/p>\n","protected":false},"excerpt":{"rendered":"<p>Ushuaia, lunes 19 de abril de 2021.- El legislador Emmanuel Trentino (FORJA) presidi\u00f3 hoy el encuentro del Parlamento Patag\u00f3nico con representantes de la regi\u00f3n. Desarrollaron la jornada de trabajo en base a la organizaci\u00f3n del cuerpo y la realizaci\u00f3n del primer plenario de ese espacio. Se avanz\u00f3 sobre \u00edtems para la modificaci\u00f3n del Reglamento en [&hellip;]<\/p>\n","protected":false},"author":352,"featured_media":23903,"comment_status":"closed","ping_status":"open","sticky":false,"template":"","format":"standard","meta":{"jetpack_post_was_ever_published":false,"_jetpack_newsletter_access":"","_jetpack_dont_email_post_to_subs":false,"_jetpack_newsletter_tier_id":0,"footnotes":"","jetpack_publicize_message":"","jetpack_publicize_feature_enabled":true,"jetpack_social_post_already_shared":true,"jetpack_social_options":{"image_generator_settings":{"template":"highway","enabled":false}}},"categories":[1],"tags":[1930,78,1980,397,79,87],"jetpack_publicize_connections":[],"jetpack_sharing_enabled":true,"jetpack_featured_media_url":"https:\/\/www.legistdf.gob.ar\/wp-content\/uploads\/2021\/04\/IMG_9161.jpg","jetpack-related-posts":[],"_links":{"self":[{"href":"https:\/\/www.legistdf.gob.ar\/index.php\/wp-json\/wp\/v2\/posts\/23896"}],"collection":[{"href":"https:\/\/www.legistdf.gob.ar\/index.php\/wp-json\/wp\/v2\/posts"}],"about":[{"href":"https:\/\/www.legistdf.gob.ar\/index.php\/wp-json\/wp\/v2\/types\/post"}],"author":[{"embeddable":true,"href":"https:\/\/www.legistdf.gob.ar\/index.php\/wp-json\/wp\/v2\/users\/352"}],"replies":[{"embeddable":true,"href":"https:\/\/www.legistdf.gob.ar\/index.php\/wp-json\/wp\/v2\/comments?post=23896"}],"version-history":[{"count":1,"href":"https:\/\/www.legistdf.gob.ar\/index.php\/wp-json\/wp\/v2\/posts\/23896\/revisions"}],"predecessor-version":[{"id":23908,"href":"https:\/\/www.legistdf.gob.ar\/index.php\/wp-json\/wp\/v2\/posts\/23896\/revisions\/23908"}],"wp:featuredmedia":[{"embeddable":true,"href":"https:\/\/www.legistdf.gob.ar\/index.php\/wp-json\/wp\/v2\/media\/23903"}],"wp:attachment":[{"href":"https:\/\/www.legistdf.gob.ar\/index.php\/wp-json\/wp\/v2\/media?parent=23896"}],"wp:term":[{"taxonomy":"category","embeddable":true,"href":"https:\/\/www.legistdf.gob.ar\/index.php\/wp-json\/wp\/v2\/categories?post=23896"},{"taxonomy":"post_tag","embeddable":true,"href":"https:\/\/www.legistdf.gob.ar\/index.php\/wp-json\/wp\/v2\/tags?post=23896"}],"curies":[{"name":"wp","href":"https:\/\/api.w.org\/{rel}","templated":true}]}}