{"id":24596,"date":"2021-05-11T17:00:42","date_gmt":"2021-05-11T20:00:42","guid":{"rendered":"http:\/\/www.legistdf.gob.ar\/?p=24596"},"modified":"2021-05-12T14:55:23","modified_gmt":"2021-05-12T17:55:23","slug":"malvinas-dictaminaron-sobre-una-iniciativa-para-crear-banco-de-memorias-audiovisuales-sobre-excombatientes-noticia-en-proceso","status":"publish","type":"post","link":"https:\/\/www.legistdf.gob.ar\/index.php\/2021\/05\/11\/malvinas-dictaminaron-sobre-una-iniciativa-para-crear-banco-de-memorias-audiovisuales-sobre-excombatientes-noticia-en-proceso\/","title":{"rendered":"MALVINAS: Dictaminaron sobre una iniciativa para crear banco de memorias audiovisuales sobre excombatientes"},"content":{"rendered":"<p style=\"font-weight: 400\"><strong>Ushuaia, martes 11 de mayo de 2021.- La Comisi\u00f3n de Malvinas, Atl\u00e1ntico Sur y Ant\u00e1rtida N\u00b0 7 dictamin\u00f3 para la pr\u00f3xima sesi\u00f3n ordinaria el proyecto que busca crear el banco de memorias audiovisuales y sonoros de los excombatientes de la guerra de Malvinas. Tras un debate en el que, desde las bancadas pol\u00edticas aportaron modificaciones al texto, por unanimidad se obtuvo el dictamen favorable al asunto propuesto por la subcomisi\u00f3n Herederos de la Causa Malvinas, agrupaci\u00f3n que integran familiares de excombatientes.\u00a0<\/strong><\/p>\n<p>&nbsp;<\/p>\n<p style=\"font-weight: 400\">Hoy y bajo protocolo sanitario por COVID- 19, se llev\u00f3 adelante el encuentro donde se dio tratamiento al asunto N\u00b0 378\/20, de autor\u00eda de la agrupaci\u00f3n Herederos de la Causa Malvinas y tomado por los cinco bloques que componen la Legislatura. En la g\u00e9nesis del proyecto, tanto los Legisladores como los Veteranos de guerra de Malvinas, presentes en el recinto, estuvieron de acuerdo.<\/p>\n<p>&nbsp;<\/p>\n<p style=\"font-weight: 400\">La propuesta del proyecto de Ley es generar un banco audiovisual y sonoro con la recopilaci\u00f3n de los testimonios de los excombatientes que residen en Tierra del Fuego. Proyecto presentado el a\u00f1o pasado por la subcomisi\u00f3n del Centro de Veteranos de Guierra de Malvinas en Ushuaia (CEMU) que propone crear este banco de memorias para recopilar no solo la historia viva de la gesta de Malvinas desde una mirada desde la provincia que forma parte el territorio malvinense, sino tambi\u00e9n para dar difusi\u00f3n de ese material en las escuelas, instituciones y a todo el mundo, desde los museos o formatos digitales donde pueda darse difusi\u00f3n.<\/p>\n<p>&nbsp;<\/p>\n<p style=\"font-weight: 400\">\u201cEntendemos que es muy importante que ellos que son los autores propios de sus vivencias quien cuente la verdadera historia a nuestros j\u00f3venes y as\u00ed estar\u00edamos educando desde temprana edad a los chicos de jard\u00edn infantes, es una manera m\u00e1s de empezar a concientizar la Causa Malvinas. Nuestros h\u00e9roes de Malvinas, el que lucho y defendi\u00f3 la Patria, quedaran grabados e inmortalizados con el tiempo atreves de sus propios testimonios\u201d, mencionan los hijos de los veteranos de guerra que conforman la subcomisi\u00f3n de los \u201cherederos de Malvinas\u201d, en los fundamentos del proyecto.<\/p>\n<p>&nbsp;<\/p>\n<p style=\"font-weight: 400\">En di\u00e1logo con Prensa Legislativa, el presidente de la comisi\u00f3n de Malvinas, legislador Federico Sciurano (UCR), se mostr\u00f3 conforme tras el encuentro que logr\u00f3 el acuerdo parlamentario. \u201cTrabajamos en un proyecto que tiene un valor incre\u00edble, teniendo en cuenta que el a\u00f1o que viene vamos a estar conmemorando los 40 a\u00f1os de la gesta de Malvinas y esto para todos los fueguinos tiene una enorme motivaci\u00f3n en el reconocimiento y en el respeto que los veteranos de guerra y sus familiares nos generan\u201d.<\/p>\n<p>&nbsp;<\/p>\n<p style=\"font-weight: 400\">El Legislador asever\u00f3: \u201cEs un d\u00eda muy importante, se ha generado un dictamen por unanimidad y en la pr\u00f3xima sesi\u00f3n ordinaria vamos a poder sancionar esta Ley que va a crear un banco hist\u00f3rico para lo que significa el testimonio de esas personas que hoy son parte de la historia viva de nuestro pa\u00eds y nuestra Provincia\u201d.<\/p>\n<p>&nbsp;<\/p>\n<p style=\"font-weight: 400\">En el contexto del debate de la Comisi\u00f3n de Malvinas, surgieron aportes por parte de los Parlamentarios, \u201calgunas de forma, incorporaciones para que la Ley sea m\u00e1s efectiva y ejecutiva para que el d\u00eda de ma\u00f1ana, todos los argentinos podamos acceder de forma libre y gratuita a todo este material\u00bb, se\u00f1al\u00f3.<\/p>\n<p>&nbsp;<\/p>\n<p style=\"font-weight: 400\">Se trata de \u201csaldar una peque\u00f1a parte de la deuda pendiente de los argentinos con sus compatriotas excombatientes de Malvinas, por razones de estricta justicia, por la memoria de la gesta y los que participaron en ella, porque nuestros veteranos, los que est\u00e1n y los que dejaron la vida durante la guerra, son una de las razones m\u00e1s fuertes para sostener de manera incondicional, inclaudicable e imprescriptible el reclamo de la Soberan\u00eda Argentina sobre las Islas Malvinas, y por ser \u00abUshuaia Capital de Malvinas es que es necesario crear el archivo audiovisual y oral de nuestros Excombatientes\u201d, refieren los autores el texto.<\/p>\n<p>&nbsp;<\/p>\n<p style=\"font-weight: 400\">Participaron de la comisi\u00f3n mixta, de forma presencial, los legisladores: Mar\u00eda Victoria Vuoto (PV), M\u00f3nica Acosta, Daniel Rivarola, Federico Greve (FORJA) y Pablo Villegas (MPF). De manera remota las legisladoras Andrea Freites, Myriam Mart\u00ednez (FdT &#8211; PJ) y Liliana Mart\u00ednez Allende (UCR). Como invitados acudieron al encuentro integrantes de la subcomisi\u00f3n e integrante del Centro de excombatientes.<\/p>\n\n\t\t<style type=\"text\/css\">\n\t\t\t#gallery-1 {\n\t\t\t\tmargin: auto;\n\t\t\t}\n\t\t\t#gallery-1 .gallery-item {\n\t\t\t\tfloat: left;\n\t\t\t\tmargin-top: 10px;\n\t\t\t\ttext-align: center;\n\t\t\t\twidth: 33%;\n\t\t\t}\n\t\t\t#gallery-1 img {\n\t\t\t\tborder: 2px solid #cfcfcf;\n\t\t\t}\n\t\t\t#gallery-1 .gallery-caption {\n\t\t\t\tmargin-left: 0;\n\t\t\t}\n\t\t\t\/* see gallery_shortcode() in wp-includes\/media.php *\/\n\t\t<\/style>\n\t\t<div data-carousel-extra='{\"blog_id\":1,\"permalink\":\"https:\\\/\\\/www.legistdf.gob.ar\\\/index.php\\\/2021\\\/05\\\/11\\\/malvinas-dictaminaron-sobre-una-iniciativa-para-crear-banco-de-memorias-audiovisuales-sobre-excombatientes-noticia-en-proceso\\\/\"}' id='gallery-1' class='gallery galleryid-24596 gallery-columns-3 gallery-size-thumbnail'><dl class='gallery-item'>\n\t\t\t<dt class='gallery-icon landscape'>\n\t\t\t\t<a href='https:\/\/www.legistdf.gob.ar\/index.php\/2021\/05\/11\/malvinas-dictaminaron-sobre-una-iniciativa-para-crear-banco-de-memorias-audiovisuales-sobre-excombatientes-noticia-en-proceso\/img_9869-3\/'><img loading=\"lazy\" decoding=\"async\" width=\"150\" height=\"150\" src=\"https:\/\/www.legistdf.gob.ar\/wp-content\/uploads\/2021\/05\/IMG_9869-150x150.jpg\" class=\"attachment-thumbnail size-thumbnail\" alt=\"\" srcset=\"https:\/\/www.legistdf.gob.ar\/wp-content\/uploads\/2021\/05\/IMG_9869-150x150.jpg 150w, https:\/\/www.legistdf.gob.ar\/wp-content\/uploads\/2021\/05\/IMG_9869-64x64.jpg 64w\" sizes=\"(max-width: 150px) 100vw, 150px\" data-attachment-id=\"24597\" data-permalink=\"https:\/\/www.legistdf.gob.ar\/index.php\/2021\/05\/11\/malvinas-dictaminaron-sobre-una-iniciativa-para-crear-banco-de-memorias-audiovisuales-sobre-excombatientes-noticia-en-proceso\/img_9869-3\/\" data-orig-file=\"https:\/\/www.legistdf.gob.ar\/wp-content\/uploads\/2021\/05\/IMG_9869.jpg\" data-orig-size=\"1500,1000\" data-comments-opened=\"0\" data-image-meta=\"{&quot;aperture&quot;:&quot;6.3&quot;,&quot;credit&quot;:&quot;&quot;,&quot;camera&quot;:&quot;Canon EOS 6D&quot;,&quot;caption&quot;:&quot;&quot;,&quot;created_timestamp&quot;:&quot;1620722682&quot;,&quot;copyright&quot;:&quot;&quot;,&quot;focal_length&quot;:&quot;38&quot;,&quot;iso&quot;:&quot;400&quot;,&quot;shutter_speed&quot;:&quot;0.04&quot;,&quot;title&quot;:&quot;&quot;,&quot;orientation&quot;:&quot;0&quot;}\" data-image-title=\"IMG_9869\" data-image-description=\"\" data-image-caption=\"\" data-medium-file=\"https:\/\/www.legistdf.gob.ar\/wp-content\/uploads\/2021\/05\/IMG_9869-300x200.jpg\" data-large-file=\"https:\/\/www.legistdf.gob.ar\/wp-content\/uploads\/2021\/05\/IMG_9869-1024x683.jpg\" \/><\/a>\n\t\t\t<\/dt><\/dl><dl class='gallery-item'>\n\t\t\t<dt class='gallery-icon landscape'>\n\t\t\t\t<a href='https:\/\/www.legistdf.gob.ar\/index.php\/2021\/05\/11\/malvinas-dictaminaron-sobre-una-iniciativa-para-crear-banco-de-memorias-audiovisuales-sobre-excombatientes-noticia-en-proceso\/img_9908-3\/'><img loading=\"lazy\" decoding=\"async\" width=\"150\" height=\"150\" src=\"https:\/\/www.legistdf.gob.ar\/wp-content\/uploads\/2021\/05\/IMG_9908-150x150.jpg\" class=\"attachment-thumbnail size-thumbnail\" alt=\"\" srcset=\"https:\/\/www.legistdf.gob.ar\/wp-content\/uploads\/2021\/05\/IMG_9908-150x150.jpg 150w, https:\/\/www.legistdf.gob.ar\/wp-content\/uploads\/2021\/05\/IMG_9908-64x64.jpg 64w\" sizes=\"(max-width: 150px) 100vw, 150px\" data-attachment-id=\"24607\" data-permalink=\"https:\/\/www.legistdf.gob.ar\/index.php\/2021\/05\/11\/malvinas-dictaminaron-sobre-una-iniciativa-para-crear-banco-de-memorias-audiovisuales-sobre-excombatientes-noticia-en-proceso\/img_9908-3\/\" data-orig-file=\"https:\/\/www.legistdf.gob.ar\/wp-content\/uploads\/2021\/05\/IMG_9908.jpg\" data-orig-size=\"1500,1000\" data-comments-opened=\"0\" data-image-meta=\"{&quot;aperture&quot;:&quot;3.2&quot;,&quot;credit&quot;:&quot;&quot;,&quot;camera&quot;:&quot;Canon EOS 6D&quot;,&quot;caption&quot;:&quot;&quot;,&quot;created_timestamp&quot;:&quot;1620724098&quot;,&quot;copyright&quot;:&quot;&quot;,&quot;focal_length&quot;:&quot;70&quot;,&quot;iso&quot;:&quot;400&quot;,&quot;shutter_speed&quot;:&quot;0.0125&quot;,&quot;title&quot;:&quot;&quot;,&quot;orientation&quot;:&quot;0&quot;}\" data-image-title=\"IMG_9908\" data-image-description=\"\" data-image-caption=\"\" data-medium-file=\"https:\/\/www.legistdf.gob.ar\/wp-content\/uploads\/2021\/05\/IMG_9908-300x200.jpg\" data-large-file=\"https:\/\/www.legistdf.gob.ar\/wp-content\/uploads\/2021\/05\/IMG_9908-1024x683.jpg\" \/><\/a>\n\t\t\t<\/dt><\/dl><dl class='gallery-item'>\n\t\t\t<dt class='gallery-icon landscape'>\n\t\t\t\t<a href='https:\/\/www.legistdf.gob.ar\/index.php\/2021\/05\/11\/malvinas-dictaminaron-sobre-una-iniciativa-para-crear-banco-de-memorias-audiovisuales-sobre-excombatientes-noticia-en-proceso\/img_9905-3\/'><img loading=\"lazy\" decoding=\"async\" width=\"150\" height=\"150\" src=\"https:\/\/www.legistdf.gob.ar\/wp-content\/uploads\/2021\/05\/IMG_9905-150x150.jpg\" class=\"attachment-thumbnail size-thumbnail\" alt=\"\" srcset=\"https:\/\/www.legistdf.gob.ar\/wp-content\/uploads\/2021\/05\/IMG_9905-150x150.jpg 150w, https:\/\/www.legistdf.gob.ar\/wp-content\/uploads\/2021\/05\/IMG_9905-64x64.jpg 64w\" sizes=\"(max-width: 150px) 100vw, 150px\" data-attachment-id=\"24606\" data-permalink=\"https:\/\/www.legistdf.gob.ar\/index.php\/2021\/05\/11\/malvinas-dictaminaron-sobre-una-iniciativa-para-crear-banco-de-memorias-audiovisuales-sobre-excombatientes-noticia-en-proceso\/img_9905-3\/\" data-orig-file=\"https:\/\/www.legistdf.gob.ar\/wp-content\/uploads\/2021\/05\/IMG_9905.jpg\" data-orig-size=\"1500,1000\" data-comments-opened=\"0\" data-image-meta=\"{&quot;aperture&quot;:&quot;2.8&quot;,&quot;credit&quot;:&quot;&quot;,&quot;camera&quot;:&quot;Canon EOS 6D&quot;,&quot;caption&quot;:&quot;&quot;,&quot;created_timestamp&quot;:&quot;1620724045&quot;,&quot;copyright&quot;:&quot;&quot;,&quot;focal_length&quot;:&quot;70&quot;,&quot;iso&quot;:&quot;400&quot;,&quot;shutter_speed&quot;:&quot;0.0125&quot;,&quot;title&quot;:&quot;&quot;,&quot;orientation&quot;:&quot;0&quot;}\" data-image-title=\"IMG_9905\" data-image-description=\"\" data-image-caption=\"\" data-medium-file=\"https:\/\/www.legistdf.gob.ar\/wp-content\/uploads\/2021\/05\/IMG_9905-300x200.jpg\" data-large-file=\"https:\/\/www.legistdf.gob.ar\/wp-content\/uploads\/2021\/05\/IMG_9905-1024x683.jpg\" \/><\/a>\n\t\t\t<\/dt><\/dl><br style=\"clear: both\" \/><dl class='gallery-item'>\n\t\t\t<dt class='gallery-icon landscape'>\n\t\t\t\t<a href='https:\/\/www.legistdf.gob.ar\/index.php\/2021\/05\/11\/malvinas-dictaminaron-sobre-una-iniciativa-para-crear-banco-de-memorias-audiovisuales-sobre-excombatientes-noticia-en-proceso\/img_9904-2\/'><img loading=\"lazy\" decoding=\"async\" width=\"150\" height=\"150\" src=\"https:\/\/www.legistdf.gob.ar\/wp-content\/uploads\/2021\/05\/IMG_9904-150x150.jpg\" class=\"attachment-thumbnail size-thumbnail\" alt=\"\" srcset=\"https:\/\/www.legistdf.gob.ar\/wp-content\/uploads\/2021\/05\/IMG_9904-150x150.jpg 150w, https:\/\/www.legistdf.gob.ar\/wp-content\/uploads\/2021\/05\/IMG_9904-64x64.jpg 64w\" sizes=\"(max-width: 150px) 100vw, 150px\" data-attachment-id=\"24605\" data-permalink=\"https:\/\/www.legistdf.gob.ar\/index.php\/2021\/05\/11\/malvinas-dictaminaron-sobre-una-iniciativa-para-crear-banco-de-memorias-audiovisuales-sobre-excombatientes-noticia-en-proceso\/img_9904-2\/\" data-orig-file=\"https:\/\/www.legistdf.gob.ar\/wp-content\/uploads\/2021\/05\/IMG_9904.jpg\" data-orig-size=\"1500,1000\" data-comments-opened=\"0\" data-image-meta=\"{&quot;aperture&quot;:&quot;2.8&quot;,&quot;credit&quot;:&quot;&quot;,&quot;camera&quot;:&quot;Canon EOS 6D&quot;,&quot;caption&quot;:&quot;&quot;,&quot;created_timestamp&quot;:&quot;1620724034&quot;,&quot;copyright&quot;:&quot;&quot;,&quot;focal_length&quot;:&quot;24&quot;,&quot;iso&quot;:&quot;400&quot;,&quot;shutter_speed&quot;:&quot;0.0125&quot;,&quot;title&quot;:&quot;&quot;,&quot;orientation&quot;:&quot;0&quot;}\" data-image-title=\"IMG_9904\" data-image-description=\"\" data-image-caption=\"\" data-medium-file=\"https:\/\/www.legistdf.gob.ar\/wp-content\/uploads\/2021\/05\/IMG_9904-300x200.jpg\" data-large-file=\"https:\/\/www.legistdf.gob.ar\/wp-content\/uploads\/2021\/05\/IMG_9904-1024x683.jpg\" \/><\/a>\n\t\t\t<\/dt><\/dl><dl class='gallery-item'>\n\t\t\t<dt class='gallery-icon landscape'>\n\t\t\t\t<a href='https:\/\/www.legistdf.gob.ar\/index.php\/2021\/05\/11\/malvinas-dictaminaron-sobre-una-iniciativa-para-crear-banco-de-memorias-audiovisuales-sobre-excombatientes-noticia-en-proceso\/img_9901-2\/'><img loading=\"lazy\" decoding=\"async\" width=\"150\" height=\"150\" src=\"https:\/\/www.legistdf.gob.ar\/wp-content\/uploads\/2021\/05\/IMG_9901-150x150.jpg\" class=\"attachment-thumbnail size-thumbnail\" alt=\"\" srcset=\"https:\/\/www.legistdf.gob.ar\/wp-content\/uploads\/2021\/05\/IMG_9901-150x150.jpg 150w, https:\/\/www.legistdf.gob.ar\/wp-content\/uploads\/2021\/05\/IMG_9901-64x64.jpg 64w\" sizes=\"(max-width: 150px) 100vw, 150px\" data-attachment-id=\"24604\" data-permalink=\"https:\/\/www.legistdf.gob.ar\/index.php\/2021\/05\/11\/malvinas-dictaminaron-sobre-una-iniciativa-para-crear-banco-de-memorias-audiovisuales-sobre-excombatientes-noticia-en-proceso\/img_9901-2\/\" data-orig-file=\"https:\/\/www.legistdf.gob.ar\/wp-content\/uploads\/2021\/05\/IMG_9901.jpg\" data-orig-size=\"1500,1000\" data-comments-opened=\"0\" data-image-meta=\"{&quot;aperture&quot;:&quot;2.8&quot;,&quot;credit&quot;:&quot;&quot;,&quot;camera&quot;:&quot;Canon EOS 6D&quot;,&quot;caption&quot;:&quot;&quot;,&quot;created_timestamp&quot;:&quot;1620723954&quot;,&quot;copyright&quot;:&quot;&quot;,&quot;focal_length&quot;:&quot;24&quot;,&quot;iso&quot;:&quot;400&quot;,&quot;shutter_speed&quot;:&quot;0.0125&quot;,&quot;title&quot;:&quot;&quot;,&quot;orientation&quot;:&quot;0&quot;}\" data-image-title=\"IMG_9901\" data-image-description=\"\" data-image-caption=\"\" data-medium-file=\"https:\/\/www.legistdf.gob.ar\/wp-content\/uploads\/2021\/05\/IMG_9901-300x200.jpg\" data-large-file=\"https:\/\/www.legistdf.gob.ar\/wp-content\/uploads\/2021\/05\/IMG_9901-1024x683.jpg\" \/><\/a>\n\t\t\t<\/dt><\/dl><dl class='gallery-item'>\n\t\t\t<dt class='gallery-icon landscape'>\n\t\t\t\t<a href='https:\/\/www.legistdf.gob.ar\/index.php\/2021\/05\/11\/malvinas-dictaminaron-sobre-una-iniciativa-para-crear-banco-de-memorias-audiovisuales-sobre-excombatientes-noticia-en-proceso\/img_9900-2\/'><img loading=\"lazy\" decoding=\"async\" width=\"150\" height=\"150\" src=\"https:\/\/www.legistdf.gob.ar\/wp-content\/uploads\/2021\/05\/IMG_9900-150x150.jpg\" class=\"attachment-thumbnail size-thumbnail\" alt=\"\" srcset=\"https:\/\/www.legistdf.gob.ar\/wp-content\/uploads\/2021\/05\/IMG_9900-150x150.jpg 150w, https:\/\/www.legistdf.gob.ar\/wp-content\/uploads\/2021\/05\/IMG_9900-64x64.jpg 64w\" sizes=\"(max-width: 150px) 100vw, 150px\" data-attachment-id=\"24603\" data-permalink=\"https:\/\/www.legistdf.gob.ar\/index.php\/2021\/05\/11\/malvinas-dictaminaron-sobre-una-iniciativa-para-crear-banco-de-memorias-audiovisuales-sobre-excombatientes-noticia-en-proceso\/img_9900-2\/\" data-orig-file=\"https:\/\/www.legistdf.gob.ar\/wp-content\/uploads\/2021\/05\/IMG_9900.jpg\" data-orig-size=\"1500,1000\" data-comments-opened=\"0\" data-image-meta=\"{&quot;aperture&quot;:&quot;3.2&quot;,&quot;credit&quot;:&quot;&quot;,&quot;camera&quot;:&quot;Canon EOS 6D&quot;,&quot;caption&quot;:&quot;&quot;,&quot;created_timestamp&quot;:&quot;1620723851&quot;,&quot;copyright&quot;:&quot;&quot;,&quot;focal_length&quot;:&quot;31&quot;,&quot;iso&quot;:&quot;400&quot;,&quot;shutter_speed&quot;:&quot;0.0125&quot;,&quot;title&quot;:&quot;&quot;,&quot;orientation&quot;:&quot;0&quot;}\" data-image-title=\"IMG_9900\" data-image-description=\"\" data-image-caption=\"\" data-medium-file=\"https:\/\/www.legistdf.gob.ar\/wp-content\/uploads\/2021\/05\/IMG_9900-300x200.jpg\" data-large-file=\"https:\/\/www.legistdf.gob.ar\/wp-content\/uploads\/2021\/05\/IMG_9900-1024x683.jpg\" \/><\/a>\n\t\t\t<\/dt><\/dl><br style=\"clear: both\" \/><dl class='gallery-item'>\n\t\t\t<dt class='gallery-icon landscape'>\n\t\t\t\t<a href='https:\/\/www.legistdf.gob.ar\/index.php\/2021\/05\/11\/malvinas-dictaminaron-sobre-una-iniciativa-para-crear-banco-de-memorias-audiovisuales-sobre-excombatientes-noticia-en-proceso\/img_9885-2\/'><img loading=\"lazy\" decoding=\"async\" width=\"150\" height=\"150\" src=\"https:\/\/www.legistdf.gob.ar\/wp-content\/uploads\/2021\/05\/IMG_9885-150x150.jpg\" class=\"attachment-thumbnail size-thumbnail\" alt=\"\" srcset=\"https:\/\/www.legistdf.gob.ar\/wp-content\/uploads\/2021\/05\/IMG_9885-150x150.jpg 150w, https:\/\/www.legistdf.gob.ar\/wp-content\/uploads\/2021\/05\/IMG_9885-64x64.jpg 64w\" sizes=\"(max-width: 150px) 100vw, 150px\" data-attachment-id=\"24602\" data-permalink=\"https:\/\/www.legistdf.gob.ar\/index.php\/2021\/05\/11\/malvinas-dictaminaron-sobre-una-iniciativa-para-crear-banco-de-memorias-audiovisuales-sobre-excombatientes-noticia-en-proceso\/img_9885-2\/\" data-orig-file=\"https:\/\/www.legistdf.gob.ar\/wp-content\/uploads\/2021\/05\/IMG_9885.jpg\" data-orig-size=\"1500,1000\" data-comments-opened=\"0\" data-image-meta=\"{&quot;aperture&quot;:&quot;2.8&quot;,&quot;credit&quot;:&quot;&quot;,&quot;camera&quot;:&quot;Canon EOS 6D&quot;,&quot;caption&quot;:&quot;&quot;,&quot;created_timestamp&quot;:&quot;1620723003&quot;,&quot;copyright&quot;:&quot;&quot;,&quot;focal_length&quot;:&quot;50&quot;,&quot;iso&quot;:&quot;400&quot;,&quot;shutter_speed&quot;:&quot;0.0125&quot;,&quot;title&quot;:&quot;&quot;,&quot;orientation&quot;:&quot;0&quot;}\" data-image-title=\"IMG_9885\" data-image-description=\"\" data-image-caption=\"\" data-medium-file=\"https:\/\/www.legistdf.gob.ar\/wp-content\/uploads\/2021\/05\/IMG_9885-300x200.jpg\" data-large-file=\"https:\/\/www.legistdf.gob.ar\/wp-content\/uploads\/2021\/05\/IMG_9885-1024x683.jpg\" \/><\/a>\n\t\t\t<\/dt><\/dl><dl class='gallery-item'>\n\t\t\t<dt class='gallery-icon landscape'>\n\t\t\t\t<a href='https:\/\/www.legistdf.gob.ar\/index.php\/2021\/05\/11\/malvinas-dictaminaron-sobre-una-iniciativa-para-crear-banco-de-memorias-audiovisuales-sobre-excombatientes-noticia-en-proceso\/img_9882\/'><img loading=\"lazy\" decoding=\"async\" width=\"150\" height=\"150\" src=\"https:\/\/www.legistdf.gob.ar\/wp-content\/uploads\/2021\/05\/IMG_9882-150x150.jpg\" class=\"attachment-thumbnail size-thumbnail\" alt=\"\" srcset=\"https:\/\/www.legistdf.gob.ar\/wp-content\/uploads\/2021\/05\/IMG_9882-150x150.jpg 150w, https:\/\/www.legistdf.gob.ar\/wp-content\/uploads\/2021\/05\/IMG_9882-64x64.jpg 64w\" sizes=\"(max-width: 150px) 100vw, 150px\" data-attachment-id=\"24601\" data-permalink=\"https:\/\/www.legistdf.gob.ar\/index.php\/2021\/05\/11\/malvinas-dictaminaron-sobre-una-iniciativa-para-crear-banco-de-memorias-audiovisuales-sobre-excombatientes-noticia-en-proceso\/img_9882\/\" data-orig-file=\"https:\/\/www.legistdf.gob.ar\/wp-content\/uploads\/2021\/05\/IMG_9882.jpg\" data-orig-size=\"1500,1000\" data-comments-opened=\"0\" data-image-meta=\"{&quot;aperture&quot;:&quot;2.8&quot;,&quot;credit&quot;:&quot;&quot;,&quot;camera&quot;:&quot;Canon EOS 6D&quot;,&quot;caption&quot;:&quot;&quot;,&quot;created_timestamp&quot;:&quot;1620722968&quot;,&quot;copyright&quot;:&quot;&quot;,&quot;focal_length&quot;:&quot;50&quot;,&quot;iso&quot;:&quot;400&quot;,&quot;shutter_speed&quot;:&quot;0.0125&quot;,&quot;title&quot;:&quot;&quot;,&quot;orientation&quot;:&quot;0&quot;}\" data-image-title=\"IMG_9882\" data-image-description=\"\" data-image-caption=\"\" data-medium-file=\"https:\/\/www.legistdf.gob.ar\/wp-content\/uploads\/2021\/05\/IMG_9882-300x200.jpg\" data-large-file=\"https:\/\/www.legistdf.gob.ar\/wp-content\/uploads\/2021\/05\/IMG_9882-1024x683.jpg\" \/><\/a>\n\t\t\t<\/dt><\/dl><dl class='gallery-item'>\n\t\t\t<dt class='gallery-icon landscape'>\n\t\t\t\t<a href='https:\/\/www.legistdf.gob.ar\/index.php\/2021\/05\/11\/malvinas-dictaminaron-sobre-una-iniciativa-para-crear-banco-de-memorias-audiovisuales-sobre-excombatientes-noticia-en-proceso\/img_9877\/'><img loading=\"lazy\" decoding=\"async\" width=\"150\" height=\"150\" src=\"https:\/\/www.legistdf.gob.ar\/wp-content\/uploads\/2021\/05\/IMG_9877-150x150.jpg\" class=\"attachment-thumbnail size-thumbnail\" alt=\"\" srcset=\"https:\/\/www.legistdf.gob.ar\/wp-content\/uploads\/2021\/05\/IMG_9877-150x150.jpg 150w, https:\/\/www.legistdf.gob.ar\/wp-content\/uploads\/2021\/05\/IMG_9877-64x64.jpg 64w\" sizes=\"(max-width: 150px) 100vw, 150px\" data-attachment-id=\"24600\" data-permalink=\"https:\/\/www.legistdf.gob.ar\/index.php\/2021\/05\/11\/malvinas-dictaminaron-sobre-una-iniciativa-para-crear-banco-de-memorias-audiovisuales-sobre-excombatientes-noticia-en-proceso\/img_9877\/\" data-orig-file=\"https:\/\/www.legistdf.gob.ar\/wp-content\/uploads\/2021\/05\/IMG_9877.jpg\" data-orig-size=\"1500,1000\" data-comments-opened=\"0\" data-image-meta=\"{&quot;aperture&quot;:&quot;2.8&quot;,&quot;credit&quot;:&quot;&quot;,&quot;camera&quot;:&quot;Canon EOS 6D&quot;,&quot;caption&quot;:&quot;&quot;,&quot;created_timestamp&quot;:&quot;1620722897&quot;,&quot;copyright&quot;:&quot;&quot;,&quot;focal_length&quot;:&quot;70&quot;,&quot;iso&quot;:&quot;400&quot;,&quot;shutter_speed&quot;:&quot;0.0125&quot;,&quot;title&quot;:&quot;&quot;,&quot;orientation&quot;:&quot;0&quot;}\" data-image-title=\"IMG_9877\" data-image-description=\"\" data-image-caption=\"\" data-medium-file=\"https:\/\/www.legistdf.gob.ar\/wp-content\/uploads\/2021\/05\/IMG_9877-300x200.jpg\" data-large-file=\"https:\/\/www.legistdf.gob.ar\/wp-content\/uploads\/2021\/05\/IMG_9877-1024x683.jpg\" \/><\/a>\n\t\t\t<\/dt><\/dl><br style=\"clear: both\" \/><dl class='gallery-item'>\n\t\t\t<dt class='gallery-icon landscape'>\n\t\t\t\t<a href='https:\/\/www.legistdf.gob.ar\/index.php\/2021\/05\/11\/malvinas-dictaminaron-sobre-una-iniciativa-para-crear-banco-de-memorias-audiovisuales-sobre-excombatientes-noticia-en-proceso\/img_9876\/'><img loading=\"lazy\" decoding=\"async\" width=\"150\" height=\"150\" src=\"https:\/\/www.legistdf.gob.ar\/wp-content\/uploads\/2021\/05\/IMG_9876-150x150.jpg\" class=\"attachment-thumbnail size-thumbnail\" alt=\"\" srcset=\"https:\/\/www.legistdf.gob.ar\/wp-content\/uploads\/2021\/05\/IMG_9876-150x150.jpg 150w, https:\/\/www.legistdf.gob.ar\/wp-content\/uploads\/2021\/05\/IMG_9876-64x64.jpg 64w\" sizes=\"(max-width: 150px) 100vw, 150px\" data-attachment-id=\"24599\" data-permalink=\"https:\/\/www.legistdf.gob.ar\/index.php\/2021\/05\/11\/malvinas-dictaminaron-sobre-una-iniciativa-para-crear-banco-de-memorias-audiovisuales-sobre-excombatientes-noticia-en-proceso\/img_9876\/\" data-orig-file=\"https:\/\/www.legistdf.gob.ar\/wp-content\/uploads\/2021\/05\/IMG_9876.jpg\" data-orig-size=\"1500,1000\" data-comments-opened=\"0\" data-image-meta=\"{&quot;aperture&quot;:&quot;2.8&quot;,&quot;credit&quot;:&quot;&quot;,&quot;camera&quot;:&quot;Canon EOS 6D&quot;,&quot;caption&quot;:&quot;&quot;,&quot;created_timestamp&quot;:&quot;1620722883&quot;,&quot;copyright&quot;:&quot;&quot;,&quot;focal_length&quot;:&quot;70&quot;,&quot;iso&quot;:&quot;400&quot;,&quot;shutter_speed&quot;:&quot;0.0125&quot;,&quot;title&quot;:&quot;&quot;,&quot;orientation&quot;:&quot;0&quot;}\" data-image-title=\"IMG_9876\" data-image-description=\"\" data-image-caption=\"\" data-medium-file=\"https:\/\/www.legistdf.gob.ar\/wp-content\/uploads\/2021\/05\/IMG_9876-300x200.jpg\" data-large-file=\"https:\/\/www.legistdf.gob.ar\/wp-content\/uploads\/2021\/05\/IMG_9876-1024x683.jpg\" \/><\/a>\n\t\t\t<\/dt><\/dl><dl class='gallery-item'>\n\t\t\t<dt class='gallery-icon landscape'>\n\t\t\t\t<a href='https:\/\/www.legistdf.gob.ar\/index.php\/2021\/05\/11\/malvinas-dictaminaron-sobre-una-iniciativa-para-crear-banco-de-memorias-audiovisuales-sobre-excombatientes-noticia-en-proceso\/img_9874\/'><img loading=\"lazy\" decoding=\"async\" width=\"150\" height=\"150\" src=\"https:\/\/www.legistdf.gob.ar\/wp-content\/uploads\/2021\/05\/IMG_9874-150x150.jpg\" class=\"attachment-thumbnail size-thumbnail\" alt=\"\" srcset=\"https:\/\/www.legistdf.gob.ar\/wp-content\/uploads\/2021\/05\/IMG_9874-150x150.jpg 150w, https:\/\/www.legistdf.gob.ar\/wp-content\/uploads\/2021\/05\/IMG_9874-64x64.jpg 64w\" sizes=\"(max-width: 150px) 100vw, 150px\" data-attachment-id=\"24598\" data-permalink=\"https:\/\/www.legistdf.gob.ar\/index.php\/2021\/05\/11\/malvinas-dictaminaron-sobre-una-iniciativa-para-crear-banco-de-memorias-audiovisuales-sobre-excombatientes-noticia-en-proceso\/img_9874\/\" data-orig-file=\"https:\/\/www.legistdf.gob.ar\/wp-content\/uploads\/2021\/05\/IMG_9874.jpg\" data-orig-size=\"1500,1000\" data-comments-opened=\"0\" data-image-meta=\"{&quot;aperture&quot;:&quot;2.8&quot;,&quot;credit&quot;:&quot;&quot;,&quot;camera&quot;:&quot;Canon EOS 6D&quot;,&quot;caption&quot;:&quot;&quot;,&quot;created_timestamp&quot;:&quot;1620722862&quot;,&quot;copyright&quot;:&quot;&quot;,&quot;focal_length&quot;:&quot;65&quot;,&quot;iso&quot;:&quot;400&quot;,&quot;shutter_speed&quot;:&quot;0.0125&quot;,&quot;title&quot;:&quot;&quot;,&quot;orientation&quot;:&quot;0&quot;}\" data-image-title=\"IMG_9874\" data-image-description=\"\" data-image-caption=\"\" data-medium-file=\"https:\/\/www.legistdf.gob.ar\/wp-content\/uploads\/2021\/05\/IMG_9874-300x200.jpg\" data-large-file=\"https:\/\/www.legistdf.gob.ar\/wp-content\/uploads\/2021\/05\/IMG_9874-1024x683.jpg\" \/><\/a>\n\t\t\t<\/dt><\/dl>\n\t\t\t<br style='clear: both' \/>\n\t\t<\/div>\n\n<p><iframe loading=\"lazy\" title=\"Malvinas: Dictaminaron en iniciativa para crear banco de memorias audiovisuales sobre excombatientes\" width=\"844\" height=\"475\" src=\"https:\/\/www.youtube.com\/embed\/WY9ztA7SFLs?feature=oembed\" frameborder=\"0\" allow=\"accelerometer; autoplay; clipboard-write; encrypted-media; gyroscope; picture-in-picture; web-share\" allowfullscreen><\/iframe><\/p>\n<p><iframe loading=\"lazy\" title=\"MALVINAS: Carlos Cabrera subcomisi\u00f3n Herederos de la Causa\" width=\"844\" height=\"475\" src=\"https:\/\/www.youtube.com\/embed\/SkwnspaDUic?feature=oembed\" frameborder=\"0\" allow=\"accelerometer; autoplay; clipboard-write; encrypted-media; gyroscope; picture-in-picture; web-share\" allowfullscreen><\/iframe><\/p>\n<p style=\"text-align: right\"><em>LVV-MBCH-AT<\/em><\/p>\n","protected":false},"excerpt":{"rendered":"<p>Ushuaia, martes 11 de mayo de 2021.- La Comisi\u00f3n de Malvinas, Atl\u00e1ntico Sur y Ant\u00e1rtida N\u00b0 7 dictamin\u00f3 para la pr\u00f3xima sesi\u00f3n ordinaria el proyecto que busca crear el banco de memorias audiovisuales y sonoros de los excombatientes de la guerra de Malvinas. Tras un debate en el que, desde las bancadas pol\u00edticas aportaron modificaciones [&hellip;]<\/p>\n","protected":false},"author":352,"featured_media":24597,"comment_status":"closed","ping_status":"open","sticky":false,"template":"","format":"standard","meta":{"jetpack_post_was_ever_published":false,"_jetpack_newsletter_access":"","_jetpack_dont_email_post_to_subs":false,"_jetpack_newsletter_tier_id":0,"footnotes":"","jetpack_publicize_message":"","jetpack_publicize_feature_enabled":true,"jetpack_social_post_already_shared":true,"jetpack_social_options":{"image_generator_settings":{"template":"highway","enabled":false}}},"categories":[1],"tags":[1824,141,79,87],"jetpack_publicize_connections":[],"jetpack_sharing_enabled":true,"jetpack_featured_media_url":"https:\/\/www.legistdf.gob.ar\/wp-content\/uploads\/2021\/05\/IMG_9869.jpg","jetpack-related-posts":[],"_links":{"self":[{"href":"https:\/\/www.legistdf.gob.ar\/index.php\/wp-json\/wp\/v2\/posts\/24596"}],"collection":[{"href":"https:\/\/www.legistdf.gob.ar\/index.php\/wp-json\/wp\/v2\/posts"}],"about":[{"href":"https:\/\/www.legistdf.gob.ar\/index.php\/wp-json\/wp\/v2\/types\/post"}],"author":[{"embeddable":true,"href":"https:\/\/www.legistdf.gob.ar\/index.php\/wp-json\/wp\/v2\/users\/352"}],"replies":[{"embeddable":true,"href":"https:\/\/www.legistdf.gob.ar\/index.php\/wp-json\/wp\/v2\/comments?post=24596"}],"version-history":[{"count":8,"href":"https:\/\/www.legistdf.gob.ar\/index.php\/wp-json\/wp\/v2\/posts\/24596\/revisions"}],"predecessor-version":[{"id":24631,"href":"https:\/\/www.legistdf.gob.ar\/index.php\/wp-json\/wp\/v2\/posts\/24596\/revisions\/24631"}],"wp:featuredmedia":[{"embeddable":true,"href":"https:\/\/www.legistdf.gob.ar\/index.php\/wp-json\/wp\/v2\/media\/24597"}],"wp:attachment":[{"href":"https:\/\/www.legistdf.gob.ar\/index.php\/wp-json\/wp\/v2\/media?parent=24596"}],"wp:term":[{"taxonomy":"category","embeddable":true,"href":"https:\/\/www.legistdf.gob.ar\/index.php\/wp-json\/wp\/v2\/categories?post=24596"},{"taxonomy":"post_tag","embeddable":true,"href":"https:\/\/www.legistdf.gob.ar\/index.php\/wp-json\/wp\/v2\/tags?post=24596"}],"curies":[{"name":"wp","href":"https:\/\/api.w.org\/{rel}","templated":true}]}}