{"id":25268,"date":"2021-06-10T18:27:45","date_gmt":"2021-06-10T21:27:45","guid":{"rendered":"http:\/\/www.legistdf.gob.ar\/?p=25268"},"modified":"2021-06-10T18:27:45","modified_gmt":"2021-06-10T21:27:45","slug":"legislatura-el-medio-ambiente-es-prioridad-para-los-cinco-bloques-politicos-afirmo-monica-acosta","status":"publish","type":"post","link":"https:\/\/www.legistdf.gob.ar\/index.php\/2021\/06\/10\/legislatura-el-medio-ambiente-es-prioridad-para-los-cinco-bloques-politicos-afirmo-monica-acosta\/","title":{"rendered":"LEGISLATURA: \u201cEl medio ambiente es prioridad para los cinco bloques pol\u00edticos\u201d, afirm\u00f3 M\u00f3nica Acosta"},"content":{"rendered":"<p><strong><img loading=\"lazy\" decoding=\"async\" data-attachment-id=\"25209\" data-permalink=\"https:\/\/www.legistdf.gob.ar\/index.php\/2021\/06\/09\/galeria-imagenes-de-la-comision-de-recursos-naturales-n-3\/img_0286\/\" data-orig-file=\"https:\/\/www.legistdf.gob.ar\/wp-content\/uploads\/2021\/06\/IMG_0286.jpg\" data-orig-size=\"1000,667\" data-comments-opened=\"0\" data-image-meta=\"{&quot;aperture&quot;:&quot;2.8&quot;,&quot;credit&quot;:&quot;&quot;,&quot;camera&quot;:&quot;Canon EOS 6D&quot;,&quot;caption&quot;:&quot;&quot;,&quot;created_timestamp&quot;:&quot;1623216341&quot;,&quot;copyright&quot;:&quot;&quot;,&quot;focal_length&quot;:&quot;70&quot;,&quot;iso&quot;:&quot;400&quot;,&quot;shutter_speed&quot;:&quot;0.008&quot;,&quot;title&quot;:&quot;&quot;,&quot;orientation&quot;:&quot;0&quot;}\" data-image-title=\"IMG_0286\" data-image-description=\"\" data-image-caption=\"\" data-medium-file=\"https:\/\/www.legistdf.gob.ar\/wp-content\/uploads\/2021\/06\/IMG_0286-300x200.jpg\" data-large-file=\"https:\/\/www.legistdf.gob.ar\/wp-content\/uploads\/2021\/06\/IMG_0286.jpg\" class=\"alignleft wp-image-25209 size-medium\" src=\"http:\/\/www.legistdf.gob.ar\/wp-content\/uploads\/2021\/06\/IMG_0286-300x200.jpg\" alt=\"\" width=\"300\" height=\"200\" srcset=\"https:\/\/www.legistdf.gob.ar\/wp-content\/uploads\/2021\/06\/IMG_0286-300x200.jpg 300w, https:\/\/www.legistdf.gob.ar\/wp-content\/uploads\/2021\/06\/IMG_0286-768x512.jpg 768w, https:\/\/www.legistdf.gob.ar\/wp-content\/uploads\/2021\/06\/IMG_0286-160x107.jpg 160w, https:\/\/www.legistdf.gob.ar\/wp-content\/uploads\/2021\/06\/IMG_0286.jpg 1000w\" sizes=\"(max-width: 300px) 100vw, 300px\" \/>Ushuaia, jueves 10\u00a0 de junio de 2021.- En el marco del mes mundial del medio ambiente, Prensa Legislativa dialog\u00f3 con la presidenta de la Comisi\u00f3n de Recursos Naturales N\u00ba 3, legisladora M\u00f3nica Acosta (FORJA), quien destac\u00f3 la trascendencia del debate en torno a temas tales como la Ley Yolanda, el \u00e1rea natural protegida Pen\u00ednsula Mitre y Terra Ignis, entre otros. \u201cHay que hacer confluir la actividad productiva con un m\u00e9todo saludable para el medio ambiente\u201d, inst\u00f3 la Parlamentaria <\/strong><\/p>\n<p>&nbsp;<\/p>\n<p>Acosta, destac\u00f3 la importancia que todas estas iniciativas poseen en la agenda parlamentaria, \u201cm\u00e1s all\u00e1 de qui\u00e9n las haya presentado\u201d. Constituyen soluciones concretas que ponen \u00e9nfasis en la industrializaci\u00f3n de los recursos naturales.<\/p>\n<p>&nbsp;<\/p>\n<p>En tanto, marc\u00f3 como auspicioso \u201cgenerar una renta para la Provincia y destinar un cap\u00edtulo de financiamiento para varias leyes ambientales que no tienen financiamiento nacional\u201d. Asimismo llam\u00f3 a \u00a0\u201cser el veh\u00edculo y el resorte para construir la alternativa financiera\u201d opin\u00f3 la legisladora de FORJA. De esta forma, dijo \u201cno se tendr\u00e1 que tomar recursos de bosques para financiar guardaparques\u201d, ejemplific\u00f3 sobre el<a href=\"http:\/\/www.legistdf.gob.ar\/lp\/novedadesip\/Asuntos%20Entrados%202020\/As.%20N%BA%20069-20.pdf\" target=\"_blank\" rel=\"noopener noreferrer\"> asunto N\u00b0 069\/20<\/a> del Partido Verde.<\/p>\n<p><img loading=\"lazy\" decoding=\"async\" data-attachment-id=\"25118\" data-permalink=\"https:\/\/www.legistdf.gob.ar\/index.php\/2021\/06\/05\/efemerides-dia-mundial-del-medio-ambiente\/050621-dia-del-medio-ambiente\/\" data-orig-file=\"https:\/\/www.legistdf.gob.ar\/wp-content\/uploads\/2021\/06\/050621-D\u00eda-del-medio-ambiente.png\" data-orig-size=\"1500,939\" data-comments-opened=\"0\" data-image-meta=\"{&quot;aperture&quot;:&quot;0&quot;,&quot;credit&quot;:&quot;&quot;,&quot;camera&quot;:&quot;&quot;,&quot;caption&quot;:&quot;&quot;,&quot;created_timestamp&quot;:&quot;0&quot;,&quot;copyright&quot;:&quot;&quot;,&quot;focal_length&quot;:&quot;0&quot;,&quot;iso&quot;:&quot;0&quot;,&quot;shutter_speed&quot;:&quot;0&quot;,&quot;title&quot;:&quot;&quot;,&quot;orientation&quot;:&quot;0&quot;}\" data-image-title=\"050621 D\u00eda del medio ambiente\" data-image-description=\"\" data-image-caption=\"\" data-medium-file=\"https:\/\/www.legistdf.gob.ar\/wp-content\/uploads\/2021\/06\/050621-D\u00eda-del-medio-ambiente-300x188.png\" data-large-file=\"https:\/\/www.legistdf.gob.ar\/wp-content\/uploads\/2021\/06\/050621-D\u00eda-del-medio-ambiente-1024x641.png\" class=\"aligncenter size-full wp-image-25118\" src=\"http:\/\/www.legistdf.gob.ar\/wp-content\/uploads\/2021\/06\/050621-D\u00eda-del-medio-ambiente.png\" alt=\"\" width=\"1500\" height=\"939\" srcset=\"https:\/\/www.legistdf.gob.ar\/wp-content\/uploads\/2021\/06\/050621-D\u00eda-del-medio-ambiente.png 1500w, https:\/\/www.legistdf.gob.ar\/wp-content\/uploads\/2021\/06\/050621-D\u00eda-del-medio-ambiente-300x188.png 300w, https:\/\/www.legistdf.gob.ar\/wp-content\/uploads\/2021\/06\/050621-D\u00eda-del-medio-ambiente-768x481.png 768w, https:\/\/www.legistdf.gob.ar\/wp-content\/uploads\/2021\/06\/050621-D\u00eda-del-medio-ambiente-1024x641.png 1024w, https:\/\/www.legistdf.gob.ar\/wp-content\/uploads\/2021\/06\/050621-D\u00eda-del-medio-ambiente-160x100.png 160w\" sizes=\"(max-width: 1500px) 100vw, 1500px\" \/>Agreg\u00f3 que dada la extensi\u00f3n territorio que posee la zona de Pen\u00ednsula Mitre, se necesitar\u00e1n \u201caproximadamente unos 30 guardaparques que deben poseer todas las condiciones para ejercer sus trabajos en un ambiente\u00a0 inh\u00f3spito\u201d, explic\u00f3.<\/p>\n<p>&nbsp;<\/p>\n<p>La Legisladora consider\u00f3 que la puesta en marcha de la reserva Pen\u00ednsula Mitre,\u00a0 \u201ctambi\u00e9n es poner en valor la parte tur\u00edstica\u201d puesto que se generar\u00eda una fuente de ingreso para ese sector como para el \u00e1mbito de la pesca.<\/p>\n<p>&nbsp;<\/p>\n<p>Para finalizar, manifest\u00f3 que se debe \u201chacer confluir la actividad productiva con un m\u00e9todo saludable para el medio ambiente\u201d y desde el \u201csector que provengo, que es el industrial, observo que se est\u00e1 trabajando para el reciclado de los componente que siempre han sido -desde hace 30 a\u00f1os-, una materia pendiente en la Provincia\u201d.<\/p>\n<p>&nbsp;<\/p>\n<p style=\"text-align: center\"><em>Ley Yolanda<\/em><\/p>\n<p>&nbsp;<\/p>\n<p><img loading=\"lazy\" decoding=\"async\" data-attachment-id=\"25269\" data-permalink=\"https:\/\/www.legistdf.gob.ar\/index.php\/2021\/06\/10\/legislatura-el-medio-ambiente-es-prioridad-para-los-cinco-bloques-politicos-afirmo-monica-acosta\/gabriel-amato-gafotos\/\" data-orig-file=\"https:\/\/www.legistdf.gob.ar\/wp-content\/uploads\/2021\/06\/yolanda_ortiz.jpeg\" data-orig-size=\"4928,3264\" data-comments-opened=\"0\" data-image-meta=\"{&quot;aperture&quot;:&quot;6.3&quot;,&quot;credit&quot;:&quot;GrAcias&quot;,&quot;camera&quot;:&quot;NIKON D7000&quot;,&quot;caption&quot;:&quot;&quot;,&quot;created_timestamp&quot;:&quot;1514486409&quot;,&quot;copyright&quot;:&quot;GrAcias&quot;,&quot;focal_length&quot;:&quot;35&quot;,&quot;iso&quot;:&quot;6400&quot;,&quot;shutter_speed&quot;:&quot;0.01&quot;,&quot;title&quot;:&quot;Gabriel Amato gafotos&quot;,&quot;orientation&quot;:&quot;1&quot;}\" data-image-title=\"Gabriel Amato gafotos\" data-image-description=\"\" data-image-caption=\"\" data-medium-file=\"https:\/\/www.legistdf.gob.ar\/wp-content\/uploads\/2021\/06\/yolanda_ortiz-300x199.jpeg\" data-large-file=\"https:\/\/www.legistdf.gob.ar\/wp-content\/uploads\/2021\/06\/yolanda_ortiz-1024x678.jpeg\" class=\"alignleft wp-image-25269 size-medium\" src=\"http:\/\/www.legistdf.gob.ar\/wp-content\/uploads\/2021\/06\/yolanda_ortiz-300x199.jpeg\" alt=\"\" width=\"300\" height=\"199\" srcset=\"https:\/\/www.legistdf.gob.ar\/wp-content\/uploads\/2021\/06\/yolanda_ortiz-300x199.jpeg 300w, https:\/\/www.legistdf.gob.ar\/wp-content\/uploads\/2021\/06\/yolanda_ortiz-768x509.jpeg 768w, https:\/\/www.legistdf.gob.ar\/wp-content\/uploads\/2021\/06\/yolanda_ortiz-1024x678.jpeg 1024w, https:\/\/www.legistdf.gob.ar\/wp-content\/uploads\/2021\/06\/yolanda_ortiz-160x106.jpeg 160w\" sizes=\"(max-width: 300px) 100vw, 300px\" \/>Cabe destacar que <a href=\"http:\/\/servicios.infoleg.gob.ar\/infolegInternet\/anexos\/345000-349999\/345172\/norma.htm\" target=\"_blank\" rel=\"noopener noreferrer\">Ley nacional N\u00ba 27.592<\/a>, tiene como objetivo garantizar <a href=\"https:\/\/www.argentina.gob.ar\/ambiente\/accion\/ley-yolanda\" target=\"_blank\" rel=\"noopener noreferrer\">la formaci\u00f3n integral en ambiente con perspectiva de desarrollo sostenible<\/a> y con especial \u00e9nfasis en cambio clim\u00e1tico para las personas que se desempe\u00f1an en la administraci\u00f3n p\u00fablica. Fue sancionada el 17 de noviembre de 2020.<\/p>\n<p>&nbsp;<\/p>\n<p>El nombre es un homenaje a <a href=\"https:\/\/www.argentina.gob.ar\/ambiente\/accion\/ley-yolanda\/quien-fue-yolanda-ortiz\" target=\"_blank\" rel=\"noopener noreferrer\">Yolanda Ortiz<\/a>, quien\u00a0 fue la primera secretaria de Recursos Naturales y Ambiente Humano en Argentina y de Am\u00e9rica Latina, designada durante el gobierno de Juan Domingo Per\u00f3n en 1973.<\/p>\n<p>&nbsp;<\/p>\n<p style=\"text-align: center\"><em>Pen\u00ednsula Mitre<\/em><\/p>\n<p>&nbsp;<\/p>\n<p><img loading=\"lazy\" decoding=\"async\" data-attachment-id=\"25270\" data-permalink=\"https:\/\/www.legistdf.gob.ar\/index.php\/2021\/06\/10\/legislatura-el-medio-ambiente-es-prioridad-para-los-cinco-bloques-politicos-afirmo-monica-acosta\/mitre\/\" data-orig-file=\"https:\/\/www.legistdf.gob.ar\/wp-content\/uploads\/2021\/06\/mitre.jpg\" data-orig-size=\"1920,1079\" data-comments-opened=\"0\" data-image-meta=\"{&quot;aperture&quot;:&quot;0&quot;,&quot;credit&quot;:&quot;&quot;,&quot;camera&quot;:&quot;&quot;,&quot;caption&quot;:&quot;&quot;,&quot;created_timestamp&quot;:&quot;0&quot;,&quot;copyright&quot;:&quot;&quot;,&quot;focal_length&quot;:&quot;0&quot;,&quot;iso&quot;:&quot;0&quot;,&quot;shutter_speed&quot;:&quot;0&quot;,&quot;title&quot;:&quot;&quot;,&quot;orientation&quot;:&quot;0&quot;}\" data-image-title=\"mitre\" data-image-description=\"\" data-image-caption=\"\" data-medium-file=\"https:\/\/www.legistdf.gob.ar\/wp-content\/uploads\/2021\/06\/mitre-300x169.jpg\" data-large-file=\"https:\/\/www.legistdf.gob.ar\/wp-content\/uploads\/2021\/06\/mitre-1024x575.jpg\" class=\"alignright wp-image-25270 size-medium\" src=\"http:\/\/www.legistdf.gob.ar\/wp-content\/uploads\/2021\/06\/mitre-300x169.jpg\" alt=\"\" width=\"300\" height=\"169\" srcset=\"https:\/\/www.legistdf.gob.ar\/wp-content\/uploads\/2021\/06\/mitre-300x169.jpg 300w, https:\/\/www.legistdf.gob.ar\/wp-content\/uploads\/2021\/06\/mitre-768x432.jpg 768w, https:\/\/www.legistdf.gob.ar\/wp-content\/uploads\/2021\/06\/mitre-1024x575.jpg 1024w, https:\/\/www.legistdf.gob.ar\/wp-content\/uploads\/2021\/06\/mitre-160x90.jpg 160w, https:\/\/www.legistdf.gob.ar\/wp-content\/uploads\/2021\/06\/mitre.jpg 1920w\" sizes=\"(max-width: 300px) 100vw, 300px\" \/>El asunto N\u00ba 113\/20, presentado por los bloques FdT-PJ, y Partido Verde, es un proyecto de Ley que busca crear el \u00e1rea natural protegida pen\u00ednsula Mitre. La propuesta ya fue tratada en varias instancias en el seno de la Comisi\u00f3n de Recursos Naturales, y las actuaciones fueron remitidas al Ejecutivo provincial para que emitan opini\u00f3n al respecto.<\/p>\n<p>&nbsp;<\/p>\n<p>Hay que mencionar que en el proyecto de Ley, tambi\u00e9n participaron distintas organizaciones ambientalistas que colaboraron y aportaron a la redacci\u00f3n de la iniciativa.<\/p>\n<p>&nbsp;<\/p>\n<p>Terra Ignis<\/p>\n<p>&nbsp;<\/p>\n<p><img loading=\"lazy\" decoding=\"async\" data-attachment-id=\"25271\" data-permalink=\"https:\/\/www.legistdf.gob.ar\/index.php\/2021\/06\/10\/legislatura-el-medio-ambiente-es-prioridad-para-los-cinco-bloques-politicos-afirmo-monica-acosta\/petroleo\/\" data-orig-file=\"https:\/\/www.legistdf.gob.ar\/wp-content\/uploads\/2021\/06\/petroleo.jpg\" data-orig-size=\"982,551\" data-comments-opened=\"0\" data-image-meta=\"{&quot;aperture&quot;:&quot;0&quot;,&quot;credit&quot;:&quot;&quot;,&quot;camera&quot;:&quot;&quot;,&quot;caption&quot;:&quot;&quot;,&quot;created_timestamp&quot;:&quot;0&quot;,&quot;copyright&quot;:&quot;&quot;,&quot;focal_length&quot;:&quot;0&quot;,&quot;iso&quot;:&quot;0&quot;,&quot;shutter_speed&quot;:&quot;0&quot;,&quot;title&quot;:&quot;&quot;,&quot;orientation&quot;:&quot;0&quot;}\" data-image-title=\"petroleo\" data-image-description=\"\" data-image-caption=\"\" data-medium-file=\"https:\/\/www.legistdf.gob.ar\/wp-content\/uploads\/2021\/06\/petroleo-300x168.jpg\" data-large-file=\"https:\/\/www.legistdf.gob.ar\/wp-content\/uploads\/2021\/06\/petroleo.jpg\" class=\"alignleft wp-image-25271 size-medium\" src=\"http:\/\/www.legistdf.gob.ar\/wp-content\/uploads\/2021\/06\/petroleo-300x168.jpg\" alt=\"\" width=\"300\" height=\"168\" srcset=\"https:\/\/www.legistdf.gob.ar\/wp-content\/uploads\/2021\/06\/petroleo-300x168.jpg 300w, https:\/\/www.legistdf.gob.ar\/wp-content\/uploads\/2021\/06\/petroleo-768x431.jpg 768w, https:\/\/www.legistdf.gob.ar\/wp-content\/uploads\/2021\/06\/petroleo-160x90.jpg 160w, https:\/\/www.legistdf.gob.ar\/wp-content\/uploads\/2021\/06\/petroleo.jpg 982w\" sizes=\"(max-width: 300px) 100vw, 300px\" \/>Terra Ignis Petr\u00f3leo &amp; Gas SAU es el nombre de la empresa, con la que el Gobierno present\u00f3 ante la Legislatura, la posibilidad de participar en la industria petrol\u00edfera y gas\u00edfera, actualmente concentrada en operadoras privadas<\/p>\n<p>&nbsp;<\/p>\n<p>En los fundamentos del\u00a0<a href=\"http:\/\/www.legistdf.gob.ar\/lp\/novedadesip\/Asuntos%20Entrados%202019\/As.%20N%BA%20455-19.pdf\" target=\"_blank\" rel=\"noopener noreferrer\">asunto N\u00b0 455\/19<\/a>\u00a0da cuenta sobre los \u201cimportantes recursos hidrocarbur\u00edferos, que la ubican entre las principales provincias productoras de gas y, en menor medida, de petr\u00f3leo crudo, con una significativa potencialidad de crecimiento en esa actividad, as\u00ed como tambi\u00e9n en energ\u00edas renovables, como la c\u00f3lica y geot\u00e9rmica\u201d.<\/p>\n<p>&nbsp;<\/p>\n<p>Para el Ejecutivo, estos recursos \u201cson vitales para el desarrollo de la Provincia\u201d, y record\u00f3 que la extracci\u00f3n de gas y petr\u00f3leo representan \u201cuna porci\u00f3n sustancial de los ingresos\u201d.<\/p>\n<p style=\"text-align: right\"><em>ZV-AT<\/em><\/p>\n","protected":false},"excerpt":{"rendered":"<p>Ushuaia, jueves 10\u00a0 de junio de 2021.- En el marco del mes mundial del medio ambiente, Prensa Legislativa dialog\u00f3 con la presidenta de la Comisi\u00f3n de Recursos Naturales N\u00ba 3, legisladora M\u00f3nica Acosta (FORJA), quien destac\u00f3 la trascendencia del debate en torno a temas tales como la Ley Yolanda, el \u00e1rea natural protegida Pen\u00ednsula Mitre [&hellip;]<\/p>\n","protected":false},"author":352,"featured_media":25269,"comment_status":"closed","ping_status":"open","sticky":false,"template":"","format":"standard","meta":{"jetpack_post_was_ever_published":false,"_jetpack_newsletter_access":"","_jetpack_dont_email_post_to_subs":false,"_jetpack_newsletter_tier_id":0,"footnotes":"","jetpack_publicize_message":"","jetpack_publicize_feature_enabled":true,"jetpack_social_post_already_shared":true,"jetpack_social_options":{"image_generator_settings":{"template":"highway","enabled":false}}},"categories":[1],"tags":[433,2244,78,1817,79,87],"jetpack_publicize_connections":[],"jetpack_sharing_enabled":true,"jetpack_featured_media_url":"https:\/\/www.legistdf.gob.ar\/wp-content\/uploads\/2021\/06\/yolanda_ortiz.jpeg","jetpack-related-posts":[],"_links":{"self":[{"href":"https:\/\/www.legistdf.gob.ar\/index.php\/wp-json\/wp\/v2\/posts\/25268"}],"collection":[{"href":"https:\/\/www.legistdf.gob.ar\/index.php\/wp-json\/wp\/v2\/posts"}],"about":[{"href":"https:\/\/www.legistdf.gob.ar\/index.php\/wp-json\/wp\/v2\/types\/post"}],"author":[{"embeddable":true,"href":"https:\/\/www.legistdf.gob.ar\/index.php\/wp-json\/wp\/v2\/users\/352"}],"replies":[{"embeddable":true,"href":"https:\/\/www.legistdf.gob.ar\/index.php\/wp-json\/wp\/v2\/comments?post=25268"}],"version-history":[{"count":4,"href":"https:\/\/www.legistdf.gob.ar\/index.php\/wp-json\/wp\/v2\/posts\/25268\/revisions"}],"predecessor-version":[{"id":25334,"href":"https:\/\/www.legistdf.gob.ar\/index.php\/wp-json\/wp\/v2\/posts\/25268\/revisions\/25334"}],"wp:featuredmedia":[{"embeddable":true,"href":"https:\/\/www.legistdf.gob.ar\/index.php\/wp-json\/wp\/v2\/media\/25269"}],"wp:attachment":[{"href":"https:\/\/www.legistdf.gob.ar\/index.php\/wp-json\/wp\/v2\/media?parent=25268"}],"wp:term":[{"taxonomy":"category","embeddable":true,"href":"https:\/\/www.legistdf.gob.ar\/index.php\/wp-json\/wp\/v2\/categories?post=25268"},{"taxonomy":"post_tag","embeddable":true,"href":"https:\/\/www.legistdf.gob.ar\/index.php\/wp-json\/wp\/v2\/tags?post=25268"}],"curies":[{"name":"wp","href":"https:\/\/api.w.org\/{rel}","templated":true}]}}