{"id":25451,"date":"2021-06-15T12:05:19","date_gmt":"2021-06-15T15:05:19","guid":{"rendered":"http:\/\/www.legistdf.gob.ar\/?p=25451"},"modified":"2021-06-15T12:05:19","modified_gmt":"2021-06-15T15:05:19","slug":"economia-parlamentarios-analizaran-la-coparticipacion-a-los-municipios","status":"publish","type":"post","link":"https:\/\/www.legistdf.gob.ar\/index.php\/2021\/06\/15\/economia-parlamentarios-analizaran-la-coparticipacion-a-los-municipios\/","title":{"rendered":"ECONOM\u00cdA: Parlamentarios analizar\u00e1n la coparticipaci\u00f3n a los municipios"},"content":{"rendered":"<p><strong>\u00a0<\/strong><\/p>\n<p><strong>Ushuaia, martes 15 de junio de 2021.- El Presidente de la Comisi\u00f3n de Econom\u00eda y Finanzas P\u00fablicas N\u00b0 2, legislador Federico Sciurano (UCR), convoc\u00f3 a los Parlamentarios que integran ese espacio de debate a un nuevo encuentro para esta semana.<\/strong><\/p>\n<p><strong>\u00a0<\/strong><\/p>\n<p>Seg\u00fan informa el memorando N\u00b0 051\/21, de la Direcci\u00f3n de Comisiones, la reuni\u00f3n ser\u00e1 el pr\u00f3ximo jueves 17 a las 16 h. en el Recinto de Sesiones y Comisiones, para abordar como tema la coparticipaci\u00f3n provincial a los municipios de la Provincia. Se curs\u00f3 invitaci\u00f3n al Ministro de Finanzas P\u00fablicas de la Provincia, lic. Guillermo Daniel Fern\u00e1ndez.<img loading=\"lazy\" decoding=\"async\" data-attachment-id=\"25242\" data-permalink=\"https:\/\/www.legistdf.gob.ar\/index.php\/2021\/06\/09\/galeria-imagenes-de-la-comision-de-economia-n-2\/img_0327-2\/\" data-orig-file=\"https:\/\/www.legistdf.gob.ar\/wp-content\/uploads\/2021\/06\/IMG_0327.jpg\" data-orig-size=\"1000,667\" data-comments-opened=\"0\" data-image-meta=\"{&quot;aperture&quot;:&quot;2.8&quot;,&quot;credit&quot;:&quot;&quot;,&quot;camera&quot;:&quot;Canon EOS 6D&quot;,&quot;caption&quot;:&quot;&quot;,&quot;created_timestamp&quot;:&quot;1623227566&quot;,&quot;copyright&quot;:&quot;&quot;,&quot;focal_length&quot;:&quot;28&quot;,&quot;iso&quot;:&quot;400&quot;,&quot;shutter_speed&quot;:&quot;0.00625&quot;,&quot;title&quot;:&quot;&quot;,&quot;orientation&quot;:&quot;0&quot;}\" data-image-title=\"IMG_0327\" data-image-description=\"\" data-image-caption=\"\" data-medium-file=\"https:\/\/www.legistdf.gob.ar\/wp-content\/uploads\/2021\/06\/IMG_0327-300x200.jpg\" data-large-file=\"https:\/\/www.legistdf.gob.ar\/wp-content\/uploads\/2021\/06\/IMG_0327.jpg\" class=\"aligncenter size-full wp-image-25242\" src=\"http:\/\/www.legistdf.gob.ar\/wp-content\/uploads\/2021\/06\/IMG_0327.jpg\" alt=\"\" width=\"1000\" height=\"667\" srcset=\"https:\/\/www.legistdf.gob.ar\/wp-content\/uploads\/2021\/06\/IMG_0327.jpg 1000w, https:\/\/www.legistdf.gob.ar\/wp-content\/uploads\/2021\/06\/IMG_0327-300x200.jpg 300w, https:\/\/www.legistdf.gob.ar\/wp-content\/uploads\/2021\/06\/IMG_0327-768x512.jpg 768w, https:\/\/www.legistdf.gob.ar\/wp-content\/uploads\/2021\/06\/IMG_0327-160x107.jpg 160w\" sizes=\"(max-width: 1000px) 100vw, 1000px\" \/><\/p>\n","protected":false},"excerpt":{"rendered":"<p>\u00a0 Ushuaia, martes 15 de junio de 2021.- El Presidente de la Comisi\u00f3n de Econom\u00eda y Finanzas P\u00fablicas N\u00b0 2, legislador Federico Sciurano (UCR), convoc\u00f3 a los Parlamentarios que integran ese espacio de debate a un nuevo encuentro para esta semana. \u00a0 Seg\u00fan informa el memorando N\u00b0 051\/21, de la Direcci\u00f3n de Comisiones, la reuni\u00f3n [&hellip;]<\/p>\n","protected":false},"author":352,"featured_media":25242,"comment_status":"closed","ping_status":"open","sticky":false,"template":"","format":"standard","meta":{"jetpack_post_was_ever_published":false,"_jetpack_newsletter_access":"","_jetpack_dont_email_post_to_subs":false,"_jetpack_newsletter_tier_id":0,"footnotes":"","jetpack_publicize_message":"","jetpack_publicize_feature_enabled":true,"jetpack_social_post_already_shared":true,"jetpack_social_options":{"image_generator_settings":{"template":"highway","enabled":false}}},"categories":[1],"tags":[602,1345,601,2249,1824,130,545],"jetpack_publicize_connections":[],"jetpack_sharing_enabled":true,"jetpack_featured_media_url":"https:\/\/www.legistdf.gob.ar\/wp-content\/uploads\/2021\/06\/IMG_0327.jpg","jetpack-related-posts":[],"_links":{"self":[{"href":"https:\/\/www.legistdf.gob.ar\/index.php\/wp-json\/wp\/v2\/posts\/25451"}],"collection":[{"href":"https:\/\/www.legistdf.gob.ar\/index.php\/wp-json\/wp\/v2\/posts"}],"about":[{"href":"https:\/\/www.legistdf.gob.ar\/index.php\/wp-json\/wp\/v2\/types\/post"}],"author":[{"embeddable":true,"href":"https:\/\/www.legistdf.gob.ar\/index.php\/wp-json\/wp\/v2\/users\/352"}],"replies":[{"embeddable":true,"href":"https:\/\/www.legistdf.gob.ar\/index.php\/wp-json\/wp\/v2\/comments?post=25451"}],"version-history":[{"count":3,"href":"https:\/\/www.legistdf.gob.ar\/index.php\/wp-json\/wp\/v2\/posts\/25451\/revisions"}],"predecessor-version":[{"id":25454,"href":"https:\/\/www.legistdf.gob.ar\/index.php\/wp-json\/wp\/v2\/posts\/25451\/revisions\/25454"}],"wp:featuredmedia":[{"embeddable":true,"href":"https:\/\/www.legistdf.gob.ar\/index.php\/wp-json\/wp\/v2\/media\/25242"}],"wp:attachment":[{"href":"https:\/\/www.legistdf.gob.ar\/index.php\/wp-json\/wp\/v2\/media?parent=25451"}],"wp:term":[{"taxonomy":"category","embeddable":true,"href":"https:\/\/www.legistdf.gob.ar\/index.php\/wp-json\/wp\/v2\/categories?post=25451"},{"taxonomy":"post_tag","embeddable":true,"href":"https:\/\/www.legistdf.gob.ar\/index.php\/wp-json\/wp\/v2\/tags?post=25451"}],"curies":[{"name":"wp","href":"https:\/\/api.w.org\/{rel}","templated":true}]}}