{"id":25525,"date":"2021-06-16T17:10:36","date_gmt":"2021-06-16T20:10:36","guid":{"rendered":"http:\/\/www.legistdf.gob.ar\/?p=25525"},"modified":"2021-06-16T17:10:36","modified_gmt":"2021-06-16T20:10:36","slug":"educacion-proponen-programa-de-conectividad-educativo-social-para-estudiantes","status":"publish","type":"post","link":"https:\/\/www.legistdf.gob.ar\/index.php\/2021\/06\/16\/educacion-proponen-programa-de-conectividad-educativo-social-para-estudiantes\/","title":{"rendered":"EDUCACI\u00d3N: Proponen programa de conectividad educativo-social\u00a0para estudiantes"},"content":{"rendered":"<p><strong><img loading=\"lazy\" decoding=\"async\" data-attachment-id=\"25499\" data-permalink=\"https:\/\/www.legistdf.gob.ar\/index.php\/2021\/06\/16\/galeria-imagenes-de-la-reunion-de-la-comision-n-4-2\/img_0557-2\/\" data-orig-file=\"https:\/\/www.legistdf.gob.ar\/wp-content\/uploads\/2021\/06\/IMG_0557.jpg\" data-orig-size=\"1000,667\" data-comments-opened=\"0\" data-image-meta=\"{&quot;aperture&quot;:&quot;2.8&quot;,&quot;credit&quot;:&quot;&quot;,&quot;camera&quot;:&quot;Canon EOS 6D&quot;,&quot;caption&quot;:&quot;&quot;,&quot;created_timestamp&quot;:&quot;1623821962&quot;,&quot;copyright&quot;:&quot;&quot;,&quot;focal_length&quot;:&quot;50&quot;,&quot;iso&quot;:&quot;400&quot;,&quot;shutter_speed&quot;:&quot;0.00625&quot;,&quot;title&quot;:&quot;&quot;,&quot;orientation&quot;:&quot;0&quot;}\" data-image-title=\"IMG_0557\" data-image-description=\"\" data-image-caption=\"\" data-medium-file=\"https:\/\/www.legistdf.gob.ar\/wp-content\/uploads\/2021\/06\/IMG_0557-300x200.jpg\" data-large-file=\"https:\/\/www.legistdf.gob.ar\/wp-content\/uploads\/2021\/06\/IMG_0557.jpg\" class=\"alignleft wp-image-25499 size-medium\" src=\"http:\/\/www.legistdf.gob.ar\/wp-content\/uploads\/2021\/06\/IMG_0557-300x200.jpg\" alt=\"\" width=\"300\" height=\"200\" srcset=\"https:\/\/www.legistdf.gob.ar\/wp-content\/uploads\/2021\/06\/IMG_0557-300x200.jpg 300w, https:\/\/www.legistdf.gob.ar\/wp-content\/uploads\/2021\/06\/IMG_0557-768x512.jpg 768w, https:\/\/www.legistdf.gob.ar\/wp-content\/uploads\/2021\/06\/IMG_0557-160x107.jpg 160w, https:\/\/www.legistdf.gob.ar\/wp-content\/uploads\/2021\/06\/IMG_0557.jpg 1000w\" sizes=\"(max-width: 300px) 100vw, 300px\" \/>Ushuaia, mi\u00e9rcoles 16 de junio de 2021.- Los Legisladores acordaron avanzar con el proyecto de creaci\u00f3n del programa de conectividad educativo-social, que busca acompa\u00f1ar a las familias en situaci\u00f3n de vulnerabilidad que no puedan acceder al servicio de Internet para estudiantes de todos los niveles educativos.<\/strong><\/p>\n<p>&nbsp;<\/p>\n<p>La iniciativa prev\u00e9 que sea el Estado quien se ocupe de los gastos de Internet en los hogares de aquellas familias que acrediten la imposibilidad econ\u00f3mica de hacerlo. El asunto<a href=\"http:\/\/www.legistdf.gob.ar\/lp\/novedadesip\/Asuntos%20Entrados%202021\/As.%20N%BA%20076-21.pdf\" target=\"_blank\" rel=\"noopener noreferrer\"> N\u00b0 076\/21<\/a> de autor\u00eda del FdT- PJ ser\u00e1 girado al Ejecutivo para que emita su mirada sobre el proyecto.<\/p>\n<p>&nbsp;<\/p>\n<p>\u201cEl objetivo es ir acompa\u00f1ando a las familias en este contexto, la desigualdad que existe hoy est\u00e1 vista, ya se hizo con el sector docente, que es necesario y as\u00ed tiene que ser. Queremos hacer hincapi\u00e9 en las familias que la est\u00e1n pasando muy mal. Se complica llevar un plato de comida a la mesa, tener conectividad o herramientas como celulares, tabletas o computadoras\u201d, detall\u00f3 Andrea Freites, tras el acompa\u00f1amiento de sus pares.<\/p>\n<p>&nbsp;<\/p>\n<p>\u201cSon muchas situaciones las que se generan en este contexto, queremos acompa\u00f1ar desde el bloque y esta Legislatura a las familias\u201d dijo respecto a la las dificultades que se presentan para el acceso a la educaci\u00f3n a las clases remotas o actividades que se proponen desde las escuelas.<\/p>\n<p>&nbsp;<\/p>\n<p><img loading=\"lazy\" decoding=\"async\" data-attachment-id=\"25497\" data-permalink=\"https:\/\/www.legistdf.gob.ar\/index.php\/2021\/06\/16\/galeria-imagenes-de-la-reunion-de-la-comision-n-4-2\/img_0550-3\/\" data-orig-file=\"https:\/\/www.legistdf.gob.ar\/wp-content\/uploads\/2021\/06\/IMG_0550.jpg\" data-orig-size=\"1000,667\" data-comments-opened=\"0\" data-image-meta=\"{&quot;aperture&quot;:&quot;2.8&quot;,&quot;credit&quot;:&quot;&quot;,&quot;camera&quot;:&quot;Canon EOS 6D&quot;,&quot;caption&quot;:&quot;&quot;,&quot;created_timestamp&quot;:&quot;1623821597&quot;,&quot;copyright&quot;:&quot;&quot;,&quot;focal_length&quot;:&quot;70&quot;,&quot;iso&quot;:&quot;400&quot;,&quot;shutter_speed&quot;:&quot;0.00625&quot;,&quot;title&quot;:&quot;&quot;,&quot;orientation&quot;:&quot;0&quot;}\" data-image-title=\"IMG_0550\" data-image-description=\"\" data-image-caption=\"\" data-medium-file=\"https:\/\/www.legistdf.gob.ar\/wp-content\/uploads\/2021\/06\/IMG_0550-300x200.jpg\" data-large-file=\"https:\/\/www.legistdf.gob.ar\/wp-content\/uploads\/2021\/06\/IMG_0550.jpg\" class=\"alignright wp-image-25497 size-medium\" src=\"http:\/\/www.legistdf.gob.ar\/wp-content\/uploads\/2021\/06\/IMG_0550-300x200.jpg\" alt=\"\" width=\"300\" height=\"200\" srcset=\"https:\/\/www.legistdf.gob.ar\/wp-content\/uploads\/2021\/06\/IMG_0550-300x200.jpg 300w, https:\/\/www.legistdf.gob.ar\/wp-content\/uploads\/2021\/06\/IMG_0550-768x512.jpg 768w, https:\/\/www.legistdf.gob.ar\/wp-content\/uploads\/2021\/06\/IMG_0550-160x107.jpg 160w, https:\/\/www.legistdf.gob.ar\/wp-content\/uploads\/2021\/06\/IMG_0550.jpg 1000w\" sizes=\"(max-width: 300px) 100vw, 300px\" \/>\u00a0\u201cResulta necesario prestar atenci\u00f3n a las desigualdades que la pandemia por COVID-19 ha generado, sobre todo porque se vio afectada la modalidad presencial en el aula, debiendo recurrir a la modalidad a distancia\u201d, observan los parlamentarios Ricardo Furlan, Andrea Freites, Myriam Mart\u00ednez y Federico Bilota, en los fundamentos del proyecto.<\/p>\n<p>\u201cNuestros estudiantes de todos los niveles y modalidades, deben tener el derecho primordial a la educaci\u00f3n. La conectividad a una red de comunicaci\u00f3n es una herramienta principal para el desarrollo del proceso ense\u00f1anza aprendizaje\u201d.<\/p>\n<p>&nbsp;<\/p>\n<p>El programa est\u00e1 destinado para aquellas familias que \u00abcuenten con un ingreso menor a la canasta b\u00e1sica, desempleados, con ayudas sociales, etc. El objetivo es que el Estado pague el servicio de Internet a las familias que m\u00e1s lo necesitan\u201d, resalt\u00f3 Andrea Freites.<\/p>\n<p>&nbsp;<\/p>\n<p>En el articulado se estima que el\u00a0programa deber\u00e1 asegurar una conectividad v\u00eda red inal\u00e1mbrica \u00a0\u2013m\u00ednima de 6 Mbps- en los hogares cuyos habitantes re\u00fanan al menos una de las condiciones establecidas. Los Parlamentarios acordaron enviar las consultas al Ejecutivo provincial, para continuar con su an\u00e1lisis en pr\u00f3ximo encuentro.<\/p>\n<p>&nbsp;<\/p>\n<p>Del encuentro de la Comisi\u00f3n de Educaci\u00f3n participaron los legisladores Ricardo Furlan, Andrea Freites, Pablo Villegas, Mar\u00eda Laura Colazo. Y de manera remota los legisladores Jorge Colazo y Mar\u00eda Victoria Vuoto y la presidencia de la mesa de debate a cargo del legislador Emanuel Trentino.<\/p>\n<p style=\"text-align: right\"><a href=\"http:\/\/www.legistdf.gob.ar\/index.php\/2021\/06\/16\/galeria-imagenes-de-la-reunion-de-la-comision-n-4-2\/\" target=\"_blank\" rel=\"noopener noreferrer\"><em>Galer\u00eda de im\u00e1genes<\/em><\/a><\/p>\n<p style=\"text-align: right\"><em>MBCH-LVV-NEGM-AT<\/em><\/p>\n<p><iframe loading=\"lazy\" title=\"EDUCACI\u00d3N: Proponen programa de conectividad educativo-social para estudiantes\" width=\"844\" height=\"475\" src=\"https:\/\/www.youtube.com\/embed\/SDn3m2xZaVM?feature=oembed\" frameborder=\"0\" allow=\"accelerometer; autoplay; clipboard-write; encrypted-media; gyroscope; picture-in-picture; web-share\" allowfullscreen><\/iframe><\/p>\n","protected":false},"excerpt":{"rendered":"<p>Ushuaia, mi\u00e9rcoles 16 de junio de 2021.- Los Legisladores acordaron avanzar con el proyecto de creaci\u00f3n del programa de conectividad educativo-social, que busca acompa\u00f1ar a las familias en situaci\u00f3n de vulnerabilidad que no puedan acceder al servicio de Internet para estudiantes de todos los niveles educativos. &nbsp; La iniciativa prev\u00e9 que sea el Estado quien [&hellip;]<\/p>\n","protected":false},"author":352,"featured_media":25497,"comment_status":"closed","ping_status":"open","sticky":false,"template":"","format":"standard","meta":{"jetpack_post_was_ever_published":false,"_jetpack_newsletter_access":"","_jetpack_dont_email_post_to_subs":false,"_jetpack_newsletter_tier_id":0,"footnotes":"","jetpack_publicize_message":"","jetpack_publicize_feature_enabled":true,"jetpack_social_post_already_shared":true,"jetpack_social_options":{"image_generator_settings":{"template":"highway","enabled":false}}},"categories":[1],"tags":[81,84,1911,80,1818,78,79,87],"jetpack_publicize_connections":[],"jetpack_sharing_enabled":true,"jetpack_featured_media_url":"https:\/\/www.legistdf.gob.ar\/wp-content\/uploads\/2021\/06\/IMG_0550.jpg","jetpack-related-posts":[],"_links":{"self":[{"href":"https:\/\/www.legistdf.gob.ar\/index.php\/wp-json\/wp\/v2\/posts\/25525"}],"collection":[{"href":"https:\/\/www.legistdf.gob.ar\/index.php\/wp-json\/wp\/v2\/posts"}],"about":[{"href":"https:\/\/www.legistdf.gob.ar\/index.php\/wp-json\/wp\/v2\/types\/post"}],"author":[{"embeddable":true,"href":"https:\/\/www.legistdf.gob.ar\/index.php\/wp-json\/wp\/v2\/users\/352"}],"replies":[{"embeddable":true,"href":"https:\/\/www.legistdf.gob.ar\/index.php\/wp-json\/wp\/v2\/comments?post=25525"}],"version-history":[{"count":1,"href":"https:\/\/www.legistdf.gob.ar\/index.php\/wp-json\/wp\/v2\/posts\/25525\/revisions"}],"predecessor-version":[{"id":25527,"href":"https:\/\/www.legistdf.gob.ar\/index.php\/wp-json\/wp\/v2\/posts\/25525\/revisions\/25527"}],"wp:featuredmedia":[{"embeddable":true,"href":"https:\/\/www.legistdf.gob.ar\/index.php\/wp-json\/wp\/v2\/media\/25497"}],"wp:attachment":[{"href":"https:\/\/www.legistdf.gob.ar\/index.php\/wp-json\/wp\/v2\/media?parent=25525"}],"wp:term":[{"taxonomy":"category","embeddable":true,"href":"https:\/\/www.legistdf.gob.ar\/index.php\/wp-json\/wp\/v2\/categories?post=25525"},{"taxonomy":"post_tag","embeddable":true,"href":"https:\/\/www.legistdf.gob.ar\/index.php\/wp-json\/wp\/v2\/tags?post=25525"}],"curies":[{"name":"wp","href":"https:\/\/api.w.org\/{rel}","templated":true}]}}