{"id":25740,"date":"2021-06-24T17:08:19","date_gmt":"2021-06-24T20:08:19","guid":{"rendered":"http:\/\/www.legistdf.gob.ar\/?p=25740"},"modified":"2021-06-25T10:53:07","modified_gmt":"2021-06-25T13:53:07","slug":"habitat-urquiza-participo-del-lanzamiento-del-programa-casa-propia-casa-activa","status":"publish","type":"post","link":"https:\/\/www.legistdf.gob.ar\/index.php\/2021\/06\/24\/habitat-urquiza-participo-del-lanzamiento-del-programa-casa-propia-casa-activa\/","title":{"rendered":"H\u00c1BITAT: Urquiza particip\u00f3 del lanzamiento del programa Casa Propia &#8211; Casa Activa"},"content":{"rendered":"<p><strong><img loading=\"lazy\" decoding=\"async\" data-attachment-id=\"25745\" data-permalink=\"https:\/\/www.legistdf.gob.ar\/index.php\/2021\/06\/24\/habitat-urquiza-participo-del-lanzamiento-del-programa-casa-propia-casa-activa\/urquiza-casa-propia-casa-activa\/\" data-orig-file=\"https:\/\/www.legistdf.gob.ar\/wp-content\/uploads\/2021\/06\/URQUIZA-CASA-PROPIA-CASA-ACTIVA.jpeg\" data-orig-size=\"1280,720\" data-comments-opened=\"0\" data-image-meta=\"{&quot;aperture&quot;:&quot;0&quot;,&quot;credit&quot;:&quot;&quot;,&quot;camera&quot;:&quot;&quot;,&quot;caption&quot;:&quot;&quot;,&quot;created_timestamp&quot;:&quot;0&quot;,&quot;copyright&quot;:&quot;&quot;,&quot;focal_length&quot;:&quot;0&quot;,&quot;iso&quot;:&quot;0&quot;,&quot;shutter_speed&quot;:&quot;0&quot;,&quot;title&quot;:&quot;&quot;,&quot;orientation&quot;:&quot;0&quot;}\" data-image-title=\"URQUIZA CASA PROPIA CASA ACTIVA\" data-image-description=\"\" data-image-caption=\"\" data-medium-file=\"https:\/\/www.legistdf.gob.ar\/wp-content\/uploads\/2021\/06\/URQUIZA-CASA-PROPIA-CASA-ACTIVA-300x169.jpeg\" data-large-file=\"https:\/\/www.legistdf.gob.ar\/wp-content\/uploads\/2021\/06\/URQUIZA-CASA-PROPIA-CASA-ACTIVA-1024x576.jpeg\" class=\"alignleft wp-image-25745 size-medium\" src=\"http:\/\/www.legistdf.gob.ar\/wp-content\/uploads\/2021\/06\/URQUIZA-CASA-PROPIA-CASA-ACTIVA-300x169.jpeg\" alt=\"\" width=\"300\" height=\"169\" srcset=\"https:\/\/www.legistdf.gob.ar\/wp-content\/uploads\/2021\/06\/URQUIZA-CASA-PROPIA-CASA-ACTIVA-300x169.jpeg 300w, https:\/\/www.legistdf.gob.ar\/wp-content\/uploads\/2021\/06\/URQUIZA-CASA-PROPIA-CASA-ACTIVA-768x432.jpeg 768w, https:\/\/www.legistdf.gob.ar\/wp-content\/uploads\/2021\/06\/URQUIZA-CASA-PROPIA-CASA-ACTIVA-1024x576.jpeg 1024w, https:\/\/www.legistdf.gob.ar\/wp-content\/uploads\/2021\/06\/URQUIZA-CASA-PROPIA-CASA-ACTIVA-160x90.jpeg 160w, https:\/\/www.legistdf.gob.ar\/wp-content\/uploads\/2021\/06\/URQUIZA-CASA-PROPIA-CASA-ACTIVA.jpeg 1280w\" sizes=\"(max-width: 300px) 100vw, 300px\" \/>Ushuaia, jueves 24 de junio de 2021-\u00a0 La vicegobernadora de la Provincia de Tierra del Fuego, Ant\u00e1rtida e Islas del Atl\u00e1ntico Sur, M\u00f3nica Urquiza particip\u00f3 este jueves del acto de lanzamiento de \u201cCasa Propia- Casa Activa\u201d.<\/strong><\/p>\n<p>&nbsp;<\/p>\n<p>El lanzamiento virtual fue presidido por el presidente de la Naci\u00f3n, Dr. Alberto Fern\u00e1ndez en el Museo del Bicentenario de la Casa de Gobierno. Estuvo acompa\u00f1ado por el ministro de Desarrollo Territorial y H\u00e1bitat, Jorge Ferraresi, y la directora Ejecutiva del Programa de Asistencia M\u00e9dica Integral (PAMI), Luana Volnovich.<\/p>\n<p>&nbsp;<\/p>\n<p>\u201cCasa Propia- Casa Activa\u201d es un programa del Ministerio de Desarrollo Territorial y H\u00e1bitat en conjunto con el PAMI, a trav\u00e9s del cual se construir\u00e1n viviendas y equipamientos en espacios comunes, donde se puedan llevar adelante actividades educativas, deportivas y de recreaci\u00f3n, contemplando adem\u00e1s un centro de d\u00eda de atenci\u00f3n.<img loading=\"lazy\" decoding=\"async\" data-attachment-id=\"25743\" data-permalink=\"https:\/\/www.legistdf.gob.ar\/index.php\/2021\/06\/24\/habitat-urquiza-participo-del-lanzamiento-del-programa-casa-propia-casa-activa\/urquiza-casa-propia-casa-activa-1\/\" data-orig-file=\"https:\/\/www.legistdf.gob.ar\/wp-content\/uploads\/2021\/06\/URQUIZA-CASA-PROPIA-CASA-ACTIVA-1.jpeg\" data-orig-size=\"1280,720\" data-comments-opened=\"0\" data-image-meta=\"{&quot;aperture&quot;:&quot;0&quot;,&quot;credit&quot;:&quot;&quot;,&quot;camera&quot;:&quot;&quot;,&quot;caption&quot;:&quot;&quot;,&quot;created_timestamp&quot;:&quot;0&quot;,&quot;copyright&quot;:&quot;&quot;,&quot;focal_length&quot;:&quot;0&quot;,&quot;iso&quot;:&quot;0&quot;,&quot;shutter_speed&quot;:&quot;0&quot;,&quot;title&quot;:&quot;&quot;,&quot;orientation&quot;:&quot;0&quot;}\" data-image-title=\"URQUIZA CASA PROPIA CASA ACTIVA 1\" data-image-description=\"\" data-image-caption=\"\" data-medium-file=\"https:\/\/www.legistdf.gob.ar\/wp-content\/uploads\/2021\/06\/URQUIZA-CASA-PROPIA-CASA-ACTIVA-1-300x169.jpeg\" data-large-file=\"https:\/\/www.legistdf.gob.ar\/wp-content\/uploads\/2021\/06\/URQUIZA-CASA-PROPIA-CASA-ACTIVA-1-1024x576.jpeg\" class=\"alignright wp-image-25743 size-medium\" src=\"http:\/\/www.legistdf.gob.ar\/wp-content\/uploads\/2021\/06\/URQUIZA-CASA-PROPIA-CASA-ACTIVA-1-300x169.jpeg\" alt=\"\" width=\"300\" height=\"169\" srcset=\"https:\/\/www.legistdf.gob.ar\/wp-content\/uploads\/2021\/06\/URQUIZA-CASA-PROPIA-CASA-ACTIVA-1-300x169.jpeg 300w, https:\/\/www.legistdf.gob.ar\/wp-content\/uploads\/2021\/06\/URQUIZA-CASA-PROPIA-CASA-ACTIVA-1-768x432.jpeg 768w, https:\/\/www.legistdf.gob.ar\/wp-content\/uploads\/2021\/06\/URQUIZA-CASA-PROPIA-CASA-ACTIVA-1-1024x576.jpeg 1024w, https:\/\/www.legistdf.gob.ar\/wp-content\/uploads\/2021\/06\/URQUIZA-CASA-PROPIA-CASA-ACTIVA-1-160x90.jpeg 160w, https:\/\/www.legistdf.gob.ar\/wp-content\/uploads\/2021\/06\/URQUIZA-CASA-PROPIA-CASA-ACTIVA-1.jpeg 1280w\" sizes=\"(max-width: 300px) 100vw, 300px\" \/><\/p>\n<p>&nbsp;<\/p>\n<p>Esta iniciativa de h\u00e1bitat integral para adultos mayores, consiste en viviendas para personas de m\u00e1s de 60 a\u00f1os y contempla la construcci\u00f3n de 100 complejos habitacionales en todo el pa\u00eds.<\/p>\n<p>&nbsp;<\/p>\n<p>En este sentido, Urquiza destac\u00f3 \u201cla decisi\u00f3n del Gobierno nacional en materia habitacional ya que se trata de un proyecto pionero en la regi\u00f3n. Estamos hablando de un modelo que apunta al cuidado de nuestros adultos mayores. Dar una respuesta concreta, es visibilizar esta problem\u00e1tica\u201d.<\/p>\n<p>&nbsp;<\/p>\n<p>Asimismo, resalt\u00f3 que \u201ces sumamente importante promover el desarrollo humano de nuestros adultos mayores con una mirada m\u00e1s solidaria y colaborativa\u201d entendiendo que \u201cun Estado presente que construye, piensa en el futuro\u201d, concluy\u00f3.<\/p>\n<p>&nbsp;<\/p>\n<p>&nbsp;<\/p>\n<p>&nbsp;<\/p>\n\n\t\t<style type=\"text\/css\">\n\t\t\t#gallery-1 {\n\t\t\t\tmargin: auto;\n\t\t\t}\n\t\t\t#gallery-1 .gallery-item {\n\t\t\t\tfloat: left;\n\t\t\t\tmargin-top: 10px;\n\t\t\t\ttext-align: center;\n\t\t\t\twidth: 33%;\n\t\t\t}\n\t\t\t#gallery-1 img {\n\t\t\t\tborder: 2px solid #cfcfcf;\n\t\t\t}\n\t\t\t#gallery-1 .gallery-caption {\n\t\t\t\tmargin-left: 0;\n\t\t\t}\n\t\t\t\/* see gallery_shortcode() in wp-includes\/media.php *\/\n\t\t<\/style>\n\t\t<div data-carousel-extra='{\"blog_id\":1,\"permalink\":\"https:\\\/\\\/www.legistdf.gob.ar\\\/index.php\\\/2021\\\/06\\\/24\\\/habitat-urquiza-participo-del-lanzamiento-del-programa-casa-propia-casa-activa\\\/\"}' id='gallery-1' class='gallery galleryid-25740 gallery-columns-3 gallery-size-thumbnail'><dl class='gallery-item'>\n\t\t\t<dt class='gallery-icon landscape'>\n\t\t\t\t<a href='https:\/\/www.legistdf.gob.ar\/index.php\/2021\/06\/24\/habitat-urquiza-participo-del-lanzamiento-del-programa-casa-propia-casa-activa\/urquiza-casa-propia-casa-activa-1\/'><img loading=\"lazy\" decoding=\"async\" width=\"150\" height=\"150\" src=\"https:\/\/www.legistdf.gob.ar\/wp-content\/uploads\/2021\/06\/URQUIZA-CASA-PROPIA-CASA-ACTIVA-1-150x150.jpeg\" class=\"attachment-thumbnail size-thumbnail\" alt=\"\" srcset=\"https:\/\/www.legistdf.gob.ar\/wp-content\/uploads\/2021\/06\/URQUIZA-CASA-PROPIA-CASA-ACTIVA-1-150x150.jpeg 150w, https:\/\/www.legistdf.gob.ar\/wp-content\/uploads\/2021\/06\/URQUIZA-CASA-PROPIA-CASA-ACTIVA-1-64x64.jpeg 64w\" sizes=\"(max-width: 150px) 100vw, 150px\" data-attachment-id=\"25743\" data-permalink=\"https:\/\/www.legistdf.gob.ar\/index.php\/2021\/06\/24\/habitat-urquiza-participo-del-lanzamiento-del-programa-casa-propia-casa-activa\/urquiza-casa-propia-casa-activa-1\/\" data-orig-file=\"https:\/\/www.legistdf.gob.ar\/wp-content\/uploads\/2021\/06\/URQUIZA-CASA-PROPIA-CASA-ACTIVA-1.jpeg\" data-orig-size=\"1280,720\" data-comments-opened=\"0\" data-image-meta=\"{&quot;aperture&quot;:&quot;0&quot;,&quot;credit&quot;:&quot;&quot;,&quot;camera&quot;:&quot;&quot;,&quot;caption&quot;:&quot;&quot;,&quot;created_timestamp&quot;:&quot;0&quot;,&quot;copyright&quot;:&quot;&quot;,&quot;focal_length&quot;:&quot;0&quot;,&quot;iso&quot;:&quot;0&quot;,&quot;shutter_speed&quot;:&quot;0&quot;,&quot;title&quot;:&quot;&quot;,&quot;orientation&quot;:&quot;0&quot;}\" data-image-title=\"URQUIZA CASA PROPIA CASA ACTIVA 1\" data-image-description=\"\" data-image-caption=\"\" data-medium-file=\"https:\/\/www.legistdf.gob.ar\/wp-content\/uploads\/2021\/06\/URQUIZA-CASA-PROPIA-CASA-ACTIVA-1-300x169.jpeg\" data-large-file=\"https:\/\/www.legistdf.gob.ar\/wp-content\/uploads\/2021\/06\/URQUIZA-CASA-PROPIA-CASA-ACTIVA-1-1024x576.jpeg\" \/><\/a>\n\t\t\t<\/dt><\/dl><dl class='gallery-item'>\n\t\t\t<dt class='gallery-icon landscape'>\n\t\t\t\t<a href='https:\/\/www.legistdf.gob.ar\/index.php\/2021\/06\/24\/habitat-urquiza-participo-del-lanzamiento-del-programa-casa-propia-casa-activa\/urquiza-casa-propia-casa-activa-3\/'><img loading=\"lazy\" decoding=\"async\" width=\"150\" height=\"150\" src=\"https:\/\/www.legistdf.gob.ar\/wp-content\/uploads\/2021\/06\/URQUIZA-CASA-PROPIA-CASA-ACTIVA-3-150x150.jpeg\" class=\"attachment-thumbnail size-thumbnail\" alt=\"\" srcset=\"https:\/\/www.legistdf.gob.ar\/wp-content\/uploads\/2021\/06\/URQUIZA-CASA-PROPIA-CASA-ACTIVA-3-150x150.jpeg 150w, https:\/\/www.legistdf.gob.ar\/wp-content\/uploads\/2021\/06\/URQUIZA-CASA-PROPIA-CASA-ACTIVA-3-64x64.jpeg 64w\" sizes=\"(max-width: 150px) 100vw, 150px\" data-attachment-id=\"25744\" data-permalink=\"https:\/\/www.legistdf.gob.ar\/index.php\/2021\/06\/24\/habitat-urquiza-participo-del-lanzamiento-del-programa-casa-propia-casa-activa\/urquiza-casa-propia-casa-activa-3\/\" data-orig-file=\"https:\/\/www.legistdf.gob.ar\/wp-content\/uploads\/2021\/06\/URQUIZA-CASA-PROPIA-CASA-ACTIVA-3.jpeg\" data-orig-size=\"1280,725\" data-comments-opened=\"0\" data-image-meta=\"{&quot;aperture&quot;:&quot;0&quot;,&quot;credit&quot;:&quot;&quot;,&quot;camera&quot;:&quot;&quot;,&quot;caption&quot;:&quot;&quot;,&quot;created_timestamp&quot;:&quot;0&quot;,&quot;copyright&quot;:&quot;&quot;,&quot;focal_length&quot;:&quot;0&quot;,&quot;iso&quot;:&quot;0&quot;,&quot;shutter_speed&quot;:&quot;0&quot;,&quot;title&quot;:&quot;&quot;,&quot;orientation&quot;:&quot;0&quot;}\" data-image-title=\"URQUIZA CASA PROPIA CASA ACTIVA 3\" data-image-description=\"\" data-image-caption=\"\" data-medium-file=\"https:\/\/www.legistdf.gob.ar\/wp-content\/uploads\/2021\/06\/URQUIZA-CASA-PROPIA-CASA-ACTIVA-3-300x170.jpeg\" data-large-file=\"https:\/\/www.legistdf.gob.ar\/wp-content\/uploads\/2021\/06\/URQUIZA-CASA-PROPIA-CASA-ACTIVA-3-1024x580.jpeg\" \/><\/a>\n\t\t\t<\/dt><\/dl><dl class='gallery-item'>\n\t\t\t<dt class='gallery-icon landscape'>\n\t\t\t\t<a href='https:\/\/www.legistdf.gob.ar\/index.php\/2021\/06\/24\/habitat-urquiza-participo-del-lanzamiento-del-programa-casa-propia-casa-activa\/urquiza-casa-propia-casa-activa\/'><img loading=\"lazy\" decoding=\"async\" width=\"150\" height=\"150\" src=\"https:\/\/www.legistdf.gob.ar\/wp-content\/uploads\/2021\/06\/URQUIZA-CASA-PROPIA-CASA-ACTIVA-150x150.jpeg\" class=\"attachment-thumbnail size-thumbnail\" alt=\"\" srcset=\"https:\/\/www.legistdf.gob.ar\/wp-content\/uploads\/2021\/06\/URQUIZA-CASA-PROPIA-CASA-ACTIVA-150x150.jpeg 150w, https:\/\/www.legistdf.gob.ar\/wp-content\/uploads\/2021\/06\/URQUIZA-CASA-PROPIA-CASA-ACTIVA-64x64.jpeg 64w\" sizes=\"(max-width: 150px) 100vw, 150px\" data-attachment-id=\"25745\" data-permalink=\"https:\/\/www.legistdf.gob.ar\/index.php\/2021\/06\/24\/habitat-urquiza-participo-del-lanzamiento-del-programa-casa-propia-casa-activa\/urquiza-casa-propia-casa-activa\/\" data-orig-file=\"https:\/\/www.legistdf.gob.ar\/wp-content\/uploads\/2021\/06\/URQUIZA-CASA-PROPIA-CASA-ACTIVA.jpeg\" data-orig-size=\"1280,720\" data-comments-opened=\"0\" data-image-meta=\"{&quot;aperture&quot;:&quot;0&quot;,&quot;credit&quot;:&quot;&quot;,&quot;camera&quot;:&quot;&quot;,&quot;caption&quot;:&quot;&quot;,&quot;created_timestamp&quot;:&quot;0&quot;,&quot;copyright&quot;:&quot;&quot;,&quot;focal_length&quot;:&quot;0&quot;,&quot;iso&quot;:&quot;0&quot;,&quot;shutter_speed&quot;:&quot;0&quot;,&quot;title&quot;:&quot;&quot;,&quot;orientation&quot;:&quot;0&quot;}\" data-image-title=\"URQUIZA CASA PROPIA CASA ACTIVA\" data-image-description=\"\" data-image-caption=\"\" data-medium-file=\"https:\/\/www.legistdf.gob.ar\/wp-content\/uploads\/2021\/06\/URQUIZA-CASA-PROPIA-CASA-ACTIVA-300x169.jpeg\" data-large-file=\"https:\/\/www.legistdf.gob.ar\/wp-content\/uploads\/2021\/06\/URQUIZA-CASA-PROPIA-CASA-ACTIVA-1024x576.jpeg\" \/><\/a>\n\t\t\t<\/dt><\/dl><br style=\"clear: both\" \/>\n\t\t<\/div>\n\n","protected":false},"excerpt":{"rendered":"<p>Ushuaia, jueves 24 de junio de 2021-\u00a0 La vicegobernadora de la Provincia de Tierra del Fuego, Ant\u00e1rtida e Islas del Atl\u00e1ntico Sur, M\u00f3nica Urquiza particip\u00f3 este jueves del acto de lanzamiento de \u201cCasa Propia- Casa Activa\u201d. &nbsp; El lanzamiento virtual fue presidido por el presidente de la Naci\u00f3n, Dr. Alberto Fern\u00e1ndez en el Museo del [&hellip;]<\/p>\n","protected":false},"author":352,"featured_media":25745,"comment_status":"closed","ping_status":"open","sticky":false,"template":"","format":"standard","meta":{"jetpack_post_was_ever_published":false,"_jetpack_newsletter_access":"","_jetpack_dont_email_post_to_subs":false,"_jetpack_newsletter_tier_id":0,"footnotes":"","jetpack_publicize_message":"","jetpack_publicize_feature_enabled":true,"jetpack_social_post_already_shared":true,"jetpack_social_options":{"image_generator_settings":{"template":"highway","enabled":false}}},"categories":[1],"tags":[2102,2258,2263,2262,2259,144,2260,2261],"jetpack_publicize_connections":[],"jetpack_sharing_enabled":true,"jetpack_featured_media_url":"https:\/\/www.legistdf.gob.ar\/wp-content\/uploads\/2021\/06\/URQUIZA-CASA-PROPIA-CASA-ACTIVA.jpeg","jetpack-related-posts":[],"_links":{"self":[{"href":"https:\/\/www.legistdf.gob.ar\/index.php\/wp-json\/wp\/v2\/posts\/25740"}],"collection":[{"href":"https:\/\/www.legistdf.gob.ar\/index.php\/wp-json\/wp\/v2\/posts"}],"about":[{"href":"https:\/\/www.legistdf.gob.ar\/index.php\/wp-json\/wp\/v2\/types\/post"}],"author":[{"embeddable":true,"href":"https:\/\/www.legistdf.gob.ar\/index.php\/wp-json\/wp\/v2\/users\/352"}],"replies":[{"embeddable":true,"href":"https:\/\/www.legistdf.gob.ar\/index.php\/wp-json\/wp\/v2\/comments?post=25740"}],"version-history":[{"count":2,"href":"https:\/\/www.legistdf.gob.ar\/index.php\/wp-json\/wp\/v2\/posts\/25740\/revisions"}],"predecessor-version":[{"id":25756,"href":"https:\/\/www.legistdf.gob.ar\/index.php\/wp-json\/wp\/v2\/posts\/25740\/revisions\/25756"}],"wp:featuredmedia":[{"embeddable":true,"href":"https:\/\/www.legistdf.gob.ar\/index.php\/wp-json\/wp\/v2\/media\/25745"}],"wp:attachment":[{"href":"https:\/\/www.legistdf.gob.ar\/index.php\/wp-json\/wp\/v2\/media?parent=25740"}],"wp:term":[{"taxonomy":"category","embeddable":true,"href":"https:\/\/www.legistdf.gob.ar\/index.php\/wp-json\/wp\/v2\/categories?post=25740"},{"taxonomy":"post_tag","embeddable":true,"href":"https:\/\/www.legistdf.gob.ar\/index.php\/wp-json\/wp\/v2\/tags?post=25740"}],"curies":[{"name":"wp","href":"https:\/\/api.w.org\/{rel}","templated":true}]}}