{"id":25799,"date":"2021-06-29T20:47:33","date_gmt":"2021-06-29T23:47:33","guid":{"rendered":"http:\/\/www.legistdf.gob.ar\/?p=25799"},"modified":"2021-06-29T20:47:33","modified_gmt":"2021-06-29T23:47:33","slug":"educacion-acosta-diserto-junto-a-estudiantes-del-colegio-eva-peron-sobre-la-constitucion-fueguina","status":"publish","type":"post","link":"https:\/\/www.legistdf.gob.ar\/index.php\/2021\/06\/29\/educacion-acosta-diserto-junto-a-estudiantes-del-colegio-eva-peron-sobre-la-constitucion-fueguina\/","title":{"rendered":"EDUCACI\u00d3N: Acosta disert\u00f3 junto a estudiantes del Colegio Eva Per\u00f3n sobre la Constituci\u00f3n fueguina"},"content":{"rendered":"<p><strong><img loading=\"lazy\" decoding=\"async\" data-attachment-id=\"25802\" data-permalink=\"https:\/\/www.legistdf.gob.ar\/index.php\/2021\/06\/29\/educacion-acosta-diserto-junto-a-estudiantes-del-colegio-eva-peron-sobre-la-constitucion-fueguina\/img_5733\/\" data-orig-file=\"https:\/\/www.legistdf.gob.ar\/wp-content\/uploads\/2021\/06\/IMG_5733.jpg\" data-orig-size=\"1000,667\" data-comments-opened=\"0\" data-image-meta=\"{&quot;aperture&quot;:&quot;0&quot;,&quot;credit&quot;:&quot;&quot;,&quot;camera&quot;:&quot;&quot;,&quot;caption&quot;:&quot;&quot;,&quot;created_timestamp&quot;:&quot;0&quot;,&quot;copyright&quot;:&quot;2020 TDF&quot;,&quot;focal_length&quot;:&quot;0&quot;,&quot;iso&quot;:&quot;0&quot;,&quot;shutter_speed&quot;:&quot;0&quot;,&quot;title&quot;:&quot;&quot;,&quot;orientation&quot;:&quot;0&quot;}\" data-image-title=\"IMG_5733\" data-image-description=\"\" data-image-caption=\"\" data-medium-file=\"https:\/\/www.legistdf.gob.ar\/wp-content\/uploads\/2021\/06\/IMG_5733-300x200.jpg\" data-large-file=\"https:\/\/www.legistdf.gob.ar\/wp-content\/uploads\/2021\/06\/IMG_5733.jpg\" class=\"alignleft wp-image-25802 size-medium\" src=\"http:\/\/www.legistdf.gob.ar\/wp-content\/uploads\/2021\/06\/IMG_5733-300x200.jpg\" alt=\"\" width=\"300\" height=\"200\" srcset=\"https:\/\/www.legistdf.gob.ar\/wp-content\/uploads\/2021\/06\/IMG_5733-300x200.jpg 300w, https:\/\/www.legistdf.gob.ar\/wp-content\/uploads\/2021\/06\/IMG_5733-768x512.jpg 768w, https:\/\/www.legistdf.gob.ar\/wp-content\/uploads\/2021\/06\/IMG_5733-160x107.jpg 160w, https:\/\/www.legistdf.gob.ar\/wp-content\/uploads\/2021\/06\/IMG_5733.jpg 1000w\" sizes=\"(max-width: 300px) 100vw, 300px\" \/> Ushuaia, martes 29 de junio de 2021.- En el marco del mes por el 30\u00b0 aniversario de la Provincia, la legisladora M\u00f3nica Acosta (FORJA) disert\u00f3 frente a estudiantes del \u00faltimo a\u00f1o del Colegio Eva Duarte de Per\u00f3n de Ushuaia. La directora de la instituci\u00f3n, Paula S\u00e1nchez record\u00f3 que por Ley provincial se toma el juramento a la Carta Magna los primeros d\u00edas de junio de cada a\u00f1o. Se trata de una jornada de reflexi\u00f3n y trabajo junto a referentes pol\u00edticos y sociales de Tierra del Fuego.<\/strong><\/p>\n<p>&nbsp;<\/p>\n<p>En di\u00e1logo con Prensa Legislativa, Acosta sostuvo que es de importancia que \u201clos estudiantes tengan la oportunidad de conocer cu\u00e1l fue el origen\u201d de Tierra del Fuego y de la jura que se dio en 1991. Apunt\u00f3 adem\u00e1s al valioso aporte que podr\u00edan dar 15 de los 19 convencionales constituyentes que viven entre los fueguinos.<\/p>\n<p>&nbsp;<\/p>\n<p><img loading=\"lazy\" decoding=\"async\" data-attachment-id=\"25801\" data-permalink=\"https:\/\/www.legistdf.gob.ar\/index.php\/2021\/06\/29\/educacion-acosta-diserto-junto-a-estudiantes-del-colegio-eva-peron-sobre-la-constitucion-fueguina\/img_5715-2\/\" data-orig-file=\"https:\/\/www.legistdf.gob.ar\/wp-content\/uploads\/2021\/06\/IMG_5715.jpg\" data-orig-size=\"1000,667\" data-comments-opened=\"0\" data-image-meta=\"{&quot;aperture&quot;:&quot;0&quot;,&quot;credit&quot;:&quot;&quot;,&quot;camera&quot;:&quot;&quot;,&quot;caption&quot;:&quot;&quot;,&quot;created_timestamp&quot;:&quot;0&quot;,&quot;copyright&quot;:&quot;2020 TDF&quot;,&quot;focal_length&quot;:&quot;0&quot;,&quot;iso&quot;:&quot;0&quot;,&quot;shutter_speed&quot;:&quot;0&quot;,&quot;title&quot;:&quot;&quot;,&quot;orientation&quot;:&quot;0&quot;}\" data-image-title=\"IMG_5715\" data-image-description=\"\" data-image-caption=\"\" data-medium-file=\"https:\/\/www.legistdf.gob.ar\/wp-content\/uploads\/2021\/06\/IMG_5715-300x200.jpg\" data-large-file=\"https:\/\/www.legistdf.gob.ar\/wp-content\/uploads\/2021\/06\/IMG_5715.jpg\" class=\"wp-image-25801 size-medium alignright\" src=\"http:\/\/www.legistdf.gob.ar\/wp-content\/uploads\/2021\/06\/IMG_5715-300x200.jpg\" alt=\"\" width=\"300\" height=\"200\" srcset=\"https:\/\/www.legistdf.gob.ar\/wp-content\/uploads\/2021\/06\/IMG_5715-300x200.jpg 300w, https:\/\/www.legistdf.gob.ar\/wp-content\/uploads\/2021\/06\/IMG_5715-768x512.jpg 768w, https:\/\/www.legistdf.gob.ar\/wp-content\/uploads\/2021\/06\/IMG_5715-160x107.jpg 160w, https:\/\/www.legistdf.gob.ar\/wp-content\/uploads\/2021\/06\/IMG_5715.jpg 1000w\" sizes=\"(max-width: 300px) 100vw, 300px\" \/><\/p>\n<p>La integrante de la bancada de FORJA, se mostr\u00f3 proclive a generar \u201cconciencia c\u00edvica y de derechos\u201d y que todo puede\u00a0adaptarse a nuestra \u00e9poca y generar actualizaciones necesarias. Pidi\u00f3, asimismo, que la \u201cjuventud se apropie y de sentir orgullo de construir algo propio\u201d.<\/p>\n<p>&nbsp;<\/p>\n<p>Evalu\u00f3 que es necesario transmitir a los m\u00e1s j\u00f3venes, el hecho de defender los intereses de la Provincia. \u201cEs nuestro mayor desaf\u00edo poder transmitir\u201d la importancia que tiene la participaci<\/p>\n<p>\u00f3n activa, conocer garant\u00edas, derechos y sus deberes, dijo. \u201cEs fundamental generar una motivaci\u00f3n\u201d en la participaci\u00f3n ciudadana, consider\u00f3.<\/p>\n<p>&nbsp;<\/p>\n<p><img loading=\"lazy\" decoding=\"async\" data-attachment-id=\"25800\" data-permalink=\"https:\/\/www.legistdf.gob.ar\/index.php\/2021\/06\/29\/educacion-acosta-diserto-junto-a-estudiantes-del-colegio-eva-peron-sobre-la-constitucion-fueguina\/img_5712-2\/\" data-orig-file=\"https:\/\/www.legistdf.gob.ar\/wp-content\/uploads\/2021\/06\/IMG_5712.jpg\" data-orig-size=\"1000,667\" data-comments-opened=\"0\" data-image-meta=\"{&quot;aperture&quot;:&quot;0&quot;,&quot;credit&quot;:&quot;&quot;,&quot;camera&quot;:&quot;&quot;,&quot;caption&quot;:&quot;&quot;,&quot;created_timestamp&quot;:&quot;0&quot;,&quot;copyright&quot;:&quot;2020 TDF&quot;,&quot;focal_length&quot;:&quot;0&quot;,&quot;iso&quot;:&quot;0&quot;,&quot;shutter_speed&quot;:&quot;0&quot;,&quot;title&quot;:&quot;&quot;,&quot;orientation&quot;:&quot;0&quot;}\" data-image-title=\"IMG_5712\" data-image-description=\"\" data-image-caption=\"\" data-medium-file=\"https:\/\/www.legistdf.gob.ar\/wp-content\/uploads\/2021\/06\/IMG_5712-300x200.jpg\" data-large-file=\"https:\/\/www.legistdf.gob.ar\/wp-content\/uploads\/2021\/06\/IMG_5712.jpg\" class=\"alignleft wp-image-25800 size-medium\" src=\"http:\/\/www.legistdf.gob.ar\/wp-content\/uploads\/2021\/06\/IMG_5712-300x200.jpg\" alt=\"\" width=\"300\" height=\"200\" srcset=\"https:\/\/www.legistdf.gob.ar\/wp-content\/uploads\/2021\/06\/IMG_5712-300x200.jpg 300w, https:\/\/www.legistdf.gob.ar\/wp-content\/uploads\/2021\/06\/IMG_5712-768x512.jpg 768w, https:\/\/www.legistdf.gob.ar\/wp-content\/uploads\/2021\/06\/IMG_5712-160x107.jpg 160w, https:\/\/www.legistdf.gob.ar\/wp-content\/uploads\/2021\/06\/IMG_5712.jpg 1000w\" sizes=\"(max-width: 300px) 100vw, 300px\" \/><\/p>\n<p>Respecto de su intercambio con los estudiantes del colegio inaugurado en 2019, Acosta dijo que ahondaron en \u201cno sentir la imposici\u00f3n de un culto en particular, desde la Constituci\u00f3n Nacional\u00a0 y la fueguina\u201d, algo que entendi\u00f3 \u201cabsolutamente correcto\u201d y refiri\u00f3 al tiempo del pa\u00eds \u201cd\u00f3nde se siguen ampliando derechos a todos los ciudadanos\u201d.<\/p>\n<p>&nbsp;<\/p>\n<p>Tambi\u00e9n disert\u00f3 sobre la realidad econ\u00f3mica, \u201cen la que nos vemos involucrados como Provincia\u201d y de all\u00ed, y perteneciente al sector, cont\u00f3 detalles sobre el subr\u00e9gimen de promoci\u00f3n industrial; sobre el vencimiento de la normativa nacional y \u201ccu\u00e1nto atraviesa en el derecho, de permanencia y arraigo de las familias, sino tambi\u00e9n lo establecido que tiene que ver con la soberan\u00eda y su defensa\u201d, dijo a Prensa Legislativa.<\/p>\n<p>&nbsp;<\/p>\n<p>En otro orden, Acosta salud\u00f3 el compromiso asumido por el Parlamento de dotar de \u201ccasi 2800 ejemplares\u201d del texto normativo de Tierra del Fuego a los colegios de la Provincia.<\/p>\n<p>&nbsp;<\/p>\n<p><img loading=\"lazy\" decoding=\"async\" data-attachment-id=\"25803\" data-permalink=\"https:\/\/www.legistdf.gob.ar\/index.php\/2021\/06\/29\/educacion-acosta-diserto-junto-a-estudiantes-del-colegio-eva-peron-sobre-la-constitucion-fueguina\/img_5740\/\" data-orig-file=\"https:\/\/www.legistdf.gob.ar\/wp-content\/uploads\/2021\/06\/IMG_5740.jpg\" data-orig-size=\"1000,667\" data-comments-opened=\"0\" data-image-meta=\"{&quot;aperture&quot;:&quot;0&quot;,&quot;credit&quot;:&quot;&quot;,&quot;camera&quot;:&quot;&quot;,&quot;caption&quot;:&quot;&quot;,&quot;created_timestamp&quot;:&quot;0&quot;,&quot;copyright&quot;:&quot;2020 TDF&quot;,&quot;focal_length&quot;:&quot;0&quot;,&quot;iso&quot;:&quot;0&quot;,&quot;shutter_speed&quot;:&quot;0&quot;,&quot;title&quot;:&quot;&quot;,&quot;orientation&quot;:&quot;0&quot;}\" data-image-title=\"IMG_5740\" data-image-description=\"\" data-image-caption=\"\" data-medium-file=\"https:\/\/www.legistdf.gob.ar\/wp-content\/uploads\/2021\/06\/IMG_5740-300x200.jpg\" data-large-file=\"https:\/\/www.legistdf.gob.ar\/wp-content\/uploads\/2021\/06\/IMG_5740.jpg\" class=\"wp-image-25803 size-medium alignright\" src=\"http:\/\/www.legistdf.gob.ar\/wp-content\/uploads\/2021\/06\/IMG_5740-300x200.jpg\" alt=\"\" width=\"300\" height=\"200\" srcset=\"https:\/\/www.legistdf.gob.ar\/wp-content\/uploads\/2021\/06\/IMG_5740-300x200.jpg 300w, https:\/\/www.legistdf.gob.ar\/wp-content\/uploads\/2021\/06\/IMG_5740-768x512.jpg 768w, https:\/\/www.legistdf.gob.ar\/wp-content\/uploads\/2021\/06\/IMG_5740-160x107.jpg 160w, https:\/\/www.legistdf.gob.ar\/wp-content\/uploads\/2021\/06\/IMG_5740.jpg 1000w\" sizes=\"(max-width: 300px) 100vw, 300px\" \/><\/p>\n<p>Por su parte, la directora del Colegio Eva Duarte de Per\u00f3n, Paula S\u00e1nchez dijo que el acto se concretar\u00e1 el pr\u00f3ximo viernes 2 de julio, en 3 grupos de estudiantes bajo el protocolo sanitario por COVID-19.<\/p>\n<p>&nbsp;<\/p>\n<p>Al ciclo de charlas, invitan a distintos funcionarios de los Poderes del Estado para que diserten en el marco del mes de la Constituci\u00f3n fueguina y su jura. \u201cRecibimos la semana pasada, la visita del juez Electoral, Isidoro Arambur\u00fa\u201d en b\u00fasqueda \u2013junto a su equipo pedag\u00f3gico- sobre la posibilidad de que los estudiantes \u201cpuedan escuchar a distintos funcionarios para reflexionar y concientizarlos acerca de esta hecho tan importante. Jurar fidelidad a la Carta Magna, nuestra Ley suprema\u201d.<\/p>\n<p>&nbsp;<\/p>\n<p>S\u00e1nchez destac\u00f3, que la charla de la legisladora Acosta vers\u00f3 \u201cm\u00e1s en lo humano y no tanto en lo pol\u00edtico y la pr\u00e1ctica democr\u00e1tica que resalt\u00f3 elo funcionario judicial, d\u00edas atr\u00e1s.\u201d<\/p>\n<p>&nbsp;<\/p>\n<p>Cada acto del pr\u00f3ximo viernes ser\u00e1 por divisi\u00f3n, la instituci\u00f3n cuenta con un amplio sal\u00f3n de usos m\u00faltiples y no superar\u00e1n las 40 personas \u201ccon un acompa\u00f1ante, dos invitados\u201d y el equipo de conducci\u00f3n escolar. CuidarTDF se ocupar\u00e1 de la toma de temperatura al ingreso del establecimiento; la sanitizaci\u00f3n constante de 20 minutos entre cada acto para asegurar la higiene del lugar. \u201cTodos los cuidados estar\u00e1n para, poco a poco, volver a la normalidad\u201d, cerr\u00f3.<\/p>\n<p style=\"text-align: right\"><em>AT<\/em><\/p>\n<p><iframe loading=\"lazy\" title=\"EDUCACI\u00d3N: Acosta disert\u00f3 junto a estudiantes del Colegio Eva Per\u00f3n sobre la Constituci\u00f3n fueguina\" width=\"844\" height=\"475\" src=\"https:\/\/www.youtube.com\/embed\/D8WRRJYQreU?feature=oembed\" frameborder=\"0\" allow=\"accelerometer; autoplay; clipboard-write; encrypted-media; gyroscope; picture-in-picture; web-share\" allowfullscreen><\/iframe><\/p>\n\n\t\t<style type=\"text\/css\">\n\t\t\t#gallery-1 {\n\t\t\t\tmargin: auto;\n\t\t\t}\n\t\t\t#gallery-1 .gallery-item {\n\t\t\t\tfloat: left;\n\t\t\t\tmargin-top: 10px;\n\t\t\t\ttext-align: center;\n\t\t\t\twidth: 25%;\n\t\t\t}\n\t\t\t#gallery-1 img {\n\t\t\t\tborder: 2px solid #cfcfcf;\n\t\t\t}\n\t\t\t#gallery-1 .gallery-caption {\n\t\t\t\tmargin-left: 0;\n\t\t\t}\n\t\t\t\/* see gallery_shortcode() in wp-includes\/media.php *\/\n\t\t<\/style>\n\t\t<div data-carousel-extra='{\"blog_id\":1,\"permalink\":\"https:\\\/\\\/www.legistdf.gob.ar\\\/index.php\\\/2021\\\/06\\\/29\\\/educacion-acosta-diserto-junto-a-estudiantes-del-colegio-eva-peron-sobre-la-constitucion-fueguina\\\/\"}' id='gallery-1' class='gallery galleryid-25799 gallery-columns-4 gallery-size-thumbnail'><dl class='gallery-item'>\n\t\t\t<dt class='gallery-icon landscape'>\n\t\t\t\t<a href='https:\/\/www.legistdf.gob.ar\/index.php\/2021\/06\/29\/educacion-acosta-diserto-junto-a-estudiantes-del-colegio-eva-peron-sobre-la-constitucion-fueguina\/img_5740\/'><img loading=\"lazy\" decoding=\"async\" width=\"150\" height=\"150\" src=\"https:\/\/www.legistdf.gob.ar\/wp-content\/uploads\/2021\/06\/IMG_5740-150x150.jpg\" class=\"attachment-thumbnail size-thumbnail\" alt=\"\" srcset=\"https:\/\/www.legistdf.gob.ar\/wp-content\/uploads\/2021\/06\/IMG_5740-150x150.jpg 150w, https:\/\/www.legistdf.gob.ar\/wp-content\/uploads\/2021\/06\/IMG_5740-64x64.jpg 64w\" sizes=\"(max-width: 150px) 100vw, 150px\" data-attachment-id=\"25803\" data-permalink=\"https:\/\/www.legistdf.gob.ar\/index.php\/2021\/06\/29\/educacion-acosta-diserto-junto-a-estudiantes-del-colegio-eva-peron-sobre-la-constitucion-fueguina\/img_5740\/\" data-orig-file=\"https:\/\/www.legistdf.gob.ar\/wp-content\/uploads\/2021\/06\/IMG_5740.jpg\" data-orig-size=\"1000,667\" data-comments-opened=\"0\" data-image-meta=\"{&quot;aperture&quot;:&quot;0&quot;,&quot;credit&quot;:&quot;&quot;,&quot;camera&quot;:&quot;&quot;,&quot;caption&quot;:&quot;&quot;,&quot;created_timestamp&quot;:&quot;0&quot;,&quot;copyright&quot;:&quot;2020 TDF&quot;,&quot;focal_length&quot;:&quot;0&quot;,&quot;iso&quot;:&quot;0&quot;,&quot;shutter_speed&quot;:&quot;0&quot;,&quot;title&quot;:&quot;&quot;,&quot;orientation&quot;:&quot;0&quot;}\" data-image-title=\"IMG_5740\" data-image-description=\"\" data-image-caption=\"\" data-medium-file=\"https:\/\/www.legistdf.gob.ar\/wp-content\/uploads\/2021\/06\/IMG_5740-300x200.jpg\" data-large-file=\"https:\/\/www.legistdf.gob.ar\/wp-content\/uploads\/2021\/06\/IMG_5740.jpg\" \/><\/a>\n\t\t\t<\/dt><\/dl><dl class='gallery-item'>\n\t\t\t<dt class='gallery-icon landscape'>\n\t\t\t\t<a href='https:\/\/www.legistdf.gob.ar\/index.php\/2021\/06\/29\/educacion-acosta-diserto-junto-a-estudiantes-del-colegio-eva-peron-sobre-la-constitucion-fueguina\/img_5733\/'><img loading=\"lazy\" decoding=\"async\" width=\"150\" height=\"150\" src=\"https:\/\/www.legistdf.gob.ar\/wp-content\/uploads\/2021\/06\/IMG_5733-150x150.jpg\" class=\"attachment-thumbnail size-thumbnail\" alt=\"\" srcset=\"https:\/\/www.legistdf.gob.ar\/wp-content\/uploads\/2021\/06\/IMG_5733-150x150.jpg 150w, https:\/\/www.legistdf.gob.ar\/wp-content\/uploads\/2021\/06\/IMG_5733-64x64.jpg 64w\" sizes=\"(max-width: 150px) 100vw, 150px\" data-attachment-id=\"25802\" data-permalink=\"https:\/\/www.legistdf.gob.ar\/index.php\/2021\/06\/29\/educacion-acosta-diserto-junto-a-estudiantes-del-colegio-eva-peron-sobre-la-constitucion-fueguina\/img_5733\/\" data-orig-file=\"https:\/\/www.legistdf.gob.ar\/wp-content\/uploads\/2021\/06\/IMG_5733.jpg\" data-orig-size=\"1000,667\" data-comments-opened=\"0\" data-image-meta=\"{&quot;aperture&quot;:&quot;0&quot;,&quot;credit&quot;:&quot;&quot;,&quot;camera&quot;:&quot;&quot;,&quot;caption&quot;:&quot;&quot;,&quot;created_timestamp&quot;:&quot;0&quot;,&quot;copyright&quot;:&quot;2020 TDF&quot;,&quot;focal_length&quot;:&quot;0&quot;,&quot;iso&quot;:&quot;0&quot;,&quot;shutter_speed&quot;:&quot;0&quot;,&quot;title&quot;:&quot;&quot;,&quot;orientation&quot;:&quot;0&quot;}\" data-image-title=\"IMG_5733\" data-image-description=\"\" data-image-caption=\"\" data-medium-file=\"https:\/\/www.legistdf.gob.ar\/wp-content\/uploads\/2021\/06\/IMG_5733-300x200.jpg\" data-large-file=\"https:\/\/www.legistdf.gob.ar\/wp-content\/uploads\/2021\/06\/IMG_5733.jpg\" \/><\/a>\n\t\t\t<\/dt><\/dl><dl class='gallery-item'>\n\t\t\t<dt class='gallery-icon landscape'>\n\t\t\t\t<a href='https:\/\/www.legistdf.gob.ar\/index.php\/2021\/06\/29\/educacion-acosta-diserto-junto-a-estudiantes-del-colegio-eva-peron-sobre-la-constitucion-fueguina\/img_5715-2\/'><img loading=\"lazy\" decoding=\"async\" width=\"150\" height=\"150\" src=\"https:\/\/www.legistdf.gob.ar\/wp-content\/uploads\/2021\/06\/IMG_5715-150x150.jpg\" class=\"attachment-thumbnail size-thumbnail\" alt=\"\" srcset=\"https:\/\/www.legistdf.gob.ar\/wp-content\/uploads\/2021\/06\/IMG_5715-150x150.jpg 150w, https:\/\/www.legistdf.gob.ar\/wp-content\/uploads\/2021\/06\/IMG_5715-64x64.jpg 64w\" sizes=\"(max-width: 150px) 100vw, 150px\" data-attachment-id=\"25801\" data-permalink=\"https:\/\/www.legistdf.gob.ar\/index.php\/2021\/06\/29\/educacion-acosta-diserto-junto-a-estudiantes-del-colegio-eva-peron-sobre-la-constitucion-fueguina\/img_5715-2\/\" data-orig-file=\"https:\/\/www.legistdf.gob.ar\/wp-content\/uploads\/2021\/06\/IMG_5715.jpg\" data-orig-size=\"1000,667\" data-comments-opened=\"0\" data-image-meta=\"{&quot;aperture&quot;:&quot;0&quot;,&quot;credit&quot;:&quot;&quot;,&quot;camera&quot;:&quot;&quot;,&quot;caption&quot;:&quot;&quot;,&quot;created_timestamp&quot;:&quot;0&quot;,&quot;copyright&quot;:&quot;2020 TDF&quot;,&quot;focal_length&quot;:&quot;0&quot;,&quot;iso&quot;:&quot;0&quot;,&quot;shutter_speed&quot;:&quot;0&quot;,&quot;title&quot;:&quot;&quot;,&quot;orientation&quot;:&quot;0&quot;}\" data-image-title=\"IMG_5715\" data-image-description=\"\" data-image-caption=\"\" data-medium-file=\"https:\/\/www.legistdf.gob.ar\/wp-content\/uploads\/2021\/06\/IMG_5715-300x200.jpg\" data-large-file=\"https:\/\/www.legistdf.gob.ar\/wp-content\/uploads\/2021\/06\/IMG_5715.jpg\" \/><\/a>\n\t\t\t<\/dt><\/dl><dl class='gallery-item'>\n\t\t\t<dt class='gallery-icon landscape'>\n\t\t\t\t<a href='https:\/\/www.legistdf.gob.ar\/index.php\/2021\/06\/29\/educacion-acosta-diserto-junto-a-estudiantes-del-colegio-eva-peron-sobre-la-constitucion-fueguina\/img_5712-2\/'><img loading=\"lazy\" decoding=\"async\" width=\"150\" height=\"150\" src=\"https:\/\/www.legistdf.gob.ar\/wp-content\/uploads\/2021\/06\/IMG_5712-150x150.jpg\" class=\"attachment-thumbnail size-thumbnail\" alt=\"\" srcset=\"https:\/\/www.legistdf.gob.ar\/wp-content\/uploads\/2021\/06\/IMG_5712-150x150.jpg 150w, https:\/\/www.legistdf.gob.ar\/wp-content\/uploads\/2021\/06\/IMG_5712-64x64.jpg 64w\" sizes=\"(max-width: 150px) 100vw, 150px\" data-attachment-id=\"25800\" data-permalink=\"https:\/\/www.legistdf.gob.ar\/index.php\/2021\/06\/29\/educacion-acosta-diserto-junto-a-estudiantes-del-colegio-eva-peron-sobre-la-constitucion-fueguina\/img_5712-2\/\" data-orig-file=\"https:\/\/www.legistdf.gob.ar\/wp-content\/uploads\/2021\/06\/IMG_5712.jpg\" data-orig-size=\"1000,667\" data-comments-opened=\"0\" data-image-meta=\"{&quot;aperture&quot;:&quot;0&quot;,&quot;credit&quot;:&quot;&quot;,&quot;camera&quot;:&quot;&quot;,&quot;caption&quot;:&quot;&quot;,&quot;created_timestamp&quot;:&quot;0&quot;,&quot;copyright&quot;:&quot;2020 TDF&quot;,&quot;focal_length&quot;:&quot;0&quot;,&quot;iso&quot;:&quot;0&quot;,&quot;shutter_speed&quot;:&quot;0&quot;,&quot;title&quot;:&quot;&quot;,&quot;orientation&quot;:&quot;0&quot;}\" data-image-title=\"IMG_5712\" data-image-description=\"\" data-image-caption=\"\" data-medium-file=\"https:\/\/www.legistdf.gob.ar\/wp-content\/uploads\/2021\/06\/IMG_5712-300x200.jpg\" data-large-file=\"https:\/\/www.legistdf.gob.ar\/wp-content\/uploads\/2021\/06\/IMG_5712.jpg\" \/><\/a>\n\t\t\t<\/dt><\/dl><br style=\"clear: both\" \/>\n\t\t<\/div>\n\n","protected":false},"excerpt":{"rendered":"<p>Ushuaia, martes 29 de junio de 2021.- En el marco del mes por el 30\u00b0 aniversario de la Provincia, la legisladora M\u00f3nica Acosta (FORJA) disert\u00f3 frente a estudiantes del \u00faltimo a\u00f1o del Colegio Eva Duarte de Per\u00f3n de Ushuaia. La directora de la instituci\u00f3n, Paula S\u00e1nchez record\u00f3 que por Ley provincial se toma el juramento [&hellip;]<\/p>\n","protected":false},"author":352,"featured_media":25802,"comment_status":"closed","ping_status":"open","sticky":false,"template":"","format":"standard","meta":{"jetpack_post_was_ever_published":false,"_jetpack_newsletter_access":"","_jetpack_dont_email_post_to_subs":false,"_jetpack_newsletter_tier_id":0,"footnotes":"","jetpack_publicize_message":"","jetpack_publicize_feature_enabled":true,"jetpack_social_post_already_shared":true,"jetpack_social_options":{"image_generator_settings":{"template":"highway","enabled":false}}},"categories":[1],"tags":[1532,78,1817,79,87],"jetpack_publicize_connections":[],"jetpack_sharing_enabled":true,"jetpack_featured_media_url":"https:\/\/www.legistdf.gob.ar\/wp-content\/uploads\/2021\/06\/IMG_5733.jpg","jetpack-related-posts":[],"_links":{"self":[{"href":"https:\/\/www.legistdf.gob.ar\/index.php\/wp-json\/wp\/v2\/posts\/25799"}],"collection":[{"href":"https:\/\/www.legistdf.gob.ar\/index.php\/wp-json\/wp\/v2\/posts"}],"about":[{"href":"https:\/\/www.legistdf.gob.ar\/index.php\/wp-json\/wp\/v2\/types\/post"}],"author":[{"embeddable":true,"href":"https:\/\/www.legistdf.gob.ar\/index.php\/wp-json\/wp\/v2\/users\/352"}],"replies":[{"embeddable":true,"href":"https:\/\/www.legistdf.gob.ar\/index.php\/wp-json\/wp\/v2\/comments?post=25799"}],"version-history":[{"count":1,"href":"https:\/\/www.legistdf.gob.ar\/index.php\/wp-json\/wp\/v2\/posts\/25799\/revisions"}],"predecessor-version":[{"id":25804,"href":"https:\/\/www.legistdf.gob.ar\/index.php\/wp-json\/wp\/v2\/posts\/25799\/revisions\/25804"}],"wp:featuredmedia":[{"embeddable":true,"href":"https:\/\/www.legistdf.gob.ar\/index.php\/wp-json\/wp\/v2\/media\/25802"}],"wp:attachment":[{"href":"https:\/\/www.legistdf.gob.ar\/index.php\/wp-json\/wp\/v2\/media?parent=25799"}],"wp:term":[{"taxonomy":"category","embeddable":true,"href":"https:\/\/www.legistdf.gob.ar\/index.php\/wp-json\/wp\/v2\/categories?post=25799"},{"taxonomy":"post_tag","embeddable":true,"href":"https:\/\/www.legistdf.gob.ar\/index.php\/wp-json\/wp\/v2\/tags?post=25799"}],"curies":[{"name":"wp","href":"https:\/\/api.w.org\/{rel}","templated":true}]}}