{"id":26052,"date":"2021-07-05T16:24:50","date_gmt":"2021-07-05T19:24:50","guid":{"rendered":"http:\/\/www.legistdf.gob.ar\/?p=26052"},"modified":"2021-07-05T16:24:51","modified_gmt":"2021-07-05T19:24:51","slug":"deportes-la-vicegobernadora-presente-junto-a-jugadoras-de-futsal-en-un-momento-historico","status":"publish","type":"post","link":"https:\/\/www.legistdf.gob.ar\/index.php\/2021\/07\/05\/deportes-la-vicegobernadora-presente-junto-a-jugadoras-de-futsal-en-un-momento-historico\/","title":{"rendered":"DEPORTES: La Vicegobernadora presente junto a jugadoras de futsal en un momento hist\u00f3rico"},"content":{"rendered":"<p style=\"font-weight: 400\"><strong>Ushuaia,\u00a0 lunes 5 de julio de 2021.- La Vicegobernadora de la Provincia de Tierra del Fuego, Ant\u00e1rtida e Islas del Atl\u00e1ntico Sur, M\u00f3nica Urquiza asisti\u00f3 a la final de la fase provincial de la Copa Argentina, primera vez en la Provincia la participaci\u00f3n de la divisi\u00f3n del f\u00fatbol femenino.<\/strong><\/p>\n<p>&nbsp;<\/p>\n<p style=\"font-weight: 400\">Estuvo acompa\u00f1ada por la subsecretaria de Relaciones Institucionales del Ministerio de Trabajo y Empleo, Mar\u00eda Bockelmann; el presidente de la Liga Ushuaiense de F\u00fatbol, Marcelo Gonz\u00e1lez; y la coordinadora del Departamento FUTSAL Femenino, Anah\u00ed Vigil.<\/p>\n<p>&nbsp;<\/p>\n<p style=\"font-weight: 400\">En este sentido, la Vicegobernadora asegur\u00f3 que \u201ca lo largo de nuestra historia como Provincia, contamos con pioneras en el f\u00fatbol femenino, que con insistencia y esmero hicieron lugar a nuestro g\u00e9nero, en una disciplina ligada mayormente a los hombres\u201d e indic\u00f3 que \u201chemos logrado estos lugares imponiendo respeto, con reconocimientos a trav\u00e9s de luchas y esfuerzos\u201d.<\/p>\n<p>&nbsp;<\/p>\n<p style=\"font-weight: 400\">\u201cHoy podemos celebrar esta final gracias a las mujeres de primera divisi\u00f3n en la liga reconocidas por la AFA y es gracias, a la constancia por lograr un lugar y trabajar para ello\u201d, indic\u00f3 Urquiza.<\/p>\n<p>&nbsp;<\/p>\n<p style=\"font-weight: 400\">Asimismo, expres\u00f3 que \u201cTierra del Fuego se ha convertido en la Provincia exportadora de jugadores y jugadoras de excelencia del futsal, con familias que acompa\u00f1an diariamente el desempe\u00f1o y esfuerzo de quienes comenzaron en peque\u00f1os clubes\u201d.<\/p>\n<p>&nbsp;<\/p>\n<p style=\"font-weight: 400\">Por \u00faltimo, Urquiza sostuvo que \u201csin importar los resultados de los encuentros deportivos, es un d\u00eda para destacar y resaltar el reconocimiento al esfuerzo cotidiano que llevan adelante quienes practican el f\u00fatbol femenino en nuestra Provincia. Gracias a su esfuerzo y entrega diaria, hoy se corona ese camino recorrido con este lugar alcanzado, desde el que seguir\u00e1n haciendo historia\u201d.<\/p>\n\n\t\t<style type=\"text\/css\">\n\t\t\t#gallery-1 {\n\t\t\t\tmargin: auto;\n\t\t\t}\n\t\t\t#gallery-1 .gallery-item {\n\t\t\t\tfloat: left;\n\t\t\t\tmargin-top: 10px;\n\t\t\t\ttext-align: center;\n\t\t\t\twidth: 33%;\n\t\t\t}\n\t\t\t#gallery-1 img {\n\t\t\t\tborder: 2px solid #cfcfcf;\n\t\t\t}\n\t\t\t#gallery-1 .gallery-caption {\n\t\t\t\tmargin-left: 0;\n\t\t\t}\n\t\t\t\/* see gallery_shortcode() in wp-includes\/media.php *\/\n\t\t<\/style>\n\t\t<div data-carousel-extra='{\"blog_id\":1,\"permalink\":\"https:\\\/\\\/www.legistdf.gob.ar\\\/index.php\\\/2021\\\/07\\\/05\\\/deportes-la-vicegobernadora-presente-junto-a-jugadoras-de-futsal-en-un-momento-historico\\\/\"}' id='gallery-1' class='gallery galleryid-26052 gallery-columns-3 gallery-size-thumbnail'><dl class='gallery-item'>\n\t\t\t<dt class='gallery-icon landscape'>\n\t\t\t\t<a href='https:\/\/www.legistdf.gob.ar\/index.php\/2021\/07\/05\/deportes-la-vicegobernadora-presente-junto-a-jugadoras-de-futsal-en-un-momento-historico\/img_20210703_204049_226\/'><img loading=\"lazy\" decoding=\"async\" width=\"150\" height=\"150\" src=\"https:\/\/www.legistdf.gob.ar\/wp-content\/uploads\/2021\/07\/IMG_20210703_204049_226-150x150.jpg\" class=\"attachment-thumbnail size-thumbnail\" alt=\"\" srcset=\"https:\/\/www.legistdf.gob.ar\/wp-content\/uploads\/2021\/07\/IMG_20210703_204049_226-150x150.jpg 150w, https:\/\/www.legistdf.gob.ar\/wp-content\/uploads\/2021\/07\/IMG_20210703_204049_226-64x64.jpg 64w\" sizes=\"(max-width: 150px) 100vw, 150px\" data-attachment-id=\"26054\" data-permalink=\"https:\/\/www.legistdf.gob.ar\/index.php\/2021\/07\/05\/deportes-la-vicegobernadora-presente-junto-a-jugadoras-de-futsal-en-un-momento-historico\/img_20210703_204049_226\/\" data-orig-file=\"https:\/\/www.legistdf.gob.ar\/wp-content\/uploads\/2021\/07\/IMG_20210703_204049_226.jpg\" data-orig-size=\"2464,1640\" data-comments-opened=\"0\" data-image-meta=\"{&quot;aperture&quot;:&quot;4&quot;,&quot;credit&quot;:&quot;&quot;,&quot;camera&quot;:&quot;NIKON D4&quot;,&quot;caption&quot;:&quot;&quot;,&quot;created_timestamp&quot;:&quot;1625299032&quot;,&quot;copyright&quot;:&quot;&quot;,&quot;focal_length&quot;:&quot;28&quot;,&quot;iso&quot;:&quot;3200&quot;,&quot;shutter_speed&quot;:&quot;0.004&quot;,&quot;title&quot;:&quot;&quot;,&quot;orientation&quot;:&quot;0&quot;}\" data-image-title=\"IMG_20210703_204049_226\" data-image-description=\"\" data-image-caption=\"\" data-medium-file=\"https:\/\/www.legistdf.gob.ar\/wp-content\/uploads\/2021\/07\/IMG_20210703_204049_226-300x200.jpg\" data-large-file=\"https:\/\/www.legistdf.gob.ar\/wp-content\/uploads\/2021\/07\/IMG_20210703_204049_226-1024x682.jpg\" \/><\/a>\n\t\t\t<\/dt><\/dl><dl class='gallery-item'>\n\t\t\t<dt class='gallery-icon landscape'>\n\t\t\t\t<a href='https:\/\/www.legistdf.gob.ar\/index.php\/2021\/07\/05\/deportes-la-vicegobernadora-presente-junto-a-jugadoras-de-futsal-en-un-momento-historico\/img_20210703_204054_963\/'><img loading=\"lazy\" decoding=\"async\" width=\"150\" height=\"150\" src=\"https:\/\/www.legistdf.gob.ar\/wp-content\/uploads\/2021\/07\/IMG_20210703_204054_963-150x150.jpg\" class=\"attachment-thumbnail size-thumbnail\" alt=\"\" srcset=\"https:\/\/www.legistdf.gob.ar\/wp-content\/uploads\/2021\/07\/IMG_20210703_204054_963-150x150.jpg 150w, https:\/\/www.legistdf.gob.ar\/wp-content\/uploads\/2021\/07\/IMG_20210703_204054_963-64x64.jpg 64w\" sizes=\"(max-width: 150px) 100vw, 150px\" data-attachment-id=\"26055\" data-permalink=\"https:\/\/www.legistdf.gob.ar\/index.php\/2021\/07\/05\/deportes-la-vicegobernadora-presente-junto-a-jugadoras-de-futsal-en-un-momento-historico\/img_20210703_204054_963\/\" data-orig-file=\"https:\/\/www.legistdf.gob.ar\/wp-content\/uploads\/2021\/07\/IMG_20210703_204054_963.jpg\" data-orig-size=\"2464,1640\" data-comments-opened=\"0\" data-image-meta=\"{&quot;aperture&quot;:&quot;4&quot;,&quot;credit&quot;:&quot;&quot;,&quot;camera&quot;:&quot;NIKON D4&quot;,&quot;caption&quot;:&quot;&quot;,&quot;created_timestamp&quot;:&quot;1625299138&quot;,&quot;copyright&quot;:&quot;&quot;,&quot;focal_length&quot;:&quot;34&quot;,&quot;iso&quot;:&quot;3200&quot;,&quot;shutter_speed&quot;:&quot;0.004&quot;,&quot;title&quot;:&quot;&quot;,&quot;orientation&quot;:&quot;0&quot;}\" data-image-title=\"IMG_20210703_204054_963\" data-image-description=\"\" data-image-caption=\"\" data-medium-file=\"https:\/\/www.legistdf.gob.ar\/wp-content\/uploads\/2021\/07\/IMG_20210703_204054_963-300x200.jpg\" data-large-file=\"https:\/\/www.legistdf.gob.ar\/wp-content\/uploads\/2021\/07\/IMG_20210703_204054_963-1024x682.jpg\" \/><\/a>\n\t\t\t<\/dt><\/dl><dl class='gallery-item'>\n\t\t\t<dt class='gallery-icon landscape'>\n\t\t\t\t<a href='https:\/\/www.legistdf.gob.ar\/index.php\/2021\/07\/05\/deportes-la-vicegobernadora-presente-junto-a-jugadoras-de-futsal-en-un-momento-historico\/img_20210704_184633_397\/'><img loading=\"lazy\" decoding=\"async\" width=\"150\" height=\"150\" src=\"https:\/\/www.legistdf.gob.ar\/wp-content\/uploads\/2021\/07\/IMG_20210704_184633_397-150x150.jpg\" class=\"attachment-thumbnail size-thumbnail\" alt=\"\" srcset=\"https:\/\/www.legistdf.gob.ar\/wp-content\/uploads\/2021\/07\/IMG_20210704_184633_397-150x150.jpg 150w, https:\/\/www.legistdf.gob.ar\/wp-content\/uploads\/2021\/07\/IMG_20210704_184633_397-64x64.jpg 64w\" sizes=\"(max-width: 150px) 100vw, 150px\" data-attachment-id=\"26057\" data-permalink=\"https:\/\/www.legistdf.gob.ar\/index.php\/2021\/07\/05\/deportes-la-vicegobernadora-presente-junto-a-jugadoras-de-futsal-en-un-momento-historico\/img_20210704_184633_397\/\" data-orig-file=\"https:\/\/www.legistdf.gob.ar\/wp-content\/uploads\/2021\/07\/IMG_20210704_184633_397.jpg\" data-orig-size=\"2464,1640\" data-comments-opened=\"0\" data-image-meta=\"{&quot;aperture&quot;:&quot;4.5&quot;,&quot;credit&quot;:&quot;&quot;,&quot;camera&quot;:&quot;NIKON D4&quot;,&quot;caption&quot;:&quot;&quot;,&quot;created_timestamp&quot;:&quot;1625300659&quot;,&quot;copyright&quot;:&quot;&quot;,&quot;focal_length&quot;:&quot;24&quot;,&quot;iso&quot;:&quot;3200&quot;,&quot;shutter_speed&quot;:&quot;0.004&quot;,&quot;title&quot;:&quot;&quot;,&quot;orientation&quot;:&quot;0&quot;}\" data-image-title=\"IMG_20210704_184633_397\" data-image-description=\"\" data-image-caption=\"\" data-medium-file=\"https:\/\/www.legistdf.gob.ar\/wp-content\/uploads\/2021\/07\/IMG_20210704_184633_397-300x200.jpg\" data-large-file=\"https:\/\/www.legistdf.gob.ar\/wp-content\/uploads\/2021\/07\/IMG_20210704_184633_397-1024x682.jpg\" \/><\/a>\n\t\t\t<\/dt><\/dl><br style=\"clear: both\" \/><dl class='gallery-item'>\n\t\t\t<dt class='gallery-icon landscape'>\n\t\t\t\t<a href='https:\/\/www.legistdf.gob.ar\/index.php\/2021\/07\/05\/deportes-la-vicegobernadora-presente-junto-a-jugadoras-de-futsal-en-un-momento-historico\/img_20210704_184641_846\/'><img loading=\"lazy\" decoding=\"async\" width=\"150\" height=\"150\" src=\"https:\/\/www.legistdf.gob.ar\/wp-content\/uploads\/2021\/07\/IMG_20210704_184641_846-150x150.jpg\" class=\"attachment-thumbnail size-thumbnail\" alt=\"\" srcset=\"https:\/\/www.legistdf.gob.ar\/wp-content\/uploads\/2021\/07\/IMG_20210704_184641_846-150x150.jpg 150w, https:\/\/www.legistdf.gob.ar\/wp-content\/uploads\/2021\/07\/IMG_20210704_184641_846-64x64.jpg 64w\" sizes=\"(max-width: 150px) 100vw, 150px\" data-attachment-id=\"26058\" data-permalink=\"https:\/\/www.legistdf.gob.ar\/index.php\/2021\/07\/05\/deportes-la-vicegobernadora-presente-junto-a-jugadoras-de-futsal-en-un-momento-historico\/img_20210704_184641_846\/\" data-orig-file=\"https:\/\/www.legistdf.gob.ar\/wp-content\/uploads\/2021\/07\/IMG_20210704_184641_846.jpg\" data-orig-size=\"2464,1640\" data-comments-opened=\"0\" data-image-meta=\"{&quot;aperture&quot;:&quot;4&quot;,&quot;credit&quot;:&quot;&quot;,&quot;camera&quot;:&quot;NIKON D4&quot;,&quot;caption&quot;:&quot;&quot;,&quot;created_timestamp&quot;:&quot;1625300454&quot;,&quot;copyright&quot;:&quot;&quot;,&quot;focal_length&quot;:&quot;300&quot;,&quot;iso&quot;:&quot;3200&quot;,&quot;shutter_speed&quot;:&quot;0.004&quot;,&quot;title&quot;:&quot;&quot;,&quot;orientation&quot;:&quot;0&quot;}\" data-image-title=\"IMG_20210704_184641_846\" data-image-description=\"\" data-image-caption=\"\" data-medium-file=\"https:\/\/www.legistdf.gob.ar\/wp-content\/uploads\/2021\/07\/IMG_20210704_184641_846-300x200.jpg\" data-large-file=\"https:\/\/www.legistdf.gob.ar\/wp-content\/uploads\/2021\/07\/IMG_20210704_184641_846-1024x682.jpg\" \/><\/a>\n\t\t\t<\/dt><\/dl><dl class='gallery-item'>\n\t\t\t<dt class='gallery-icon landscape'>\n\t\t\t\t<a href='https:\/\/www.legistdf.gob.ar\/index.php\/2021\/07\/05\/deportes-la-vicegobernadora-presente-junto-a-jugadoras-de-futsal-en-un-momento-historico\/img_20210704_184649_530\/'><img loading=\"lazy\" decoding=\"async\" width=\"150\" height=\"150\" src=\"https:\/\/www.legistdf.gob.ar\/wp-content\/uploads\/2021\/07\/IMG_20210704_184649_530-150x150.jpg\" class=\"attachment-thumbnail size-thumbnail\" alt=\"\" srcset=\"https:\/\/www.legistdf.gob.ar\/wp-content\/uploads\/2021\/07\/IMG_20210704_184649_530-150x150.jpg 150w, https:\/\/www.legistdf.gob.ar\/wp-content\/uploads\/2021\/07\/IMG_20210704_184649_530-64x64.jpg 64w\" sizes=\"(max-width: 150px) 100vw, 150px\" data-attachment-id=\"26059\" data-permalink=\"https:\/\/www.legistdf.gob.ar\/index.php\/2021\/07\/05\/deportes-la-vicegobernadora-presente-junto-a-jugadoras-de-futsal-en-un-momento-historico\/img_20210704_184649_530\/\" data-orig-file=\"https:\/\/www.legistdf.gob.ar\/wp-content\/uploads\/2021\/07\/IMG_20210704_184649_530.jpg\" data-orig-size=\"2464,1640\" data-comments-opened=\"0\" data-image-meta=\"{&quot;aperture&quot;:&quot;4&quot;,&quot;credit&quot;:&quot;&quot;,&quot;camera&quot;:&quot;NIKON D4&quot;,&quot;caption&quot;:&quot;&quot;,&quot;created_timestamp&quot;:&quot;1625300238&quot;,&quot;copyright&quot;:&quot;&quot;,&quot;focal_length&quot;:&quot;95&quot;,&quot;iso&quot;:&quot;3200&quot;,&quot;shutter_speed&quot;:&quot;0.004&quot;,&quot;title&quot;:&quot;&quot;,&quot;orientation&quot;:&quot;0&quot;}\" data-image-title=\"IMG_20210704_184649_530\" data-image-description=\"\" data-image-caption=\"\" data-medium-file=\"https:\/\/www.legistdf.gob.ar\/wp-content\/uploads\/2021\/07\/IMG_20210704_184649_530-300x200.jpg\" data-large-file=\"https:\/\/www.legistdf.gob.ar\/wp-content\/uploads\/2021\/07\/IMG_20210704_184649_530-1024x682.jpg\" \/><\/a>\n\t\t\t<\/dt><\/dl><dl class='gallery-item'>\n\t\t\t<dt class='gallery-icon landscape'>\n\t\t\t\t<a href='https:\/\/www.legistdf.gob.ar\/index.php\/2021\/07\/05\/deportes-la-vicegobernadora-presente-junto-a-jugadoras-de-futsal-en-un-momento-historico\/img_20210704_184702_839\/'><img loading=\"lazy\" decoding=\"async\" width=\"150\" height=\"150\" src=\"https:\/\/www.legistdf.gob.ar\/wp-content\/uploads\/2021\/07\/IMG_20210704_184702_839-150x150.jpg\" class=\"attachment-thumbnail size-thumbnail\" alt=\"\" srcset=\"https:\/\/www.legistdf.gob.ar\/wp-content\/uploads\/2021\/07\/IMG_20210704_184702_839-150x150.jpg 150w, https:\/\/www.legistdf.gob.ar\/wp-content\/uploads\/2021\/07\/IMG_20210704_184702_839-64x64.jpg 64w\" sizes=\"(max-width: 150px) 100vw, 150px\" data-attachment-id=\"26060\" data-permalink=\"https:\/\/www.legistdf.gob.ar\/index.php\/2021\/07\/05\/deportes-la-vicegobernadora-presente-junto-a-jugadoras-de-futsal-en-un-momento-historico\/img_20210704_184702_839\/\" data-orig-file=\"https:\/\/www.legistdf.gob.ar\/wp-content\/uploads\/2021\/07\/IMG_20210704_184702_839.jpg\" data-orig-size=\"2464,1640\" data-comments-opened=\"0\" data-image-meta=\"{&quot;aperture&quot;:&quot;4&quot;,&quot;credit&quot;:&quot;&quot;,&quot;camera&quot;:&quot;NIKON D4&quot;,&quot;caption&quot;:&quot;&quot;,&quot;created_timestamp&quot;:&quot;1625299409&quot;,&quot;copyright&quot;:&quot;&quot;,&quot;focal_length&quot;:&quot;48&quot;,&quot;iso&quot;:&quot;3200&quot;,&quot;shutter_speed&quot;:&quot;0.004&quot;,&quot;title&quot;:&quot;&quot;,&quot;orientation&quot;:&quot;0&quot;}\" data-image-title=\"IMG_20210704_184702_839\" data-image-description=\"\" data-image-caption=\"\" data-medium-file=\"https:\/\/www.legistdf.gob.ar\/wp-content\/uploads\/2021\/07\/IMG_20210704_184702_839-300x200.jpg\" data-large-file=\"https:\/\/www.legistdf.gob.ar\/wp-content\/uploads\/2021\/07\/IMG_20210704_184702_839-1024x682.jpg\" \/><\/a>\n\t\t\t<\/dt><\/dl><br style=\"clear: both\" \/><dl class='gallery-item'>\n\t\t\t<dt class='gallery-icon landscape'>\n\t\t\t\t<a href='https:\/\/www.legistdf.gob.ar\/index.php\/2021\/07\/05\/deportes-la-vicegobernadora-presente-junto-a-jugadoras-de-futsal-en-un-momento-historico\/img_20210704_184712_618\/'><img loading=\"lazy\" decoding=\"async\" width=\"150\" height=\"150\" src=\"https:\/\/www.legistdf.gob.ar\/wp-content\/uploads\/2021\/07\/IMG_20210704_184712_618-150x150.jpg\" class=\"attachment-thumbnail size-thumbnail\" alt=\"\" srcset=\"https:\/\/www.legistdf.gob.ar\/wp-content\/uploads\/2021\/07\/IMG_20210704_184712_618-150x150.jpg 150w, https:\/\/www.legistdf.gob.ar\/wp-content\/uploads\/2021\/07\/IMG_20210704_184712_618-64x64.jpg 64w\" sizes=\"(max-width: 150px) 100vw, 150px\" data-attachment-id=\"26061\" data-permalink=\"https:\/\/www.legistdf.gob.ar\/index.php\/2021\/07\/05\/deportes-la-vicegobernadora-presente-junto-a-jugadoras-de-futsal-en-un-momento-historico\/img_20210704_184712_618\/\" data-orig-file=\"https:\/\/www.legistdf.gob.ar\/wp-content\/uploads\/2021\/07\/IMG_20210704_184712_618.jpg\" data-orig-size=\"2464,1640\" data-comments-opened=\"0\" data-image-meta=\"{&quot;aperture&quot;:&quot;4&quot;,&quot;credit&quot;:&quot;&quot;,&quot;camera&quot;:&quot;NIKON D4&quot;,&quot;caption&quot;:&quot;&quot;,&quot;created_timestamp&quot;:&quot;1625299138&quot;,&quot;copyright&quot;:&quot;&quot;,&quot;focal_length&quot;:&quot;34&quot;,&quot;iso&quot;:&quot;3200&quot;,&quot;shutter_speed&quot;:&quot;0.004&quot;,&quot;title&quot;:&quot;&quot;,&quot;orientation&quot;:&quot;0&quot;}\" data-image-title=\"IMG_20210704_184712_618\" data-image-description=\"\" data-image-caption=\"\" data-medium-file=\"https:\/\/www.legistdf.gob.ar\/wp-content\/uploads\/2021\/07\/IMG_20210704_184712_618-300x200.jpg\" data-large-file=\"https:\/\/www.legistdf.gob.ar\/wp-content\/uploads\/2021\/07\/IMG_20210704_184712_618-1024x682.jpg\" \/><\/a>\n\t\t\t<\/dt><\/dl><dl class='gallery-item'>\n\t\t\t<dt class='gallery-icon landscape'>\n\t\t\t\t<a href='https:\/\/www.legistdf.gob.ar\/index.php\/2021\/07\/05\/deportes-la-vicegobernadora-presente-junto-a-jugadoras-de-futsal-en-un-momento-historico\/img_20210704_190733_095\/'><img loading=\"lazy\" decoding=\"async\" width=\"150\" height=\"150\" src=\"https:\/\/www.legistdf.gob.ar\/wp-content\/uploads\/2021\/07\/IMG_20210704_190733_095-150x150.jpg\" class=\"attachment-thumbnail size-thumbnail\" alt=\"\" srcset=\"https:\/\/www.legistdf.gob.ar\/wp-content\/uploads\/2021\/07\/IMG_20210704_190733_095-150x150.jpg 150w, https:\/\/www.legistdf.gob.ar\/wp-content\/uploads\/2021\/07\/IMG_20210704_190733_095-64x64.jpg 64w\" sizes=\"(max-width: 150px) 100vw, 150px\" data-attachment-id=\"26062\" data-permalink=\"https:\/\/www.legistdf.gob.ar\/index.php\/2021\/07\/05\/deportes-la-vicegobernadora-presente-junto-a-jugadoras-de-futsal-en-un-momento-historico\/img_20210704_190733_095\/\" data-orig-file=\"https:\/\/www.legistdf.gob.ar\/wp-content\/uploads\/2021\/07\/IMG_20210704_190733_095.jpg\" data-orig-size=\"2464,1640\" data-comments-opened=\"0\" data-image-meta=\"{&quot;aperture&quot;:&quot;4&quot;,&quot;credit&quot;:&quot;&quot;,&quot;camera&quot;:&quot;NIKON D4&quot;,&quot;caption&quot;:&quot;&quot;,&quot;created_timestamp&quot;:&quot;1625300113&quot;,&quot;copyright&quot;:&quot;&quot;,&quot;focal_length&quot;:&quot;65&quot;,&quot;iso&quot;:&quot;3200&quot;,&quot;shutter_speed&quot;:&quot;0.004&quot;,&quot;title&quot;:&quot;&quot;,&quot;orientation&quot;:&quot;0&quot;}\" data-image-title=\"IMG_20210704_190733_095\" data-image-description=\"\" data-image-caption=\"\" data-medium-file=\"https:\/\/www.legistdf.gob.ar\/wp-content\/uploads\/2021\/07\/IMG_20210704_190733_095-300x200.jpg\" data-large-file=\"https:\/\/www.legistdf.gob.ar\/wp-content\/uploads\/2021\/07\/IMG_20210704_190733_095-1024x682.jpg\" \/><\/a>\n\t\t\t<\/dt><\/dl><dl class='gallery-item'>\n\t\t\t<dt class='gallery-icon landscape'>\n\t\t\t\t<a href='https:\/\/www.legistdf.gob.ar\/index.php\/2021\/07\/05\/deportes-la-vicegobernadora-presente-junto-a-jugadoras-de-futsal-en-un-momento-historico\/img_20210704_190832_869\/'><img loading=\"lazy\" decoding=\"async\" width=\"150\" height=\"150\" src=\"https:\/\/www.legistdf.gob.ar\/wp-content\/uploads\/2021\/07\/IMG_20210704_190832_869-150x150.jpg\" class=\"attachment-thumbnail size-thumbnail\" alt=\"\" srcset=\"https:\/\/www.legistdf.gob.ar\/wp-content\/uploads\/2021\/07\/IMG_20210704_190832_869-150x150.jpg 150w, https:\/\/www.legistdf.gob.ar\/wp-content\/uploads\/2021\/07\/IMG_20210704_190832_869-64x64.jpg 64w\" sizes=\"(max-width: 150px) 100vw, 150px\" data-attachment-id=\"26063\" data-permalink=\"https:\/\/www.legistdf.gob.ar\/index.php\/2021\/07\/05\/deportes-la-vicegobernadora-presente-junto-a-jugadoras-de-futsal-en-un-momento-historico\/img_20210704_190832_869\/\" data-orig-file=\"https:\/\/www.legistdf.gob.ar\/wp-content\/uploads\/2021\/07\/IMG_20210704_190832_869.jpg\" data-orig-size=\"2464,1640\" data-comments-opened=\"0\" data-image-meta=\"{&quot;aperture&quot;:&quot;4&quot;,&quot;credit&quot;:&quot;&quot;,&quot;camera&quot;:&quot;NIKON D4&quot;,&quot;caption&quot;:&quot;&quot;,&quot;created_timestamp&quot;:&quot;1625300372&quot;,&quot;copyright&quot;:&quot;&quot;,&quot;focal_length&quot;:&quot;120&quot;,&quot;iso&quot;:&quot;3200&quot;,&quot;shutter_speed&quot;:&quot;0.004&quot;,&quot;title&quot;:&quot;&quot;,&quot;orientation&quot;:&quot;0&quot;}\" data-image-title=\"IMG_20210704_190832_869\" data-image-description=\"\" data-image-caption=\"\" data-medium-file=\"https:\/\/www.legistdf.gob.ar\/wp-content\/uploads\/2021\/07\/IMG_20210704_190832_869-300x200.jpg\" data-large-file=\"https:\/\/www.legistdf.gob.ar\/wp-content\/uploads\/2021\/07\/IMG_20210704_190832_869-1024x682.jpg\" \/><\/a>\n\t\t\t<\/dt><\/dl><br style=\"clear: both\" \/>\n\t\t<\/div>\n\n","protected":false},"excerpt":{"rendered":"<p>Ushuaia,\u00a0 lunes 5 de julio de 2021.- La Vicegobernadora de la Provincia de Tierra del Fuego, Ant\u00e1rtida e Islas del Atl\u00e1ntico Sur, M\u00f3nica Urquiza asisti\u00f3 a la final de la fase provincial de la Copa Argentina, primera vez en la Provincia la participaci\u00f3n de la divisi\u00f3n del f\u00fatbol femenino. &nbsp; Estuvo acompa\u00f1ada por la subsecretaria [&hellip;]<\/p>\n","protected":false},"author":352,"featured_media":26058,"comment_status":"closed","ping_status":"open","sticky":false,"template":"","format":"standard","meta":{"jetpack_post_was_ever_published":false,"_jetpack_newsletter_access":"","_jetpack_dont_email_post_to_subs":false,"_jetpack_newsletter_tier_id":0,"footnotes":"","jetpack_publicize_message":"","jetpack_publicize_feature_enabled":true,"jetpack_social_post_already_shared":true,"jetpack_social_options":{"image_generator_settings":{"template":"highway","enabled":false}}},"categories":[1],"tags":[291,78,144,79,87],"jetpack_publicize_connections":[],"jetpack_sharing_enabled":true,"jetpack_featured_media_url":"https:\/\/www.legistdf.gob.ar\/wp-content\/uploads\/2021\/07\/IMG_20210704_184641_846.jpg","jetpack-related-posts":[],"_links":{"self":[{"href":"https:\/\/www.legistdf.gob.ar\/index.php\/wp-json\/wp\/v2\/posts\/26052"}],"collection":[{"href":"https:\/\/www.legistdf.gob.ar\/index.php\/wp-json\/wp\/v2\/posts"}],"about":[{"href":"https:\/\/www.legistdf.gob.ar\/index.php\/wp-json\/wp\/v2\/types\/post"}],"author":[{"embeddable":true,"href":"https:\/\/www.legistdf.gob.ar\/index.php\/wp-json\/wp\/v2\/users\/352"}],"replies":[{"embeddable":true,"href":"https:\/\/www.legistdf.gob.ar\/index.php\/wp-json\/wp\/v2\/comments?post=26052"}],"version-history":[{"count":1,"href":"https:\/\/www.legistdf.gob.ar\/index.php\/wp-json\/wp\/v2\/posts\/26052\/revisions"}],"predecessor-version":[{"id":26064,"href":"https:\/\/www.legistdf.gob.ar\/index.php\/wp-json\/wp\/v2\/posts\/26052\/revisions\/26064"}],"wp:featuredmedia":[{"embeddable":true,"href":"https:\/\/www.legistdf.gob.ar\/index.php\/wp-json\/wp\/v2\/media\/26058"}],"wp:attachment":[{"href":"https:\/\/www.legistdf.gob.ar\/index.php\/wp-json\/wp\/v2\/media?parent=26052"}],"wp:term":[{"taxonomy":"category","embeddable":true,"href":"https:\/\/www.legistdf.gob.ar\/index.php\/wp-json\/wp\/v2\/categories?post=26052"},{"taxonomy":"post_tag","embeddable":true,"href":"https:\/\/www.legistdf.gob.ar\/index.php\/wp-json\/wp\/v2\/tags?post=26052"}],"curies":[{"name":"wp","href":"https:\/\/api.w.org\/{rel}","templated":true}]}}