{"id":26093,"date":"2021-07-06T19:56:03","date_gmt":"2021-07-06T22:56:03","guid":{"rendered":"http:\/\/www.legistdf.gob.ar\/?p=26093"},"modified":"2021-07-06T19:56:03","modified_gmt":"2021-07-06T22:56:03","slug":"dalmazzo-ser-empleado-legislativo-es-un-orgullo-para-mi","status":"publish","type":"post","link":"https:\/\/www.legistdf.gob.ar\/index.php\/2021\/07\/06\/dalmazzo-ser-empleado-legislativo-es-un-orgullo-para-mi\/","title":{"rendered":"DALMAZZO: \u201cSer empleado legislativo es un orgullo para m\u00ed\u201d"},"content":{"rendered":"<p><strong><img loading=\"lazy\" decoding=\"async\" data-attachment-id=\"26028\" data-permalink=\"https:\/\/www.legistdf.gob.ar\/index.php\/2021\/07\/05\/parlamento-el-6-de-julio-se-conmemora-el-dia-del-empleado-legislativo\/img_1273-2\/\" data-orig-file=\"https:\/\/www.legistdf.gob.ar\/wp-content\/uploads\/2021\/07\/IMG_1273.jpg\" data-orig-size=\"1000,667\" data-comments-opened=\"0\" data-image-meta=\"{&quot;aperture&quot;:&quot;3.2&quot;,&quot;credit&quot;:&quot;&quot;,&quot;camera&quot;:&quot;Canon EOS 6D&quot;,&quot;caption&quot;:&quot;&quot;,&quot;created_timestamp&quot;:&quot;1625205089&quot;,&quot;copyright&quot;:&quot;&quot;,&quot;focal_length&quot;:&quot;35&quot;,&quot;iso&quot;:&quot;640&quot;,&quot;shutter_speed&quot;:&quot;0.0055555555555556&quot;,&quot;title&quot;:&quot;&quot;,&quot;orientation&quot;:&quot;0&quot;}\" data-image-title=\"IMG_1273\" data-image-description=\"\" data-image-caption=\"\" data-medium-file=\"https:\/\/www.legistdf.gob.ar\/wp-content\/uploads\/2021\/07\/IMG_1273-300x200.jpg\" data-large-file=\"https:\/\/www.legistdf.gob.ar\/wp-content\/uploads\/2021\/07\/IMG_1273.jpg\" class=\"alignleft wp-image-26028 size-medium\" src=\"http:\/\/www.legistdf.gob.ar\/wp-content\/uploads\/2021\/07\/IMG_1273-300x200.jpg\" alt=\"\" width=\"300\" height=\"200\" srcset=\"https:\/\/www.legistdf.gob.ar\/wp-content\/uploads\/2021\/07\/IMG_1273-300x200.jpg 300w, https:\/\/www.legistdf.gob.ar\/wp-content\/uploads\/2021\/07\/IMG_1273-768x512.jpg 768w, https:\/\/www.legistdf.gob.ar\/wp-content\/uploads\/2021\/07\/IMG_1273-160x107.jpg 160w, https:\/\/www.legistdf.gob.ar\/wp-content\/uploads\/2021\/07\/IMG_1273.jpg 1000w\" sizes=\"(max-width: 300px) 100vw, 300px\" \/>Ushuaia, 6 de julio de 2021.- El 6 de julio de cada a\u00f1o, se celebra el D\u00eda del Empleado Legislativo en homenaje a la apertura del Primer Congreso Nacional de Empleados Legislativos, que se realiz\u00f3 en la ciudad de Salta. Para conmemorar ese d\u00eda, Prensa Legislativa compartir\u00e1 una serie informes a trav\u00e9s de los que se conocer\u00e1 la labor cotidiana del personal\u00a0 legislativo, las particularidades de las tareas y c\u00f3mo fue el proceso de adaptaci\u00f3n en tiempos de pandemia por COVID-19.<\/strong><\/p>\n<p><strong>\u00a0<\/strong><\/p>\n<p>En primer t\u00e9rmino, el titular de la Direcci\u00f3n Legislativa, Mart\u00edn Dalmazzo, record\u00f3: \u201cYo ingres\u00e9 en noviembre de 1989, este a\u00f1o cumplo 32 a\u00f1os de servicios\u201d. Cont\u00f3 que ingres\u00f3 en la misma Direcci\u00f3n que hoy desempe\u00f1a tareas; en ese momento estaba a cargo la exdirectora Sandra Cincunegui. \u201c\u00c9ramos j\u00f3venes y la Legislatura era chica, \u00e9ramos pocos empleados, as\u00ed que nos repart\u00edamos las tareas entre Informaci\u00f3n Parlamentaria, Direcci\u00f3n Legislativa y tambi\u00e9n d\u00e1bamos una mano en Mesa de Entradas\u201d.<\/p>\n<p>&nbsp;<\/p>\n<p><img loading=\"lazy\" decoding=\"async\" data-attachment-id=\"26030\" data-permalink=\"https:\/\/www.legistdf.gob.ar\/index.php\/2021\/07\/05\/parlamento-el-6-de-julio-se-conmemora-el-dia-del-empleado-legislativo\/img_1275-2\/\" data-orig-file=\"https:\/\/www.legistdf.gob.ar\/wp-content\/uploads\/2021\/07\/IMG_1275.jpg\" data-orig-size=\"1000,667\" data-comments-opened=\"0\" data-image-meta=\"{&quot;aperture&quot;:&quot;3.2&quot;,&quot;credit&quot;:&quot;&quot;,&quot;camera&quot;:&quot;Canon EOS 6D&quot;,&quot;caption&quot;:&quot;&quot;,&quot;created_timestamp&quot;:&quot;1625207966&quot;,&quot;copyright&quot;:&quot;&quot;,&quot;focal_length&quot;:&quot;50&quot;,&quot;iso&quot;:&quot;640&quot;,&quot;shutter_speed&quot;:&quot;0.0055555555555556&quot;,&quot;title&quot;:&quot;&quot;,&quot;orientation&quot;:&quot;0&quot;}\" data-image-title=\"IMG_1275\" data-image-description=\"\" data-image-caption=\"\" data-medium-file=\"https:\/\/www.legistdf.gob.ar\/wp-content\/uploads\/2021\/07\/IMG_1275-300x200.jpg\" data-large-file=\"https:\/\/www.legistdf.gob.ar\/wp-content\/uploads\/2021\/07\/IMG_1275.jpg\" class=\"alignright wp-image-26030 size-medium\" src=\"http:\/\/www.legistdf.gob.ar\/wp-content\/uploads\/2021\/07\/IMG_1275-300x200.jpg\" alt=\"\" width=\"300\" height=\"200\" srcset=\"https:\/\/www.legistdf.gob.ar\/wp-content\/uploads\/2021\/07\/IMG_1275-300x200.jpg 300w, https:\/\/www.legistdf.gob.ar\/wp-content\/uploads\/2021\/07\/IMG_1275-768x512.jpg 768w, https:\/\/www.legistdf.gob.ar\/wp-content\/uploads\/2021\/07\/IMG_1275-160x107.jpg 160w, https:\/\/www.legistdf.gob.ar\/wp-content\/uploads\/2021\/07\/IMG_1275.jpg 1000w\" sizes=\"(max-width: 300px) 100vw, 300px\" \/><\/p>\n<p>\u201cLa Direcci\u00f3n Legislativa la asum\u00ed hace unos 10 a\u00f1os. Tengo a cargo dos departamentos: Mesa de Entradas, donde se recibe toda la documentaci\u00f3n que ingresa a la Secretar\u00eda Legislativa y todo lo que tiene que ver con el tratamiento parlamentario, o sea el ingreso de asuntos y todos los proyectos que presentan los Legisladores; y el Departamento de Inform\u00e1tica Jur\u00eddica, que es una base de datos de legislaci\u00f3n, para lo cual tenemos un convenio con el Sistema Argentino de Informaci\u00f3n Jur\u00eddica (SAIJ)\u201d, record\u00f3 Dalmazzo.<\/p>\n<p>&nbsp;<\/p>\n<p>Respecto del trabajo en funci\u00f3n de la cuarentena, explic\u00f3 que \u201cnos acomodamos bastante bien a la virtualidad. Fue un poco m\u00e1s complicado la\u00a0\u00a0 labor de la Mesa de Entradas, porque su principal objetivo es recepcionar\u00a0 \u00a0la documentaci\u00f3n\u201d, repas\u00f3.<\/p>\n<p>&nbsp;<\/p>\n<p>Al ser consultado sobre el sentimiento que le genera su lugar de trabajo, el Director indic\u00f3 que \u201cser empleado legislativo para m\u00ed es un orgullo\u201d. Reconoci\u00f3 que el empleado p\u00fablico, est\u00e1 sometido a cr\u00edticas constantes, no obstante ello, dijo que a trav\u00e9s de los a\u00f1os \u201cle vamos tomando cari\u00f1o a la tarea que llevamos a cabo y a la gente que vamos conociendo. Para m\u00ed es un privilegio\u201d.<\/p>\n<p>&nbsp;<\/p>\n<p><img loading=\"lazy\" decoding=\"async\" data-attachment-id=\"26029\" data-permalink=\"https:\/\/www.legistdf.gob.ar\/index.php\/2021\/07\/05\/parlamento-el-6-de-julio-se-conmemora-el-dia-del-empleado-legislativo\/img_1274-2\/\" data-orig-file=\"https:\/\/www.legistdf.gob.ar\/wp-content\/uploads\/2021\/07\/IMG_1274.jpg\" data-orig-size=\"1000,667\" data-comments-opened=\"0\" data-image-meta=\"{&quot;aperture&quot;:&quot;3.2&quot;,&quot;credit&quot;:&quot;&quot;,&quot;camera&quot;:&quot;Canon EOS 6D&quot;,&quot;caption&quot;:&quot;&quot;,&quot;created_timestamp&quot;:&quot;1625205110&quot;,&quot;copyright&quot;:&quot;&quot;,&quot;focal_length&quot;:&quot;63&quot;,&quot;iso&quot;:&quot;640&quot;,&quot;shutter_speed&quot;:&quot;0.0055555555555556&quot;,&quot;title&quot;:&quot;&quot;,&quot;orientation&quot;:&quot;0&quot;}\" data-image-title=\"IMG_1274\" data-image-description=\"\" data-image-caption=\"\" data-medium-file=\"https:\/\/www.legistdf.gob.ar\/wp-content\/uploads\/2021\/07\/IMG_1274-300x200.jpg\" data-large-file=\"https:\/\/www.legistdf.gob.ar\/wp-content\/uploads\/2021\/07\/IMG_1274.jpg\" class=\"alignleft wp-image-26029 size-medium\" src=\"http:\/\/www.legistdf.gob.ar\/wp-content\/uploads\/2021\/07\/IMG_1274-300x200.jpg\" alt=\"\" width=\"300\" height=\"200\" srcset=\"https:\/\/www.legistdf.gob.ar\/wp-content\/uploads\/2021\/07\/IMG_1274-300x200.jpg 300w, https:\/\/www.legistdf.gob.ar\/wp-content\/uploads\/2021\/07\/IMG_1274-768x512.jpg 768w, https:\/\/www.legistdf.gob.ar\/wp-content\/uploads\/2021\/07\/IMG_1274-160x107.jpg 160w, https:\/\/www.legistdf.gob.ar\/wp-content\/uploads\/2021\/07\/IMG_1274.jpg 1000w\" sizes=\"(max-width: 300px) 100vw, 300px\" \/>Por \u00faltimo, Mart\u00edn Dalmazzo reflexion\u00f3 sobre los tiempos que vivimos en torno a la pandemia por COVID-19 y record\u00f3 a los vecinos que \u201cque nos han dejado\u201d.<\/p>\n<p>&nbsp;<\/p>\n<p>Para finalizar, envi\u00f3 un mensaje para \u201clos que est\u00e1n hoy; los nuevos, los j\u00f3venes, que sepan querer a la Instituci\u00f3n como nosotros lo aprendimos con el tiempo, como nosotros que lo fuimos haciendo con el paso de los a\u00f1os\u201d, concluy\u00f3.<\/p>\n<p><iframe loading=\"lazy\" title=\"DALMAZZO: \u201cSer empleado legislativo es un orgullo para m\u00ed\u201d\" width=\"844\" height=\"475\" src=\"https:\/\/www.youtube.com\/embed\/XVdLkEzQq0o?feature=oembed\" frameborder=\"0\" allow=\"accelerometer; autoplay; clipboard-write; encrypted-media; gyroscope; picture-in-picture; web-share\" allowfullscreen><\/iframe><\/p>\n","protected":false},"excerpt":{"rendered":"<p>Ushuaia, 6 de julio de 2021.- El 6 de julio de cada a\u00f1o, se celebra el D\u00eda del Empleado Legislativo en homenaje a la apertura del Primer Congreso Nacional de Empleados Legislativos, que se realiz\u00f3 en la ciudad de Salta. Para conmemorar ese d\u00eda, Prensa Legislativa compartir\u00e1 una serie informes a trav\u00e9s de los que [&hellip;]<\/p>\n","protected":false},"author":352,"featured_media":26029,"comment_status":"closed","ping_status":"open","sticky":false,"template":"","format":"standard","meta":{"jetpack_post_was_ever_published":false,"_jetpack_newsletter_access":"","_jetpack_dont_email_post_to_subs":false,"_jetpack_newsletter_tier_id":0,"footnotes":"","jetpack_publicize_message":"","jetpack_publicize_feature_enabled":true,"jetpack_social_post_already_shared":true,"jetpack_social_options":{"image_generator_settings":{"template":"highway","enabled":false}}},"categories":[1],"tags":[2267,78,2269,320,79,87],"jetpack_publicize_connections":[],"jetpack_sharing_enabled":true,"jetpack_featured_media_url":"https:\/\/www.legistdf.gob.ar\/wp-content\/uploads\/2021\/07\/IMG_1274.jpg","jetpack-related-posts":[],"_links":{"self":[{"href":"https:\/\/www.legistdf.gob.ar\/index.php\/wp-json\/wp\/v2\/posts\/26093"}],"collection":[{"href":"https:\/\/www.legistdf.gob.ar\/index.php\/wp-json\/wp\/v2\/posts"}],"about":[{"href":"https:\/\/www.legistdf.gob.ar\/index.php\/wp-json\/wp\/v2\/types\/post"}],"author":[{"embeddable":true,"href":"https:\/\/www.legistdf.gob.ar\/index.php\/wp-json\/wp\/v2\/users\/352"}],"replies":[{"embeddable":true,"href":"https:\/\/www.legistdf.gob.ar\/index.php\/wp-json\/wp\/v2\/comments?post=26093"}],"version-history":[{"count":1,"href":"https:\/\/www.legistdf.gob.ar\/index.php\/wp-json\/wp\/v2\/posts\/26093\/revisions"}],"predecessor-version":[{"id":26094,"href":"https:\/\/www.legistdf.gob.ar\/index.php\/wp-json\/wp\/v2\/posts\/26093\/revisions\/26094"}],"wp:featuredmedia":[{"embeddable":true,"href":"https:\/\/www.legistdf.gob.ar\/index.php\/wp-json\/wp\/v2\/media\/26029"}],"wp:attachment":[{"href":"https:\/\/www.legistdf.gob.ar\/index.php\/wp-json\/wp\/v2\/media?parent=26093"}],"wp:term":[{"taxonomy":"category","embeddable":true,"href":"https:\/\/www.legistdf.gob.ar\/index.php\/wp-json\/wp\/v2\/categories?post=26093"},{"taxonomy":"post_tag","embeddable":true,"href":"https:\/\/www.legistdf.gob.ar\/index.php\/wp-json\/wp\/v2\/tags?post=26093"}],"curies":[{"name":"wp","href":"https:\/\/api.w.org\/{rel}","templated":true}]}}