{"id":26113,"date":"2021-07-23T10:24:52","date_gmt":"2021-07-23T13:24:52","guid":{"rendered":"http:\/\/www.legistdf.gob.ar\/?p=26113"},"modified":"2021-07-23T14:16:19","modified_gmt":"2021-07-23T17:16:19","slug":"villegas-siempre-charlo-con-mis-companeros-para-que-no-dejen-de-crecer-y-de-adquirir-conocimientos","status":"publish","type":"post","link":"https:\/\/www.legistdf.gob.ar\/index.php\/2021\/07\/23\/villegas-siempre-charlo-con-mis-companeros-para-que-no-dejen-de-crecer-y-de-adquirir-conocimientos\/","title":{"rendered":"VILLEGAS: \u201cSiempre charlo con mis compa\u00f1eros para que no dejen de crecer y adquirir conocimientos\u201d"},"content":{"rendered":"<p><strong><img loading=\"lazy\" decoding=\"async\" data-attachment-id=\"26262\" data-permalink=\"https:\/\/www.legistdf.gob.ar\/index.php\/2021\/07\/23\/villegas-siempre-charlo-con-mis-companeros-para-que-no-dejen-de-crecer-y-de-adquirir-conocimientos\/_mg_0729\/\" data-orig-file=\"https:\/\/www.legistdf.gob.ar\/wp-content\/uploads\/2021\/07\/MG_0729.jpg\" data-orig-size=\"5184,3456\" data-comments-opened=\"0\" data-image-meta=\"{&quot;aperture&quot;:&quot;7.1&quot;,&quot;credit&quot;:&quot;PrenlsaLegislativa2015&quot;,&quot;camera&quot;:&quot;Canon EOS 60D&quot;,&quot;caption&quot;:&quot;&quot;,&quot;created_timestamp&quot;:&quot;1576567793&quot;,&quot;copyright&quot;:&quot;&quot;,&quot;focal_length&quot;:&quot;47&quot;,&quot;iso&quot;:&quot;1000&quot;,&quot;shutter_speed&quot;:&quot;0.0125&quot;,&quot;title&quot;:&quot;&quot;,&quot;orientation&quot;:&quot;1&quot;}\" data-image-title=\"_MG_0729\" data-image-description=\"\" data-image-caption=\"\" data-medium-file=\"https:\/\/www.legistdf.gob.ar\/wp-content\/uploads\/2021\/07\/MG_0729-300x200.jpg\" data-large-file=\"https:\/\/www.legistdf.gob.ar\/wp-content\/uploads\/2021\/07\/MG_0729-1024x683.jpg\" class=\"alignleft wp-image-26262 size-medium\" src=\"http:\/\/www.legistdf.gob.ar\/wp-content\/uploads\/2021\/07\/MG_0729-300x200.jpg\" alt=\"\" width=\"300\" height=\"200\" srcset=\"https:\/\/www.legistdf.gob.ar\/wp-content\/uploads\/2021\/07\/MG_0729-300x200.jpg 300w, https:\/\/www.legistdf.gob.ar\/wp-content\/uploads\/2021\/07\/MG_0729-768x512.jpg 768w, https:\/\/www.legistdf.gob.ar\/wp-content\/uploads\/2021\/07\/MG_0729-1024x683.jpg 1024w, https:\/\/www.legistdf.gob.ar\/wp-content\/uploads\/2021\/07\/MG_0729-160x107.jpg 160w\" sizes=\"(max-width: 300px) 100vw, 300px\" \/> Ushuaia, viernes 23 de julio de 2021.- El d\u00eda 6 de julio de cada a\u00f1o, se celebra el D\u00eda del Empleado Legislativo, en homenaje a la apertura del Primer Congreso Nacional de Empleados Legislativos, que se llev\u00f3 a cabo en la ciudad de Salta. Para conmemorar ese d\u00eda, Prensa Legislativa dialog\u00f3 con trabajadores de la C\u00e1mara, quienes explicaron la tarea que realizan diariamente y lo que significa ser empleado legislativo. En esta cuarta entrega, presentamos a Jos\u00e9 Villegas.<\/strong><\/p>\n<p>&nbsp;<\/p>\n<p>Prensa Legislativa dialog\u00f3 con Jos\u00e9 Villegas, Director de Contadur\u00eda, quien explic\u00f3 que su \u00e1rea depende del Contador General, dentro de la estructura de la Secretar\u00eda Administrativa de la C\u00e1mara. \u201cNuestra funci\u00f3n es diversa, nosotros manejamos toda la cuesti\u00f3n presupuestaria, contable y financiera de la C\u00e1mara, es uno de los pilares fundamentales, para poder llevar adelante todas las contrataciones y servicios que adquiere la C\u00e1mara para su funcionamiento\u201d, dijo Villegas.<\/p>\n<p>&nbsp;<\/p>\n<p><img loading=\"lazy\" decoding=\"async\" data-attachment-id=\"26263\" data-permalink=\"https:\/\/www.legistdf.gob.ar\/index.php\/2021\/07\/23\/villegas-siempre-charlo-con-mis-companeros-para-que-no-dejen-de-crecer-y-de-adquirir-conocimientos\/_mg_0762\/\" data-orig-file=\"https:\/\/www.legistdf.gob.ar\/wp-content\/uploads\/2021\/07\/MG_0762.jpg\" data-orig-size=\"5184,3456\" data-comments-opened=\"0\" data-image-meta=\"{&quot;aperture&quot;:&quot;7.1&quot;,&quot;credit&quot;:&quot;PrenlsaLegislativa2015&quot;,&quot;camera&quot;:&quot;Canon EOS 60D&quot;,&quot;caption&quot;:&quot;&quot;,&quot;created_timestamp&quot;:&quot;1576568856&quot;,&quot;copyright&quot;:&quot;&quot;,&quot;focal_length&quot;:&quot;35&quot;,&quot;iso&quot;:&quot;1600&quot;,&quot;shutter_speed&quot;:&quot;0.016666666666667&quot;,&quot;title&quot;:&quot;&quot;,&quot;orientation&quot;:&quot;1&quot;}\" data-image-title=\"_MG_0762\" data-image-description=\"\" data-image-caption=\"\" data-medium-file=\"https:\/\/www.legistdf.gob.ar\/wp-content\/uploads\/2021\/07\/MG_0762-300x200.jpg\" data-large-file=\"https:\/\/www.legistdf.gob.ar\/wp-content\/uploads\/2021\/07\/MG_0762-1024x683.jpg\" class=\"alignright wp-image-26263 size-medium\" src=\"http:\/\/www.legistdf.gob.ar\/wp-content\/uploads\/2021\/07\/MG_0762-300x200.jpg\" alt=\"\" width=\"300\" height=\"200\" srcset=\"https:\/\/www.legistdf.gob.ar\/wp-content\/uploads\/2021\/07\/MG_0762-300x200.jpg 300w, https:\/\/www.legistdf.gob.ar\/wp-content\/uploads\/2021\/07\/MG_0762-768x512.jpg 768w, https:\/\/www.legistdf.gob.ar\/wp-content\/uploads\/2021\/07\/MG_0762-1024x683.jpg 1024w, https:\/\/www.legistdf.gob.ar\/wp-content\/uploads\/2021\/07\/MG_0762-160x107.jpg 160w\" sizes=\"(max-width: 300px) 100vw, 300px\" \/><\/p>\n<p>Mencion\u00f3 que en \u00a0Contadur\u00eda se administran las liquidaciones de haberes, los contratos de los servicios de terceros como los profesionales y los contratos de locaciones. \u201cO sea que se administran todos los gastos que tiene que afrontar la instituci\u00f3n. En este momento somos 7 personas las que estamos abocadas al \u00e1rea de Contadur\u00eda, incluyendo Imputaciones, y todos dependemos del Contador General\u201d.<\/p>\n<p>&nbsp;<\/p>\n<p>Al recordar sus or\u00edgenes, indic\u00f3: \u201cYo llevo casi 32 a\u00f1os trabajando en la C\u00e1mara, estamos desde el inicio de la Provincia, son muchos a\u00f1os ya. Este tiempo transcurrido fue muy lindo, hemos compartido con muchos compa\u00f1eros much\u00edsimos a\u00f1os de tra<\/p>\n<p><strong><img loading=\"lazy\" decoding=\"async\" data-attachment-id=\"26265\" data-permalink=\"https:\/\/www.legistdf.gob.ar\/index.php\/2021\/07\/23\/villegas-siempre-charlo-con-mis-companeros-para-que-no-dejen-de-crecer-y-de-adquirir-conocimientos\/img_1090\/\" data-orig-file=\"https:\/\/www.legistdf.gob.ar\/wp-content\/uploads\/2021\/07\/IMG_1090.jpg\" data-orig-size=\"5472,3648\" data-comments-opened=\"0\" data-image-meta=\"{&quot;aperture&quot;:&quot;5&quot;,&quot;credit&quot;:&quot;&quot;,&quot;camera&quot;:&quot;Canon EOS 6D&quot;,&quot;caption&quot;:&quot;&quot;,&quot;created_timestamp&quot;:&quot;1576562658&quot;,&quot;copyright&quot;:&quot;&quot;,&quot;focal_length&quot;:&quot;165&quot;,&quot;iso&quot;:&quot;2000&quot;,&quot;shutter_speed&quot;:&quot;0.005&quot;,&quot;title&quot;:&quot;&quot;,&quot;orientation&quot;:&quot;1&quot;}\" data-image-title=\"IMG_1090\" data-image-description=\"\" data-image-caption=\"\" data-medium-file=\"https:\/\/www.legistdf.gob.ar\/wp-content\/uploads\/2021\/07\/IMG_1090-300x200.jpg\" data-large-file=\"https:\/\/www.legistdf.gob.ar\/wp-content\/uploads\/2021\/07\/IMG_1090-1024x683.jpg\" class=\"alignright wp-image-26265 size-medium\" src=\"http:\/\/www.legistdf.gob.ar\/wp-content\/uploads\/2021\/07\/IMG_1090-300x200.jpg\" alt=\"\" width=\"300\" height=\"200\" srcset=\"https:\/\/www.legistdf.gob.ar\/wp-content\/uploads\/2021\/07\/IMG_1090-300x200.jpg 300w, https:\/\/www.legistdf.gob.ar\/wp-content\/uploads\/2021\/07\/IMG_1090-768x512.jpg 768w, https:\/\/www.legistdf.gob.ar\/wp-content\/uploads\/2021\/07\/IMG_1090-1024x683.jpg 1024w, https:\/\/www.legistdf.gob.ar\/wp-content\/uploads\/2021\/07\/IMG_1090-160x107.jpg 160w\" sizes=\"(max-width: 300px) 100vw, 300px\" \/><\/strong><\/p>\n<p>bajo, tuve la suerte de pasar por varias \u00e1reas dentro de la estructura de la Legislatura, y eso me permiti\u00f3 conocer bastante a mis compa\u00f1eros y las funciones que se desarrollan en las distintas \u00e1reas\u201d.<\/p>\n<p>&nbsp;<\/p>\n<p>En ese sentido, continu\u00f3 \u201cyo inici\u00e9 all\u00e1 por el a\u00f1o 1989 junto con un grupo de compa\u00f1eros que \u00e9ramos todos cadetes, empezamos en el \u00e1rea de Ceremonial y Protocolo con la se\u00f1ora Raquel Roca, que bien viene al caso recordarla, ya que fue nuestra Directora en aquel momento\u201d.<\/p>\n<p>&nbsp;<\/p>\n<p>\u201cDespu\u00e9s de 7 a\u00f1os de cumplir la funci\u00f3n de cadeter\u00eda, nos llamaron para trabajar en distintas \u00e1reas que dependen de la Secretar\u00eda Administrativa. Tuvimos la suerte de que los compa\u00f1eros de trabajo m\u00e1s antiguos se fijaran en nosotros, en los que \u00edbamo<\/p>\n<p><img loading=\"lazy\" decoding=\"async\" data-attachment-id=\"26264\" data-permalink=\"https:\/\/www.legistdf.gob.ar\/index.php\/2021\/07\/23\/villegas-siempre-charlo-con-mis-companeros-para-que-no-dejen-de-crecer-y-de-adquirir-conocimientos\/img_0862-7\/\" data-orig-file=\"https:\/\/www.legistdf.gob.ar\/wp-content\/uploads\/2021\/07\/IMG_0862.jpg\" data-orig-size=\"5472,3648\" data-comments-opened=\"0\" data-image-meta=\"{&quot;aperture&quot;:&quot;6.3&quot;,&quot;credit&quot;:&quot;&quot;,&quot;camera&quot;:&quot;Canon EOS 6D&quot;,&quot;caption&quot;:&quot;&quot;,&quot;created_timestamp&quot;:&quot;1576560272&quot;,&quot;copyright&quot;:&quot;&quot;,&quot;focal_length&quot;:&quot;600&quot;,&quot;iso&quot;:&quot;1600&quot;,&quot;shutter_speed&quot;:&quot;0.00625&quot;,&quot;title&quot;:&quot;&quot;,&quot;orientation&quot;:&quot;1&quot;}\" data-image-title=\"IMG_0862\" data-image-description=\"\" data-image-caption=\"\" data-medium-file=\"https:\/\/www.legistdf.gob.ar\/wp-content\/uploads\/2021\/07\/IMG_0862-300x200.jpg\" data-large-file=\"https:\/\/www.legistdf.gob.ar\/wp-content\/uploads\/2021\/07\/IMG_0862-1024x683.jpg\" class=\"alignleft wp-image-26264 size-medium\" src=\"http:\/\/www.legistdf.gob.ar\/wp-content\/uploads\/2021\/07\/IMG_0862-300x200.jpg\" alt=\"\" width=\"300\" height=\"200\" srcset=\"https:\/\/www.legistdf.gob.ar\/wp-content\/uploads\/2021\/07\/IMG_0862-300x200.jpg 300w, https:\/\/www.legistdf.gob.ar\/wp-content\/uploads\/2021\/07\/IMG_0862-768x512.jpg 768w, https:\/\/www.legistdf.gob.ar\/wp-content\/uploads\/2021\/07\/IMG_0862-1024x683.jpg 1024w, https:\/\/www.legistdf.gob.ar\/wp-content\/uploads\/2021\/07\/IMG_0862-160x107.jpg 160w\" sizes=\"(max-width: 300px) 100vw, 300px\" \/><\/p>\n<p>s form\u00e1ndonos y ven\u00edamos de abajo, y as\u00ed fuimos distribuidos en otros lugares en donde todav\u00eda hoy algunos siguen prestando funciones\u201d, agreg\u00f3 Villegas.<\/p>\n<p>&nbsp;<\/p>\n<p>Respecto de la organizaci\u00f3n del trabajo en este contexto actual de pandemia, dijo que \u201cno fue para nada f\u00e1cil al principio, hemos aprendido much\u00edsimo en este tiempo, a ir sorteando distintas situaciones y problemas que fueron surgiendo, pero siempre trabajando con seriedad y con las herramientas que tenemos al alcance, hemos tratado de cumplir manteni\u00e9ndonos a la altura de lo que nos demandan nuestras responsabilidades\u201d, destac\u00f3.<\/p>\n<p>&nbsp;<\/p>\n<p>Por \u00faltimo, el Director de Contadur\u00eda reflexion\u00f3: \u201cCreo que es nuestra misi\u00f3n, de los m\u00e1s antiguos y que tenemos varios a\u00f1os en la C\u00e1mara, de ir delegando responsabilidades y transmitiendo conocimientos. Yo siempre charlo con mis compa\u00f1eros para que no dejen de crecer y de adquirir conocimientos, que valoren a la Instituci\u00f3n, que en definitiva es nuestra fuente de trabajo y es donde permanecemos la mayor parte del a\u00f1o. A ellos les dejo el mensaje de que sean colaboradores, que sigan creciendo en sus funciones y que valoren el trabajo de sus compa\u00f1eros que tienen al lado\u201d, concluy\u00f3 Jos\u00e9 Villegas.<\/p>\n<p>&nbsp;<\/p>\n<p style=\"text-align: right\"><em>LVV-ZV-NEGM<\/em><\/p>\n<p><iframe loading=\"lazy\" title=\"VILLEGAS: \u201cSiempre charlo con mis compa\u00f1eros para que no dejen de crecer y adquirir conocimientos\u201d\" width=\"844\" height=\"475\" src=\"https:\/\/www.youtube.com\/embed\/nTnIN5wQbno?feature=oembed\" frameborder=\"0\" allow=\"accelerometer; autoplay; clipboard-write; encrypted-media; gyroscope; picture-in-picture; web-share\" allowfullscreen><\/iframe><\/p>\n\n\t\t<style type=\"text\/css\">\n\t\t\t#gallery-1 {\n\t\t\t\tmargin: auto;\n\t\t\t}\n\t\t\t#gallery-1 .gallery-item {\n\t\t\t\tfloat: left;\n\t\t\t\tmargin-top: 10px;\n\t\t\t\ttext-align: center;\n\t\t\t\twidth: 25%;\n\t\t\t}\n\t\t\t#gallery-1 img {\n\t\t\t\tborder: 2px solid #cfcfcf;\n\t\t\t}\n\t\t\t#gallery-1 .gallery-caption {\n\t\t\t\tmargin-left: 0;\n\t\t\t}\n\t\t\t\/* see gallery_shortcode() in wp-includes\/media.php *\/\n\t\t<\/style>\n\t\t<div data-carousel-extra='{\"blog_id\":1,\"permalink\":\"https:\\\/\\\/www.legistdf.gob.ar\\\/index.php\\\/2021\\\/07\\\/23\\\/villegas-siempre-charlo-con-mis-companeros-para-que-no-dejen-de-crecer-y-de-adquirir-conocimientos\\\/\"}' id='gallery-1' class='gallery galleryid-26113 gallery-columns-4 gallery-size-thumbnail'><dl class='gallery-item'>\n\t\t\t<dt class='gallery-icon landscape'>\n\t\t\t\t<a href='https:\/\/www.legistdf.gob.ar\/index.php\/2021\/07\/23\/villegas-siempre-charlo-con-mis-companeros-para-que-no-dejen-de-crecer-y-de-adquirir-conocimientos\/img_1090\/'><img loading=\"lazy\" decoding=\"async\" width=\"150\" height=\"150\" src=\"https:\/\/www.legistdf.gob.ar\/wp-content\/uploads\/2021\/07\/IMG_1090-150x150.jpg\" class=\"attachment-thumbnail size-thumbnail\" alt=\"\" srcset=\"https:\/\/www.legistdf.gob.ar\/wp-content\/uploads\/2021\/07\/IMG_1090-150x150.jpg 150w, https:\/\/www.legistdf.gob.ar\/wp-content\/uploads\/2021\/07\/IMG_1090-64x64.jpg 64w\" sizes=\"(max-width: 150px) 100vw, 150px\" data-attachment-id=\"26265\" data-permalink=\"https:\/\/www.legistdf.gob.ar\/index.php\/2021\/07\/23\/villegas-siempre-charlo-con-mis-companeros-para-que-no-dejen-de-crecer-y-de-adquirir-conocimientos\/img_1090\/\" data-orig-file=\"https:\/\/www.legistdf.gob.ar\/wp-content\/uploads\/2021\/07\/IMG_1090.jpg\" data-orig-size=\"5472,3648\" data-comments-opened=\"0\" data-image-meta=\"{&quot;aperture&quot;:&quot;5&quot;,&quot;credit&quot;:&quot;&quot;,&quot;camera&quot;:&quot;Canon EOS 6D&quot;,&quot;caption&quot;:&quot;&quot;,&quot;created_timestamp&quot;:&quot;1576562658&quot;,&quot;copyright&quot;:&quot;&quot;,&quot;focal_length&quot;:&quot;165&quot;,&quot;iso&quot;:&quot;2000&quot;,&quot;shutter_speed&quot;:&quot;0.005&quot;,&quot;title&quot;:&quot;&quot;,&quot;orientation&quot;:&quot;1&quot;}\" data-image-title=\"IMG_1090\" data-image-description=\"\" data-image-caption=\"\" data-medium-file=\"https:\/\/www.legistdf.gob.ar\/wp-content\/uploads\/2021\/07\/IMG_1090-300x200.jpg\" data-large-file=\"https:\/\/www.legistdf.gob.ar\/wp-content\/uploads\/2021\/07\/IMG_1090-1024x683.jpg\" \/><\/a>\n\t\t\t<\/dt><\/dl><dl class='gallery-item'>\n\t\t\t<dt class='gallery-icon landscape'>\n\t\t\t\t<a href='https:\/\/www.legistdf.gob.ar\/index.php\/2021\/07\/23\/villegas-siempre-charlo-con-mis-companeros-para-que-no-dejen-de-crecer-y-de-adquirir-conocimientos\/img_0862-7\/'><img loading=\"lazy\" decoding=\"async\" width=\"150\" height=\"150\" src=\"https:\/\/www.legistdf.gob.ar\/wp-content\/uploads\/2021\/07\/IMG_0862-150x150.jpg\" class=\"attachment-thumbnail size-thumbnail\" alt=\"\" srcset=\"https:\/\/www.legistdf.gob.ar\/wp-content\/uploads\/2021\/07\/IMG_0862-150x150.jpg 150w, https:\/\/www.legistdf.gob.ar\/wp-content\/uploads\/2021\/07\/IMG_0862-64x64.jpg 64w\" sizes=\"(max-width: 150px) 100vw, 150px\" data-attachment-id=\"26264\" data-permalink=\"https:\/\/www.legistdf.gob.ar\/index.php\/2021\/07\/23\/villegas-siempre-charlo-con-mis-companeros-para-que-no-dejen-de-crecer-y-de-adquirir-conocimientos\/img_0862-7\/\" data-orig-file=\"https:\/\/www.legistdf.gob.ar\/wp-content\/uploads\/2021\/07\/IMG_0862.jpg\" data-orig-size=\"5472,3648\" data-comments-opened=\"0\" data-image-meta=\"{&quot;aperture&quot;:&quot;6.3&quot;,&quot;credit&quot;:&quot;&quot;,&quot;camera&quot;:&quot;Canon EOS 6D&quot;,&quot;caption&quot;:&quot;&quot;,&quot;created_timestamp&quot;:&quot;1576560272&quot;,&quot;copyright&quot;:&quot;&quot;,&quot;focal_length&quot;:&quot;600&quot;,&quot;iso&quot;:&quot;1600&quot;,&quot;shutter_speed&quot;:&quot;0.00625&quot;,&quot;title&quot;:&quot;&quot;,&quot;orientation&quot;:&quot;1&quot;}\" data-image-title=\"IMG_0862\" data-image-description=\"\" data-image-caption=\"\" data-medium-file=\"https:\/\/www.legistdf.gob.ar\/wp-content\/uploads\/2021\/07\/IMG_0862-300x200.jpg\" data-large-file=\"https:\/\/www.legistdf.gob.ar\/wp-content\/uploads\/2021\/07\/IMG_0862-1024x683.jpg\" \/><\/a>\n\t\t\t<\/dt><\/dl><dl class='gallery-item'>\n\t\t\t<dt class='gallery-icon landscape'>\n\t\t\t\t<a href='https:\/\/www.legistdf.gob.ar\/index.php\/2021\/07\/23\/villegas-siempre-charlo-con-mis-companeros-para-que-no-dejen-de-crecer-y-de-adquirir-conocimientos\/_mg_0762\/'><img loading=\"lazy\" decoding=\"async\" width=\"150\" height=\"150\" src=\"https:\/\/www.legistdf.gob.ar\/wp-content\/uploads\/2021\/07\/MG_0762-150x150.jpg\" class=\"attachment-thumbnail size-thumbnail\" alt=\"\" srcset=\"https:\/\/www.legistdf.gob.ar\/wp-content\/uploads\/2021\/07\/MG_0762-150x150.jpg 150w, https:\/\/www.legistdf.gob.ar\/wp-content\/uploads\/2021\/07\/MG_0762-64x64.jpg 64w\" sizes=\"(max-width: 150px) 100vw, 150px\" data-attachment-id=\"26263\" data-permalink=\"https:\/\/www.legistdf.gob.ar\/index.php\/2021\/07\/23\/villegas-siempre-charlo-con-mis-companeros-para-que-no-dejen-de-crecer-y-de-adquirir-conocimientos\/_mg_0762\/\" data-orig-file=\"https:\/\/www.legistdf.gob.ar\/wp-content\/uploads\/2021\/07\/MG_0762.jpg\" data-orig-size=\"5184,3456\" data-comments-opened=\"0\" data-image-meta=\"{&quot;aperture&quot;:&quot;7.1&quot;,&quot;credit&quot;:&quot;PrenlsaLegislativa2015&quot;,&quot;camera&quot;:&quot;Canon EOS 60D&quot;,&quot;caption&quot;:&quot;&quot;,&quot;created_timestamp&quot;:&quot;1576568856&quot;,&quot;copyright&quot;:&quot;&quot;,&quot;focal_length&quot;:&quot;35&quot;,&quot;iso&quot;:&quot;1600&quot;,&quot;shutter_speed&quot;:&quot;0.016666666666667&quot;,&quot;title&quot;:&quot;&quot;,&quot;orientation&quot;:&quot;1&quot;}\" data-image-title=\"_MG_0762\" data-image-description=\"\" data-image-caption=\"\" data-medium-file=\"https:\/\/www.legistdf.gob.ar\/wp-content\/uploads\/2021\/07\/MG_0762-300x200.jpg\" data-large-file=\"https:\/\/www.legistdf.gob.ar\/wp-content\/uploads\/2021\/07\/MG_0762-1024x683.jpg\" \/><\/a>\n\t\t\t<\/dt><\/dl><dl class='gallery-item'>\n\t\t\t<dt class='gallery-icon landscape'>\n\t\t\t\t<a href='https:\/\/www.legistdf.gob.ar\/index.php\/2021\/07\/23\/villegas-siempre-charlo-con-mis-companeros-para-que-no-dejen-de-crecer-y-de-adquirir-conocimientos\/_mg_0729\/'><img loading=\"lazy\" decoding=\"async\" width=\"150\" height=\"150\" src=\"https:\/\/www.legistdf.gob.ar\/wp-content\/uploads\/2021\/07\/MG_0729-150x150.jpg\" class=\"attachment-thumbnail size-thumbnail\" alt=\"\" srcset=\"https:\/\/www.legistdf.gob.ar\/wp-content\/uploads\/2021\/07\/MG_0729-150x150.jpg 150w, https:\/\/www.legistdf.gob.ar\/wp-content\/uploads\/2021\/07\/MG_0729-64x64.jpg 64w\" sizes=\"(max-width: 150px) 100vw, 150px\" data-attachment-id=\"26262\" data-permalink=\"https:\/\/www.legistdf.gob.ar\/index.php\/2021\/07\/23\/villegas-siempre-charlo-con-mis-companeros-para-que-no-dejen-de-crecer-y-de-adquirir-conocimientos\/_mg_0729\/\" data-orig-file=\"https:\/\/www.legistdf.gob.ar\/wp-content\/uploads\/2021\/07\/MG_0729.jpg\" data-orig-size=\"5184,3456\" data-comments-opened=\"0\" data-image-meta=\"{&quot;aperture&quot;:&quot;7.1&quot;,&quot;credit&quot;:&quot;PrenlsaLegislativa2015&quot;,&quot;camera&quot;:&quot;Canon EOS 60D&quot;,&quot;caption&quot;:&quot;&quot;,&quot;created_timestamp&quot;:&quot;1576567793&quot;,&quot;copyright&quot;:&quot;&quot;,&quot;focal_length&quot;:&quot;47&quot;,&quot;iso&quot;:&quot;1000&quot;,&quot;shutter_speed&quot;:&quot;0.0125&quot;,&quot;title&quot;:&quot;&quot;,&quot;orientation&quot;:&quot;1&quot;}\" data-image-title=\"_MG_0729\" data-image-description=\"\" data-image-caption=\"\" data-medium-file=\"https:\/\/www.legistdf.gob.ar\/wp-content\/uploads\/2021\/07\/MG_0729-300x200.jpg\" data-large-file=\"https:\/\/www.legistdf.gob.ar\/wp-content\/uploads\/2021\/07\/MG_0729-1024x683.jpg\" \/><\/a>\n\t\t\t<\/dt><\/dl><br style=\"clear: both\" \/>\n\t\t<\/div>\n\n","protected":false},"excerpt":{"rendered":"<p>Ushuaia, viernes 23 de julio de 2021.- El d\u00eda 6 de julio de cada a\u00f1o, se celebra el D\u00eda del Empleado Legislativo, en homenaje a la apertura del Primer Congreso Nacional de Empleados Legislativos, que se llev\u00f3 a cabo en la ciudad de Salta. Para conmemorar ese d\u00eda, Prensa Legislativa dialog\u00f3 con trabajadores de la [&hellip;]<\/p>\n","protected":false},"author":352,"featured_media":26264,"comment_status":"closed","ping_status":"open","sticky":false,"template":"","format":"standard","meta":{"jetpack_post_was_ever_published":false,"_jetpack_newsletter_access":"","_jetpack_dont_email_post_to_subs":false,"_jetpack_newsletter_tier_id":0,"footnotes":"","jetpack_publicize_message":"","jetpack_publicize_feature_enabled":true,"jetpack_social_post_already_shared":true,"jetpack_social_options":{"image_generator_settings":{"template":"highway","enabled":false}}},"categories":[1],"tags":[2278,1911,2267,2279,78,79,87],"jetpack_publicize_connections":[],"jetpack_sharing_enabled":true,"jetpack_featured_media_url":"https:\/\/www.legistdf.gob.ar\/wp-content\/uploads\/2021\/07\/IMG_0862.jpg","jetpack-related-posts":[],"_links":{"self":[{"href":"https:\/\/www.legistdf.gob.ar\/index.php\/wp-json\/wp\/v2\/posts\/26113"}],"collection":[{"href":"https:\/\/www.legistdf.gob.ar\/index.php\/wp-json\/wp\/v2\/posts"}],"about":[{"href":"https:\/\/www.legistdf.gob.ar\/index.php\/wp-json\/wp\/v2\/types\/post"}],"author":[{"embeddable":true,"href":"https:\/\/www.legistdf.gob.ar\/index.php\/wp-json\/wp\/v2\/users\/352"}],"replies":[{"embeddable":true,"href":"https:\/\/www.legistdf.gob.ar\/index.php\/wp-json\/wp\/v2\/comments?post=26113"}],"version-history":[{"count":5,"href":"https:\/\/www.legistdf.gob.ar\/index.php\/wp-json\/wp\/v2\/posts\/26113\/revisions"}],"predecessor-version":[{"id":26272,"href":"https:\/\/www.legistdf.gob.ar\/index.php\/wp-json\/wp\/v2\/posts\/26113\/revisions\/26272"}],"wp:featuredmedia":[{"embeddable":true,"href":"https:\/\/www.legistdf.gob.ar\/index.php\/wp-json\/wp\/v2\/media\/26264"}],"wp:attachment":[{"href":"https:\/\/www.legistdf.gob.ar\/index.php\/wp-json\/wp\/v2\/media?parent=26113"}],"wp:term":[{"taxonomy":"category","embeddable":true,"href":"https:\/\/www.legistdf.gob.ar\/index.php\/wp-json\/wp\/v2\/categories?post=26113"},{"taxonomy":"post_tag","embeddable":true,"href":"https:\/\/www.legistdf.gob.ar\/index.php\/wp-json\/wp\/v2\/tags?post=26113"}],"curies":[{"name":"wp","href":"https:\/\/api.w.org\/{rel}","templated":true}]}}