{"id":26154,"date":"2021-07-11T20:46:30","date_gmt":"2021-07-11T23:46:30","guid":{"rendered":"http:\/\/www.legistdf.gob.ar\/?p=26154"},"modified":"2021-07-11T20:46:30","modified_gmt":"2021-07-11T23:46:30","slug":"centenario-rio-grande-es-una-ciudad-muy-pujante-y-con-vecinos-con-mucha-fuerza-celebro-urquiza","status":"publish","type":"post","link":"https:\/\/www.legistdf.gob.ar\/index.php\/2021\/07\/11\/centenario-rio-grande-es-una-ciudad-muy-pujante-y-con-vecinos-con-mucha-fuerza-celebro-urquiza\/","title":{"rendered":"CENTENARIO: R\u00edo Grande es una ciudad muy pujante y con vecinos con mucha fuerza, celebr\u00f3 Urquiza"},"content":{"rendered":"<p><strong><img loading=\"lazy\" decoding=\"async\" data-attachment-id=\"26176\" data-permalink=\"https:\/\/www.legistdf.gob.ar\/index.php\/2021\/07\/11\/centenario-rio-grande-es-una-ciudad-muy-pujante-y-con-vecinos-con-mucha-fuerza-celebro-urquiza\/img_1557\/\" data-orig-file=\"https:\/\/www.legistdf.gob.ar\/wp-content\/uploads\/2021\/07\/IMG_1557.jpg\" data-orig-size=\"1000,667\" data-comments-opened=\"0\" data-image-meta=\"{&quot;aperture&quot;:&quot;0&quot;,&quot;credit&quot;:&quot;&quot;,&quot;camera&quot;:&quot;&quot;,&quot;caption&quot;:&quot;&quot;,&quot;created_timestamp&quot;:&quot;0&quot;,&quot;copyright&quot;:&quot;&quot;,&quot;focal_length&quot;:&quot;0&quot;,&quot;iso&quot;:&quot;0&quot;,&quot;shutter_speed&quot;:&quot;0&quot;,&quot;title&quot;:&quot;&quot;,&quot;orientation&quot;:&quot;0&quot;}\" data-image-title=\"IMG_1557\" data-image-description=\"\" data-image-caption=\"\" data-medium-file=\"https:\/\/www.legistdf.gob.ar\/wp-content\/uploads\/2021\/07\/IMG_1557-300x200.jpg\" data-large-file=\"https:\/\/www.legistdf.gob.ar\/wp-content\/uploads\/2021\/07\/IMG_1557.jpg\" class=\"alignleft wp-image-26176 size-medium\" src=\"http:\/\/www.legistdf.gob.ar\/wp-content\/uploads\/2021\/07\/IMG_1557-300x200.jpg\" alt=\"\" width=\"300\" height=\"200\" srcset=\"https:\/\/www.legistdf.gob.ar\/wp-content\/uploads\/2021\/07\/IMG_1557-300x200.jpg 300w, https:\/\/www.legistdf.gob.ar\/wp-content\/uploads\/2021\/07\/IMG_1557-768x512.jpg 768w, https:\/\/www.legistdf.gob.ar\/wp-content\/uploads\/2021\/07\/IMG_1557-160x107.jpg 160w, https:\/\/www.legistdf.gob.ar\/wp-content\/uploads\/2021\/07\/IMG_1557.jpg 1000w\" sizes=\"(max-width: 300px) 100vw, 300px\" \/>R\u00edo Grande, domingo 11 de julio de 2021.- La ciudad del norte fueguino, centro geogr\u00e1fico de la Rep\u00fablica Argentina, celebra el centenario de su fundaci\u00f3n originada como Colonia Agr\u00edcola y Pastoril por un decreto del expresidente Hip\u00f3lito Yrigoyen de 1921. Hoy, el acto central por el centenario se llev\u00f3 adelante en la sala \u00c1ngela Loig de la Casa de la Cultura y participaron las autoridades fueguinas, junto a vecinos y vecinas donde se dio cumplimiento al protocolo sanitario por COVID-19.<\/strong><\/p>\n<p>&nbsp;<\/p>\n<p>Antes del acto, los referentes legislativos y la Vicegobernadora compartieron un encuentro con el Intendente de la Ciudad, donde hicieron entrega de una placa recordatoria por el Centenario de parte del Parlamento fueguino.<\/p>\n<p>&nbsp;<\/p>\n<p><img loading=\"lazy\" decoding=\"async\" data-attachment-id=\"26192\" data-permalink=\"https:\/\/www.legistdf.gob.ar\/index.php\/2021\/07\/11\/centenario-rio-grande-es-una-ciudad-muy-pujante-y-con-vecinos-con-mucha-fuerza-celebro-urquiza\/whatsapp-image-2021-07-11-at-15-14-27-1\/\" data-orig-file=\"https:\/\/www.legistdf.gob.ar\/wp-content\/uploads\/2021\/07\/WhatsApp-Image-2021-07-11-at-15.14.27-1.jpeg\" data-orig-size=\"1280,853\" data-comments-opened=\"0\" data-image-meta=\"{&quot;aperture&quot;:&quot;0&quot;,&quot;credit&quot;:&quot;&quot;,&quot;camera&quot;:&quot;&quot;,&quot;caption&quot;:&quot;&quot;,&quot;created_timestamp&quot;:&quot;0&quot;,&quot;copyright&quot;:&quot;&quot;,&quot;focal_length&quot;:&quot;0&quot;,&quot;iso&quot;:&quot;0&quot;,&quot;shutter_speed&quot;:&quot;0&quot;,&quot;title&quot;:&quot;&quot;,&quot;orientation&quot;:&quot;0&quot;}\" data-image-title=\"WhatsApp Image 2021-07-11 at 15.14.27 (1)\" data-image-description=\"\" data-image-caption=\"\" data-medium-file=\"https:\/\/www.legistdf.gob.ar\/wp-content\/uploads\/2021\/07\/WhatsApp-Image-2021-07-11-at-15.14.27-1-300x200.jpeg\" data-large-file=\"https:\/\/www.legistdf.gob.ar\/wp-content\/uploads\/2021\/07\/WhatsApp-Image-2021-07-11-at-15.14.27-1-1024x682.jpeg\" class=\"alignright wp-image-26192 size-medium\" src=\"http:\/\/www.legistdf.gob.ar\/wp-content\/uploads\/2021\/07\/WhatsApp-Image-2021-07-11-at-15.14.27-1-300x200.jpeg\" alt=\"\" width=\"300\" height=\"200\" srcset=\"https:\/\/www.legistdf.gob.ar\/wp-content\/uploads\/2021\/07\/WhatsApp-Image-2021-07-11-at-15.14.27-1-300x200.jpeg 300w, https:\/\/www.legistdf.gob.ar\/wp-content\/uploads\/2021\/07\/WhatsApp-Image-2021-07-11-at-15.14.27-1-768x512.jpeg 768w, https:\/\/www.legistdf.gob.ar\/wp-content\/uploads\/2021\/07\/WhatsApp-Image-2021-07-11-at-15.14.27-1-1024x682.jpeg 1024w, https:\/\/www.legistdf.gob.ar\/wp-content\/uploads\/2021\/07\/WhatsApp-Image-2021-07-11-at-15.14.27-1-160x107.jpeg 160w, https:\/\/www.legistdf.gob.ar\/wp-content\/uploads\/2021\/07\/WhatsApp-Image-2021-07-11-at-15.14.27-1.jpeg 1280w\" sizes=\"(max-width: 300px) 100vw, 300px\" \/>En di\u00e1logo con Prensa Legislativa, la Presidenta del Poder Legislativo, vicegobernadora M\u00f3nica Urquiza dijo que \u00abR\u00edo Grande es una ciudad muy pujante, con vecinos y vecinas con mucha fuerza\u00bb\u00a0 y agreg\u00f3 que\u00bb es un honor compartir el centenario de su fundaci\u00f3n\u00bb.<\/p>\n<p>&nbsp;<\/p>\n<p>La Vicegobernadora de la Provincia adelant\u00f3 que las actividades por los festejos de la fecha se iniciaron hoy, domingo 11 y continuar\u00e1n a lo largo de los meses venideros y asegur\u00f3 que \u201cvamos a seguir acompa\u00f1ando a los riograndenses en su centenario\u00bb.<\/p>\n<p>&nbsp;<\/p>\n<p>Por \u00faltimo, dijo que la fecha \u201cnos pone muy contentos\u201d y agradeci\u00f3 al intendente municipal, Mart\u00edn P\u00e9rez por hacer part\u00edcipe al Poder Legislativo de esta conmemoraci\u00f3n.<\/p>\n<p>&nbsp;<\/p>\n<p><img loading=\"lazy\" decoding=\"async\" data-attachment-id=\"26177\" data-permalink=\"https:\/\/www.legistdf.gob.ar\/index.php\/2021\/07\/11\/centenario-rio-grande-es-una-ciudad-muy-pujante-y-con-vecinos-con-mucha-fuerza-celebro-urquiza\/img_1564-2\/\" data-orig-file=\"https:\/\/www.legistdf.gob.ar\/wp-content\/uploads\/2021\/07\/IMG_1564.jpg\" data-orig-size=\"1000,667\" data-comments-opened=\"0\" data-image-meta=\"{&quot;aperture&quot;:&quot;0&quot;,&quot;credit&quot;:&quot;&quot;,&quot;camera&quot;:&quot;&quot;,&quot;caption&quot;:&quot;&quot;,&quot;created_timestamp&quot;:&quot;0&quot;,&quot;copyright&quot;:&quot;&quot;,&quot;focal_length&quot;:&quot;0&quot;,&quot;iso&quot;:&quot;0&quot;,&quot;shutter_speed&quot;:&quot;0&quot;,&quot;title&quot;:&quot;&quot;,&quot;orientation&quot;:&quot;0&quot;}\" data-image-title=\"IMG_1564\" data-image-description=\"\" data-image-caption=\"\" data-medium-file=\"https:\/\/www.legistdf.gob.ar\/wp-content\/uploads\/2021\/07\/IMG_1564-300x200.jpg\" data-large-file=\"https:\/\/www.legistdf.gob.ar\/wp-content\/uploads\/2021\/07\/IMG_1564.jpg\" class=\"alignright wp-image-26177 size-medium\" src=\"http:\/\/www.legistdf.gob.ar\/wp-content\/uploads\/2021\/07\/IMG_1564-300x200.jpg\" alt=\"\" width=\"300\" height=\"200\" srcset=\"https:\/\/www.legistdf.gob.ar\/wp-content\/uploads\/2021\/07\/IMG_1564-300x200.jpg 300w, https:\/\/www.legistdf.gob.ar\/wp-content\/uploads\/2021\/07\/IMG_1564-768x512.jpg 768w, https:\/\/www.legistdf.gob.ar\/wp-content\/uploads\/2021\/07\/IMG_1564-160x107.jpg 160w, https:\/\/www.legistdf.gob.ar\/wp-content\/uploads\/2021\/07\/IMG_1564.jpg 1000w\" sizes=\"(max-width: 300px) 100vw, 300px\" \/>El inicio del acto estuvo a cargo de la cantante riograndense, Ruth Rueda cant\u00f3 las estrofas del himno nacional junto a int\u00e9rpretes de lenguajes de se\u00f1as Argentina. Mediante videos institucionales se recorri\u00f3 las voces de los riograndenses y, tambi\u00e9n, se dio lugar a la cultura. El cantautor Facundo Armas junto a la orquesta municipal Kayen estren\u00f3 la canci\u00f3n \u201cHerederos de esta Tierra\u201d. \u201cEn un grito de resistencia y reivindicaci\u00f3n\u201d, hacia los pueblos originarios, dijo. Tambi\u00e9n interpretaron \u201cZamba del Centenario\u201d de Ram\u00f3n Barrenechea. Luego, junto al poeta Freddy Gallardo y las cantantes Leda Soto y Abril Araya, dieron vida al himno por excelencia de Tierra del Fuego, \u201cEl Fueguino\u201d. Walter Buscemi \u201cfue y ser\u00e1 un orgullo y un emblema de la identidad de nuestra ciudad\u201d, dijo la locutora Noelia Mercado.<\/p>\n<p>&nbsp;<\/p>\n<p>Por su parte, el Intendente de la Ciudad, Mart\u00edn P\u00e9rez dijo que se cumplen cien a\u00f1os desde la fundaci\u00f3n de la colonia agr\u00edcola, \u201cun pueblo de trabajo, el esfuerzo y el amor de cuatro generaciones, hicieron crecer a esta casa com\u00fan que hoy abraza a m\u00e1s de 35 mil familias\u201d.<\/p>\n<p>&nbsp;<\/p>\n<p><img loading=\"lazy\" decoding=\"async\" data-attachment-id=\"26174\" data-permalink=\"https:\/\/www.legistdf.gob.ar\/index.php\/2021\/07\/11\/centenario-rio-grande-es-una-ciudad-muy-pujante-y-con-vecinos-con-mucha-fuerza-celebro-urquiza\/img_1548-2\/\" data-orig-file=\"https:\/\/www.legistdf.gob.ar\/wp-content\/uploads\/2021\/07\/IMG_1548.jpg\" data-orig-size=\"1000,667\" data-comments-opened=\"0\" data-image-meta=\"{&quot;aperture&quot;:&quot;0&quot;,&quot;credit&quot;:&quot;&quot;,&quot;camera&quot;:&quot;&quot;,&quot;caption&quot;:&quot;&quot;,&quot;created_timestamp&quot;:&quot;0&quot;,&quot;copyright&quot;:&quot;&quot;,&quot;focal_length&quot;:&quot;0&quot;,&quot;iso&quot;:&quot;0&quot;,&quot;shutter_speed&quot;:&quot;0&quot;,&quot;title&quot;:&quot;&quot;,&quot;orientation&quot;:&quot;0&quot;}\" data-image-title=\"IMG_1548\" data-image-description=\"\" data-image-caption=\"\" data-medium-file=\"https:\/\/www.legistdf.gob.ar\/wp-content\/uploads\/2021\/07\/IMG_1548-300x200.jpg\" data-large-file=\"https:\/\/www.legistdf.gob.ar\/wp-content\/uploads\/2021\/07\/IMG_1548.jpg\" class=\"alignleft wp-image-26174 size-medium\" src=\"http:\/\/www.legistdf.gob.ar\/wp-content\/uploads\/2021\/07\/IMG_1548-300x200.jpg\" alt=\"\" width=\"300\" height=\"200\" srcset=\"https:\/\/www.legistdf.gob.ar\/wp-content\/uploads\/2021\/07\/IMG_1548-300x200.jpg 300w, https:\/\/www.legistdf.gob.ar\/wp-content\/uploads\/2021\/07\/IMG_1548-768x512.jpg 768w, https:\/\/www.legistdf.gob.ar\/wp-content\/uploads\/2021\/07\/IMG_1548-160x107.jpg 160w, https:\/\/www.legistdf.gob.ar\/wp-content\/uploads\/2021\/07\/IMG_1548.jpg 1000w\" sizes=\"(max-width: 300px) 100vw, 300px\" \/>Record\u00f3 a su vez, que \u201ctenemos ra\u00edces milenarias, el pueblo Selk\u2019nam sigue vivo ac\u00e1, entre nosotros. Desde ese origen comenz\u00f3 esta historia\u201d. Tambi\u00e9n hizo menci\u00f3n a salesianos, al campo, el petr\u00f3leo, el comercio y el Polo Industrial. \u201cCada generaci\u00f3n hizo frente a las adversidades del clima y de la distancia, con coraje. As\u00ed se form\u00f3 esta comunidad fuerte y valiente. Ser riograndense y malvinero van de la mano, es parte de nuestra vida y de nuestra identidad\u00bb, sostuvo.<\/p>\n<p>&nbsp;<\/p>\n<p>Durante la ceremonia, el Presidente de la Naci\u00f3n, Dr. Alberto Fern\u00e1ndez envi\u00f3 una salutaci\u00f3n a los y las riograndenses, a quienes envi\u00f3 \u201ctodo el compromiso y todo el cari\u00f1o. Pienso siempre en esa Provincia, en esa isla tan querida\u201d, dijo.<\/p>\n<p>&nbsp;<\/p>\n<p>Del acto participaron el Gobernador de la Provincia, Gustavo Melella; la vicegobernadora, M\u00f3nica Urquiza; los legisladores Federico Greve y Daniel Rivarola (FORJA); Liliana Mart\u00ednez Allende y Federico Sciurano (UCR); Myriam Mart\u00ednez y Andrea Freites (FdT-PJ) y Mar\u00eda Larura Colazo y Mar\u00eda Victoria Vuoto (PV).<\/p>\n\n\t\t<style type=\"text\/css\">\n\t\t\t#gallery-1 {\n\t\t\t\tmargin: auto;\n\t\t\t}\n\t\t\t#gallery-1 .gallery-item {\n\t\t\t\tfloat: left;\n\t\t\t\tmargin-top: 10px;\n\t\t\t\ttext-align: center;\n\t\t\t\twidth: 25%;\n\t\t\t}\n\t\t\t#gallery-1 img {\n\t\t\t\tborder: 2px solid #cfcfcf;\n\t\t\t}\n\t\t\t#gallery-1 .gallery-caption {\n\t\t\t\tmargin-left: 0;\n\t\t\t}\n\t\t\t\/* see gallery_shortcode() in wp-includes\/media.php *\/\n\t\t<\/style>\n\t\t<div data-carousel-extra='{\"blog_id\":1,\"permalink\":\"https:\\\/\\\/www.legistdf.gob.ar\\\/index.php\\\/2021\\\/07\\\/11\\\/centenario-rio-grande-es-una-ciudad-muy-pujante-y-con-vecinos-con-mucha-fuerza-celebro-urquiza\\\/\"}' id='gallery-1' class='gallery galleryid-26154 gallery-columns-4 gallery-size-thumbnail'><dl class='gallery-item'>\n\t\t\t<dt class='gallery-icon landscape'>\n\t\t\t\t<a href='https:\/\/www.legistdf.gob.ar\/index.php\/2021\/07\/11\/centenario-rio-grande-es-una-ciudad-muy-pujante-y-con-vecinos-con-mucha-fuerza-celebro-urquiza\/img_1439\/'><img loading=\"lazy\" decoding=\"async\" width=\"150\" height=\"150\" src=\"https:\/\/www.legistdf.gob.ar\/wp-content\/uploads\/2021\/07\/IMG_1439-150x150.jpg\" class=\"attachment-thumbnail size-thumbnail\" alt=\"\" srcset=\"https:\/\/www.legistdf.gob.ar\/wp-content\/uploads\/2021\/07\/IMG_1439-150x150.jpg 150w, https:\/\/www.legistdf.gob.ar\/wp-content\/uploads\/2021\/07\/IMG_1439-64x64.jpg 64w\" sizes=\"(max-width: 150px) 100vw, 150px\" data-attachment-id=\"26155\" data-permalink=\"https:\/\/www.legistdf.gob.ar\/index.php\/2021\/07\/11\/centenario-rio-grande-es-una-ciudad-muy-pujante-y-con-vecinos-con-mucha-fuerza-celebro-urquiza\/img_1439\/\" data-orig-file=\"https:\/\/www.legistdf.gob.ar\/wp-content\/uploads\/2021\/07\/IMG_1439.jpg\" data-orig-size=\"1000,667\" data-comments-opened=\"0\" data-image-meta=\"{&quot;aperture&quot;:&quot;0&quot;,&quot;credit&quot;:&quot;&quot;,&quot;camera&quot;:&quot;&quot;,&quot;caption&quot;:&quot;&quot;,&quot;created_timestamp&quot;:&quot;0&quot;,&quot;copyright&quot;:&quot;&quot;,&quot;focal_length&quot;:&quot;0&quot;,&quot;iso&quot;:&quot;0&quot;,&quot;shutter_speed&quot;:&quot;0&quot;,&quot;title&quot;:&quot;&quot;,&quot;orientation&quot;:&quot;0&quot;}\" data-image-title=\"IMG_1439\" data-image-description=\"\" data-image-caption=\"\" data-medium-file=\"https:\/\/www.legistdf.gob.ar\/wp-content\/uploads\/2021\/07\/IMG_1439-300x200.jpg\" data-large-file=\"https:\/\/www.legistdf.gob.ar\/wp-content\/uploads\/2021\/07\/IMG_1439.jpg\" \/><\/a>\n\t\t\t<\/dt><\/dl><dl class='gallery-item'>\n\t\t\t<dt class='gallery-icon landscape'>\n\t\t\t\t<a href='https:\/\/www.legistdf.gob.ar\/index.php\/2021\/07\/11\/centenario-rio-grande-es-una-ciudad-muy-pujante-y-con-vecinos-con-mucha-fuerza-celebro-urquiza\/img_1456\/'><img loading=\"lazy\" decoding=\"async\" width=\"150\" height=\"150\" src=\"https:\/\/www.legistdf.gob.ar\/wp-content\/uploads\/2021\/07\/IMG_1456-150x150.jpg\" class=\"attachment-thumbnail size-thumbnail\" alt=\"\" srcset=\"https:\/\/www.legistdf.gob.ar\/wp-content\/uploads\/2021\/07\/IMG_1456-150x150.jpg 150w, https:\/\/www.legistdf.gob.ar\/wp-content\/uploads\/2021\/07\/IMG_1456-64x64.jpg 64w\" sizes=\"(max-width: 150px) 100vw, 150px\" data-attachment-id=\"26156\" data-permalink=\"https:\/\/www.legistdf.gob.ar\/index.php\/2021\/07\/11\/centenario-rio-grande-es-una-ciudad-muy-pujante-y-con-vecinos-con-mucha-fuerza-celebro-urquiza\/img_1456\/\" data-orig-file=\"https:\/\/www.legistdf.gob.ar\/wp-content\/uploads\/2021\/07\/IMG_1456.jpg\" data-orig-size=\"1000,667\" data-comments-opened=\"0\" data-image-meta=\"{&quot;aperture&quot;:&quot;0&quot;,&quot;credit&quot;:&quot;&quot;,&quot;camera&quot;:&quot;&quot;,&quot;caption&quot;:&quot;&quot;,&quot;created_timestamp&quot;:&quot;0&quot;,&quot;copyright&quot;:&quot;&quot;,&quot;focal_length&quot;:&quot;0&quot;,&quot;iso&quot;:&quot;0&quot;,&quot;shutter_speed&quot;:&quot;0&quot;,&quot;title&quot;:&quot;&quot;,&quot;orientation&quot;:&quot;0&quot;}\" data-image-title=\"IMG_1456\" data-image-description=\"\" data-image-caption=\"\" data-medium-file=\"https:\/\/www.legistdf.gob.ar\/wp-content\/uploads\/2021\/07\/IMG_1456-300x200.jpg\" data-large-file=\"https:\/\/www.legistdf.gob.ar\/wp-content\/uploads\/2021\/07\/IMG_1456.jpg\" \/><\/a>\n\t\t\t<\/dt><\/dl><dl class='gallery-item'>\n\t\t\t<dt class='gallery-icon landscape'>\n\t\t\t\t<a href='https:\/\/www.legistdf.gob.ar\/index.php\/2021\/07\/11\/centenario-rio-grande-es-una-ciudad-muy-pujante-y-con-vecinos-con-mucha-fuerza-celebro-urquiza\/img_1461\/'><img loading=\"lazy\" decoding=\"async\" width=\"150\" height=\"150\" src=\"https:\/\/www.legistdf.gob.ar\/wp-content\/uploads\/2021\/07\/IMG_1461-150x150.jpg\" class=\"attachment-thumbnail size-thumbnail\" alt=\"\" srcset=\"https:\/\/www.legistdf.gob.ar\/wp-content\/uploads\/2021\/07\/IMG_1461-150x150.jpg 150w, https:\/\/www.legistdf.gob.ar\/wp-content\/uploads\/2021\/07\/IMG_1461-64x64.jpg 64w\" sizes=\"(max-width: 150px) 100vw, 150px\" data-attachment-id=\"26157\" data-permalink=\"https:\/\/www.legistdf.gob.ar\/index.php\/2021\/07\/11\/centenario-rio-grande-es-una-ciudad-muy-pujante-y-con-vecinos-con-mucha-fuerza-celebro-urquiza\/img_1461\/\" data-orig-file=\"https:\/\/www.legistdf.gob.ar\/wp-content\/uploads\/2021\/07\/IMG_1461.jpg\" data-orig-size=\"1000,667\" data-comments-opened=\"0\" data-image-meta=\"{&quot;aperture&quot;:&quot;0&quot;,&quot;credit&quot;:&quot;&quot;,&quot;camera&quot;:&quot;&quot;,&quot;caption&quot;:&quot;&quot;,&quot;created_timestamp&quot;:&quot;0&quot;,&quot;copyright&quot;:&quot;&quot;,&quot;focal_length&quot;:&quot;0&quot;,&quot;iso&quot;:&quot;0&quot;,&quot;shutter_speed&quot;:&quot;0&quot;,&quot;title&quot;:&quot;&quot;,&quot;orientation&quot;:&quot;0&quot;}\" data-image-title=\"IMG_1461\" data-image-description=\"\" data-image-caption=\"\" data-medium-file=\"https:\/\/www.legistdf.gob.ar\/wp-content\/uploads\/2021\/07\/IMG_1461-300x200.jpg\" data-large-file=\"https:\/\/www.legistdf.gob.ar\/wp-content\/uploads\/2021\/07\/IMG_1461.jpg\" \/><\/a>\n\t\t\t<\/dt><\/dl><dl class='gallery-item'>\n\t\t\t<dt class='gallery-icon landscape'>\n\t\t\t\t<a href='https:\/\/www.legistdf.gob.ar\/index.php\/2021\/07\/11\/centenario-rio-grande-es-una-ciudad-muy-pujante-y-con-vecinos-con-mucha-fuerza-celebro-urquiza\/img_1464-3\/'><img loading=\"lazy\" decoding=\"async\" width=\"150\" height=\"150\" src=\"https:\/\/www.legistdf.gob.ar\/wp-content\/uploads\/2021\/07\/IMG_1464-150x150.jpg\" class=\"attachment-thumbnail size-thumbnail\" alt=\"\" srcset=\"https:\/\/www.legistdf.gob.ar\/wp-content\/uploads\/2021\/07\/IMG_1464-150x150.jpg 150w, https:\/\/www.legistdf.gob.ar\/wp-content\/uploads\/2021\/07\/IMG_1464-64x64.jpg 64w\" sizes=\"(max-width: 150px) 100vw, 150px\" data-attachment-id=\"26158\" data-permalink=\"https:\/\/www.legistdf.gob.ar\/index.php\/2021\/07\/11\/centenario-rio-grande-es-una-ciudad-muy-pujante-y-con-vecinos-con-mucha-fuerza-celebro-urquiza\/img_1464-3\/\" data-orig-file=\"https:\/\/www.legistdf.gob.ar\/wp-content\/uploads\/2021\/07\/IMG_1464.jpg\" data-orig-size=\"1000,667\" data-comments-opened=\"0\" data-image-meta=\"{&quot;aperture&quot;:&quot;0&quot;,&quot;credit&quot;:&quot;&quot;,&quot;camera&quot;:&quot;&quot;,&quot;caption&quot;:&quot;&quot;,&quot;created_timestamp&quot;:&quot;0&quot;,&quot;copyright&quot;:&quot;&quot;,&quot;focal_length&quot;:&quot;0&quot;,&quot;iso&quot;:&quot;0&quot;,&quot;shutter_speed&quot;:&quot;0&quot;,&quot;title&quot;:&quot;&quot;,&quot;orientation&quot;:&quot;0&quot;}\" data-image-title=\"IMG_1464\" data-image-description=\"\" data-image-caption=\"\" data-medium-file=\"https:\/\/www.legistdf.gob.ar\/wp-content\/uploads\/2021\/07\/IMG_1464-300x200.jpg\" data-large-file=\"https:\/\/www.legistdf.gob.ar\/wp-content\/uploads\/2021\/07\/IMG_1464.jpg\" \/><\/a>\n\t\t\t<\/dt><\/dl><br style=\"clear: both\" \/><dl class='gallery-item'>\n\t\t\t<dt class='gallery-icon landscape'>\n\t\t\t\t<a href='https:\/\/www.legistdf.gob.ar\/index.php\/2021\/07\/11\/centenario-rio-grande-es-una-ciudad-muy-pujante-y-con-vecinos-con-mucha-fuerza-celebro-urquiza\/img_1468\/'><img loading=\"lazy\" decoding=\"async\" width=\"150\" height=\"150\" src=\"https:\/\/www.legistdf.gob.ar\/wp-content\/uploads\/2021\/07\/IMG_1468-150x150.jpg\" class=\"attachment-thumbnail size-thumbnail\" alt=\"\" srcset=\"https:\/\/www.legistdf.gob.ar\/wp-content\/uploads\/2021\/07\/IMG_1468-150x150.jpg 150w, https:\/\/www.legistdf.gob.ar\/wp-content\/uploads\/2021\/07\/IMG_1468-64x64.jpg 64w\" sizes=\"(max-width: 150px) 100vw, 150px\" data-attachment-id=\"26159\" data-permalink=\"https:\/\/www.legistdf.gob.ar\/index.php\/2021\/07\/11\/centenario-rio-grande-es-una-ciudad-muy-pujante-y-con-vecinos-con-mucha-fuerza-celebro-urquiza\/img_1468\/\" data-orig-file=\"https:\/\/www.legistdf.gob.ar\/wp-content\/uploads\/2021\/07\/IMG_1468.jpg\" data-orig-size=\"1000,667\" data-comments-opened=\"0\" data-image-meta=\"{&quot;aperture&quot;:&quot;0&quot;,&quot;credit&quot;:&quot;&quot;,&quot;camera&quot;:&quot;&quot;,&quot;caption&quot;:&quot;&quot;,&quot;created_timestamp&quot;:&quot;0&quot;,&quot;copyright&quot;:&quot;&quot;,&quot;focal_length&quot;:&quot;0&quot;,&quot;iso&quot;:&quot;0&quot;,&quot;shutter_speed&quot;:&quot;0&quot;,&quot;title&quot;:&quot;&quot;,&quot;orientation&quot;:&quot;0&quot;}\" data-image-title=\"IMG_1468\" data-image-description=\"\" data-image-caption=\"\" data-medium-file=\"https:\/\/www.legistdf.gob.ar\/wp-content\/uploads\/2021\/07\/IMG_1468-300x200.jpg\" data-large-file=\"https:\/\/www.legistdf.gob.ar\/wp-content\/uploads\/2021\/07\/IMG_1468.jpg\" \/><\/a>\n\t\t\t<\/dt><\/dl><dl class='gallery-item'>\n\t\t\t<dt class='gallery-icon landscape'>\n\t\t\t\t<a href='https:\/\/www.legistdf.gob.ar\/index.php\/2021\/07\/11\/centenario-rio-grande-es-una-ciudad-muy-pujante-y-con-vecinos-con-mucha-fuerza-celebro-urquiza\/img_1482\/'><img loading=\"lazy\" decoding=\"async\" width=\"150\" height=\"150\" src=\"https:\/\/www.legistdf.gob.ar\/wp-content\/uploads\/2021\/07\/IMG_1482-150x150.jpg\" class=\"attachment-thumbnail size-thumbnail\" alt=\"\" srcset=\"https:\/\/www.legistdf.gob.ar\/wp-content\/uploads\/2021\/07\/IMG_1482-150x150.jpg 150w, https:\/\/www.legistdf.gob.ar\/wp-content\/uploads\/2021\/07\/IMG_1482-64x64.jpg 64w\" sizes=\"(max-width: 150px) 100vw, 150px\" data-attachment-id=\"26160\" data-permalink=\"https:\/\/www.legistdf.gob.ar\/index.php\/2021\/07\/11\/centenario-rio-grande-es-una-ciudad-muy-pujante-y-con-vecinos-con-mucha-fuerza-celebro-urquiza\/img_1482\/\" data-orig-file=\"https:\/\/www.legistdf.gob.ar\/wp-content\/uploads\/2021\/07\/IMG_1482.jpg\" data-orig-size=\"1000,667\" data-comments-opened=\"0\" data-image-meta=\"{&quot;aperture&quot;:&quot;0&quot;,&quot;credit&quot;:&quot;&quot;,&quot;camera&quot;:&quot;&quot;,&quot;caption&quot;:&quot;&quot;,&quot;created_timestamp&quot;:&quot;0&quot;,&quot;copyright&quot;:&quot;&quot;,&quot;focal_length&quot;:&quot;0&quot;,&quot;iso&quot;:&quot;0&quot;,&quot;shutter_speed&quot;:&quot;0&quot;,&quot;title&quot;:&quot;&quot;,&quot;orientation&quot;:&quot;0&quot;}\" data-image-title=\"IMG_1482\" data-image-description=\"\" data-image-caption=\"\" data-medium-file=\"https:\/\/www.legistdf.gob.ar\/wp-content\/uploads\/2021\/07\/IMG_1482-300x200.jpg\" data-large-file=\"https:\/\/www.legistdf.gob.ar\/wp-content\/uploads\/2021\/07\/IMG_1482.jpg\" \/><\/a>\n\t\t\t<\/dt><\/dl><dl class='gallery-item'>\n\t\t\t<dt class='gallery-icon landscape'>\n\t\t\t\t<a href='https:\/\/www.legistdf.gob.ar\/index.php\/2021\/07\/11\/centenario-rio-grande-es-una-ciudad-muy-pujante-y-con-vecinos-con-mucha-fuerza-celebro-urquiza\/img_1491\/'><img loading=\"lazy\" decoding=\"async\" width=\"150\" height=\"150\" src=\"https:\/\/www.legistdf.gob.ar\/wp-content\/uploads\/2021\/07\/IMG_1491-150x150.jpg\" class=\"attachment-thumbnail size-thumbnail\" alt=\"\" srcset=\"https:\/\/www.legistdf.gob.ar\/wp-content\/uploads\/2021\/07\/IMG_1491-150x150.jpg 150w, https:\/\/www.legistdf.gob.ar\/wp-content\/uploads\/2021\/07\/IMG_1491-64x64.jpg 64w\" sizes=\"(max-width: 150px) 100vw, 150px\" data-attachment-id=\"26161\" data-permalink=\"https:\/\/www.legistdf.gob.ar\/index.php\/2021\/07\/11\/centenario-rio-grande-es-una-ciudad-muy-pujante-y-con-vecinos-con-mucha-fuerza-celebro-urquiza\/img_1491\/\" data-orig-file=\"https:\/\/www.legistdf.gob.ar\/wp-content\/uploads\/2021\/07\/IMG_1491.jpg\" data-orig-size=\"1000,667\" data-comments-opened=\"0\" data-image-meta=\"{&quot;aperture&quot;:&quot;0&quot;,&quot;credit&quot;:&quot;&quot;,&quot;camera&quot;:&quot;&quot;,&quot;caption&quot;:&quot;&quot;,&quot;created_timestamp&quot;:&quot;0&quot;,&quot;copyright&quot;:&quot;&quot;,&quot;focal_length&quot;:&quot;0&quot;,&quot;iso&quot;:&quot;0&quot;,&quot;shutter_speed&quot;:&quot;0&quot;,&quot;title&quot;:&quot;&quot;,&quot;orientation&quot;:&quot;0&quot;}\" data-image-title=\"IMG_1491\" data-image-description=\"\" data-image-caption=\"\" data-medium-file=\"https:\/\/www.legistdf.gob.ar\/wp-content\/uploads\/2021\/07\/IMG_1491-300x200.jpg\" data-large-file=\"https:\/\/www.legistdf.gob.ar\/wp-content\/uploads\/2021\/07\/IMG_1491.jpg\" \/><\/a>\n\t\t\t<\/dt><\/dl><dl class='gallery-item'>\n\t\t\t<dt class='gallery-icon landscape'>\n\t\t\t\t<a href='https:\/\/www.legistdf.gob.ar\/index.php\/2021\/07\/11\/centenario-rio-grande-es-una-ciudad-muy-pujante-y-con-vecinos-con-mucha-fuerza-celebro-urquiza\/img_1501-2\/'><img loading=\"lazy\" decoding=\"async\" width=\"150\" height=\"150\" src=\"https:\/\/www.legistdf.gob.ar\/wp-content\/uploads\/2021\/07\/IMG_1501-150x150.jpg\" class=\"attachment-thumbnail size-thumbnail\" alt=\"\" srcset=\"https:\/\/www.legistdf.gob.ar\/wp-content\/uploads\/2021\/07\/IMG_1501-150x150.jpg 150w, https:\/\/www.legistdf.gob.ar\/wp-content\/uploads\/2021\/07\/IMG_1501-64x64.jpg 64w\" sizes=\"(max-width: 150px) 100vw, 150px\" data-attachment-id=\"26162\" data-permalink=\"https:\/\/www.legistdf.gob.ar\/index.php\/2021\/07\/11\/centenario-rio-grande-es-una-ciudad-muy-pujante-y-con-vecinos-con-mucha-fuerza-celebro-urquiza\/img_1501-2\/\" data-orig-file=\"https:\/\/www.legistdf.gob.ar\/wp-content\/uploads\/2021\/07\/IMG_1501.jpg\" data-orig-size=\"1000,667\" data-comments-opened=\"0\" data-image-meta=\"{&quot;aperture&quot;:&quot;0&quot;,&quot;credit&quot;:&quot;&quot;,&quot;camera&quot;:&quot;&quot;,&quot;caption&quot;:&quot;&quot;,&quot;created_timestamp&quot;:&quot;0&quot;,&quot;copyright&quot;:&quot;&quot;,&quot;focal_length&quot;:&quot;0&quot;,&quot;iso&quot;:&quot;0&quot;,&quot;shutter_speed&quot;:&quot;0&quot;,&quot;title&quot;:&quot;&quot;,&quot;orientation&quot;:&quot;0&quot;}\" data-image-title=\"IMG_1501\" data-image-description=\"\" data-image-caption=\"\" data-medium-file=\"https:\/\/www.legistdf.gob.ar\/wp-content\/uploads\/2021\/07\/IMG_1501-300x200.jpg\" data-large-file=\"https:\/\/www.legistdf.gob.ar\/wp-content\/uploads\/2021\/07\/IMG_1501.jpg\" \/><\/a>\n\t\t\t<\/dt><\/dl><br style=\"clear: both\" \/><dl class='gallery-item'>\n\t\t\t<dt class='gallery-icon landscape'>\n\t\t\t\t<a href='https:\/\/www.legistdf.gob.ar\/index.php\/2021\/07\/11\/centenario-rio-grande-es-una-ciudad-muy-pujante-y-con-vecinos-con-mucha-fuerza-celebro-urquiza\/img_1503-2\/'><img loading=\"lazy\" decoding=\"async\" width=\"150\" height=\"150\" src=\"https:\/\/www.legistdf.gob.ar\/wp-content\/uploads\/2021\/07\/IMG_1503-150x150.jpg\" class=\"attachment-thumbnail size-thumbnail\" alt=\"\" srcset=\"https:\/\/www.legistdf.gob.ar\/wp-content\/uploads\/2021\/07\/IMG_1503-150x150.jpg 150w, https:\/\/www.legistdf.gob.ar\/wp-content\/uploads\/2021\/07\/IMG_1503-64x64.jpg 64w\" sizes=\"(max-width: 150px) 100vw, 150px\" data-attachment-id=\"26163\" data-permalink=\"https:\/\/www.legistdf.gob.ar\/index.php\/2021\/07\/11\/centenario-rio-grande-es-una-ciudad-muy-pujante-y-con-vecinos-con-mucha-fuerza-celebro-urquiza\/img_1503-2\/\" data-orig-file=\"https:\/\/www.legistdf.gob.ar\/wp-content\/uploads\/2021\/07\/IMG_1503.jpg\" data-orig-size=\"1000,667\" data-comments-opened=\"0\" data-image-meta=\"{&quot;aperture&quot;:&quot;0&quot;,&quot;credit&quot;:&quot;&quot;,&quot;camera&quot;:&quot;&quot;,&quot;caption&quot;:&quot;&quot;,&quot;created_timestamp&quot;:&quot;0&quot;,&quot;copyright&quot;:&quot;&quot;,&quot;focal_length&quot;:&quot;0&quot;,&quot;iso&quot;:&quot;0&quot;,&quot;shutter_speed&quot;:&quot;0&quot;,&quot;title&quot;:&quot;&quot;,&quot;orientation&quot;:&quot;0&quot;}\" data-image-title=\"IMG_1503\" data-image-description=\"\" data-image-caption=\"\" data-medium-file=\"https:\/\/www.legistdf.gob.ar\/wp-content\/uploads\/2021\/07\/IMG_1503-300x200.jpg\" data-large-file=\"https:\/\/www.legistdf.gob.ar\/wp-content\/uploads\/2021\/07\/IMG_1503.jpg\" \/><\/a>\n\t\t\t<\/dt><\/dl><dl class='gallery-item'>\n\t\t\t<dt class='gallery-icon landscape'>\n\t\t\t\t<a href='https:\/\/www.legistdf.gob.ar\/index.php\/2021\/07\/11\/centenario-rio-grande-es-una-ciudad-muy-pujante-y-con-vecinos-con-mucha-fuerza-celebro-urquiza\/img_1504\/'><img loading=\"lazy\" decoding=\"async\" width=\"150\" height=\"150\" src=\"https:\/\/www.legistdf.gob.ar\/wp-content\/uploads\/2021\/07\/IMG_1504-150x150.jpg\" class=\"attachment-thumbnail size-thumbnail\" alt=\"\" srcset=\"https:\/\/www.legistdf.gob.ar\/wp-content\/uploads\/2021\/07\/IMG_1504-150x150.jpg 150w, https:\/\/www.legistdf.gob.ar\/wp-content\/uploads\/2021\/07\/IMG_1504-64x64.jpg 64w\" sizes=\"(max-width: 150px) 100vw, 150px\" data-attachment-id=\"26164\" data-permalink=\"https:\/\/www.legistdf.gob.ar\/index.php\/2021\/07\/11\/centenario-rio-grande-es-una-ciudad-muy-pujante-y-con-vecinos-con-mucha-fuerza-celebro-urquiza\/img_1504\/\" data-orig-file=\"https:\/\/www.legistdf.gob.ar\/wp-content\/uploads\/2021\/07\/IMG_1504.jpg\" data-orig-size=\"1000,667\" data-comments-opened=\"0\" data-image-meta=\"{&quot;aperture&quot;:&quot;0&quot;,&quot;credit&quot;:&quot;&quot;,&quot;camera&quot;:&quot;&quot;,&quot;caption&quot;:&quot;&quot;,&quot;created_timestamp&quot;:&quot;0&quot;,&quot;copyright&quot;:&quot;&quot;,&quot;focal_length&quot;:&quot;0&quot;,&quot;iso&quot;:&quot;0&quot;,&quot;shutter_speed&quot;:&quot;0&quot;,&quot;title&quot;:&quot;&quot;,&quot;orientation&quot;:&quot;0&quot;}\" data-image-title=\"IMG_1504\" data-image-description=\"\" data-image-caption=\"\" data-medium-file=\"https:\/\/www.legistdf.gob.ar\/wp-content\/uploads\/2021\/07\/IMG_1504-300x200.jpg\" data-large-file=\"https:\/\/www.legistdf.gob.ar\/wp-content\/uploads\/2021\/07\/IMG_1504.jpg\" \/><\/a>\n\t\t\t<\/dt><\/dl><dl class='gallery-item'>\n\t\t\t<dt class='gallery-icon landscape'>\n\t\t\t\t<a href='https:\/\/www.legistdf.gob.ar\/index.php\/2021\/07\/11\/centenario-rio-grande-es-una-ciudad-muy-pujante-y-con-vecinos-con-mucha-fuerza-celebro-urquiza\/img_1509-2\/'><img loading=\"lazy\" decoding=\"async\" width=\"150\" height=\"150\" src=\"https:\/\/www.legistdf.gob.ar\/wp-content\/uploads\/2021\/07\/IMG_1509-150x150.jpg\" class=\"attachment-thumbnail size-thumbnail\" alt=\"\" srcset=\"https:\/\/www.legistdf.gob.ar\/wp-content\/uploads\/2021\/07\/IMG_1509-150x150.jpg 150w, https:\/\/www.legistdf.gob.ar\/wp-content\/uploads\/2021\/07\/IMG_1509-64x64.jpg 64w\" sizes=\"(max-width: 150px) 100vw, 150px\" data-attachment-id=\"26165\" data-permalink=\"https:\/\/www.legistdf.gob.ar\/index.php\/2021\/07\/11\/centenario-rio-grande-es-una-ciudad-muy-pujante-y-con-vecinos-con-mucha-fuerza-celebro-urquiza\/img_1509-2\/\" data-orig-file=\"https:\/\/www.legistdf.gob.ar\/wp-content\/uploads\/2021\/07\/IMG_1509.jpg\" data-orig-size=\"1000,667\" data-comments-opened=\"0\" data-image-meta=\"{&quot;aperture&quot;:&quot;0&quot;,&quot;credit&quot;:&quot;&quot;,&quot;camera&quot;:&quot;&quot;,&quot;caption&quot;:&quot;&quot;,&quot;created_timestamp&quot;:&quot;0&quot;,&quot;copyright&quot;:&quot;&quot;,&quot;focal_length&quot;:&quot;0&quot;,&quot;iso&quot;:&quot;0&quot;,&quot;shutter_speed&quot;:&quot;0&quot;,&quot;title&quot;:&quot;&quot;,&quot;orientation&quot;:&quot;0&quot;}\" data-image-title=\"IMG_1509\" data-image-description=\"\" data-image-caption=\"\" data-medium-file=\"https:\/\/www.legistdf.gob.ar\/wp-content\/uploads\/2021\/07\/IMG_1509-300x200.jpg\" data-large-file=\"https:\/\/www.legistdf.gob.ar\/wp-content\/uploads\/2021\/07\/IMG_1509.jpg\" \/><\/a>\n\t\t\t<\/dt><\/dl><dl class='gallery-item'>\n\t\t\t<dt class='gallery-icon landscape'>\n\t\t\t\t<a href='https:\/\/www.legistdf.gob.ar\/index.php\/2021\/07\/11\/centenario-rio-grande-es-una-ciudad-muy-pujante-y-con-vecinos-con-mucha-fuerza-celebro-urquiza\/img_1514-3\/'><img loading=\"lazy\" decoding=\"async\" width=\"150\" height=\"150\" src=\"https:\/\/www.legistdf.gob.ar\/wp-content\/uploads\/2021\/07\/IMG_1514-150x150.jpg\" class=\"attachment-thumbnail size-thumbnail\" alt=\"\" srcset=\"https:\/\/www.legistdf.gob.ar\/wp-content\/uploads\/2021\/07\/IMG_1514-150x150.jpg 150w, https:\/\/www.legistdf.gob.ar\/wp-content\/uploads\/2021\/07\/IMG_1514-64x64.jpg 64w\" sizes=\"(max-width: 150px) 100vw, 150px\" data-attachment-id=\"26166\" data-permalink=\"https:\/\/www.legistdf.gob.ar\/index.php\/2021\/07\/11\/centenario-rio-grande-es-una-ciudad-muy-pujante-y-con-vecinos-con-mucha-fuerza-celebro-urquiza\/img_1514-3\/\" data-orig-file=\"https:\/\/www.legistdf.gob.ar\/wp-content\/uploads\/2021\/07\/IMG_1514.jpg\" data-orig-size=\"1000,667\" data-comments-opened=\"0\" data-image-meta=\"{&quot;aperture&quot;:&quot;0&quot;,&quot;credit&quot;:&quot;&quot;,&quot;camera&quot;:&quot;&quot;,&quot;caption&quot;:&quot;&quot;,&quot;created_timestamp&quot;:&quot;0&quot;,&quot;copyright&quot;:&quot;&quot;,&quot;focal_length&quot;:&quot;0&quot;,&quot;iso&quot;:&quot;0&quot;,&quot;shutter_speed&quot;:&quot;0&quot;,&quot;title&quot;:&quot;&quot;,&quot;orientation&quot;:&quot;0&quot;}\" data-image-title=\"IMG_1514\" data-image-description=\"\" data-image-caption=\"\" data-medium-file=\"https:\/\/www.legistdf.gob.ar\/wp-content\/uploads\/2021\/07\/IMG_1514-300x200.jpg\" data-large-file=\"https:\/\/www.legistdf.gob.ar\/wp-content\/uploads\/2021\/07\/IMG_1514.jpg\" \/><\/a>\n\t\t\t<\/dt><\/dl><br style=\"clear: both\" \/><dl class='gallery-item'>\n\t\t\t<dt class='gallery-icon landscape'>\n\t\t\t\t<a href='https:\/\/www.legistdf.gob.ar\/index.php\/2021\/07\/11\/centenario-rio-grande-es-una-ciudad-muy-pujante-y-con-vecinos-con-mucha-fuerza-celebro-urquiza\/img_1517-2\/'><img loading=\"lazy\" decoding=\"async\" width=\"150\" height=\"150\" src=\"https:\/\/www.legistdf.gob.ar\/wp-content\/uploads\/2021\/07\/IMG_1517-150x150.jpg\" class=\"attachment-thumbnail size-thumbnail\" alt=\"\" srcset=\"https:\/\/www.legistdf.gob.ar\/wp-content\/uploads\/2021\/07\/IMG_1517-150x150.jpg 150w, https:\/\/www.legistdf.gob.ar\/wp-content\/uploads\/2021\/07\/IMG_1517-64x64.jpg 64w\" sizes=\"(max-width: 150px) 100vw, 150px\" data-attachment-id=\"26167\" data-permalink=\"https:\/\/www.legistdf.gob.ar\/index.php\/2021\/07\/11\/centenario-rio-grande-es-una-ciudad-muy-pujante-y-con-vecinos-con-mucha-fuerza-celebro-urquiza\/img_1517-2\/\" data-orig-file=\"https:\/\/www.legistdf.gob.ar\/wp-content\/uploads\/2021\/07\/IMG_1517.jpg\" data-orig-size=\"1000,667\" data-comments-opened=\"0\" data-image-meta=\"{&quot;aperture&quot;:&quot;0&quot;,&quot;credit&quot;:&quot;&quot;,&quot;camera&quot;:&quot;&quot;,&quot;caption&quot;:&quot;&quot;,&quot;created_timestamp&quot;:&quot;0&quot;,&quot;copyright&quot;:&quot;&quot;,&quot;focal_length&quot;:&quot;0&quot;,&quot;iso&quot;:&quot;0&quot;,&quot;shutter_speed&quot;:&quot;0&quot;,&quot;title&quot;:&quot;&quot;,&quot;orientation&quot;:&quot;0&quot;}\" data-image-title=\"IMG_1517\" data-image-description=\"\" data-image-caption=\"\" data-medium-file=\"https:\/\/www.legistdf.gob.ar\/wp-content\/uploads\/2021\/07\/IMG_1517-300x200.jpg\" data-large-file=\"https:\/\/www.legistdf.gob.ar\/wp-content\/uploads\/2021\/07\/IMG_1517.jpg\" \/><\/a>\n\t\t\t<\/dt><\/dl><dl class='gallery-item'>\n\t\t\t<dt class='gallery-icon landscape'>\n\t\t\t\t<a href='https:\/\/www.legistdf.gob.ar\/index.php\/2021\/07\/11\/centenario-rio-grande-es-una-ciudad-muy-pujante-y-con-vecinos-con-mucha-fuerza-celebro-urquiza\/img_1521\/'><img loading=\"lazy\" decoding=\"async\" width=\"150\" height=\"150\" src=\"https:\/\/www.legistdf.gob.ar\/wp-content\/uploads\/2021\/07\/IMG_1521-150x150.jpg\" class=\"attachment-thumbnail size-thumbnail\" alt=\"\" srcset=\"https:\/\/www.legistdf.gob.ar\/wp-content\/uploads\/2021\/07\/IMG_1521-150x150.jpg 150w, https:\/\/www.legistdf.gob.ar\/wp-content\/uploads\/2021\/07\/IMG_1521-64x64.jpg 64w\" sizes=\"(max-width: 150px) 100vw, 150px\" data-attachment-id=\"26168\" data-permalink=\"https:\/\/www.legistdf.gob.ar\/index.php\/2021\/07\/11\/centenario-rio-grande-es-una-ciudad-muy-pujante-y-con-vecinos-con-mucha-fuerza-celebro-urquiza\/img_1521\/\" data-orig-file=\"https:\/\/www.legistdf.gob.ar\/wp-content\/uploads\/2021\/07\/IMG_1521.jpg\" data-orig-size=\"1000,667\" data-comments-opened=\"0\" data-image-meta=\"{&quot;aperture&quot;:&quot;0&quot;,&quot;credit&quot;:&quot;&quot;,&quot;camera&quot;:&quot;&quot;,&quot;caption&quot;:&quot;&quot;,&quot;created_timestamp&quot;:&quot;0&quot;,&quot;copyright&quot;:&quot;&quot;,&quot;focal_length&quot;:&quot;0&quot;,&quot;iso&quot;:&quot;0&quot;,&quot;shutter_speed&quot;:&quot;0&quot;,&quot;title&quot;:&quot;&quot;,&quot;orientation&quot;:&quot;0&quot;}\" data-image-title=\"IMG_1521\" data-image-description=\"\" data-image-caption=\"\" data-medium-file=\"https:\/\/www.legistdf.gob.ar\/wp-content\/uploads\/2021\/07\/IMG_1521-300x200.jpg\" data-large-file=\"https:\/\/www.legistdf.gob.ar\/wp-content\/uploads\/2021\/07\/IMG_1521.jpg\" \/><\/a>\n\t\t\t<\/dt><\/dl><dl class='gallery-item'>\n\t\t\t<dt class='gallery-icon landscape'>\n\t\t\t\t<a href='https:\/\/www.legistdf.gob.ar\/index.php\/2021\/07\/11\/centenario-rio-grande-es-una-ciudad-muy-pujante-y-con-vecinos-con-mucha-fuerza-celebro-urquiza\/img_1523\/'><img loading=\"lazy\" decoding=\"async\" width=\"150\" height=\"150\" src=\"https:\/\/www.legistdf.gob.ar\/wp-content\/uploads\/2021\/07\/IMG_1523-150x150.jpg\" class=\"attachment-thumbnail size-thumbnail\" alt=\"\" srcset=\"https:\/\/www.legistdf.gob.ar\/wp-content\/uploads\/2021\/07\/IMG_1523-150x150.jpg 150w, https:\/\/www.legistdf.gob.ar\/wp-content\/uploads\/2021\/07\/IMG_1523-64x64.jpg 64w\" sizes=\"(max-width: 150px) 100vw, 150px\" data-attachment-id=\"26169\" data-permalink=\"https:\/\/www.legistdf.gob.ar\/index.php\/2021\/07\/11\/centenario-rio-grande-es-una-ciudad-muy-pujante-y-con-vecinos-con-mucha-fuerza-celebro-urquiza\/img_1523\/\" data-orig-file=\"https:\/\/www.legistdf.gob.ar\/wp-content\/uploads\/2021\/07\/IMG_1523.jpg\" data-orig-size=\"1000,667\" data-comments-opened=\"0\" data-image-meta=\"{&quot;aperture&quot;:&quot;0&quot;,&quot;credit&quot;:&quot;&quot;,&quot;camera&quot;:&quot;&quot;,&quot;caption&quot;:&quot;&quot;,&quot;created_timestamp&quot;:&quot;0&quot;,&quot;copyright&quot;:&quot;&quot;,&quot;focal_length&quot;:&quot;0&quot;,&quot;iso&quot;:&quot;0&quot;,&quot;shutter_speed&quot;:&quot;0&quot;,&quot;title&quot;:&quot;&quot;,&quot;orientation&quot;:&quot;0&quot;}\" data-image-title=\"IMG_1523\" data-image-description=\"\" data-image-caption=\"\" data-medium-file=\"https:\/\/www.legistdf.gob.ar\/wp-content\/uploads\/2021\/07\/IMG_1523-300x200.jpg\" data-large-file=\"https:\/\/www.legistdf.gob.ar\/wp-content\/uploads\/2021\/07\/IMG_1523.jpg\" \/><\/a>\n\t\t\t<\/dt><\/dl><dl class='gallery-item'>\n\t\t\t<dt class='gallery-icon landscape'>\n\t\t\t\t<a href='https:\/\/www.legistdf.gob.ar\/index.php\/2021\/07\/11\/centenario-rio-grande-es-una-ciudad-muy-pujante-y-con-vecinos-con-mucha-fuerza-celebro-urquiza\/img_1529\/'><img loading=\"lazy\" decoding=\"async\" width=\"150\" height=\"150\" src=\"https:\/\/www.legistdf.gob.ar\/wp-content\/uploads\/2021\/07\/IMG_1529-150x150.jpg\" class=\"attachment-thumbnail size-thumbnail\" alt=\"\" srcset=\"https:\/\/www.legistdf.gob.ar\/wp-content\/uploads\/2021\/07\/IMG_1529-150x150.jpg 150w, https:\/\/www.legistdf.gob.ar\/wp-content\/uploads\/2021\/07\/IMG_1529-64x64.jpg 64w\" sizes=\"(max-width: 150px) 100vw, 150px\" data-attachment-id=\"26170\" data-permalink=\"https:\/\/www.legistdf.gob.ar\/index.php\/2021\/07\/11\/centenario-rio-grande-es-una-ciudad-muy-pujante-y-con-vecinos-con-mucha-fuerza-celebro-urquiza\/img_1529\/\" data-orig-file=\"https:\/\/www.legistdf.gob.ar\/wp-content\/uploads\/2021\/07\/IMG_1529.jpg\" data-orig-size=\"1000,667\" data-comments-opened=\"0\" data-image-meta=\"{&quot;aperture&quot;:&quot;0&quot;,&quot;credit&quot;:&quot;&quot;,&quot;camera&quot;:&quot;&quot;,&quot;caption&quot;:&quot;&quot;,&quot;created_timestamp&quot;:&quot;0&quot;,&quot;copyright&quot;:&quot;&quot;,&quot;focal_length&quot;:&quot;0&quot;,&quot;iso&quot;:&quot;0&quot;,&quot;shutter_speed&quot;:&quot;0&quot;,&quot;title&quot;:&quot;&quot;,&quot;orientation&quot;:&quot;0&quot;}\" data-image-title=\"IMG_1529\" data-image-description=\"\" data-image-caption=\"\" data-medium-file=\"https:\/\/www.legistdf.gob.ar\/wp-content\/uploads\/2021\/07\/IMG_1529-300x200.jpg\" data-large-file=\"https:\/\/www.legistdf.gob.ar\/wp-content\/uploads\/2021\/07\/IMG_1529.jpg\" \/><\/a>\n\t\t\t<\/dt><\/dl><br style=\"clear: both\" \/><dl class='gallery-item'>\n\t\t\t<dt class='gallery-icon landscape'>\n\t\t\t\t<a href='https:\/\/www.legistdf.gob.ar\/index.php\/2021\/07\/11\/centenario-rio-grande-es-una-ciudad-muy-pujante-y-con-vecinos-con-mucha-fuerza-celebro-urquiza\/img_1535\/'><img loading=\"lazy\" decoding=\"async\" width=\"150\" height=\"150\" src=\"https:\/\/www.legistdf.gob.ar\/wp-content\/uploads\/2021\/07\/IMG_1535-150x150.jpg\" class=\"attachment-thumbnail size-thumbnail\" alt=\"\" srcset=\"https:\/\/www.legistdf.gob.ar\/wp-content\/uploads\/2021\/07\/IMG_1535-150x150.jpg 150w, https:\/\/www.legistdf.gob.ar\/wp-content\/uploads\/2021\/07\/IMG_1535-64x64.jpg 64w\" sizes=\"(max-width: 150px) 100vw, 150px\" data-attachment-id=\"26171\" data-permalink=\"https:\/\/www.legistdf.gob.ar\/index.php\/2021\/07\/11\/centenario-rio-grande-es-una-ciudad-muy-pujante-y-con-vecinos-con-mucha-fuerza-celebro-urquiza\/img_1535\/\" data-orig-file=\"https:\/\/www.legistdf.gob.ar\/wp-content\/uploads\/2021\/07\/IMG_1535.jpg\" data-orig-size=\"1000,667\" data-comments-opened=\"0\" data-image-meta=\"{&quot;aperture&quot;:&quot;0&quot;,&quot;credit&quot;:&quot;&quot;,&quot;camera&quot;:&quot;&quot;,&quot;caption&quot;:&quot;&quot;,&quot;created_timestamp&quot;:&quot;0&quot;,&quot;copyright&quot;:&quot;&quot;,&quot;focal_length&quot;:&quot;0&quot;,&quot;iso&quot;:&quot;0&quot;,&quot;shutter_speed&quot;:&quot;0&quot;,&quot;title&quot;:&quot;&quot;,&quot;orientation&quot;:&quot;0&quot;}\" data-image-title=\"IMG_1535\" data-image-description=\"\" data-image-caption=\"\" data-medium-file=\"https:\/\/www.legistdf.gob.ar\/wp-content\/uploads\/2021\/07\/IMG_1535-300x200.jpg\" data-large-file=\"https:\/\/www.legistdf.gob.ar\/wp-content\/uploads\/2021\/07\/IMG_1535.jpg\" \/><\/a>\n\t\t\t<\/dt><\/dl><dl class='gallery-item'>\n\t\t\t<dt class='gallery-icon landscape'>\n\t\t\t\t<a href='https:\/\/www.legistdf.gob.ar\/index.php\/2021\/07\/11\/centenario-rio-grande-es-una-ciudad-muy-pujante-y-con-vecinos-con-mucha-fuerza-celebro-urquiza\/img_1536\/'><img loading=\"lazy\" decoding=\"async\" width=\"150\" height=\"150\" src=\"https:\/\/www.legistdf.gob.ar\/wp-content\/uploads\/2021\/07\/IMG_1536-150x150.jpg\" class=\"attachment-thumbnail size-thumbnail\" alt=\"\" srcset=\"https:\/\/www.legistdf.gob.ar\/wp-content\/uploads\/2021\/07\/IMG_1536-150x150.jpg 150w, https:\/\/www.legistdf.gob.ar\/wp-content\/uploads\/2021\/07\/IMG_1536-64x64.jpg 64w\" sizes=\"(max-width: 150px) 100vw, 150px\" data-attachment-id=\"26172\" data-permalink=\"https:\/\/www.legistdf.gob.ar\/index.php\/2021\/07\/11\/centenario-rio-grande-es-una-ciudad-muy-pujante-y-con-vecinos-con-mucha-fuerza-celebro-urquiza\/img_1536\/\" data-orig-file=\"https:\/\/www.legistdf.gob.ar\/wp-content\/uploads\/2021\/07\/IMG_1536.jpg\" data-orig-size=\"1000,667\" data-comments-opened=\"0\" data-image-meta=\"{&quot;aperture&quot;:&quot;0&quot;,&quot;credit&quot;:&quot;&quot;,&quot;camera&quot;:&quot;&quot;,&quot;caption&quot;:&quot;&quot;,&quot;created_timestamp&quot;:&quot;0&quot;,&quot;copyright&quot;:&quot;&quot;,&quot;focal_length&quot;:&quot;0&quot;,&quot;iso&quot;:&quot;0&quot;,&quot;shutter_speed&quot;:&quot;0&quot;,&quot;title&quot;:&quot;&quot;,&quot;orientation&quot;:&quot;0&quot;}\" data-image-title=\"IMG_1536\" data-image-description=\"\" data-image-caption=\"\" data-medium-file=\"https:\/\/www.legistdf.gob.ar\/wp-content\/uploads\/2021\/07\/IMG_1536-300x200.jpg\" data-large-file=\"https:\/\/www.legistdf.gob.ar\/wp-content\/uploads\/2021\/07\/IMG_1536.jpg\" \/><\/a>\n\t\t\t<\/dt><\/dl><dl class='gallery-item'>\n\t\t\t<dt class='gallery-icon landscape'>\n\t\t\t\t<a href='https:\/\/www.legistdf.gob.ar\/index.php\/2021\/07\/11\/centenario-rio-grande-es-una-ciudad-muy-pujante-y-con-vecinos-con-mucha-fuerza-celebro-urquiza\/img_1542-2\/'><img loading=\"lazy\" decoding=\"async\" width=\"150\" height=\"150\" src=\"https:\/\/www.legistdf.gob.ar\/wp-content\/uploads\/2021\/07\/IMG_1542-150x150.jpg\" class=\"attachment-thumbnail size-thumbnail\" alt=\"\" srcset=\"https:\/\/www.legistdf.gob.ar\/wp-content\/uploads\/2021\/07\/IMG_1542-150x150.jpg 150w, https:\/\/www.legistdf.gob.ar\/wp-content\/uploads\/2021\/07\/IMG_1542-64x64.jpg 64w\" sizes=\"(max-width: 150px) 100vw, 150px\" data-attachment-id=\"26173\" data-permalink=\"https:\/\/www.legistdf.gob.ar\/index.php\/2021\/07\/11\/centenario-rio-grande-es-una-ciudad-muy-pujante-y-con-vecinos-con-mucha-fuerza-celebro-urquiza\/img_1542-2\/\" data-orig-file=\"https:\/\/www.legistdf.gob.ar\/wp-content\/uploads\/2021\/07\/IMG_1542.jpg\" data-orig-size=\"1000,667\" data-comments-opened=\"0\" data-image-meta=\"{&quot;aperture&quot;:&quot;0&quot;,&quot;credit&quot;:&quot;&quot;,&quot;camera&quot;:&quot;&quot;,&quot;caption&quot;:&quot;&quot;,&quot;created_timestamp&quot;:&quot;0&quot;,&quot;copyright&quot;:&quot;&quot;,&quot;focal_length&quot;:&quot;0&quot;,&quot;iso&quot;:&quot;0&quot;,&quot;shutter_speed&quot;:&quot;0&quot;,&quot;title&quot;:&quot;&quot;,&quot;orientation&quot;:&quot;0&quot;}\" data-image-title=\"IMG_1542\" data-image-description=\"\" data-image-caption=\"\" data-medium-file=\"https:\/\/www.legistdf.gob.ar\/wp-content\/uploads\/2021\/07\/IMG_1542-300x200.jpg\" data-large-file=\"https:\/\/www.legistdf.gob.ar\/wp-content\/uploads\/2021\/07\/IMG_1542.jpg\" \/><\/a>\n\t\t\t<\/dt><\/dl><dl class='gallery-item'>\n\t\t\t<dt class='gallery-icon landscape'>\n\t\t\t\t<a href='https:\/\/www.legistdf.gob.ar\/index.php\/2021\/07\/11\/centenario-rio-grande-es-una-ciudad-muy-pujante-y-con-vecinos-con-mucha-fuerza-celebro-urquiza\/img_1548-2\/'><img loading=\"lazy\" decoding=\"async\" width=\"150\" height=\"150\" src=\"https:\/\/www.legistdf.gob.ar\/wp-content\/uploads\/2021\/07\/IMG_1548-150x150.jpg\" class=\"attachment-thumbnail size-thumbnail\" alt=\"\" srcset=\"https:\/\/www.legistdf.gob.ar\/wp-content\/uploads\/2021\/07\/IMG_1548-150x150.jpg 150w, https:\/\/www.legistdf.gob.ar\/wp-content\/uploads\/2021\/07\/IMG_1548-64x64.jpg 64w\" sizes=\"(max-width: 150px) 100vw, 150px\" data-attachment-id=\"26174\" data-permalink=\"https:\/\/www.legistdf.gob.ar\/index.php\/2021\/07\/11\/centenario-rio-grande-es-una-ciudad-muy-pujante-y-con-vecinos-con-mucha-fuerza-celebro-urquiza\/img_1548-2\/\" data-orig-file=\"https:\/\/www.legistdf.gob.ar\/wp-content\/uploads\/2021\/07\/IMG_1548.jpg\" data-orig-size=\"1000,667\" data-comments-opened=\"0\" data-image-meta=\"{&quot;aperture&quot;:&quot;0&quot;,&quot;credit&quot;:&quot;&quot;,&quot;camera&quot;:&quot;&quot;,&quot;caption&quot;:&quot;&quot;,&quot;created_timestamp&quot;:&quot;0&quot;,&quot;copyright&quot;:&quot;&quot;,&quot;focal_length&quot;:&quot;0&quot;,&quot;iso&quot;:&quot;0&quot;,&quot;shutter_speed&quot;:&quot;0&quot;,&quot;title&quot;:&quot;&quot;,&quot;orientation&quot;:&quot;0&quot;}\" data-image-title=\"IMG_1548\" data-image-description=\"\" data-image-caption=\"\" data-medium-file=\"https:\/\/www.legistdf.gob.ar\/wp-content\/uploads\/2021\/07\/IMG_1548-300x200.jpg\" data-large-file=\"https:\/\/www.legistdf.gob.ar\/wp-content\/uploads\/2021\/07\/IMG_1548.jpg\" \/><\/a>\n\t\t\t<\/dt><\/dl><br style=\"clear: both\" \/><dl class='gallery-item'>\n\t\t\t<dt class='gallery-icon landscape'>\n\t\t\t\t<a href='https:\/\/www.legistdf.gob.ar\/index.php\/2021\/07\/11\/centenario-rio-grande-es-una-ciudad-muy-pujante-y-con-vecinos-con-mucha-fuerza-celebro-urquiza\/img_1556\/'><img loading=\"lazy\" decoding=\"async\" width=\"150\" height=\"150\" src=\"https:\/\/www.legistdf.gob.ar\/wp-content\/uploads\/2021\/07\/IMG_1556-150x150.jpg\" class=\"attachment-thumbnail size-thumbnail\" alt=\"\" srcset=\"https:\/\/www.legistdf.gob.ar\/wp-content\/uploads\/2021\/07\/IMG_1556-150x150.jpg 150w, https:\/\/www.legistdf.gob.ar\/wp-content\/uploads\/2021\/07\/IMG_1556-64x64.jpg 64w\" sizes=\"(max-width: 150px) 100vw, 150px\" data-attachment-id=\"26175\" data-permalink=\"https:\/\/www.legistdf.gob.ar\/index.php\/2021\/07\/11\/centenario-rio-grande-es-una-ciudad-muy-pujante-y-con-vecinos-con-mucha-fuerza-celebro-urquiza\/img_1556\/\" data-orig-file=\"https:\/\/www.legistdf.gob.ar\/wp-content\/uploads\/2021\/07\/IMG_1556.jpg\" data-orig-size=\"1000,667\" data-comments-opened=\"0\" data-image-meta=\"{&quot;aperture&quot;:&quot;0&quot;,&quot;credit&quot;:&quot;&quot;,&quot;camera&quot;:&quot;&quot;,&quot;caption&quot;:&quot;&quot;,&quot;created_timestamp&quot;:&quot;0&quot;,&quot;copyright&quot;:&quot;&quot;,&quot;focal_length&quot;:&quot;0&quot;,&quot;iso&quot;:&quot;0&quot;,&quot;shutter_speed&quot;:&quot;0&quot;,&quot;title&quot;:&quot;&quot;,&quot;orientation&quot;:&quot;0&quot;}\" data-image-title=\"IMG_1556\" data-image-description=\"\" data-image-caption=\"\" data-medium-file=\"https:\/\/www.legistdf.gob.ar\/wp-content\/uploads\/2021\/07\/IMG_1556-300x200.jpg\" data-large-file=\"https:\/\/www.legistdf.gob.ar\/wp-content\/uploads\/2021\/07\/IMG_1556.jpg\" \/><\/a>\n\t\t\t<\/dt><\/dl><dl class='gallery-item'>\n\t\t\t<dt class='gallery-icon landscape'>\n\t\t\t\t<a href='https:\/\/www.legistdf.gob.ar\/index.php\/2021\/07\/11\/centenario-rio-grande-es-una-ciudad-muy-pujante-y-con-vecinos-con-mucha-fuerza-celebro-urquiza\/img_1557\/'><img loading=\"lazy\" decoding=\"async\" width=\"150\" height=\"150\" src=\"https:\/\/www.legistdf.gob.ar\/wp-content\/uploads\/2021\/07\/IMG_1557-150x150.jpg\" class=\"attachment-thumbnail size-thumbnail\" alt=\"\" srcset=\"https:\/\/www.legistdf.gob.ar\/wp-content\/uploads\/2021\/07\/IMG_1557-150x150.jpg 150w, https:\/\/www.legistdf.gob.ar\/wp-content\/uploads\/2021\/07\/IMG_1557-64x64.jpg 64w\" sizes=\"(max-width: 150px) 100vw, 150px\" data-attachment-id=\"26176\" data-permalink=\"https:\/\/www.legistdf.gob.ar\/index.php\/2021\/07\/11\/centenario-rio-grande-es-una-ciudad-muy-pujante-y-con-vecinos-con-mucha-fuerza-celebro-urquiza\/img_1557\/\" data-orig-file=\"https:\/\/www.legistdf.gob.ar\/wp-content\/uploads\/2021\/07\/IMG_1557.jpg\" data-orig-size=\"1000,667\" data-comments-opened=\"0\" data-image-meta=\"{&quot;aperture&quot;:&quot;0&quot;,&quot;credit&quot;:&quot;&quot;,&quot;camera&quot;:&quot;&quot;,&quot;caption&quot;:&quot;&quot;,&quot;created_timestamp&quot;:&quot;0&quot;,&quot;copyright&quot;:&quot;&quot;,&quot;focal_length&quot;:&quot;0&quot;,&quot;iso&quot;:&quot;0&quot;,&quot;shutter_speed&quot;:&quot;0&quot;,&quot;title&quot;:&quot;&quot;,&quot;orientation&quot;:&quot;0&quot;}\" data-image-title=\"IMG_1557\" data-image-description=\"\" data-image-caption=\"\" data-medium-file=\"https:\/\/www.legistdf.gob.ar\/wp-content\/uploads\/2021\/07\/IMG_1557-300x200.jpg\" data-large-file=\"https:\/\/www.legistdf.gob.ar\/wp-content\/uploads\/2021\/07\/IMG_1557.jpg\" \/><\/a>\n\t\t\t<\/dt><\/dl><dl class='gallery-item'>\n\t\t\t<dt class='gallery-icon landscape'>\n\t\t\t\t<a href='https:\/\/www.legistdf.gob.ar\/index.php\/2021\/07\/11\/centenario-rio-grande-es-una-ciudad-muy-pujante-y-con-vecinos-con-mucha-fuerza-celebro-urquiza\/img_1564-2\/'><img loading=\"lazy\" decoding=\"async\" width=\"150\" height=\"150\" src=\"https:\/\/www.legistdf.gob.ar\/wp-content\/uploads\/2021\/07\/IMG_1564-150x150.jpg\" class=\"attachment-thumbnail size-thumbnail\" alt=\"\" srcset=\"https:\/\/www.legistdf.gob.ar\/wp-content\/uploads\/2021\/07\/IMG_1564-150x150.jpg 150w, https:\/\/www.legistdf.gob.ar\/wp-content\/uploads\/2021\/07\/IMG_1564-64x64.jpg 64w\" sizes=\"(max-width: 150px) 100vw, 150px\" data-attachment-id=\"26177\" data-permalink=\"https:\/\/www.legistdf.gob.ar\/index.php\/2021\/07\/11\/centenario-rio-grande-es-una-ciudad-muy-pujante-y-con-vecinos-con-mucha-fuerza-celebro-urquiza\/img_1564-2\/\" data-orig-file=\"https:\/\/www.legistdf.gob.ar\/wp-content\/uploads\/2021\/07\/IMG_1564.jpg\" data-orig-size=\"1000,667\" data-comments-opened=\"0\" data-image-meta=\"{&quot;aperture&quot;:&quot;0&quot;,&quot;credit&quot;:&quot;&quot;,&quot;camera&quot;:&quot;&quot;,&quot;caption&quot;:&quot;&quot;,&quot;created_timestamp&quot;:&quot;0&quot;,&quot;copyright&quot;:&quot;&quot;,&quot;focal_length&quot;:&quot;0&quot;,&quot;iso&quot;:&quot;0&quot;,&quot;shutter_speed&quot;:&quot;0&quot;,&quot;title&quot;:&quot;&quot;,&quot;orientation&quot;:&quot;0&quot;}\" data-image-title=\"IMG_1564\" data-image-description=\"\" data-image-caption=\"\" data-medium-file=\"https:\/\/www.legistdf.gob.ar\/wp-content\/uploads\/2021\/07\/IMG_1564-300x200.jpg\" data-large-file=\"https:\/\/www.legistdf.gob.ar\/wp-content\/uploads\/2021\/07\/IMG_1564.jpg\" \/><\/a>\n\t\t\t<\/dt><\/dl><dl class='gallery-item'>\n\t\t\t<dt class='gallery-icon landscape'>\n\t\t\t\t<a href='https:\/\/www.legistdf.gob.ar\/index.php\/2021\/07\/11\/centenario-rio-grande-es-una-ciudad-muy-pujante-y-con-vecinos-con-mucha-fuerza-celebro-urquiza\/img_1565-2\/'><img loading=\"lazy\" decoding=\"async\" width=\"150\" height=\"150\" src=\"https:\/\/www.legistdf.gob.ar\/wp-content\/uploads\/2021\/07\/IMG_1565-150x150.jpg\" class=\"attachment-thumbnail size-thumbnail\" alt=\"\" srcset=\"https:\/\/www.legistdf.gob.ar\/wp-content\/uploads\/2021\/07\/IMG_1565-150x150.jpg 150w, https:\/\/www.legistdf.gob.ar\/wp-content\/uploads\/2021\/07\/IMG_1565-64x64.jpg 64w\" sizes=\"(max-width: 150px) 100vw, 150px\" data-attachment-id=\"26178\" data-permalink=\"https:\/\/www.legistdf.gob.ar\/index.php\/2021\/07\/11\/centenario-rio-grande-es-una-ciudad-muy-pujante-y-con-vecinos-con-mucha-fuerza-celebro-urquiza\/img_1565-2\/\" data-orig-file=\"https:\/\/www.legistdf.gob.ar\/wp-content\/uploads\/2021\/07\/IMG_1565.jpg\" data-orig-size=\"1000,667\" data-comments-opened=\"0\" data-image-meta=\"{&quot;aperture&quot;:&quot;0&quot;,&quot;credit&quot;:&quot;&quot;,&quot;camera&quot;:&quot;&quot;,&quot;caption&quot;:&quot;&quot;,&quot;created_timestamp&quot;:&quot;0&quot;,&quot;copyright&quot;:&quot;&quot;,&quot;focal_length&quot;:&quot;0&quot;,&quot;iso&quot;:&quot;0&quot;,&quot;shutter_speed&quot;:&quot;0&quot;,&quot;title&quot;:&quot;&quot;,&quot;orientation&quot;:&quot;0&quot;}\" data-image-title=\"IMG_1565\" data-image-description=\"\" data-image-caption=\"\" data-medium-file=\"https:\/\/www.legistdf.gob.ar\/wp-content\/uploads\/2021\/07\/IMG_1565-300x200.jpg\" data-large-file=\"https:\/\/www.legistdf.gob.ar\/wp-content\/uploads\/2021\/07\/IMG_1565.jpg\" \/><\/a>\n\t\t\t<\/dt><\/dl><br style=\"clear: both\" \/><dl class='gallery-item'>\n\t\t\t<dt class='gallery-icon landscape'>\n\t\t\t\t<a href='https:\/\/www.legistdf.gob.ar\/index.php\/2021\/07\/11\/centenario-rio-grande-es-una-ciudad-muy-pujante-y-con-vecinos-con-mucha-fuerza-celebro-urquiza\/img_1567-2\/'><img loading=\"lazy\" decoding=\"async\" width=\"150\" height=\"150\" src=\"https:\/\/www.legistdf.gob.ar\/wp-content\/uploads\/2021\/07\/IMG_1567-150x150.jpg\" class=\"attachment-thumbnail size-thumbnail\" alt=\"\" srcset=\"https:\/\/www.legistdf.gob.ar\/wp-content\/uploads\/2021\/07\/IMG_1567-150x150.jpg 150w, https:\/\/www.legistdf.gob.ar\/wp-content\/uploads\/2021\/07\/IMG_1567-64x64.jpg 64w\" sizes=\"(max-width: 150px) 100vw, 150px\" data-attachment-id=\"26179\" data-permalink=\"https:\/\/www.legistdf.gob.ar\/index.php\/2021\/07\/11\/centenario-rio-grande-es-una-ciudad-muy-pujante-y-con-vecinos-con-mucha-fuerza-celebro-urquiza\/img_1567-2\/\" data-orig-file=\"https:\/\/www.legistdf.gob.ar\/wp-content\/uploads\/2021\/07\/IMG_1567.jpg\" data-orig-size=\"1000,667\" data-comments-opened=\"0\" data-image-meta=\"{&quot;aperture&quot;:&quot;0&quot;,&quot;credit&quot;:&quot;&quot;,&quot;camera&quot;:&quot;&quot;,&quot;caption&quot;:&quot;&quot;,&quot;created_timestamp&quot;:&quot;0&quot;,&quot;copyright&quot;:&quot;&quot;,&quot;focal_length&quot;:&quot;0&quot;,&quot;iso&quot;:&quot;0&quot;,&quot;shutter_speed&quot;:&quot;0&quot;,&quot;title&quot;:&quot;&quot;,&quot;orientation&quot;:&quot;0&quot;}\" data-image-title=\"IMG_1567\" data-image-description=\"\" data-image-caption=\"\" data-medium-file=\"https:\/\/www.legistdf.gob.ar\/wp-content\/uploads\/2021\/07\/IMG_1567-300x200.jpg\" data-large-file=\"https:\/\/www.legistdf.gob.ar\/wp-content\/uploads\/2021\/07\/IMG_1567.jpg\" \/><\/a>\n\t\t\t<\/dt><\/dl><dl class='gallery-item'>\n\t\t\t<dt class='gallery-icon landscape'>\n\t\t\t\t<a href='https:\/\/www.legistdf.gob.ar\/index.php\/2021\/07\/11\/centenario-rio-grande-es-una-ciudad-muy-pujante-y-con-vecinos-con-mucha-fuerza-celebro-urquiza\/img_1574\/'><img loading=\"lazy\" decoding=\"async\" width=\"150\" height=\"150\" src=\"https:\/\/www.legistdf.gob.ar\/wp-content\/uploads\/2021\/07\/IMG_1574-150x150.jpg\" class=\"attachment-thumbnail size-thumbnail\" alt=\"\" srcset=\"https:\/\/www.legistdf.gob.ar\/wp-content\/uploads\/2021\/07\/IMG_1574-150x150.jpg 150w, https:\/\/www.legistdf.gob.ar\/wp-content\/uploads\/2021\/07\/IMG_1574-64x64.jpg 64w\" sizes=\"(max-width: 150px) 100vw, 150px\" data-attachment-id=\"26180\" data-permalink=\"https:\/\/www.legistdf.gob.ar\/index.php\/2021\/07\/11\/centenario-rio-grande-es-una-ciudad-muy-pujante-y-con-vecinos-con-mucha-fuerza-celebro-urquiza\/img_1574\/\" data-orig-file=\"https:\/\/www.legistdf.gob.ar\/wp-content\/uploads\/2021\/07\/IMG_1574.jpg\" data-orig-size=\"1000,667\" data-comments-opened=\"0\" data-image-meta=\"{&quot;aperture&quot;:&quot;0&quot;,&quot;credit&quot;:&quot;&quot;,&quot;camera&quot;:&quot;&quot;,&quot;caption&quot;:&quot;&quot;,&quot;created_timestamp&quot;:&quot;0&quot;,&quot;copyright&quot;:&quot;&quot;,&quot;focal_length&quot;:&quot;0&quot;,&quot;iso&quot;:&quot;0&quot;,&quot;shutter_speed&quot;:&quot;0&quot;,&quot;title&quot;:&quot;&quot;,&quot;orientation&quot;:&quot;0&quot;}\" data-image-title=\"IMG_1574\" data-image-description=\"\" data-image-caption=\"\" data-medium-file=\"https:\/\/www.legistdf.gob.ar\/wp-content\/uploads\/2021\/07\/IMG_1574-300x200.jpg\" data-large-file=\"https:\/\/www.legistdf.gob.ar\/wp-content\/uploads\/2021\/07\/IMG_1574.jpg\" \/><\/a>\n\t\t\t<\/dt><\/dl><dl class='gallery-item'>\n\t\t\t<dt class='gallery-icon landscape'>\n\t\t\t\t<a href='https:\/\/www.legistdf.gob.ar\/index.php\/2021\/07\/11\/centenario-rio-grande-es-una-ciudad-muy-pujante-y-con-vecinos-con-mucha-fuerza-celebro-urquiza\/img_1581-2\/'><img loading=\"lazy\" decoding=\"async\" width=\"150\" height=\"150\" src=\"https:\/\/www.legistdf.gob.ar\/wp-content\/uploads\/2021\/07\/IMG_1581-150x150.jpg\" class=\"attachment-thumbnail size-thumbnail\" alt=\"\" srcset=\"https:\/\/www.legistdf.gob.ar\/wp-content\/uploads\/2021\/07\/IMG_1581-150x150.jpg 150w, https:\/\/www.legistdf.gob.ar\/wp-content\/uploads\/2021\/07\/IMG_1581-64x64.jpg 64w\" sizes=\"(max-width: 150px) 100vw, 150px\" data-attachment-id=\"26181\" data-permalink=\"https:\/\/www.legistdf.gob.ar\/index.php\/2021\/07\/11\/centenario-rio-grande-es-una-ciudad-muy-pujante-y-con-vecinos-con-mucha-fuerza-celebro-urquiza\/img_1581-2\/\" data-orig-file=\"https:\/\/www.legistdf.gob.ar\/wp-content\/uploads\/2021\/07\/IMG_1581.jpg\" data-orig-size=\"1000,667\" data-comments-opened=\"0\" data-image-meta=\"{&quot;aperture&quot;:&quot;0&quot;,&quot;credit&quot;:&quot;&quot;,&quot;camera&quot;:&quot;&quot;,&quot;caption&quot;:&quot;&quot;,&quot;created_timestamp&quot;:&quot;0&quot;,&quot;copyright&quot;:&quot;&quot;,&quot;focal_length&quot;:&quot;0&quot;,&quot;iso&quot;:&quot;0&quot;,&quot;shutter_speed&quot;:&quot;0&quot;,&quot;title&quot;:&quot;&quot;,&quot;orientation&quot;:&quot;0&quot;}\" data-image-title=\"IMG_1581\" data-image-description=\"\" data-image-caption=\"\" data-medium-file=\"https:\/\/www.legistdf.gob.ar\/wp-content\/uploads\/2021\/07\/IMG_1581-300x200.jpg\" data-large-file=\"https:\/\/www.legistdf.gob.ar\/wp-content\/uploads\/2021\/07\/IMG_1581.jpg\" \/><\/a>\n\t\t\t<\/dt><\/dl><dl class='gallery-item'>\n\t\t\t<dt class='gallery-icon landscape'>\n\t\t\t\t<a href='https:\/\/www.legistdf.gob.ar\/index.php\/2021\/07\/11\/centenario-rio-grande-es-una-ciudad-muy-pujante-y-con-vecinos-con-mucha-fuerza-celebro-urquiza\/img_1585-2\/'><img loading=\"lazy\" decoding=\"async\" width=\"150\" height=\"150\" src=\"https:\/\/www.legistdf.gob.ar\/wp-content\/uploads\/2021\/07\/IMG_1585-150x150.jpg\" class=\"attachment-thumbnail size-thumbnail\" alt=\"\" srcset=\"https:\/\/www.legistdf.gob.ar\/wp-content\/uploads\/2021\/07\/IMG_1585-150x150.jpg 150w, https:\/\/www.legistdf.gob.ar\/wp-content\/uploads\/2021\/07\/IMG_1585-64x64.jpg 64w\" sizes=\"(max-width: 150px) 100vw, 150px\" data-attachment-id=\"26182\" data-permalink=\"https:\/\/www.legistdf.gob.ar\/index.php\/2021\/07\/11\/centenario-rio-grande-es-una-ciudad-muy-pujante-y-con-vecinos-con-mucha-fuerza-celebro-urquiza\/img_1585-2\/\" data-orig-file=\"https:\/\/www.legistdf.gob.ar\/wp-content\/uploads\/2021\/07\/IMG_1585.jpg\" data-orig-size=\"1000,667\" data-comments-opened=\"0\" data-image-meta=\"{&quot;aperture&quot;:&quot;0&quot;,&quot;credit&quot;:&quot;&quot;,&quot;camera&quot;:&quot;&quot;,&quot;caption&quot;:&quot;&quot;,&quot;created_timestamp&quot;:&quot;0&quot;,&quot;copyright&quot;:&quot;&quot;,&quot;focal_length&quot;:&quot;0&quot;,&quot;iso&quot;:&quot;0&quot;,&quot;shutter_speed&quot;:&quot;0&quot;,&quot;title&quot;:&quot;&quot;,&quot;orientation&quot;:&quot;0&quot;}\" data-image-title=\"IMG_1585\" data-image-description=\"\" data-image-caption=\"\" data-medium-file=\"https:\/\/www.legistdf.gob.ar\/wp-content\/uploads\/2021\/07\/IMG_1585-300x200.jpg\" data-large-file=\"https:\/\/www.legistdf.gob.ar\/wp-content\/uploads\/2021\/07\/IMG_1585.jpg\" \/><\/a>\n\t\t\t<\/dt><\/dl><br style=\"clear: both\" \/><dl class='gallery-item'>\n\t\t\t<dt class='gallery-icon landscape'>\n\t\t\t\t<a href='https:\/\/www.legistdf.gob.ar\/index.php\/2021\/07\/11\/centenario-rio-grande-es-una-ciudad-muy-pujante-y-con-vecinos-con-mucha-fuerza-celebro-urquiza\/img_1588-2\/'><img loading=\"lazy\" decoding=\"async\" width=\"150\" height=\"150\" src=\"https:\/\/www.legistdf.gob.ar\/wp-content\/uploads\/2021\/07\/IMG_1588-150x150.jpg\" class=\"attachment-thumbnail size-thumbnail\" alt=\"\" srcset=\"https:\/\/www.legistdf.gob.ar\/wp-content\/uploads\/2021\/07\/IMG_1588-150x150.jpg 150w, https:\/\/www.legistdf.gob.ar\/wp-content\/uploads\/2021\/07\/IMG_1588-64x64.jpg 64w\" sizes=\"(max-width: 150px) 100vw, 150px\" data-attachment-id=\"26183\" data-permalink=\"https:\/\/www.legistdf.gob.ar\/index.php\/2021\/07\/11\/centenario-rio-grande-es-una-ciudad-muy-pujante-y-con-vecinos-con-mucha-fuerza-celebro-urquiza\/img_1588-2\/\" data-orig-file=\"https:\/\/www.legistdf.gob.ar\/wp-content\/uploads\/2021\/07\/IMG_1588.jpg\" data-orig-size=\"1000,667\" data-comments-opened=\"0\" data-image-meta=\"{&quot;aperture&quot;:&quot;0&quot;,&quot;credit&quot;:&quot;&quot;,&quot;camera&quot;:&quot;&quot;,&quot;caption&quot;:&quot;&quot;,&quot;created_timestamp&quot;:&quot;0&quot;,&quot;copyright&quot;:&quot;&quot;,&quot;focal_length&quot;:&quot;0&quot;,&quot;iso&quot;:&quot;0&quot;,&quot;shutter_speed&quot;:&quot;0&quot;,&quot;title&quot;:&quot;&quot;,&quot;orientation&quot;:&quot;0&quot;}\" data-image-title=\"IMG_1588\" data-image-description=\"\" data-image-caption=\"\" data-medium-file=\"https:\/\/www.legistdf.gob.ar\/wp-content\/uploads\/2021\/07\/IMG_1588-300x200.jpg\" data-large-file=\"https:\/\/www.legistdf.gob.ar\/wp-content\/uploads\/2021\/07\/IMG_1588.jpg\" \/><\/a>\n\t\t\t<\/dt><\/dl><dl class='gallery-item'>\n\t\t\t<dt class='gallery-icon landscape'>\n\t\t\t\t<a href='https:\/\/www.legistdf.gob.ar\/index.php\/2021\/07\/11\/centenario-rio-grande-es-una-ciudad-muy-pujante-y-con-vecinos-con-mucha-fuerza-celebro-urquiza\/img_1590-2\/'><img loading=\"lazy\" decoding=\"async\" width=\"150\" height=\"150\" src=\"https:\/\/www.legistdf.gob.ar\/wp-content\/uploads\/2021\/07\/IMG_1590-150x150.jpg\" class=\"attachment-thumbnail size-thumbnail\" alt=\"\" srcset=\"https:\/\/www.legistdf.gob.ar\/wp-content\/uploads\/2021\/07\/IMG_1590-150x150.jpg 150w, https:\/\/www.legistdf.gob.ar\/wp-content\/uploads\/2021\/07\/IMG_1590-64x64.jpg 64w\" sizes=\"(max-width: 150px) 100vw, 150px\" data-attachment-id=\"26184\" data-permalink=\"https:\/\/www.legistdf.gob.ar\/index.php\/2021\/07\/11\/centenario-rio-grande-es-una-ciudad-muy-pujante-y-con-vecinos-con-mucha-fuerza-celebro-urquiza\/img_1590-2\/\" data-orig-file=\"https:\/\/www.legistdf.gob.ar\/wp-content\/uploads\/2021\/07\/IMG_1590.jpg\" data-orig-size=\"1000,667\" data-comments-opened=\"0\" data-image-meta=\"{&quot;aperture&quot;:&quot;0&quot;,&quot;credit&quot;:&quot;&quot;,&quot;camera&quot;:&quot;&quot;,&quot;caption&quot;:&quot;&quot;,&quot;created_timestamp&quot;:&quot;0&quot;,&quot;copyright&quot;:&quot;&quot;,&quot;focal_length&quot;:&quot;0&quot;,&quot;iso&quot;:&quot;0&quot;,&quot;shutter_speed&quot;:&quot;0&quot;,&quot;title&quot;:&quot;&quot;,&quot;orientation&quot;:&quot;0&quot;}\" data-image-title=\"IMG_1590\" data-image-description=\"\" data-image-caption=\"\" data-medium-file=\"https:\/\/www.legistdf.gob.ar\/wp-content\/uploads\/2021\/07\/IMG_1590-300x200.jpg\" data-large-file=\"https:\/\/www.legistdf.gob.ar\/wp-content\/uploads\/2021\/07\/IMG_1590.jpg\" \/><\/a>\n\t\t\t<\/dt><\/dl><dl class='gallery-item'>\n\t\t\t<dt class='gallery-icon landscape'>\n\t\t\t\t<a href='https:\/\/www.legistdf.gob.ar\/index.php\/2021\/07\/11\/centenario-rio-grande-es-una-ciudad-muy-pujante-y-con-vecinos-con-mucha-fuerza-celebro-urquiza\/img_1603-2\/'><img loading=\"lazy\" decoding=\"async\" width=\"150\" height=\"150\" src=\"https:\/\/www.legistdf.gob.ar\/wp-content\/uploads\/2021\/07\/IMG_1603-150x150.jpg\" class=\"attachment-thumbnail size-thumbnail\" alt=\"\" srcset=\"https:\/\/www.legistdf.gob.ar\/wp-content\/uploads\/2021\/07\/IMG_1603-150x150.jpg 150w, https:\/\/www.legistdf.gob.ar\/wp-content\/uploads\/2021\/07\/IMG_1603-64x64.jpg 64w\" sizes=\"(max-width: 150px) 100vw, 150px\" data-attachment-id=\"26185\" data-permalink=\"https:\/\/www.legistdf.gob.ar\/index.php\/2021\/07\/11\/centenario-rio-grande-es-una-ciudad-muy-pujante-y-con-vecinos-con-mucha-fuerza-celebro-urquiza\/img_1603-2\/\" data-orig-file=\"https:\/\/www.legistdf.gob.ar\/wp-content\/uploads\/2021\/07\/IMG_1603.jpg\" data-orig-size=\"1000,667\" data-comments-opened=\"0\" data-image-meta=\"{&quot;aperture&quot;:&quot;0&quot;,&quot;credit&quot;:&quot;&quot;,&quot;camera&quot;:&quot;&quot;,&quot;caption&quot;:&quot;&quot;,&quot;created_timestamp&quot;:&quot;0&quot;,&quot;copyright&quot;:&quot;&quot;,&quot;focal_length&quot;:&quot;0&quot;,&quot;iso&quot;:&quot;0&quot;,&quot;shutter_speed&quot;:&quot;0&quot;,&quot;title&quot;:&quot;&quot;,&quot;orientation&quot;:&quot;0&quot;}\" data-image-title=\"IMG_1603\" data-image-description=\"\" data-image-caption=\"\" data-medium-file=\"https:\/\/www.legistdf.gob.ar\/wp-content\/uploads\/2021\/07\/IMG_1603-300x200.jpg\" data-large-file=\"https:\/\/www.legistdf.gob.ar\/wp-content\/uploads\/2021\/07\/IMG_1603.jpg\" \/><\/a>\n\t\t\t<\/dt><\/dl><dl class='gallery-item'>\n\t\t\t<dt class='gallery-icon landscape'>\n\t\t\t\t<a href='https:\/\/www.legistdf.gob.ar\/index.php\/2021\/07\/11\/centenario-rio-grande-es-una-ciudad-muy-pujante-y-con-vecinos-con-mucha-fuerza-celebro-urquiza\/img_1611\/'><img loading=\"lazy\" decoding=\"async\" width=\"150\" height=\"150\" src=\"https:\/\/www.legistdf.gob.ar\/wp-content\/uploads\/2021\/07\/IMG_1611-150x150.jpg\" class=\"attachment-thumbnail size-thumbnail\" alt=\"\" srcset=\"https:\/\/www.legistdf.gob.ar\/wp-content\/uploads\/2021\/07\/IMG_1611-150x150.jpg 150w, https:\/\/www.legistdf.gob.ar\/wp-content\/uploads\/2021\/07\/IMG_1611-64x64.jpg 64w\" sizes=\"(max-width: 150px) 100vw, 150px\" data-attachment-id=\"26186\" data-permalink=\"https:\/\/www.legistdf.gob.ar\/index.php\/2021\/07\/11\/centenario-rio-grande-es-una-ciudad-muy-pujante-y-con-vecinos-con-mucha-fuerza-celebro-urquiza\/img_1611\/\" data-orig-file=\"https:\/\/www.legistdf.gob.ar\/wp-content\/uploads\/2021\/07\/IMG_1611.jpg\" data-orig-size=\"1000,667\" data-comments-opened=\"0\" data-image-meta=\"{&quot;aperture&quot;:&quot;0&quot;,&quot;credit&quot;:&quot;&quot;,&quot;camera&quot;:&quot;&quot;,&quot;caption&quot;:&quot;&quot;,&quot;created_timestamp&quot;:&quot;0&quot;,&quot;copyright&quot;:&quot;&quot;,&quot;focal_length&quot;:&quot;0&quot;,&quot;iso&quot;:&quot;0&quot;,&quot;shutter_speed&quot;:&quot;0&quot;,&quot;title&quot;:&quot;&quot;,&quot;orientation&quot;:&quot;0&quot;}\" data-image-title=\"IMG_1611\" data-image-description=\"\" data-image-caption=\"\" data-medium-file=\"https:\/\/www.legistdf.gob.ar\/wp-content\/uploads\/2021\/07\/IMG_1611-300x200.jpg\" data-large-file=\"https:\/\/www.legistdf.gob.ar\/wp-content\/uploads\/2021\/07\/IMG_1611.jpg\" \/><\/a>\n\t\t\t<\/dt><\/dl><br style=\"clear: both\" \/><dl class='gallery-item'>\n\t\t\t<dt class='gallery-icon landscape'>\n\t\t\t\t<a href='https:\/\/www.legistdf.gob.ar\/index.php\/2021\/07\/11\/centenario-rio-grande-es-una-ciudad-muy-pujante-y-con-vecinos-con-mucha-fuerza-celebro-urquiza\/img_1613-3\/'><img loading=\"lazy\" decoding=\"async\" width=\"150\" height=\"150\" src=\"https:\/\/www.legistdf.gob.ar\/wp-content\/uploads\/2021\/07\/IMG_1613-150x150.jpg\" class=\"attachment-thumbnail size-thumbnail\" alt=\"\" srcset=\"https:\/\/www.legistdf.gob.ar\/wp-content\/uploads\/2021\/07\/IMG_1613-150x150.jpg 150w, https:\/\/www.legistdf.gob.ar\/wp-content\/uploads\/2021\/07\/IMG_1613-64x64.jpg 64w\" sizes=\"(max-width: 150px) 100vw, 150px\" data-attachment-id=\"26187\" data-permalink=\"https:\/\/www.legistdf.gob.ar\/index.php\/2021\/07\/11\/centenario-rio-grande-es-una-ciudad-muy-pujante-y-con-vecinos-con-mucha-fuerza-celebro-urquiza\/img_1613-3\/\" data-orig-file=\"https:\/\/www.legistdf.gob.ar\/wp-content\/uploads\/2021\/07\/IMG_1613.jpg\" data-orig-size=\"1000,667\" data-comments-opened=\"0\" data-image-meta=\"{&quot;aperture&quot;:&quot;0&quot;,&quot;credit&quot;:&quot;&quot;,&quot;camera&quot;:&quot;&quot;,&quot;caption&quot;:&quot;&quot;,&quot;created_timestamp&quot;:&quot;0&quot;,&quot;copyright&quot;:&quot;&quot;,&quot;focal_length&quot;:&quot;0&quot;,&quot;iso&quot;:&quot;0&quot;,&quot;shutter_speed&quot;:&quot;0&quot;,&quot;title&quot;:&quot;&quot;,&quot;orientation&quot;:&quot;0&quot;}\" data-image-title=\"IMG_1613\" data-image-description=\"\" data-image-caption=\"\" data-medium-file=\"https:\/\/www.legistdf.gob.ar\/wp-content\/uploads\/2021\/07\/IMG_1613-300x200.jpg\" data-large-file=\"https:\/\/www.legistdf.gob.ar\/wp-content\/uploads\/2021\/07\/IMG_1613.jpg\" \/><\/a>\n\t\t\t<\/dt><\/dl><dl class='gallery-item'>\n\t\t\t<dt class='gallery-icon landscape'>\n\t\t\t\t<a href='https:\/\/www.legistdf.gob.ar\/index.php\/2021\/07\/11\/centenario-rio-grande-es-una-ciudad-muy-pujante-y-con-vecinos-con-mucha-fuerza-celebro-urquiza\/img_1614-2\/'><img loading=\"lazy\" decoding=\"async\" width=\"150\" height=\"150\" src=\"https:\/\/www.legistdf.gob.ar\/wp-content\/uploads\/2021\/07\/IMG_1614-150x150.jpg\" class=\"attachment-thumbnail size-thumbnail\" alt=\"\" srcset=\"https:\/\/www.legistdf.gob.ar\/wp-content\/uploads\/2021\/07\/IMG_1614-150x150.jpg 150w, https:\/\/www.legistdf.gob.ar\/wp-content\/uploads\/2021\/07\/IMG_1614-64x64.jpg 64w\" sizes=\"(max-width: 150px) 100vw, 150px\" data-attachment-id=\"26188\" data-permalink=\"https:\/\/www.legistdf.gob.ar\/index.php\/2021\/07\/11\/centenario-rio-grande-es-una-ciudad-muy-pujante-y-con-vecinos-con-mucha-fuerza-celebro-urquiza\/img_1614-2\/\" data-orig-file=\"https:\/\/www.legistdf.gob.ar\/wp-content\/uploads\/2021\/07\/IMG_1614.jpg\" data-orig-size=\"1000,667\" data-comments-opened=\"0\" data-image-meta=\"{&quot;aperture&quot;:&quot;0&quot;,&quot;credit&quot;:&quot;&quot;,&quot;camera&quot;:&quot;&quot;,&quot;caption&quot;:&quot;&quot;,&quot;created_timestamp&quot;:&quot;0&quot;,&quot;copyright&quot;:&quot;&quot;,&quot;focal_length&quot;:&quot;0&quot;,&quot;iso&quot;:&quot;0&quot;,&quot;shutter_speed&quot;:&quot;0&quot;,&quot;title&quot;:&quot;&quot;,&quot;orientation&quot;:&quot;0&quot;}\" data-image-title=\"IMG_1614\" data-image-description=\"\" data-image-caption=\"\" data-medium-file=\"https:\/\/www.legistdf.gob.ar\/wp-content\/uploads\/2021\/07\/IMG_1614-300x200.jpg\" data-large-file=\"https:\/\/www.legistdf.gob.ar\/wp-content\/uploads\/2021\/07\/IMG_1614.jpg\" \/><\/a>\n\t\t\t<\/dt><\/dl><dl class='gallery-item'>\n\t\t\t<dt class='gallery-icon landscape'>\n\t\t\t\t<a href='https:\/\/www.legistdf.gob.ar\/index.php\/2021\/07\/11\/centenario-rio-grande-es-una-ciudad-muy-pujante-y-con-vecinos-con-mucha-fuerza-celebro-urquiza\/img_1615-3\/'><img loading=\"lazy\" decoding=\"async\" width=\"150\" height=\"150\" src=\"https:\/\/www.legistdf.gob.ar\/wp-content\/uploads\/2021\/07\/IMG_1615-150x150.jpg\" class=\"attachment-thumbnail size-thumbnail\" alt=\"\" srcset=\"https:\/\/www.legistdf.gob.ar\/wp-content\/uploads\/2021\/07\/IMG_1615-150x150.jpg 150w, https:\/\/www.legistdf.gob.ar\/wp-content\/uploads\/2021\/07\/IMG_1615-64x64.jpg 64w\" sizes=\"(max-width: 150px) 100vw, 150px\" data-attachment-id=\"26189\" data-permalink=\"https:\/\/www.legistdf.gob.ar\/index.php\/2021\/07\/11\/centenario-rio-grande-es-una-ciudad-muy-pujante-y-con-vecinos-con-mucha-fuerza-celebro-urquiza\/img_1615-3\/\" data-orig-file=\"https:\/\/www.legistdf.gob.ar\/wp-content\/uploads\/2021\/07\/IMG_1615.jpg\" data-orig-size=\"1000,667\" data-comments-opened=\"0\" data-image-meta=\"{&quot;aperture&quot;:&quot;0&quot;,&quot;credit&quot;:&quot;&quot;,&quot;camera&quot;:&quot;&quot;,&quot;caption&quot;:&quot;&quot;,&quot;created_timestamp&quot;:&quot;0&quot;,&quot;copyright&quot;:&quot;&quot;,&quot;focal_length&quot;:&quot;0&quot;,&quot;iso&quot;:&quot;0&quot;,&quot;shutter_speed&quot;:&quot;0&quot;,&quot;title&quot;:&quot;&quot;,&quot;orientation&quot;:&quot;0&quot;}\" data-image-title=\"IMG_1615\" data-image-description=\"\" data-image-caption=\"\" data-medium-file=\"https:\/\/www.legistdf.gob.ar\/wp-content\/uploads\/2021\/07\/IMG_1615-300x200.jpg\" data-large-file=\"https:\/\/www.legistdf.gob.ar\/wp-content\/uploads\/2021\/07\/IMG_1615.jpg\" \/><\/a>\n\t\t\t<\/dt><\/dl><dl class='gallery-item'>\n\t\t\t<dt class='gallery-icon landscape'>\n\t\t\t\t<a href='https:\/\/www.legistdf.gob.ar\/index.php\/2021\/07\/11\/centenario-rio-grande-es-una-ciudad-muy-pujante-y-con-vecinos-con-mucha-fuerza-celebro-urquiza\/img_1627-2\/'><img loading=\"lazy\" decoding=\"async\" width=\"150\" height=\"150\" src=\"https:\/\/www.legistdf.gob.ar\/wp-content\/uploads\/2021\/07\/IMG_1627-150x150.jpg\" class=\"attachment-thumbnail size-thumbnail\" alt=\"\" srcset=\"https:\/\/www.legistdf.gob.ar\/wp-content\/uploads\/2021\/07\/IMG_1627-150x150.jpg 150w, https:\/\/www.legistdf.gob.ar\/wp-content\/uploads\/2021\/07\/IMG_1627-64x64.jpg 64w\" sizes=\"(max-width: 150px) 100vw, 150px\" data-attachment-id=\"26190\" data-permalink=\"https:\/\/www.legistdf.gob.ar\/index.php\/2021\/07\/11\/centenario-rio-grande-es-una-ciudad-muy-pujante-y-con-vecinos-con-mucha-fuerza-celebro-urquiza\/img_1627-2\/\" data-orig-file=\"https:\/\/www.legistdf.gob.ar\/wp-content\/uploads\/2021\/07\/IMG_1627.jpg\" data-orig-size=\"1000,667\" data-comments-opened=\"0\" data-image-meta=\"{&quot;aperture&quot;:&quot;0&quot;,&quot;credit&quot;:&quot;&quot;,&quot;camera&quot;:&quot;&quot;,&quot;caption&quot;:&quot;&quot;,&quot;created_timestamp&quot;:&quot;0&quot;,&quot;copyright&quot;:&quot;&quot;,&quot;focal_length&quot;:&quot;0&quot;,&quot;iso&quot;:&quot;0&quot;,&quot;shutter_speed&quot;:&quot;0&quot;,&quot;title&quot;:&quot;&quot;,&quot;orientation&quot;:&quot;0&quot;}\" data-image-title=\"IMG_1627\" data-image-description=\"\" data-image-caption=\"\" data-medium-file=\"https:\/\/www.legistdf.gob.ar\/wp-content\/uploads\/2021\/07\/IMG_1627-300x200.jpg\" data-large-file=\"https:\/\/www.legistdf.gob.ar\/wp-content\/uploads\/2021\/07\/IMG_1627.jpg\" \/><\/a>\n\t\t\t<\/dt><\/dl><br style=\"clear: both\" \/><dl class='gallery-item'>\n\t\t\t<dt class='gallery-icon landscape'>\n\t\t\t\t<a href='https:\/\/www.legistdf.gob.ar\/index.php\/2021\/07\/11\/centenario-rio-grande-es-una-ciudad-muy-pujante-y-con-vecinos-con-mucha-fuerza-celebro-urquiza\/whatsapp-image-2021-07-11-at-15-14-27\/'><img loading=\"lazy\" decoding=\"async\" width=\"150\" height=\"150\" src=\"https:\/\/www.legistdf.gob.ar\/wp-content\/uploads\/2021\/07\/WhatsApp-Image-2021-07-11-at-15.14.27-150x150.jpeg\" class=\"attachment-thumbnail size-thumbnail\" alt=\"\" srcset=\"https:\/\/www.legistdf.gob.ar\/wp-content\/uploads\/2021\/07\/WhatsApp-Image-2021-07-11-at-15.14.27-150x150.jpeg 150w, https:\/\/www.legistdf.gob.ar\/wp-content\/uploads\/2021\/07\/WhatsApp-Image-2021-07-11-at-15.14.27-64x64.jpeg 64w\" sizes=\"(max-width: 150px) 100vw, 150px\" data-attachment-id=\"26191\" data-permalink=\"https:\/\/www.legistdf.gob.ar\/index.php\/2021\/07\/11\/centenario-rio-grande-es-una-ciudad-muy-pujante-y-con-vecinos-con-mucha-fuerza-celebro-urquiza\/whatsapp-image-2021-07-11-at-15-14-27\/\" data-orig-file=\"https:\/\/www.legistdf.gob.ar\/wp-content\/uploads\/2021\/07\/WhatsApp-Image-2021-07-11-at-15.14.27.jpeg\" data-orig-size=\"1280,853\" data-comments-opened=\"0\" data-image-meta=\"{&quot;aperture&quot;:&quot;0&quot;,&quot;credit&quot;:&quot;&quot;,&quot;camera&quot;:&quot;&quot;,&quot;caption&quot;:&quot;&quot;,&quot;created_timestamp&quot;:&quot;0&quot;,&quot;copyright&quot;:&quot;&quot;,&quot;focal_length&quot;:&quot;0&quot;,&quot;iso&quot;:&quot;0&quot;,&quot;shutter_speed&quot;:&quot;0&quot;,&quot;title&quot;:&quot;&quot;,&quot;orientation&quot;:&quot;0&quot;}\" data-image-title=\"WhatsApp Image 2021-07-11 at 15.14.27\" data-image-description=\"\" data-image-caption=\"\" data-medium-file=\"https:\/\/www.legistdf.gob.ar\/wp-content\/uploads\/2021\/07\/WhatsApp-Image-2021-07-11-at-15.14.27-300x200.jpeg\" data-large-file=\"https:\/\/www.legistdf.gob.ar\/wp-content\/uploads\/2021\/07\/WhatsApp-Image-2021-07-11-at-15.14.27-1024x682.jpeg\" \/><\/a>\n\t\t\t<\/dt><\/dl><dl class='gallery-item'>\n\t\t\t<dt class='gallery-icon landscape'>\n\t\t\t\t<a href='https:\/\/www.legistdf.gob.ar\/index.php\/2021\/07\/11\/centenario-rio-grande-es-una-ciudad-muy-pujante-y-con-vecinos-con-mucha-fuerza-celebro-urquiza\/whatsapp-image-2021-07-11-at-15-14-27-1\/'><img loading=\"lazy\" decoding=\"async\" width=\"150\" height=\"150\" src=\"https:\/\/www.legistdf.gob.ar\/wp-content\/uploads\/2021\/07\/WhatsApp-Image-2021-07-11-at-15.14.27-1-150x150.jpeg\" class=\"attachment-thumbnail size-thumbnail\" alt=\"\" srcset=\"https:\/\/www.legistdf.gob.ar\/wp-content\/uploads\/2021\/07\/WhatsApp-Image-2021-07-11-at-15.14.27-1-150x150.jpeg 150w, https:\/\/www.legistdf.gob.ar\/wp-content\/uploads\/2021\/07\/WhatsApp-Image-2021-07-11-at-15.14.27-1-64x64.jpeg 64w\" sizes=\"(max-width: 150px) 100vw, 150px\" data-attachment-id=\"26192\" data-permalink=\"https:\/\/www.legistdf.gob.ar\/index.php\/2021\/07\/11\/centenario-rio-grande-es-una-ciudad-muy-pujante-y-con-vecinos-con-mucha-fuerza-celebro-urquiza\/whatsapp-image-2021-07-11-at-15-14-27-1\/\" data-orig-file=\"https:\/\/www.legistdf.gob.ar\/wp-content\/uploads\/2021\/07\/WhatsApp-Image-2021-07-11-at-15.14.27-1.jpeg\" data-orig-size=\"1280,853\" data-comments-opened=\"0\" data-image-meta=\"{&quot;aperture&quot;:&quot;0&quot;,&quot;credit&quot;:&quot;&quot;,&quot;camera&quot;:&quot;&quot;,&quot;caption&quot;:&quot;&quot;,&quot;created_timestamp&quot;:&quot;0&quot;,&quot;copyright&quot;:&quot;&quot;,&quot;focal_length&quot;:&quot;0&quot;,&quot;iso&quot;:&quot;0&quot;,&quot;shutter_speed&quot;:&quot;0&quot;,&quot;title&quot;:&quot;&quot;,&quot;orientation&quot;:&quot;0&quot;}\" data-image-title=\"WhatsApp Image 2021-07-11 at 15.14.27 (1)\" data-image-description=\"\" data-image-caption=\"\" data-medium-file=\"https:\/\/www.legistdf.gob.ar\/wp-content\/uploads\/2021\/07\/WhatsApp-Image-2021-07-11-at-15.14.27-1-300x200.jpeg\" data-large-file=\"https:\/\/www.legistdf.gob.ar\/wp-content\/uploads\/2021\/07\/WhatsApp-Image-2021-07-11-at-15.14.27-1-1024x682.jpeg\" \/><\/a>\n\t\t\t<\/dt><\/dl>\n\t\t\t<br style='clear: both' \/>\n\t\t<\/div>\n\n<p>&nbsp;<\/p>\n<p style=\"text-align: right\"><em>AT<\/em><\/p>\n","protected":false},"excerpt":{"rendered":"<p>R\u00edo Grande, domingo 11 de julio de 2021.- La ciudad del norte fueguino, centro geogr\u00e1fico de la Rep\u00fablica Argentina, celebra el centenario de su fundaci\u00f3n originada como Colonia Agr\u00edcola y Pastoril por un decreto del expresidente Hip\u00f3lito Yrigoyen de 1921. Hoy, el acto central por el centenario se llev\u00f3 adelante en la sala \u00c1ngela Loig [&hellip;]<\/p>\n","protected":false},"author":352,"featured_media":26167,"comment_status":"closed","ping_status":"open","sticky":false,"template":"","format":"standard","meta":{"jetpack_post_was_ever_published":false,"_jetpack_newsletter_access":"","_jetpack_dont_email_post_to_subs":false,"_jetpack_newsletter_tier_id":0,"footnotes":"","jetpack_publicize_message":"","jetpack_publicize_feature_enabled":true,"jetpack_social_post_already_shared":true,"jetpack_social_options":{"image_generator_settings":{"template":"highway","enabled":false}}},"categories":[1],"tags":[2272,78,144,96,79],"jetpack_publicize_connections":[],"jetpack_sharing_enabled":true,"jetpack_featured_media_url":"https:\/\/www.legistdf.gob.ar\/wp-content\/uploads\/2021\/07\/IMG_1517.jpg","jetpack-related-posts":[],"_links":{"self":[{"href":"https:\/\/www.legistdf.gob.ar\/index.php\/wp-json\/wp\/v2\/posts\/26154"}],"collection":[{"href":"https:\/\/www.legistdf.gob.ar\/index.php\/wp-json\/wp\/v2\/posts"}],"about":[{"href":"https:\/\/www.legistdf.gob.ar\/index.php\/wp-json\/wp\/v2\/types\/post"}],"author":[{"embeddable":true,"href":"https:\/\/www.legistdf.gob.ar\/index.php\/wp-json\/wp\/v2\/users\/352"}],"replies":[{"embeddable":true,"href":"https:\/\/www.legistdf.gob.ar\/index.php\/wp-json\/wp\/v2\/comments?post=26154"}],"version-history":[{"count":1,"href":"https:\/\/www.legistdf.gob.ar\/index.php\/wp-json\/wp\/v2\/posts\/26154\/revisions"}],"predecessor-version":[{"id":26193,"href":"https:\/\/www.legistdf.gob.ar\/index.php\/wp-json\/wp\/v2\/posts\/26154\/revisions\/26193"}],"wp:featuredmedia":[{"embeddable":true,"href":"https:\/\/www.legistdf.gob.ar\/index.php\/wp-json\/wp\/v2\/media\/26167"}],"wp:attachment":[{"href":"https:\/\/www.legistdf.gob.ar\/index.php\/wp-json\/wp\/v2\/media?parent=26154"}],"wp:term":[{"taxonomy":"category","embeddable":true,"href":"https:\/\/www.legistdf.gob.ar\/index.php\/wp-json\/wp\/v2\/categories?post=26154"},{"taxonomy":"post_tag","embeddable":true,"href":"https:\/\/www.legistdf.gob.ar\/index.php\/wp-json\/wp\/v2\/tags?post=26154"}],"curies":[{"name":"wp","href":"https:\/\/api.w.org\/{rel}","templated":true}]}}