{"id":26277,"date":"2021-07-28T11:13:34","date_gmt":"2021-07-28T14:13:34","guid":{"rendered":"http:\/\/www.legistdf.gob.ar\/?p=26277"},"modified":"2021-07-28T11:13:34","modified_gmt":"2021-07-28T14:13:34","slug":"conectividad-trentino-plantea-la-necesidad-urgente-del-cruce-por-aguas-argentinas-ante-el-parlamento-patagonico","status":"publish","type":"post","link":"https:\/\/www.legistdf.gob.ar\/index.php\/2021\/07\/28\/conectividad-trentino-plantea-la-necesidad-urgente-del-cruce-por-aguas-argentinas-ante-el-parlamento-patagonico\/","title":{"rendered":"CONECTIVIDAD: Trentino plantea la necesidad urgente del cruce por aguas argentinas ante el Parlamento Patag\u00f3nico"},"content":{"rendered":"<p><strong><img loading=\"lazy\" decoding=\"async\" data-attachment-id=\"26278\" data-permalink=\"https:\/\/www.legistdf.gob.ar\/index.php\/2021\/07\/28\/conectividad-trentino-plantea-la-necesidad-urgente-del-cruce-por-aguas-argentinas-ante-el-parlamento-patagonico\/trentino\/\" data-orig-file=\"https:\/\/www.legistdf.gob.ar\/wp-content\/uploads\/2021\/07\/Trentino.jpg\" data-orig-size=\"2992,2992\" data-comments-opened=\"0\" data-image-meta=\"{&quot;aperture&quot;:&quot;0&quot;,&quot;credit&quot;:&quot;&quot;,&quot;camera&quot;:&quot;&quot;,&quot;caption&quot;:&quot;&quot;,&quot;created_timestamp&quot;:&quot;0&quot;,&quot;copyright&quot;:&quot;&quot;,&quot;focal_length&quot;:&quot;0&quot;,&quot;iso&quot;:&quot;0&quot;,&quot;shutter_speed&quot;:&quot;0&quot;,&quot;title&quot;:&quot;&quot;,&quot;orientation&quot;:&quot;0&quot;}\" data-image-title=\"Trentino\" data-image-description=\"\" data-image-caption=\"\" data-medium-file=\"https:\/\/www.legistdf.gob.ar\/wp-content\/uploads\/2021\/07\/Trentino-300x300.jpg\" data-large-file=\"https:\/\/www.legistdf.gob.ar\/wp-content\/uploads\/2021\/07\/Trentino-1024x1024.jpg\" class=\"alignleft wp-image-26278 size-medium\" src=\"http:\/\/www.legistdf.gob.ar\/wp-content\/uploads\/2021\/07\/Trentino-300x300.jpg\" alt=\"\" width=\"300\" height=\"300\" srcset=\"https:\/\/www.legistdf.gob.ar\/wp-content\/uploads\/2021\/07\/Trentino-300x300.jpg 300w, https:\/\/www.legistdf.gob.ar\/wp-content\/uploads\/2021\/07\/Trentino-150x150.jpg 150w, https:\/\/www.legistdf.gob.ar\/wp-content\/uploads\/2021\/07\/Trentino-768x768.jpg 768w, https:\/\/www.legistdf.gob.ar\/wp-content\/uploads\/2021\/07\/Trentino-1024x1024.jpg 1024w, https:\/\/www.legistdf.gob.ar\/wp-content\/uploads\/2021\/07\/Trentino-160x160.jpg 160w, https:\/\/www.legistdf.gob.ar\/wp-content\/uploads\/2021\/07\/Trentino-64x64.jpg 64w\" sizes=\"(max-width: 300px) 100vw, 300px\" \/>Ushuaia, mi\u00e9rcoles 28 de julio de 2021.- Los Legisladores integrantes de la Comisi\u00f3n de Parlamento Patag\u00f3nico, Mercosur, Integraci\u00f3n Regional y Asuntos Internacionales, se reunieron en la casa de Tierra Del Fuego en la ciudad aut\u00f3noma de Buenos Aires. El legislador Emmanuel Trentino (FORJA) particip\u00f3 del encuentro en representaci\u00f3n de la Provincia, junto a los legisladores Roddy Ingram (Chubut), Mat\u00edas Maz\u00fa (Santa Cruz), Mar\u00eda Laura Bonotti (Neuqu\u00e9n) y Alejandro Mariano (R\u00edo Negro) de manera presencial y Francisco Torroba (La Pampa) de manera virtual.<\/strong><\/p>\n<p>&nbsp;<\/p>\n<p>Dentro de los temas que se desarrollan en la agenda de la Comisi\u00f3n de Parlamento Patag\u00f3nico, se trataron la conectividad de Tierra del Fuego para con el continente, como as\u00ed tambi\u00e9n la necesidad urgente de que los fueguinos cuenten con un cruce por aguas argentinas. En ese sentido el Parlamentario fueguino destac\u00f3 la voluntad pol\u00edtica tanto del Gobierno Provincial como Nacional, para avanzar en los distintos proyectos que se encuentran actualmente en agenda, relacionados con el cruce por aguas argentinas.<\/p>\n<p>&nbsp;<\/p>\n<p>As\u00ed tambi\u00e9n, el legislador Trentino inform\u00f3 la importancia que tiene poner en agenda los diferentes temas y asuntos que trata dicha Comisi\u00f3n y coment\u00f3 que en su agenda ya ha mantenido contactos con autoridades legislativas de Patagonia, en el Foro Federal de Autoridades Parlamentarias en el marco de Legislaturas Conectadas y el Foro de Vicegobernadores de la Rep\u00fablica Argentina.<\/p>\n<p>&nbsp;<\/p>\n<p>De la comisi\u00f3n se desprendi\u00f3 que la pr\u00f3xima sesi\u00f3n se realizar\u00e1 el 16 de agosto en la Legislatura de Tierra del Fuego y contar\u00e1 con la presencia de todos los representantes patag\u00f3nicos. Cabe recordar que el Parlamento Patag\u00f3nico es un organismo para el debate democr\u00e1tico de los problemas comunes y la elaboraci\u00f3n de propuestas conjuntas para su superaci\u00f3n y concreci\u00f3n, integrado por los legisladores electos en funciones de las Legislaturas provinciales de Tierra del Fuego, Santa Cruz, Chubut, R\u00edo Negro, Neuqu\u00e9n y La Pampa.<\/p>\n<p>&nbsp;<\/p>\n<p style=\"text-align: right\"><em>Prensa bloque FORJA &#8211; LVV<\/em><\/p>\n","protected":false},"excerpt":{"rendered":"<p>Ushuaia, mi\u00e9rcoles 28 de julio de 2021.- Los Legisladores integrantes de la Comisi\u00f3n de Parlamento Patag\u00f3nico, Mercosur, Integraci\u00f3n Regional y Asuntos Internacionales, se reunieron en la casa de Tierra Del Fuego en la ciudad aut\u00f3noma de Buenos Aires. El legislador Emmanuel Trentino (FORJA) particip\u00f3 del encuentro en representaci\u00f3n de la Provincia, junto a los legisladores [&hellip;]<\/p>\n","protected":false},"author":352,"featured_media":26278,"comment_status":"closed","ping_status":"open","sticky":false,"template":"","format":"standard","meta":{"jetpack_post_was_ever_published":false,"_jetpack_newsletter_access":"","_jetpack_dont_email_post_to_subs":false,"_jetpack_newsletter_tier_id":0,"footnotes":"","jetpack_publicize_message":"","jetpack_publicize_feature_enabled":true,"jetpack_social_post_already_shared":true,"jetpack_social_options":{"image_generator_settings":{"template":"highway","enabled":false}}},"categories":[1],"tags":[1818,78,1980],"jetpack_publicize_connections":[],"jetpack_sharing_enabled":true,"jetpack_featured_media_url":"https:\/\/www.legistdf.gob.ar\/wp-content\/uploads\/2021\/07\/Trentino.jpg","jetpack-related-posts":[],"_links":{"self":[{"href":"https:\/\/www.legistdf.gob.ar\/index.php\/wp-json\/wp\/v2\/posts\/26277"}],"collection":[{"href":"https:\/\/www.legistdf.gob.ar\/index.php\/wp-json\/wp\/v2\/posts"}],"about":[{"href":"https:\/\/www.legistdf.gob.ar\/index.php\/wp-json\/wp\/v2\/types\/post"}],"author":[{"embeddable":true,"href":"https:\/\/www.legistdf.gob.ar\/index.php\/wp-json\/wp\/v2\/users\/352"}],"replies":[{"embeddable":true,"href":"https:\/\/www.legistdf.gob.ar\/index.php\/wp-json\/wp\/v2\/comments?post=26277"}],"version-history":[{"count":1,"href":"https:\/\/www.legistdf.gob.ar\/index.php\/wp-json\/wp\/v2\/posts\/26277\/revisions"}],"predecessor-version":[{"id":26279,"href":"https:\/\/www.legistdf.gob.ar\/index.php\/wp-json\/wp\/v2\/posts\/26277\/revisions\/26279"}],"wp:featuredmedia":[{"embeddable":true,"href":"https:\/\/www.legistdf.gob.ar\/index.php\/wp-json\/wp\/v2\/media\/26278"}],"wp:attachment":[{"href":"https:\/\/www.legistdf.gob.ar\/index.php\/wp-json\/wp\/v2\/media?parent=26277"}],"wp:term":[{"taxonomy":"category","embeddable":true,"href":"https:\/\/www.legistdf.gob.ar\/index.php\/wp-json\/wp\/v2\/categories?post=26277"},{"taxonomy":"post_tag","embeddable":true,"href":"https:\/\/www.legistdf.gob.ar\/index.php\/wp-json\/wp\/v2\/tags?post=26277"}],"curies":[{"name":"wp","href":"https:\/\/api.w.org\/{rel}","templated":true}]}}