{"id":27104,"date":"2021-09-08T18:42:01","date_gmt":"2021-09-08T21:42:01","guid":{"rendered":"https:\/\/www.legistdf.gob.ar\/?p=27104"},"modified":"2021-09-08T18:45:58","modified_gmt":"2021-09-08T21:45:58","slug":"urquiza-ushuaia-requiere-una-inversion-inmediata-para-garantizar-la-energia-electrica","status":"publish","type":"post","link":"https:\/\/www.legistdf.gob.ar\/index.php\/2021\/09\/08\/urquiza-ushuaia-requiere-una-inversion-inmediata-para-garantizar-la-energia-electrica\/","title":{"rendered":"URQUIZA: \u00abUshuaia requiere una inversi\u00f3n inmediata para garantizar la energ\u00eda el\u00e9ctrica\u201d"},"content":{"rendered":"<p><strong>URQUIZA: \u00abUshuaia requiere una inversi\u00f3n inmediata para garantizar la energ\u00eda el\u00e9ctrica\u201d<\/strong><\/p>\n<p><strong>\u00a0<\/strong><\/p>\n<p><strong><img loading=\"lazy\" decoding=\"async\" data-attachment-id=\"27105\" data-permalink=\"https:\/\/www.legistdf.gob.ar\/index.php\/2021\/09\/08\/urquiza-ushuaia-requiere-una-inversion-inmediata-para-garantizar-la-energia-electrica\/urquiza-energia-1\/\" data-orig-file=\"https:\/\/www.legistdf.gob.ar\/wp-content\/uploads\/2021\/09\/URQUIZA-ENERG\u00cdA-1.jpeg\" data-orig-size=\"1280,621\" data-comments-opened=\"0\" data-image-meta=\"{&quot;aperture&quot;:&quot;0&quot;,&quot;credit&quot;:&quot;&quot;,&quot;camera&quot;:&quot;&quot;,&quot;caption&quot;:&quot;&quot;,&quot;created_timestamp&quot;:&quot;0&quot;,&quot;copyright&quot;:&quot;&quot;,&quot;focal_length&quot;:&quot;0&quot;,&quot;iso&quot;:&quot;0&quot;,&quot;shutter_speed&quot;:&quot;0&quot;,&quot;title&quot;:&quot;&quot;,&quot;orientation&quot;:&quot;0&quot;}\" data-image-title=\"URQUIZA ENERG\u00cdA 1\" data-image-description=\"\" data-image-caption=\"\" data-medium-file=\"https:\/\/www.legistdf.gob.ar\/wp-content\/uploads\/2021\/09\/URQUIZA-ENERG\u00cdA-1-300x146.jpeg\" data-large-file=\"https:\/\/www.legistdf.gob.ar\/wp-content\/uploads\/2021\/09\/URQUIZA-ENERG\u00cdA-1-1024x497.jpeg\" class=\"alignleft wp-image-27105 size-medium\" src=\"https:\/\/www.legistdf.gob.ar\/wp-content\/uploads\/2021\/09\/URQUIZA-ENERG\u00cdA-1-300x146.jpeg\" alt=\"\" width=\"300\" height=\"146\" srcset=\"https:\/\/www.legistdf.gob.ar\/wp-content\/uploads\/2021\/09\/URQUIZA-ENERG\u00cdA-1-300x146.jpeg 300w, https:\/\/www.legistdf.gob.ar\/wp-content\/uploads\/2021\/09\/URQUIZA-ENERG\u00cdA-1-768x373.jpeg 768w, https:\/\/www.legistdf.gob.ar\/wp-content\/uploads\/2021\/09\/URQUIZA-ENERG\u00cdA-1-1024x497.jpeg 1024w, https:\/\/www.legistdf.gob.ar\/wp-content\/uploads\/2021\/09\/URQUIZA-ENERG\u00cdA-1-160x78.jpeg 160w, https:\/\/www.legistdf.gob.ar\/wp-content\/uploads\/2021\/09\/URQUIZA-ENERG\u00cdA-1.jpeg 1280w\" sizes=\"(max-width: 300px) 100vw, 300px\" \/>Ushuaia, mi\u00e9rcoles 8 de septiembre de 2021.- La vicegobernadora de la Provincia de Tierra del Fuego, Ant\u00e1rtida e Islas del Atl\u00e1ntico Sur, y presidenta del Poder Legislativo, M\u00f3nica Urquiza mantuvo un encuentro con las autoridades de la Direcci\u00f3n Provincial de Energ\u00eda (DPE).<\/strong><\/p>\n<p>&nbsp;<\/p>\n<p>Durante el encuentro se plantearon las necesidades por la que atraviesa la DPE para la generaci\u00f3n de energ\u00eda el\u00e9ctrica en toda la zona sur de la Provincia; con un parque generador que posee varias m\u00e1quinas que han quedado obsoletas.<\/p>\n<p>&nbsp;<\/p>\n<p>\u201cDe esta reuni\u00f3n surgi\u00f3 que se requiere una inversi\u00f3n inmediata de aproximadamente 4 millones de d\u00f3lares\u201d asegur\u00f3 Urquiza. Adem\u00e1s, indic\u00f3 que \u201cexisten recursos previstos por el Parlamento en el art\u00edculo 18 de la <a href=\"http:\/\/200.41.191.125:134\/index.php\/1810-declarando-la-emergencia-economica-fiscal-financiera-y-social-en-el-ambito-de-la-provincia-de-tierra-del-fuego-antartida-e-islas-del-atlantico-sur-hasta-el-31-12-2020\" target=\"_blank\" rel=\"noopener noreferrer\">Ley provincial N\u00b0 1312<\/a> que declar\u00f3 la emergencia econ\u00f3mica, fiscal, financiera y social en el \u00e1mbito de la Provincia, adecuando la afectaci\u00f3n de los recursos obtenidos en el endeudamiento (art\u00edculo 12 de la <a href=\"http:\/\/200.41.191.125:134\/index.php\/1630-presupuesto-general-de-gastos-y-recursos-de-la-administracion-central-y-organismos-descentralizados-ejercicio-2017\" target=\"_blank\" rel=\"noopener noreferrer\">Ley N\u00b0 1132<\/a>) entre otras cosas a obras e infraestructura b\u00e1sica de agua, cloaca, gas y energ\u00eda el\u00e9ctrica. De entender, el Ejecutivo provincial, que sea necesario otro instrumento para la utilizaci\u00f3n de los recursos, se sancionar\u00e1 la norma correspondiente\u201d.<\/p>\n<p>&nbsp;<\/p>\n<p>Asimismo, a\u00f1adi\u00f3 que \u201clas autoridades se comprometieron a enviar el\u00a0 informe t\u00e9cnico actualizado para que desde la C\u00e1mara, se puedan evaluar las acciones para concretar la compra de los materiales necesarios\u201d.<\/p>\n<p>&nbsp;<\/p>\n<p>Por \u00faltimo, en lo que respecta a la turbina Rolls Royce, Urquiza se\u00f1al\u00f3 \u201ces necesario asegurar su funcionamiento y paralelamente, diagramar un plan director con miras a 20 a\u00f1os a futuro\u201d.<\/p>\n<p>&nbsp;<\/p>\n<p><img loading=\"lazy\" decoding=\"async\" data-attachment-id=\"27106\" data-permalink=\"https:\/\/www.legistdf.gob.ar\/index.php\/2021\/09\/08\/urquiza-ushuaia-requiere-una-inversion-inmediata-para-garantizar-la-energia-electrica\/urquiza-energia\/\" data-orig-file=\"https:\/\/www.legistdf.gob.ar\/wp-content\/uploads\/2021\/09\/URQUIZA-ENERG\u00cdA.jpeg\" data-orig-size=\"1280,621\" data-comments-opened=\"0\" data-image-meta=\"{&quot;aperture&quot;:&quot;0&quot;,&quot;credit&quot;:&quot;&quot;,&quot;camera&quot;:&quot;&quot;,&quot;caption&quot;:&quot;&quot;,&quot;created_timestamp&quot;:&quot;0&quot;,&quot;copyright&quot;:&quot;&quot;,&quot;focal_length&quot;:&quot;0&quot;,&quot;iso&quot;:&quot;0&quot;,&quot;shutter_speed&quot;:&quot;0&quot;,&quot;title&quot;:&quot;&quot;,&quot;orientation&quot;:&quot;0&quot;}\" data-image-title=\"URQUIZA ENERG\u00cdA\" data-image-description=\"\" data-image-caption=\"\" data-medium-file=\"https:\/\/www.legistdf.gob.ar\/wp-content\/uploads\/2021\/09\/URQUIZA-ENERG\u00cdA-300x146.jpeg\" data-large-file=\"https:\/\/www.legistdf.gob.ar\/wp-content\/uploads\/2021\/09\/URQUIZA-ENERG\u00cdA-1024x497.jpeg\" class=\"alignleft wp-image-27106 size-medium\" src=\"https:\/\/www.legistdf.gob.ar\/wp-content\/uploads\/2021\/09\/URQUIZA-ENERG\u00cdA-300x146.jpeg\" alt=\"\" width=\"300\" height=\"146\" srcset=\"https:\/\/www.legistdf.gob.ar\/wp-content\/uploads\/2021\/09\/URQUIZA-ENERG\u00cdA-300x146.jpeg 300w, https:\/\/www.legistdf.gob.ar\/wp-content\/uploads\/2021\/09\/URQUIZA-ENERG\u00cdA-768x373.jpeg 768w, https:\/\/www.legistdf.gob.ar\/wp-content\/uploads\/2021\/09\/URQUIZA-ENERG\u00cdA-1024x497.jpeg 1024w, https:\/\/www.legistdf.gob.ar\/wp-content\/uploads\/2021\/09\/URQUIZA-ENERG\u00cdA-160x78.jpeg 160w, https:\/\/www.legistdf.gob.ar\/wp-content\/uploads\/2021\/09\/URQUIZA-ENERG\u00cdA.jpeg 1280w\" sizes=\"(max-width: 300px) 100vw, 300px\" \/>Participaron el presidente de la DPE Alberto Mancini, el director Ejecutivo Javier Barr\u00eda Vel\u00e1squez y el jefe de Departamento Generaci\u00f3n, ingeniero Juan Pablo Marini.<\/p>\n<p>&nbsp;<\/p>\n<p>&nbsp;<\/p>\n<p>&nbsp;<\/p>\n<p>&nbsp;<\/p>\n<p>&nbsp;<\/p>\n\n\t\t<style type=\"text\/css\">\n\t\t\t#gallery-1 {\n\t\t\t\tmargin: auto;\n\t\t\t}\n\t\t\t#gallery-1 .gallery-item {\n\t\t\t\tfloat: left;\n\t\t\t\tmargin-top: 10px;\n\t\t\t\ttext-align: center;\n\t\t\t\twidth: 50%;\n\t\t\t}\n\t\t\t#gallery-1 img {\n\t\t\t\tborder: 2px solid #cfcfcf;\n\t\t\t}\n\t\t\t#gallery-1 .gallery-caption {\n\t\t\t\tmargin-left: 0;\n\t\t\t}\n\t\t\t\/* see gallery_shortcode() in wp-includes\/media.php *\/\n\t\t<\/style>\n\t\t<div data-carousel-extra='{\"blog_id\":1,\"permalink\":\"https:\\\/\\\/www.legistdf.gob.ar\\\/index.php\\\/2021\\\/09\\\/08\\\/urquiza-ushuaia-requiere-una-inversion-inmediata-para-garantizar-la-energia-electrica\\\/\"}' id='gallery-1' class='gallery galleryid-27104 gallery-columns-2 gallery-size-thumbnail'><dl class='gallery-item'>\n\t\t\t<dt class='gallery-icon landscape'>\n\t\t\t\t<a href='https:\/\/www.legistdf.gob.ar\/index.php\/2021\/09\/08\/urquiza-ushuaia-requiere-una-inversion-inmediata-para-garantizar-la-energia-electrica\/urquiza-energia-1\/'><img loading=\"lazy\" decoding=\"async\" width=\"150\" height=\"150\" src=\"https:\/\/www.legistdf.gob.ar\/wp-content\/uploads\/2021\/09\/URQUIZA-ENERG\u00cdA-1-150x150.jpeg\" class=\"attachment-thumbnail size-thumbnail\" alt=\"\" srcset=\"https:\/\/www.legistdf.gob.ar\/wp-content\/uploads\/2021\/09\/URQUIZA-ENERG\u00cdA-1-150x150.jpeg 150w, https:\/\/www.legistdf.gob.ar\/wp-content\/uploads\/2021\/09\/URQUIZA-ENERG\u00cdA-1-64x64.jpeg 64w\" sizes=\"(max-width: 150px) 100vw, 150px\" data-attachment-id=\"27105\" data-permalink=\"https:\/\/www.legistdf.gob.ar\/index.php\/2021\/09\/08\/urquiza-ushuaia-requiere-una-inversion-inmediata-para-garantizar-la-energia-electrica\/urquiza-energia-1\/\" data-orig-file=\"https:\/\/www.legistdf.gob.ar\/wp-content\/uploads\/2021\/09\/URQUIZA-ENERG\u00cdA-1.jpeg\" data-orig-size=\"1280,621\" data-comments-opened=\"0\" data-image-meta=\"{&quot;aperture&quot;:&quot;0&quot;,&quot;credit&quot;:&quot;&quot;,&quot;camera&quot;:&quot;&quot;,&quot;caption&quot;:&quot;&quot;,&quot;created_timestamp&quot;:&quot;0&quot;,&quot;copyright&quot;:&quot;&quot;,&quot;focal_length&quot;:&quot;0&quot;,&quot;iso&quot;:&quot;0&quot;,&quot;shutter_speed&quot;:&quot;0&quot;,&quot;title&quot;:&quot;&quot;,&quot;orientation&quot;:&quot;0&quot;}\" data-image-title=\"URQUIZA ENERG\u00cdA 1\" data-image-description=\"\" data-image-caption=\"\" data-medium-file=\"https:\/\/www.legistdf.gob.ar\/wp-content\/uploads\/2021\/09\/URQUIZA-ENERG\u00cdA-1-300x146.jpeg\" data-large-file=\"https:\/\/www.legistdf.gob.ar\/wp-content\/uploads\/2021\/09\/URQUIZA-ENERG\u00cdA-1-1024x497.jpeg\" \/><\/a>\n\t\t\t<\/dt><\/dl><dl class='gallery-item'>\n\t\t\t<dt class='gallery-icon landscape'>\n\t\t\t\t<a href='https:\/\/www.legistdf.gob.ar\/index.php\/2021\/09\/08\/urquiza-ushuaia-requiere-una-inversion-inmediata-para-garantizar-la-energia-electrica\/urquiza-energia\/'><img loading=\"lazy\" decoding=\"async\" width=\"150\" height=\"150\" src=\"https:\/\/www.legistdf.gob.ar\/wp-content\/uploads\/2021\/09\/URQUIZA-ENERG\u00cdA-150x150.jpeg\" class=\"attachment-thumbnail size-thumbnail\" alt=\"\" srcset=\"https:\/\/www.legistdf.gob.ar\/wp-content\/uploads\/2021\/09\/URQUIZA-ENERG\u00cdA-150x150.jpeg 150w, https:\/\/www.legistdf.gob.ar\/wp-content\/uploads\/2021\/09\/URQUIZA-ENERG\u00cdA-64x64.jpeg 64w\" sizes=\"(max-width: 150px) 100vw, 150px\" data-attachment-id=\"27106\" data-permalink=\"https:\/\/www.legistdf.gob.ar\/index.php\/2021\/09\/08\/urquiza-ushuaia-requiere-una-inversion-inmediata-para-garantizar-la-energia-electrica\/urquiza-energia\/\" data-orig-file=\"https:\/\/www.legistdf.gob.ar\/wp-content\/uploads\/2021\/09\/URQUIZA-ENERG\u00cdA.jpeg\" data-orig-size=\"1280,621\" data-comments-opened=\"0\" data-image-meta=\"{&quot;aperture&quot;:&quot;0&quot;,&quot;credit&quot;:&quot;&quot;,&quot;camera&quot;:&quot;&quot;,&quot;caption&quot;:&quot;&quot;,&quot;created_timestamp&quot;:&quot;0&quot;,&quot;copyright&quot;:&quot;&quot;,&quot;focal_length&quot;:&quot;0&quot;,&quot;iso&quot;:&quot;0&quot;,&quot;shutter_speed&quot;:&quot;0&quot;,&quot;title&quot;:&quot;&quot;,&quot;orientation&quot;:&quot;0&quot;}\" data-image-title=\"URQUIZA ENERG\u00cdA\" data-image-description=\"\" data-image-caption=\"\" data-medium-file=\"https:\/\/www.legistdf.gob.ar\/wp-content\/uploads\/2021\/09\/URQUIZA-ENERG\u00cdA-300x146.jpeg\" data-large-file=\"https:\/\/www.legistdf.gob.ar\/wp-content\/uploads\/2021\/09\/URQUIZA-ENERG\u00cdA-1024x497.jpeg\" \/><\/a>\n\t\t\t<\/dt><\/dl><br style=\"clear: both\" \/>\n\t\t<\/div>\n\n","protected":false},"excerpt":{"rendered":"<p>URQUIZA: \u00abUshuaia requiere una inversi\u00f3n inmediata para garantizar la energ\u00eda el\u00e9ctrica\u201d \u00a0 Ushuaia, mi\u00e9rcoles 8 de septiembre de 2021.- La vicegobernadora de la Provincia de Tierra del Fuego, Ant\u00e1rtida e Islas del Atl\u00e1ntico Sur, y presidenta del Poder Legislativo, M\u00f3nica Urquiza mantuvo un encuentro con las autoridades de la Direcci\u00f3n Provincial de Energ\u00eda (DPE). &nbsp; [&hellip;]<\/p>\n","protected":false},"author":352,"featured_media":27106,"comment_status":"closed","ping_status":"open","sticky":false,"template":"","format":"standard","meta":{"jetpack_post_was_ever_published":false,"_jetpack_newsletter_access":"","_jetpack_dont_email_post_to_subs":false,"_jetpack_newsletter_tier_id":0,"footnotes":"","jetpack_publicize_message":"","jetpack_publicize_feature_enabled":true,"jetpack_social_post_already_shared":true,"jetpack_social_options":{"image_generator_settings":{"template":"highway","enabled":false}}},"categories":[1],"tags":[2339,869,1275,452,2337,2338,144,135,2336,2340],"jetpack_publicize_connections":[],"jetpack_sharing_enabled":true,"jetpack_featured_media_url":"https:\/\/www.legistdf.gob.ar\/wp-content\/uploads\/2021\/09\/URQUIZA-ENERG\u00cdA.jpeg","jetpack-related-posts":[],"_links":{"self":[{"href":"https:\/\/www.legistdf.gob.ar\/index.php\/wp-json\/wp\/v2\/posts\/27104"}],"collection":[{"href":"https:\/\/www.legistdf.gob.ar\/index.php\/wp-json\/wp\/v2\/posts"}],"about":[{"href":"https:\/\/www.legistdf.gob.ar\/index.php\/wp-json\/wp\/v2\/types\/post"}],"author":[{"embeddable":true,"href":"https:\/\/www.legistdf.gob.ar\/index.php\/wp-json\/wp\/v2\/users\/352"}],"replies":[{"embeddable":true,"href":"https:\/\/www.legistdf.gob.ar\/index.php\/wp-json\/wp\/v2\/comments?post=27104"}],"version-history":[{"count":2,"href":"https:\/\/www.legistdf.gob.ar\/index.php\/wp-json\/wp\/v2\/posts\/27104\/revisions"}],"predecessor-version":[{"id":27125,"href":"https:\/\/www.legistdf.gob.ar\/index.php\/wp-json\/wp\/v2\/posts\/27104\/revisions\/27125"}],"wp:featuredmedia":[{"embeddable":true,"href":"https:\/\/www.legistdf.gob.ar\/index.php\/wp-json\/wp\/v2\/media\/27106"}],"wp:attachment":[{"href":"https:\/\/www.legistdf.gob.ar\/index.php\/wp-json\/wp\/v2\/media?parent=27104"}],"wp:term":[{"taxonomy":"category","embeddable":true,"href":"https:\/\/www.legistdf.gob.ar\/index.php\/wp-json\/wp\/v2\/categories?post=27104"},{"taxonomy":"post_tag","embeddable":true,"href":"https:\/\/www.legistdf.gob.ar\/index.php\/wp-json\/wp\/v2\/tags?post=27104"}],"curies":[{"name":"wp","href":"https:\/\/api.w.org\/{rel}","templated":true}]}}