{"id":27595,"date":"2021-10-04T11:11:38","date_gmt":"2021-10-04T14:11:38","guid":{"rendered":"https:\/\/www.legistdf.gob.ar\/?p=27595"},"modified":"2021-10-04T11:11:38","modified_gmt":"2021-10-04T14:11:38","slug":"comisiones-monica-acosta-convoco-a-la-comision-de-recursos-naturales-2","status":"publish","type":"post","link":"https:\/\/www.legistdf.gob.ar\/index.php\/2021\/10\/04\/comisiones-monica-acosta-convoco-a-la-comision-de-recursos-naturales-2\/","title":{"rendered":"COMISIONES: M\u00f3nica Acosta convoc\u00f3 a la Comisi\u00f3n de Recursos Naturales"},"content":{"rendered":"<p><strong><img loading=\"lazy\" decoding=\"async\" data-attachment-id=\"27469\" data-permalink=\"https:\/\/www.legistdf.gob.ar\/index.php\/2021\/09\/29\/comisiones-dictamen-favorable-para-la-creacion-del-juzgado-de-competencia-integral-en-tolhuin\/35-2\/\" data-orig-file=\"https:\/\/www.legistdf.gob.ar\/wp-content\/uploads\/2021\/09\/35.jpg\" data-orig-size=\"4188,2792\" data-comments-opened=\"0\" data-image-meta=\"{&quot;aperture&quot;:&quot;2.8&quot;,&quot;credit&quot;:&quot;&quot;,&quot;camera&quot;:&quot;Canon EOS 6D&quot;,&quot;caption&quot;:&quot;&quot;,&quot;created_timestamp&quot;:&quot;1632916637&quot;,&quot;copyright&quot;:&quot;&quot;,&quot;focal_length&quot;:&quot;57&quot;,&quot;iso&quot;:&quot;250&quot;,&quot;shutter_speed&quot;:&quot;0.0055555555555556&quot;,&quot;title&quot;:&quot;&quot;,&quot;orientation&quot;:&quot;0&quot;}\" data-image-title=\"35\" data-image-description=\"\" data-image-caption=\"\" data-medium-file=\"https:\/\/www.legistdf.gob.ar\/wp-content\/uploads\/2021\/09\/35-300x200.jpg\" data-large-file=\"https:\/\/www.legistdf.gob.ar\/wp-content\/uploads\/2021\/09\/35-1024x683.jpg\" class=\"alignleft wp-image-27469 size-medium\" src=\"https:\/\/www.legistdf.gob.ar\/wp-content\/uploads\/2021\/09\/35-300x200.jpg\" alt=\"\" width=\"300\" height=\"200\" srcset=\"https:\/\/www.legistdf.gob.ar\/wp-content\/uploads\/2021\/09\/35-300x200.jpg 300w, https:\/\/www.legistdf.gob.ar\/wp-content\/uploads\/2021\/09\/35-768x512.jpg 768w, https:\/\/www.legistdf.gob.ar\/wp-content\/uploads\/2021\/09\/35-1024x683.jpg 1024w, https:\/\/www.legistdf.gob.ar\/wp-content\/uploads\/2021\/09\/35-160x107.jpg 160w\" sizes=\"(max-width: 300px) 100vw, 300px\" \/>Ushuaia, lunes 4 de octubre de 2021.-La presidenta de la Comisi\u00f3n de Recursos Naturales N\u00b0 3 legisladora, M\u00f3nica Acosta (FORJA), convoc\u00f3\u00a0 a los Parlamentarios que integran ese espacio de debate a una reuni\u00f3n a realizarse el mi\u00e9rcoles 6 a las 11 en el sal\u00f3n de reuniones del edificio de bloques pol\u00edticos.<\/strong><\/p>\n<p><strong>\u00a0<\/strong><\/p>\n<p>Desde la Direcci\u00f3n de Comisiones emitieron el\u00a0 memorando interno N\u00ba 076\/21, en el que se indica que est\u00e1 previsto \u00abanalizar y ordenar agenda de trabajo\u00bb.<\/p>\n<p>&nbsp;<\/p>\n<p style=\"text-align: right\"><em>NEGM<\/em><\/p>\n<p style=\"text-align: right\"><a href=\"https:\/\/www.legistdf.gob.ar\/wp-content\/uploads\/2021\/10\/Memo-Comi-3-06-10-21.pdf\" target=\"_blank\" rel=\"noopener noreferrer\"><em>Con informaci\u00f3n de DC<\/em><\/a><\/p>\n","protected":false},"excerpt":{"rendered":"<p>Ushuaia, lunes 4 de octubre de 2021.-La presidenta de la Comisi\u00f3n de Recursos Naturales N\u00b0 3 legisladora, M\u00f3nica Acosta (FORJA), convoc\u00f3\u00a0 a los Parlamentarios que integran ese espacio de debate a una reuni\u00f3n a realizarse el mi\u00e9rcoles 6 a las 11 en el sal\u00f3n de reuniones del edificio de bloques pol\u00edticos. \u00a0 Desde la Direcci\u00f3n [&hellip;]<\/p>\n","protected":false},"author":352,"featured_media":27469,"comment_status":"closed","ping_status":"open","sticky":false,"template":"","format":"standard","meta":{"jetpack_post_was_ever_published":false,"_jetpack_newsletter_access":"","_jetpack_dont_email_post_to_subs":false,"_jetpack_newsletter_tier_id":0,"footnotes":"","jetpack_publicize_message":"","jetpack_publicize_feature_enabled":true,"jetpack_social_post_already_shared":true,"jetpack_social_options":{"image_generator_settings":{"template":"highway","enabled":false}}},"categories":[1],"tags":[2247,1817],"jetpack_publicize_connections":[],"jetpack_sharing_enabled":true,"jetpack_featured_media_url":"https:\/\/www.legistdf.gob.ar\/wp-content\/uploads\/2021\/09\/35.jpg","jetpack-related-posts":[],"_links":{"self":[{"href":"https:\/\/www.legistdf.gob.ar\/index.php\/wp-json\/wp\/v2\/posts\/27595"}],"collection":[{"href":"https:\/\/www.legistdf.gob.ar\/index.php\/wp-json\/wp\/v2\/posts"}],"about":[{"href":"https:\/\/www.legistdf.gob.ar\/index.php\/wp-json\/wp\/v2\/types\/post"}],"author":[{"embeddable":true,"href":"https:\/\/www.legistdf.gob.ar\/index.php\/wp-json\/wp\/v2\/users\/352"}],"replies":[{"embeddable":true,"href":"https:\/\/www.legistdf.gob.ar\/index.php\/wp-json\/wp\/v2\/comments?post=27595"}],"version-history":[{"count":1,"href":"https:\/\/www.legistdf.gob.ar\/index.php\/wp-json\/wp\/v2\/posts\/27595\/revisions"}],"predecessor-version":[{"id":27597,"href":"https:\/\/www.legistdf.gob.ar\/index.php\/wp-json\/wp\/v2\/posts\/27595\/revisions\/27597"}],"wp:featuredmedia":[{"embeddable":true,"href":"https:\/\/www.legistdf.gob.ar\/index.php\/wp-json\/wp\/v2\/media\/27469"}],"wp:attachment":[{"href":"https:\/\/www.legistdf.gob.ar\/index.php\/wp-json\/wp\/v2\/media?parent=27595"}],"wp:term":[{"taxonomy":"category","embeddable":true,"href":"https:\/\/www.legistdf.gob.ar\/index.php\/wp-json\/wp\/v2\/categories?post=27595"},{"taxonomy":"post_tag","embeddable":true,"href":"https:\/\/www.legistdf.gob.ar\/index.php\/wp-json\/wp\/v2\/tags?post=27595"}],"curies":[{"name":"wp","href":"https:\/\/api.w.org\/{rel}","templated":true}]}}