{"id":27606,"date":"2021-10-04T15:58:16","date_gmt":"2021-10-04T18:58:16","guid":{"rendered":"https:\/\/www.legistdf.gob.ar\/?p=27606"},"modified":"2021-10-05T15:01:03","modified_gmt":"2021-10-05T18:01:03","slug":"ley-yolanda-politicas-publicas-para-mitigar-el-cambio-climatico","status":"publish","type":"post","link":"https:\/\/www.legistdf.gob.ar\/index.php\/2021\/10\/04\/ley-yolanda-politicas-publicas-para-mitigar-el-cambio-climatico\/","title":{"rendered":"LEY YOLANDA: Pol\u00edticas p\u00fablicas para mitigar el cambio clim\u00e1tico\u00a0"},"content":{"rendered":"<p><strong><img loading=\"lazy\" decoding=\"async\" data-attachment-id=\"27531\" data-permalink=\"https:\/\/www.legistdf.gob.ar\/index.php\/2021\/09\/30\/galeria-imagenes-de-la-4a-sesion-ordinaria\/img_4298\/\" data-orig-file=\"https:\/\/www.legistdf.gob.ar\/wp-content\/uploads\/2021\/09\/IMG_4298.jpg\" data-orig-size=\"1500,1000\" data-comments-opened=\"0\" data-image-meta=\"{&quot;aperture&quot;:&quot;2.8&quot;,&quot;credit&quot;:&quot;&quot;,&quot;camera&quot;:&quot;Canon EOS 6D&quot;,&quot;caption&quot;:&quot;&quot;,&quot;created_timestamp&quot;:&quot;1633002471&quot;,&quot;copyright&quot;:&quot;&quot;,&quot;focal_length&quot;:&quot;24&quot;,&quot;iso&quot;:&quot;640&quot;,&quot;shutter_speed&quot;:&quot;0.0055555555555556&quot;,&quot;title&quot;:&quot;&quot;,&quot;orientation&quot;:&quot;0&quot;}\" data-image-title=\"IMG_4298\" data-image-description=\"\" data-image-caption=\"\" data-medium-file=\"https:\/\/www.legistdf.gob.ar\/wp-content\/uploads\/2021\/09\/IMG_4298-300x200.jpg\" data-large-file=\"https:\/\/www.legistdf.gob.ar\/wp-content\/uploads\/2021\/09\/IMG_4298-1024x683.jpg\" class=\"alignleft wp-image-27531 size-medium\" src=\"https:\/\/www.legistdf.gob.ar\/wp-content\/uploads\/2021\/09\/IMG_4298-300x200.jpg\" alt=\"\" width=\"300\" height=\"200\" srcset=\"https:\/\/www.legistdf.gob.ar\/wp-content\/uploads\/2021\/09\/IMG_4298-300x200.jpg 300w, https:\/\/www.legistdf.gob.ar\/wp-content\/uploads\/2021\/09\/IMG_4298-768x512.jpg 768w, https:\/\/www.legistdf.gob.ar\/wp-content\/uploads\/2021\/09\/IMG_4298-1024x683.jpg 1024w, https:\/\/www.legistdf.gob.ar\/wp-content\/uploads\/2021\/09\/IMG_4298-160x107.jpg 160w, https:\/\/www.legistdf.gob.ar\/wp-content\/uploads\/2021\/09\/IMG_4298.jpg 1500w\" sizes=\"(max-width: 300px) 100vw, 300px\" \/>Ushuaia, lunes 4 de octubre de 2021.- El cambio clim\u00e1tico, la formaci\u00f3n integral en ambiente y el desarrollo sustentable son temas centrales que conforman la agenda de las pol\u00edticas p\u00fablicas. En ese sentido, la Legislatura fueguina sancion\u00f3 el jueves pasado la adhesi\u00f3n a <a href=\"http:\/\/www.saij.gob.ar\/27592-nacional-ley-yolanda-lns0006925-2020-11-17\/123456789-0abc-defg-g52-96000scanyel?q=%28numero-norma%3A27592%20%29&amp;o=0&amp;f=Total%7CTipo%20de%20Documento\/Legislaci%F3n\/Ley%7CFecha%7COrganismo%7CPublicaci%F3n%7CTema%7CEstado%20de%20Vigencia%7CAutor%7CJurisdicci%F3n\/Nacional&amp;t=2\" target=\"_blank\" rel=\"noopener noreferrer\">Ley nacional N\u00ba 27.592<\/a>, denominada \u201cLey Yolanda\u201d, que prev\u00e9 capacitar a los agentes p\u00fablicos en materia ambiental.<\/strong><\/p>\n<p>&nbsp;<\/p>\n<p>Desde los bloques: FdT-PJ, PV, MPF y UCR, presentaron sendos proyectos de Ley para adherir a la norma nacional y en la reuni\u00f3n de la Comisi\u00f3n de Educaci\u00f3n, Cultura y Medio Ambiente N\u00b0 4, presidida por el legislador Emmanuel Trentino (FORJA), acordaron el dictamen que el jueves pasado se transform\u00f3 en Ley, en un texto consensuado por todos los bloques pol\u00edticos.\u00a0 Los asuntos son: N\u00ba 181\/20, N\u00ba 448\/20, N\u00ba 453\/20 y 462\/20.<\/p>\n<p>&nbsp;<\/p>\n<p>&nbsp;<\/p>\n<p><em>Colazo: \u201cLa justicia clim\u00e1tica es justicia social\u201d <\/em><\/p>\n<p>&nbsp;<\/p>\n<p>\u201cEstamos atravesando una gran crisis clim\u00e1tica\u201d, afirm\u00f3 la legisladora del Partido Verde (PV), Mar\u00eda Laura Colazo al momento de fundamentar su apoyo a la iniciativa. \u201cEn las noticias, vemos sequias, tormentas, inundaciones y justamente afectan a las poblaciones m\u00e1s vulnerables, de nuestro pa\u00eds y de todo el mundo\u201d, observ\u00f3.<img loading=\"lazy\" decoding=\"async\" data-attachment-id=\"27559\" data-permalink=\"https:\/\/www.legistdf.gob.ar\/index.php\/2021\/09\/30\/galeria-imagenes-de-la-4a-sesion-ordinaria\/img_4334\/\" data-orig-file=\"https:\/\/www.legistdf.gob.ar\/wp-content\/uploads\/2021\/09\/IMG_4334.jpg\" data-orig-size=\"4733,3155\" data-comments-opened=\"0\" data-image-meta=\"{&quot;aperture&quot;:&quot;2.8&quot;,&quot;credit&quot;:&quot;&quot;,&quot;camera&quot;:&quot;Canon EOS 6D&quot;,&quot;caption&quot;:&quot;&quot;,&quot;created_timestamp&quot;:&quot;1633008495&quot;,&quot;copyright&quot;:&quot;&quot;,&quot;focal_length&quot;:&quot;57&quot;,&quot;iso&quot;:&quot;640&quot;,&quot;shutter_speed&quot;:&quot;0.0055555555555556&quot;,&quot;title&quot;:&quot;&quot;,&quot;orientation&quot;:&quot;0&quot;}\" data-image-title=\"IMG_4334\" data-image-description=\"\" data-image-caption=\"\" data-medium-file=\"https:\/\/www.legistdf.gob.ar\/wp-content\/uploads\/2021\/09\/IMG_4334-300x200.jpg\" data-large-file=\"https:\/\/www.legistdf.gob.ar\/wp-content\/uploads\/2021\/09\/IMG_4334-1024x683.jpg\" class=\"alignright wp-image-27559 size-medium\" src=\"https:\/\/www.legistdf.gob.ar\/wp-content\/uploads\/2021\/09\/IMG_4334-300x200.jpg\" alt=\"\" width=\"300\" height=\"200\" srcset=\"https:\/\/www.legistdf.gob.ar\/wp-content\/uploads\/2021\/09\/IMG_4334-300x200.jpg 300w, https:\/\/www.legistdf.gob.ar\/wp-content\/uploads\/2021\/09\/IMG_4334-768x512.jpg 768w, https:\/\/www.legistdf.gob.ar\/wp-content\/uploads\/2021\/09\/IMG_4334-1024x683.jpg 1024w, https:\/\/www.legistdf.gob.ar\/wp-content\/uploads\/2021\/09\/IMG_4334-160x107.jpg 160w\" sizes=\"(max-width: 300px) 100vw, 300px\" \/><\/p>\n<p>&nbsp;<\/p>\n<p>En tanto, lament\u00f3 la falta de convenios que contemplen y acompa\u00f1en a los refugiados clim\u00e1ticos. \u201cEn nuestro pa\u00eds tambi\u00e9n tenemos desplazados de las mismas caracter\u00edsticas y se prev\u00e9 que ese n\u00famero aumente\u201d, advirti\u00f3.<\/p>\n<p>&nbsp;<\/p>\n<p>Colazo, inst\u00f3 a tomar medidas de adaptaci\u00f3n y sobre todo de mitigaci\u00f3n ante el cambio clim\u00e1tico. En ese sentido, observ\u00f3 de manera positiva, el acompa\u00f1amiento a la norma nacional, que busca capacitar a todos los agentes p\u00fablicos en la perspectiva de desarrollo sostenible.<\/p>\n<p>&nbsp;<\/p>\n<p>Consider\u00f3 que se deben dise\u00f1ar pol\u00edticas p\u00fablicas con el objetivo de mitigar las emisiones, y proteger zonas de mayor inter\u00e9s porque capturan carbono, como lo son los bosques y humedales que est\u00e1n presentes en la provincia.<\/p>\n<p>&nbsp;<\/p>\n<p>Para concluir, la Legisladora, asever\u00f3 que la justicia clim\u00e1tica es justicia social. Tambi\u00e9n agradeci\u00f3 los aportes que desde el Gobierno provincial realizaron al articulado, que desde los distintos bloques decidieron presentar de manera unificada.<\/p>\n<p>&nbsp;<\/p>\n<p>&nbsp;<\/p>\n<p><em>Trentino: \u201cLa Ley Yolanda marca el rumbo de la pol\u00edtica ambiental\u201d<\/em><\/p>\n<p>&nbsp;<\/p>\n<p><img loading=\"lazy\" decoding=\"async\" data-attachment-id=\"27532\" data-permalink=\"https:\/\/www.legistdf.gob.ar\/index.php\/2021\/09\/30\/galeria-imagenes-de-la-4a-sesion-ordinaria\/img_4300\/\" data-orig-file=\"https:\/\/www.legistdf.gob.ar\/wp-content\/uploads\/2021\/09\/IMG_4300.jpg\" data-orig-size=\"1500,1000\" data-comments-opened=\"0\" data-image-meta=\"{&quot;aperture&quot;:&quot;4.5&quot;,&quot;credit&quot;:&quot;&quot;,&quot;camera&quot;:&quot;Canon EOS 6D&quot;,&quot;caption&quot;:&quot;&quot;,&quot;created_timestamp&quot;:&quot;1633002497&quot;,&quot;copyright&quot;:&quot;&quot;,&quot;focal_length&quot;:&quot;53&quot;,&quot;iso&quot;:&quot;640&quot;,&quot;shutter_speed&quot;:&quot;0.0055555555555556&quot;,&quot;title&quot;:&quot;&quot;,&quot;orientation&quot;:&quot;0&quot;}\" data-image-title=\"IMG_4300\" data-image-description=\"\" data-image-caption=\"\" data-medium-file=\"https:\/\/www.legistdf.gob.ar\/wp-content\/uploads\/2021\/09\/IMG_4300-300x200.jpg\" data-large-file=\"https:\/\/www.legistdf.gob.ar\/wp-content\/uploads\/2021\/09\/IMG_4300-1024x683.jpg\" class=\"alignleft wp-image-27532 size-medium\" src=\"https:\/\/www.legistdf.gob.ar\/wp-content\/uploads\/2021\/09\/IMG_4300-300x200.jpg\" alt=\"\" width=\"300\" height=\"200\" srcset=\"https:\/\/www.legistdf.gob.ar\/wp-content\/uploads\/2021\/09\/IMG_4300-300x200.jpg 300w, https:\/\/www.legistdf.gob.ar\/wp-content\/uploads\/2021\/09\/IMG_4300-768x512.jpg 768w, https:\/\/www.legistdf.gob.ar\/wp-content\/uploads\/2021\/09\/IMG_4300-1024x683.jpg 1024w, https:\/\/www.legistdf.gob.ar\/wp-content\/uploads\/2021\/09\/IMG_4300-160x107.jpg 160w, https:\/\/www.legistdf.gob.ar\/wp-content\/uploads\/2021\/09\/IMG_4300.jpg 1500w\" sizes=\"(max-width: 300px) 100vw, 300px\" \/>Por su parte, el legislador Emmanuel Trentino, expres\u00f3 su satisfacci\u00f3n ante la sanci\u00f3n de la adhesi\u00f3n a la norma, puesto que la Ley Yolanda marca el rumbo de la pol\u00edtica ambiental que se pretende para el pa\u00eds, seg\u00fan indic\u00f3 ante sus pares al momento de basar su voto.<\/p>\n<p>&nbsp;<\/p>\n<p>\u201cCreo que este proyecto, nos permiti\u00f3 plantear un horizonte y as\u00ed podremos empezar a trabajar fuertemente en la protecci\u00f3n del medio ambiente\u201d, consider\u00f3. Asimismo agradeci\u00f3 a los equipos t\u00e9cnicos de cada uno de los bloques pol\u00edticos, quienes adaptaron la norma nacional a las particularidades que posee la Provincia.<\/p>\n<p>&nbsp;<\/p>\n<p>Trentino, exalt\u00f3 el trabajo medioambiental, que efect\u00faa la actual conformaci\u00f3n legislativa, que a trav\u00e9s de una perspectiva en com\u00fan, se logra aunar criterios, \u201cme llena de orgullo y me pone muy contento, poder sancionar esta norma\u201d, apunt\u00f3.<\/p>\n<p>&nbsp;<\/p>\n<p><em>\u00a0<\/em><\/p>\n<p><em>Villegas: \u201cLa cuesti\u00f3n ambiental es transversal\u201d<\/em><\/p>\n<p>&nbsp;<\/p>\n<p><img loading=\"lazy\" decoding=\"async\" data-attachment-id=\"27503\" data-permalink=\"https:\/\/www.legistdf.gob.ar\/index.php\/2021\/09\/30\/galeria-imagenes-de-la-4a-sesion-ordinaria\/img_4243\/\" data-orig-file=\"https:\/\/www.legistdf.gob.ar\/wp-content\/uploads\/2021\/09\/IMG_4243.jpg\" data-orig-size=\"1500,1000\" data-comments-opened=\"0\" data-image-meta=\"{&quot;aperture&quot;:&quot;3.5&quot;,&quot;credit&quot;:&quot;&quot;,&quot;camera&quot;:&quot;Canon EOS 6D&quot;,&quot;caption&quot;:&quot;&quot;,&quot;created_timestamp&quot;:&quot;1633001800&quot;,&quot;copyright&quot;:&quot;&quot;,&quot;focal_length&quot;:&quot;65&quot;,&quot;iso&quot;:&quot;640&quot;,&quot;shutter_speed&quot;:&quot;0.0055555555555556&quot;,&quot;title&quot;:&quot;&quot;,&quot;orientation&quot;:&quot;0&quot;}\" data-image-title=\"IMG_4243\" data-image-description=\"\" data-image-caption=\"\" data-medium-file=\"https:\/\/www.legistdf.gob.ar\/wp-content\/uploads\/2021\/09\/IMG_4243-300x200.jpg\" data-large-file=\"https:\/\/www.legistdf.gob.ar\/wp-content\/uploads\/2021\/09\/IMG_4243-1024x683.jpg\" class=\"wp-image-27503 size-medium alignright\" src=\"https:\/\/www.legistdf.gob.ar\/wp-content\/uploads\/2021\/09\/IMG_4243-300x200.jpg\" alt=\"\" width=\"300\" height=\"200\" srcset=\"https:\/\/www.legistdf.gob.ar\/wp-content\/uploads\/2021\/09\/IMG_4243-300x200.jpg 300w, https:\/\/www.legistdf.gob.ar\/wp-content\/uploads\/2021\/09\/IMG_4243-768x512.jpg 768w, https:\/\/www.legistdf.gob.ar\/wp-content\/uploads\/2021\/09\/IMG_4243-1024x683.jpg 1024w, https:\/\/www.legistdf.gob.ar\/wp-content\/uploads\/2021\/09\/IMG_4243-160x107.jpg 160w, https:\/\/www.legistdf.gob.ar\/wp-content\/uploads\/2021\/09\/IMG_4243.jpg 1500w\" sizes=\"(max-width: 300px) 100vw, 300px\" \/>La \u201cLey Yolanda\u201d, servir\u00e1 para que se mejore la vida de la gente, expuso el representante de la bancada del MPF, Pablo Villegas. Sostuvo que las cuestiones ambientales constituyen un eje transversal.<\/p>\n<p>&nbsp;<\/p>\n<p>Indic\u00f3 que desde su perspectiva, la capacitaci\u00f3n, prevista en la Ley, significar\u00e1 una oportunidad para adquirir valores y conocimientos, pero tambi\u00e9n servir\u00e1 para tomar decisiones con patrones de desarrollo sostenible.<\/p>\n<p>&nbsp;<\/p>\n<p>Evalu\u00f3 que el desarrollo econ\u00f3mico y la producci\u00f3n de riqueza deben recorrer un camino en com\u00fan, \u201cdeben relacionarse de manera equilibrada, generar trabajo genuino y tambi\u00e9n debe propulsar trabajo genuino\u201d, sentenci\u00f3 el referente del MPF.<\/p>\n<p>&nbsp;<\/p>\n<p>Para finalizar, coincidi\u00f3 con sus pares en ratificar el compromiso que expresa la conformaci\u00f3n parlamentaria en el tratamiento de pol\u00edticas p\u00fablicas en materia ambiental.<\/p>\n<p>&nbsp;<\/p>\n<p style=\"text-align: right\"><em>LVV-DM-ZV-NEGM<\/em><\/p>\n<p>&nbsp;<\/p>\n<p><iframe loading=\"lazy\" title=\"LEY YOLANDA: Pol\u00edticas p\u00fablicas para mitigar el cambio clim\u00e1tico\" width=\"844\" height=\"475\" src=\"https:\/\/www.youtube.com\/embed\/JsrpJWQUExg?feature=oembed\" frameborder=\"0\" allow=\"accelerometer; autoplay; clipboard-write; encrypted-media; gyroscope; picture-in-picture; web-share\" allowfullscreen><\/iframe><\/p>\n<p>&nbsp;<\/p>\n","protected":false},"excerpt":{"rendered":"<p>Ushuaia, lunes 4 de octubre de 2021.- El cambio clim\u00e1tico, la formaci\u00f3n integral en ambiente y el desarrollo sustentable son temas centrales que conforman la agenda de las pol\u00edticas p\u00fablicas. En ese sentido, la Legislatura fueguina sancion\u00f3 el jueves pasado la adhesi\u00f3n a Ley nacional N\u00ba 27.592, denominada \u201cLey Yolanda\u201d, que prev\u00e9 capacitar a los [&hellip;]<\/p>\n","protected":false},"author":352,"featured_media":27562,"comment_status":"closed","ping_status":"open","sticky":false,"template":"","format":"standard","meta":{"jetpack_post_was_ever_published":false,"_jetpack_newsletter_access":"","_jetpack_dont_email_post_to_subs":false,"_jetpack_newsletter_tier_id":0,"footnotes":"","jetpack_publicize_message":"","jetpack_publicize_feature_enabled":true,"jetpack_social_post_already_shared":true,"jetpack_social_options":{"image_generator_settings":{"template":"highway","enabled":false}}},"categories":[1],"tags":[2383,2049,1818,2357,1876,1762,106],"jetpack_publicize_connections":[],"jetpack_sharing_enabled":true,"jetpack_featured_media_url":"https:\/\/www.legistdf.gob.ar\/wp-content\/uploads\/2021\/09\/IMG_4349.jpg","jetpack-related-posts":[],"_links":{"self":[{"href":"https:\/\/www.legistdf.gob.ar\/index.php\/wp-json\/wp\/v2\/posts\/27606"}],"collection":[{"href":"https:\/\/www.legistdf.gob.ar\/index.php\/wp-json\/wp\/v2\/posts"}],"about":[{"href":"https:\/\/www.legistdf.gob.ar\/index.php\/wp-json\/wp\/v2\/types\/post"}],"author":[{"embeddable":true,"href":"https:\/\/www.legistdf.gob.ar\/index.php\/wp-json\/wp\/v2\/users\/352"}],"replies":[{"embeddable":true,"href":"https:\/\/www.legistdf.gob.ar\/index.php\/wp-json\/wp\/v2\/comments?post=27606"}],"version-history":[{"count":2,"href":"https:\/\/www.legistdf.gob.ar\/index.php\/wp-json\/wp\/v2\/posts\/27606\/revisions"}],"predecessor-version":[{"id":27619,"href":"https:\/\/www.legistdf.gob.ar\/index.php\/wp-json\/wp\/v2\/posts\/27606\/revisions\/27619"}],"wp:featuredmedia":[{"embeddable":true,"href":"https:\/\/www.legistdf.gob.ar\/index.php\/wp-json\/wp\/v2\/media\/27562"}],"wp:attachment":[{"href":"https:\/\/www.legistdf.gob.ar\/index.php\/wp-json\/wp\/v2\/media?parent=27606"}],"wp:term":[{"taxonomy":"category","embeddable":true,"href":"https:\/\/www.legistdf.gob.ar\/index.php\/wp-json\/wp\/v2\/categories?post=27606"},{"taxonomy":"post_tag","embeddable":true,"href":"https:\/\/www.legistdf.gob.ar\/index.php\/wp-json\/wp\/v2\/tags?post=27606"}],"curies":[{"name":"wp","href":"https:\/\/api.w.org\/{rel}","templated":true}]}}