{"id":27784,"date":"2021-10-12T18:08:20","date_gmt":"2021-10-12T21:08:20","guid":{"rendered":"https:\/\/www.legistdf.gob.ar\/?p=27784"},"modified":"2021-10-12T18:08:20","modified_gmt":"2021-10-12T21:08:20","slug":"ushuaia-monica-urquiza-destaco-poder-volver-a-los-tradicionales-festejos-de-nuestra-ciudad","status":"publish","type":"post","link":"https:\/\/www.legistdf.gob.ar\/index.php\/2021\/10\/12\/ushuaia-monica-urquiza-destaco-poder-volver-a-los-tradicionales-festejos-de-nuestra-ciudad\/","title":{"rendered":"USHUAIA: M\u00f3nica Urquiza destac\u00f3 poder volver a los tradicionales festejos de nuestra ciudad"},"content":{"rendered":"<p><strong><img loading=\"lazy\" decoding=\"async\" data-attachment-id=\"27768\" data-permalink=\"https:\/\/www.legistdf.gob.ar\/index.php\/2021\/10\/12\/ushuaia-nuevamente-los-vecinos-celebraron-el-aniversario-de-la-ciudad\/img_4891\/\" data-orig-file=\"https:\/\/www.legistdf.gob.ar\/wp-content\/uploads\/2021\/10\/IMG_4891.jpg\" data-orig-size=\"1000,667\" data-comments-opened=\"0\" data-image-meta=\"{&quot;aperture&quot;:&quot;2.8&quot;,&quot;credit&quot;:&quot;&quot;,&quot;camera&quot;:&quot;Canon EOS 6D&quot;,&quot;caption&quot;:&quot;&quot;,&quot;created_timestamp&quot;:&quot;1634035828&quot;,&quot;copyright&quot;:&quot;&quot;,&quot;focal_length&quot;:&quot;35&quot;,&quot;iso&quot;:&quot;100&quot;,&quot;shutter_speed&quot;:&quot;0.000625&quot;,&quot;title&quot;:&quot;&quot;,&quot;orientation&quot;:&quot;0&quot;}\" data-image-title=\"IMG_4891\" data-image-description=\"\" data-image-caption=\"\" data-medium-file=\"https:\/\/www.legistdf.gob.ar\/wp-content\/uploads\/2021\/10\/IMG_4891-300x200.jpg\" data-large-file=\"https:\/\/www.legistdf.gob.ar\/wp-content\/uploads\/2021\/10\/IMG_4891.jpg\" class=\"alignleft wp-image-27768 size-medium\" src=\"https:\/\/www.legistdf.gob.ar\/wp-content\/uploads\/2021\/10\/IMG_4891-300x200.jpg\" alt=\"\" width=\"300\" height=\"200\" srcset=\"https:\/\/www.legistdf.gob.ar\/wp-content\/uploads\/2021\/10\/IMG_4891-300x200.jpg 300w, https:\/\/www.legistdf.gob.ar\/wp-content\/uploads\/2021\/10\/IMG_4891-768x512.jpg 768w, https:\/\/www.legistdf.gob.ar\/wp-content\/uploads\/2021\/10\/IMG_4891-160x107.jpg 160w, https:\/\/www.legistdf.gob.ar\/wp-content\/uploads\/2021\/10\/IMG_4891.jpg 1000w\" sizes=\"(max-width: 300px) 100vw, 300px\" \/>Ushuaia, martes 12 de octubre de 2021.- La Vicegobernadora de Tierra del Fuego, M\u00f3nica Urquiza <a href=\"https:\/\/www.legistdf.gob.ar\/index.php\/2021\/10\/12\/ushuaia-nuevamente-los-vecinos-celebraron-el-aniversario-de-la-ciudad\/\" target=\"_blank\" rel=\"noopener noreferrer\">particip\u00f3 de los festejos por el 137 aniversario de Ushuaia<\/a> y destac\u00f3 \u201cpoder volver\u201d a los tradicionales festejos de la capital fueguina, luego de la pandemia \u201cque nos ha dejado tantas tristezas\u201d, se\u00f1al\u00f3 hoy, antes del desfile c\u00edvico militar. La titular del Parlamento record\u00f3 la p\u00e9rdida de \u201cmuchos pioneros; muchos vecinos y vecinas\u201d.<\/strong><\/p>\n<p>&nbsp;<\/p>\n<p>Entendi\u00f3 que este 12 de octubre significa una fecha para \u201ccelebrar y agradecer\u201d la vida de Ushuaia y pidi\u00f3 a la poblaci\u00f3n continuar en el trabajo de hacerla \u201cpujante\u201d. Asimismo puso en valor el gesto de los vecinos y vecinas al recibir \u201ccon tanta amabilidad tantos turistas que nos visitan\u201d.<\/p>\n<p>&nbsp;<\/p>\n<p>Consultada sobre los cambios que se viven luego de la pandemia por COVID-19, Urquiza evalu\u00f3 que \u201clo vamos a ir viendo de a poco\u201d y agreg\u00f3 que las restricciones dejan como sald\u00f3 \u201cmuchas cosas buenas y otras \u201ctristes\u201d al tiempo que pidi\u00f3 \u201cser muy fuertes\u201d frente a situaciones de dolor; de salud y psicol\u00f3gicos. \u201cTenemos que estar unidos y apoyarnos\u201d y acentu\u00f3 en la necesidad de acrecentar la \u201cempat\u00eda\u201d con el otro, cerr\u00f3.<\/p>\n<p>&nbsp;<\/p>\n<p>La Vicegobernadora asisti\u00f3 a los actos que recuerdan los 137 a\u00f1os en que el comodoro Augusto<\/p>\n<p><img loading=\"lazy\" decoding=\"async\" data-attachment-id=\"27763\" data-permalink=\"https:\/\/www.legistdf.gob.ar\/index.php\/2021\/10\/12\/ushuaia-nuevamente-los-vecinos-celebraron-el-aniversario-de-la-ciudad\/img_4858\/\" data-orig-file=\"https:\/\/www.legistdf.gob.ar\/wp-content\/uploads\/2021\/10\/IMG_4858.jpg\" data-orig-size=\"1000,667\" data-comments-opened=\"0\" data-image-meta=\"{&quot;aperture&quot;:&quot;2.8&quot;,&quot;credit&quot;:&quot;&quot;,&quot;camera&quot;:&quot;Canon EOS 6D&quot;,&quot;caption&quot;:&quot;&quot;,&quot;created_timestamp&quot;:&quot;1634033346&quot;,&quot;copyright&quot;:&quot;&quot;,&quot;focal_length&quot;:&quot;35&quot;,&quot;iso&quot;:&quot;100&quot;,&quot;shutter_speed&quot;:&quot;0.0004&quot;,&quot;title&quot;:&quot;&quot;,&quot;orientation&quot;:&quot;0&quot;}\" data-image-title=\"IMG_4858\" data-image-description=\"\" data-image-caption=\"\" data-medium-file=\"https:\/\/www.legistdf.gob.ar\/wp-content\/uploads\/2021\/10\/IMG_4858-300x200.jpg\" data-large-file=\"https:\/\/www.legistdf.gob.ar\/wp-content\/uploads\/2021\/10\/IMG_4858.jpg\" class=\"alignright wp-image-27763 size-medium\" src=\"https:\/\/www.legistdf.gob.ar\/wp-content\/uploads\/2021\/10\/IMG_4858-300x200.jpg\" alt=\"\" width=\"300\" height=\"200\" srcset=\"https:\/\/www.legistdf.gob.ar\/wp-content\/uploads\/2021\/10\/IMG_4858-300x200.jpg 300w, https:\/\/www.legistdf.gob.ar\/wp-content\/uploads\/2021\/10\/IMG_4858-768x512.jpg 768w, https:\/\/www.legistdf.gob.ar\/wp-content\/uploads\/2021\/10\/IMG_4858-160x107.jpg 160w, https:\/\/www.legistdf.gob.ar\/wp-content\/uploads\/2021\/10\/IMG_4858.jpg 1000w\" sizes=\"(max-width: 300px) 100vw, 300px\" \/><\/p>\n<p>Lasserre inaugur\u00f3 la subprefectura en Ushuaia, primer asentamiento argentino en la costa norte del canal Beagle. Para eso, asisti\u00f3 al acto en la sede de la Prefectura Naval Argentina; en la plaza Piedrabuena y fue parte del homenaje a los pioneros ushuaienses en el cementerio municipal de Antiguos Pobladores como as\u00ed tambi\u00e9n del reconocimiento al prefecto Luis Pedro Figue y las figuras de Augusto Lasserre y el diputado Nacional, Dr. Crist\u00f3bal Pereyra.<\/p>\n<p>&nbsp;<\/p>\n<p>Participaron el gobernador de Tierra del Fuego, prof. Gustavo Melella; la vicegobernadora M\u00f3nica Urquiza; el intendente de la ciudad, Walter Vuoto; Legisladores y Legisladoras provinciales; concejales de la Ciudad; el intendente de Tolhuin, Daniel Harrington; referentes de las comunidades selk\u00b4nam y yagan; representantes ministeriales y de fuerzas armadas y de seguridad.<\/p>\n<p style=\"text-align: right\">\n<em>AT<\/em><\/p>\n","protected":false},"excerpt":{"rendered":"<p>Ushuaia, martes 12 de octubre de 2021.- La Vicegobernadora de Tierra del Fuego, M\u00f3nica Urquiza particip\u00f3 de los festejos por el 137 aniversario de Ushuaia y destac\u00f3 \u201cpoder volver\u201d a los tradicionales festejos de la capital fueguina, luego de la pandemia \u201cque nos ha dejado tantas tristezas\u201d, se\u00f1al\u00f3 hoy, antes del desfile c\u00edvico militar. La [&hellip;]<\/p>\n","protected":false},"author":352,"featured_media":27763,"comment_status":"closed","ping_status":"open","sticky":false,"template":"","format":"standard","meta":{"jetpack_post_was_ever_published":false,"_jetpack_newsletter_access":"","_jetpack_dont_email_post_to_subs":false,"_jetpack_newsletter_tier_id":0,"footnotes":"","jetpack_publicize_message":"","jetpack_publicize_feature_enabled":true,"jetpack_social_post_already_shared":true,"jetpack_social_options":{"image_generator_settings":{"template":"highway","enabled":false}}},"categories":[1],"tags":[177,1911,78,144,2214,87],"jetpack_publicize_connections":[],"jetpack_sharing_enabled":true,"jetpack_featured_media_url":"https:\/\/www.legistdf.gob.ar\/wp-content\/uploads\/2021\/10\/IMG_4858.jpg","jetpack-related-posts":[],"_links":{"self":[{"href":"https:\/\/www.legistdf.gob.ar\/index.php\/wp-json\/wp\/v2\/posts\/27784"}],"collection":[{"href":"https:\/\/www.legistdf.gob.ar\/index.php\/wp-json\/wp\/v2\/posts"}],"about":[{"href":"https:\/\/www.legistdf.gob.ar\/index.php\/wp-json\/wp\/v2\/types\/post"}],"author":[{"embeddable":true,"href":"https:\/\/www.legistdf.gob.ar\/index.php\/wp-json\/wp\/v2\/users\/352"}],"replies":[{"embeddable":true,"href":"https:\/\/www.legistdf.gob.ar\/index.php\/wp-json\/wp\/v2\/comments?post=27784"}],"version-history":[{"count":1,"href":"https:\/\/www.legistdf.gob.ar\/index.php\/wp-json\/wp\/v2\/posts\/27784\/revisions"}],"predecessor-version":[{"id":27785,"href":"https:\/\/www.legistdf.gob.ar\/index.php\/wp-json\/wp\/v2\/posts\/27784\/revisions\/27785"}],"wp:featuredmedia":[{"embeddable":true,"href":"https:\/\/www.legistdf.gob.ar\/index.php\/wp-json\/wp\/v2\/media\/27763"}],"wp:attachment":[{"href":"https:\/\/www.legistdf.gob.ar\/index.php\/wp-json\/wp\/v2\/media?parent=27784"}],"wp:term":[{"taxonomy":"category","embeddable":true,"href":"https:\/\/www.legistdf.gob.ar\/index.php\/wp-json\/wp\/v2\/categories?post=27784"},{"taxonomy":"post_tag","embeddable":true,"href":"https:\/\/www.legistdf.gob.ar\/index.php\/wp-json\/wp\/v2\/tags?post=27784"}],"curies":[{"name":"wp","href":"https:\/\/api.w.org\/{rel}","templated":true}]}}