{"id":28266,"date":"2021-10-27T16:15:46","date_gmt":"2021-10-27T19:15:46","guid":{"rendered":"https:\/\/www.legistdf.gob.ar\/?p=28266"},"modified":"2021-10-27T16:15:46","modified_gmt":"2021-10-27T19:15:46","slug":"parlamento-autoridades-provinciales-rubricaron-documento-al-que-adhirio-el-parlamento-patagonico","status":"publish","type":"post","link":"https:\/\/www.legistdf.gob.ar\/index.php\/2021\/10\/27\/parlamento-autoridades-provinciales-rubricaron-documento-al-que-adhirio-el-parlamento-patagonico\/","title":{"rendered":"PARLAMENTO: Autoridades provinciales rubricaron documento al que adhiri\u00f3 el Parlamento Patag\u00f3nico"},"content":{"rendered":"<p><strong><img loading=\"lazy\" decoding=\"async\" data-attachment-id=\"28165\" data-permalink=\"https:\/\/www.legistdf.gob.ar\/index.php\/2021\/10\/26\/garleria-imagenes-del-acto-inaugural-de-la-2a-sesion-del-parlamento-patagonico\/img_5341-3\/\" data-orig-file=\"https:\/\/www.legistdf.gob.ar\/wp-content\/uploads\/2021\/10\/IMG_5341.jpg\" data-orig-size=\"1500,1000\" data-comments-opened=\"0\" data-image-meta=\"{&quot;aperture&quot;:&quot;2.8&quot;,&quot;credit&quot;:&quot;&quot;,&quot;camera&quot;:&quot;Canon EOS 6D&quot;,&quot;caption&quot;:&quot;&quot;,&quot;created_timestamp&quot;:&quot;1635242576&quot;,&quot;copyright&quot;:&quot;&quot;,&quot;focal_length&quot;:&quot;45&quot;,&quot;iso&quot;:&quot;1000&quot;,&quot;shutter_speed&quot;:&quot;0.0055555555555556&quot;,&quot;title&quot;:&quot;&quot;,&quot;orientation&quot;:&quot;0&quot;}\" data-image-title=\"IMG_5341\" data-image-description=\"\" data-image-caption=\"\" data-medium-file=\"https:\/\/www.legistdf.gob.ar\/wp-content\/uploads\/2021\/10\/IMG_5341-300x200.jpg\" data-large-file=\"https:\/\/www.legistdf.gob.ar\/wp-content\/uploads\/2021\/10\/IMG_5341-1024x683.jpg\" class=\"alignright wp-image-28165 size-medium\" src=\"https:\/\/www.legistdf.gob.ar\/wp-content\/uploads\/2021\/10\/IMG_5341-300x200.jpg\" alt=\"\" width=\"300\" height=\"200\" srcset=\"https:\/\/www.legistdf.gob.ar\/wp-content\/uploads\/2021\/10\/IMG_5341-300x200.jpg 300w, https:\/\/www.legistdf.gob.ar\/wp-content\/uploads\/2021\/10\/IMG_5341-768x512.jpg 768w, https:\/\/www.legistdf.gob.ar\/wp-content\/uploads\/2021\/10\/IMG_5341-1024x683.jpg 1024w, https:\/\/www.legistdf.gob.ar\/wp-content\/uploads\/2021\/10\/IMG_5341-160x107.jpg 160w, https:\/\/www.legistdf.gob.ar\/wp-content\/uploads\/2021\/10\/IMG_5341.jpg 1500w\" sizes=\"(max-width: 300px) 100vw, 300px\" \/>R\u00edo Gallegos, mi\u00e9rcoles 27 de octubre de 2021.- Las autoridades reunidas en R\u00edo Gallegos, entre Vicegobernadores, Parlamentarias y Parlamentarios, emitieron un documento de cinco puntos donde el Foro permanente de Vicegobernadoras y Vicegobernadores de la Rep\u00fablica Argentina y el Parlamento Patag\u00f3nico, expresan sus posiciones sobre el desarrollo de la regi\u00f3n sur del pa\u00eds.<\/strong><\/p>\n<p>&nbsp;<\/p>\n<p>El documento que fue redactado en las \u00faltimas horas, aborda cuestiones como el apoyo a la Ley de Promoci\u00f3n de inversiones hidrocarbur\u00edferas; se expresa sobre la necesidad de incrementar la conectividad por fibra \u00f3ptica y satelital; reforzar la conectividad a\u00e9rea Interprovincial; apoyar el r\u00e9gimen de promoci\u00f3n en la generaci\u00f3n de empleo para las provincias de la Patagonia.<\/p>\n<p>&nbsp;<\/p>\n<p>En otro orden, el Cuerpo manifest\u00f3 en el documento, su apoyo a la provincia de La Pampa en su reclamo por el impacto ambiental del proyecto hidroel\u00e9ctrico Portezuelo del Viento a la provincia de Mendoza.<\/p>\n<p>&nbsp;<\/p>\n<p>Al finalizar la expresi\u00f3n, refirieron: \u201cSi bien los tiempos pasados han sido duros, la lecci\u00f3n que podemos aprender de la pandemia es, que nadie se salva solo, comprendiendo que ser mejores, implica trabajar incansablemente para elevar la calidad de vida de todos los habitantes de la regi\u00f3n\u201d. Entienden que la reconstrucci\u00f3n \u201cdebe ser en conjunto, implementando una agenda pol\u00edtica consensuada para desarrollar a la Patagonia, potenciando cada uno de sus recursos y supeditado a cada una de las obligaciones, sobre todo las ecol\u00f3gicas\u201d.<\/p>\n<p>&nbsp;<\/p>\n<p>\u201cLos rubricantes de esta Declaraci\u00f3n generamos el compromiso de trabajar en estos puntos comunes y en aquellos que directa o indirectamente se relacionen con estos, porque es nuestra obligaci\u00f3n dar respuestas concretas y conjuntas a cada una de los desaf\u00edos que nos exige las particularidades de esta extensa y variada tierra que es la Patagonia Argentina\u201d, cierra el escrito.<\/p>\n<p>&nbsp;<\/p>\n<p>Texto completo del documento:<\/p>\n<p>&nbsp;<\/p>\n<p style=\"text-align: center\"><em><strong>Declaraci\u00f3n conjunta del encuentro del Parlamento Patag\u00f3nico y del Foro de Vicegobernadores de la Rep\u00fablica Argentina<\/strong><\/em><\/p>\n<p><strong>\u00a0<\/strong><\/p>\n<p><img loading=\"lazy\" decoding=\"async\" data-attachment-id=\"28321\" data-permalink=\"https:\/\/www.legistdf.gob.ar\/index.php\/2021\/10\/27\/galeria-segunda-sesion-del-parlamento-patagonico-y-homenaje\/img_5781\/\" data-orig-file=\"https:\/\/www.legistdf.gob.ar\/wp-content\/uploads\/2021\/10\/IMG_5781.jpg\" data-orig-size=\"1500,1000\" data-comments-opened=\"0\" data-image-meta=\"{&quot;aperture&quot;:&quot;5&quot;,&quot;credit&quot;:&quot;&quot;,&quot;camera&quot;:&quot;Canon EOS 6D&quot;,&quot;caption&quot;:&quot;&quot;,&quot;created_timestamp&quot;:&quot;1635333270&quot;,&quot;copyright&quot;:&quot;&quot;,&quot;focal_length&quot;:&quot;42&quot;,&quot;iso&quot;:&quot;1600&quot;,&quot;shutter_speed&quot;:&quot;0.00625&quot;,&quot;title&quot;:&quot;&quot;,&quot;orientation&quot;:&quot;0&quot;}\" data-image-title=\"IMG_5781\" data-image-description=\"\" data-image-caption=\"\" data-medium-file=\"https:\/\/www.legistdf.gob.ar\/wp-content\/uploads\/2021\/10\/IMG_5781-300x200.jpg\" data-large-file=\"https:\/\/www.legistdf.gob.ar\/wp-content\/uploads\/2021\/10\/IMG_5781-1024x683.jpg\" class=\"alignleft wp-image-28321 size-medium\" src=\"https:\/\/www.legistdf.gob.ar\/wp-content\/uploads\/2021\/10\/IMG_5781-300x200.jpg\" alt=\"\" width=\"300\" height=\"200\" srcset=\"https:\/\/www.legistdf.gob.ar\/wp-content\/uploads\/2021\/10\/IMG_5781-300x200.jpg 300w, https:\/\/www.legistdf.gob.ar\/wp-content\/uploads\/2021\/10\/IMG_5781-768x512.jpg 768w, https:\/\/www.legistdf.gob.ar\/wp-content\/uploads\/2021\/10\/IMG_5781-1024x683.jpg 1024w, https:\/\/www.legistdf.gob.ar\/wp-content\/uploads\/2021\/10\/IMG_5781-160x107.jpg 160w, https:\/\/www.legistdf.gob.ar\/wp-content\/uploads\/2021\/10\/IMG_5781.jpg 1500w\" sizes=\"(max-width: 300px) 100vw, 300px\" \/>Los aqu\u00ed firmantes, representantes de las distintas provincias participantes del Parlamento Patag\u00f3nico y del Foro de Vicegobernadores de la Rep\u00fablica Argentina nos hemos reunido en la Ciudad de R\u00edo Gallegos, Capital de la Provincia de Santa Cruz durante los d\u00edas 25, 26 y 27 de octubre de 2021, donde trabajamos y desarrollamos diversas tem\u00e1ticas de vital importancia para la regi\u00f3n, arribando a las conclusiones que se expondr\u00e1n en la presente declaraci\u00f3n conjunta.<\/p>\n<p>&nbsp;<\/p>\n<p>1.- Ley de Promoci\u00f3n de inversiones hidrocarbur\u00edferas.<\/p>\n<p>&nbsp;<\/p>\n<p>La Regi\u00f3n Patag\u00f3nica tiene como primera industria la extracci\u00f3n de hidrocarburos, siendo esta relevante para el desarrollo de la Naci\u00f3n en su conjunto. Es por ello que es menester, la profundizaci\u00f3n de las pol\u00edticas en esta materia y la constante participaci\u00f3n de los distintos niveles estatales que busquen \u00a0beneficiar, no solo a la propia industria, sino tambi\u00e9n a cada uno de los participantes directos e indirectos que viven de la misma.<\/p>\n<p>&nbsp;<\/p>\n<p>Es entonces importante para el desarrollo de nuestra Regi\u00f3n Patag\u00f3nica\u00a0 manifestar el apoyo y acompa\u00f1amiento a la\u00a0 ley de Promoci\u00f3n de inversiones hidrocarbur\u00edferas en busca de un aumento de la producci\u00f3n el cu\u00e1l traer\u00e1 consigo un incremento de los puestos de trabajo directos e indirectos, como as\u00ed tambi\u00e9n un aumento de las pymes regionales que se suman a la cadena de valor.<\/p>\n<p>&nbsp;<\/p>\n<p>Destacamos tambi\u00e9n, el aumento de las regal\u00edas para las provincias que son los titulares de los recursos, impulsando con ello, los desarrollos regionales a parte de una mejor educaci\u00f3n, salud y mejor calidad de vida de la Patagonia.<\/p>\n<p>&nbsp;<\/p>\n<p>2.- Conectividad por Fibra \u00d3ptica y Satelital en la Regi\u00f3n.<\/p>\n<p>&nbsp;<\/p>\n<p>La caracter\u00edstica m\u00e1s saliente y destacable de nuestro pa\u00eds es su extensi\u00f3n, que aporta a la cultura y econom\u00eda de la Argentina, un sinf\u00edn de posibilidades y recursos que van desde maravillas naturales que atraen a visitantes y turistas de todo el mundo, hasta grandes extensiones para explotaci\u00f3n comercial con fines varios.<\/p>\n<p>&nbsp;<\/p>\n<p>Sin embargo, esa extensi\u00f3n presenta distintas problem\u00e1ticas y desaf\u00edos para la Regi\u00f3n Patag\u00f3nica, que deben enfrentarse diariamente si se quieren generar las bases necesarias para el desarrollo de cada provincia. Es por ello que en el Siglo XXI es necesario considerar a las Tecnolog\u00edas de Informaci\u00f3n y Comunicaci\u00f3n (TIC\u00b4s) como un derecho y una necesidad de la poblaci\u00f3n, que da respuesta directa a esta problem\u00e1tica.<\/p>\n<p>&nbsp;<\/p>\n<p>Por esto, creemos que debemos replantear el debate de la importancia que revisten, y la obligaci\u00f3n tanto de aumentar la inversi\u00f3n en la Patagonia, como as\u00ed tambi\u00e9n, establecer un marco normativo que priorice la expansi\u00f3n de la fibra \u00f3ptica y el uso de una red satelital, a lo largo y ancho del Territorio, llegando a cada una de las localidades que precisan de las comunicaciones para potenciar su crecimiento.<\/p>\n<p>&nbsp;<\/p>\n<p>Es voluntad de todos los representantes proseguir los trabajos en conjunto, visibilizando esta problem\u00e1tica, como as\u00ed tambi\u00e9n hacer un llamado de atenci\u00f3n a cada uno de los actores que son parte de este proceso a sumarse a los debates para brindar las bases de una nueva visi\u00f3n en torno al desarrollo de la fibra \u00f3ptica y la utilizaci\u00f3n de la red satelital para la Patagonia.<\/p>\n<p>&nbsp;<\/p>\n<p>3.- Conectividad A\u00e9rea Interprovincial.<\/p>\n<p>&nbsp;<\/p>\n<p>Desde la recuperaci\u00f3n de las aerol\u00edneas de bandera, en las Presidencias del Dr. N\u00e9stor Carlos Kirchner y la Dra. Cristina Fern\u00e1ndez de Kirchner se entendi\u00f3 que la conectividad \u00e1rea entre las provincias patag\u00f3nicas y el resto de las provincias, era la piedra fundamental para unir a la regi\u00f3n, reduciendo las distancias y sentando las bases para el desarrollo econ\u00f3mico de alcance nacional.<\/p>\n<p>&nbsp;<\/p>\n<p>Lamentablemente, luego de un periodo de gestiones deficientes, poco a poco nuestras aerol\u00edneas estatales fueron perdiendo su lugar en la escena nacional, lo que llev\u00f3 a la discontinuaci\u00f3n de las rutas que un\u00edan a nuestra regi\u00f3n con otras ciudades, condenando a m\u00e1s de una localidad al aislamiento absoluto.<\/p>\n<p>&nbsp;<\/p>\n<p>Sumado a esto, la pandemia por Covid-19, que aqu\u00ed y en el mundo, oblig\u00f3 a suspender los vuelos nacionales, regionales e internacionales para proteger a la gente y as\u00ed evitar la propagaci\u00f3n del virus que de por s\u00ed ya causaba estragos en la poblaci\u00f3n en el a\u00f1o 2020, se afectaron todas y cada una las rutas que conectaba a la Patagonia.<\/p>\n<p>&nbsp;<\/p>\n<p>Afortunadamente el 2021 lleg\u00f3 con una fuerte inversi\u00f3n por parte del Gobierno Nacional del Dr. Alberto Fern\u00e1ndez en la adquisici\u00f3n de vacunas y la posterior inoculaci\u00f3n de toda la poblaci\u00f3n argentina, reduciendo las v\u00edctimas fatales por Covid-19 y dando lugar a la reapertura de las rutas aerocomerciales en toda la Argentina.<\/p>\n<p>&nbsp;<\/p>\n<p><img loading=\"lazy\" decoding=\"async\" data-attachment-id=\"28241\" data-permalink=\"https:\/\/www.legistdf.gob.ar\/index.php\/2021\/10\/26\/garleria-imagenes-del-acto-inaugural-de-la-2a-sesion-del-parlamento-patagonico\/img_5658\/\" data-orig-file=\"https:\/\/www.legistdf.gob.ar\/wp-content\/uploads\/2021\/10\/IMG_5658.jpg\" data-orig-size=\"1500,1000\" data-comments-opened=\"0\" data-image-meta=\"{&quot;aperture&quot;:&quot;4&quot;,&quot;credit&quot;:&quot;&quot;,&quot;camera&quot;:&quot;Canon EOS 6D&quot;,&quot;caption&quot;:&quot;&quot;,&quot;created_timestamp&quot;:&quot;1635265608&quot;,&quot;copyright&quot;:&quot;&quot;,&quot;focal_length&quot;:&quot;70&quot;,&quot;iso&quot;:&quot;1000&quot;,&quot;shutter_speed&quot;:&quot;0.0055555555555556&quot;,&quot;title&quot;:&quot;&quot;,&quot;orientation&quot;:&quot;0&quot;}\" data-image-title=\"IMG_5658\" data-image-description=\"\" data-image-caption=\"\" data-medium-file=\"https:\/\/www.legistdf.gob.ar\/wp-content\/uploads\/2021\/10\/IMG_5658-300x200.jpg\" data-large-file=\"https:\/\/www.legistdf.gob.ar\/wp-content\/uploads\/2021\/10\/IMG_5658-1024x683.jpg\" class=\"alignleft wp-image-28241 size-medium\" src=\"https:\/\/www.legistdf.gob.ar\/wp-content\/uploads\/2021\/10\/IMG_5658-300x200.jpg\" alt=\"\" width=\"300\" height=\"200\" srcset=\"https:\/\/www.legistdf.gob.ar\/wp-content\/uploads\/2021\/10\/IMG_5658-300x200.jpg 300w, https:\/\/www.legistdf.gob.ar\/wp-content\/uploads\/2021\/10\/IMG_5658-768x512.jpg 768w, https:\/\/www.legistdf.gob.ar\/wp-content\/uploads\/2021\/10\/IMG_5658-1024x683.jpg 1024w, https:\/\/www.legistdf.gob.ar\/wp-content\/uploads\/2021\/10\/IMG_5658-160x107.jpg 160w, https:\/\/www.legistdf.gob.ar\/wp-content\/uploads\/2021\/10\/IMG_5658.jpg 1500w\" sizes=\"(max-width: 300px) 100vw, 300px\" \/>En el caso particular de LADE, en virtud de una franca recuperaci\u00f3n del material a\u00e9reo de las Fuerzas Armadas Argentinas y un cambio en la visi\u00f3n, se ha permitido que en la actualidad se cuente con vuelos todos los d\u00edas de la semana con destinos como: San Juli\u00e1n, R\u00edo Gallegos, R\u00edo Grande, Ushuaia, Trelew, Puerto Madryn, Neuqu\u00e9n, Mendoza y Bariloche. Constituyendo instant\u00e1neamente en uno de los objetivos a mantener y aumentar en el futuro<\/p>\n<p>&nbsp;<\/p>\n<p>Es por ello que \u00a0como representantes de la Patagonia, es nuestro deber poner en el debate nacional la importancia de \u00a0seguir aumentando la conectividad a\u00e9rea en la regi\u00f3n, defendiendo la aerol\u00ednea de bandera y propendiendo a incrementar las inversiones en todo el sistema aerocomercial en las provincias de Tierra del Fuego, Santa Cruz, Chubut, Neuqu\u00e9n, R\u00edo Negro y La Pampa, estableciendo rutas que conecten a las provincias entre s\u00ed y a su vez aumenten la frecuencias de vuelos diarios desde y hacia la Ciudad Aut\u00f3noma de Buenos Aires, Capital de nuestra naci\u00f3n.<\/p>\n<p>&nbsp;<\/p>\n<p>4.- R\u00e9gimen de Promoci\u00f3n en la Generaci\u00f3n de Empleo para las Provincias de la Patagonia.<\/p>\n<p>&nbsp;<\/p>\n<p>Siguiendo con los objetivos de nuestro Gobierno nacional que postul\u00f3 desde el d\u00eda uno el valor de defender los puestos de trabajo de cada habitante de la naci\u00f3n, el d\u00eda de hoy y en esta nueva normalidad, las provincias patag\u00f3nicas reafirmamos sin hesitaci\u00f3n alguna que el empleo es la base de la econom\u00eda y de la familia, por ello tenemos que profundizar en un r\u00e9gimen que gener\u00e9 m\u00e1s y mejores oportunidades laborales para todos y todas las patag\u00f3nicas, as\u00ed como tambi\u00e9n lo hicieron nuestros pares de las provincias del norte.<\/p>\n<p>&nbsp;<\/p>\n<p>Se vuelve menester entonces, implementar el llamado R\u00e9gimen de Promoci\u00f3n en la Generaci\u00f3n de Empleo para las Provincias de la Patagonia, plan que, entre otras cosas, busca superar las asimetr\u00edas producidas por las inclemencias territoriales y clim\u00e1ticas, que elevan el costo de cada trabajador patag\u00f3nico, truncando las posibilidades de inversi\u00f3n y de un correcto desarrollo de las actividades productivas.<\/p>\n<p>&nbsp;<\/p>\n<p>De esa manera como parlamentarios y vicegobernadores trabajaremos codo a codo para que este r\u00e9gimen, logre fijar pol\u00edticas de promoci\u00f3n para la generaci\u00f3n de empleo de calidad, teniendo en cuenta las especiales caracter\u00edsticas de la Patagonia y que permita el ascenso social de todos los habitantes de la regi\u00f3n.<\/p>\n<p>&nbsp;<\/p>\n<p>5.- Apoyo a la provincia de La Pampa en su reclamo por el impacto ambiental del proyecto hidroel\u00e9ctrico Portezuelo del Viento a la provincia de Mendoza.<\/p>\n<p>&nbsp;<\/p>\n<p>A pedido de los representantes de la provincia y por unanimidad de los firmantes del documento, las autoridades presentes se a\u00fanan en el reclamo realizado por la provincia de La Pampa ante la Corte Suprema de Justicia de la Naci\u00f3n en autos caratulados\u00a0\u201cLA PAMPA, Provincia de C\/ MENDOZA, Provincia de S\/ USO DE AGUAS\u201d,\u00a0Expte. N\u00b0 243\/2014, que tiene por objeto el cese del da\u00f1o ambiental y la reconstituci\u00f3n del R\u00edo Atuel en el territorio de la provincia de La Pampa.<\/p>\n<p>&nbsp;<\/p>\n<p>As\u00ed mismo argumentamos, que es indispensable que se cumpla con la sentencia emitida por la Corte Suprema de la Naci\u00f3n el d\u00eda 17 de julio en la cual se orden\u00f3 un caudal m\u00ednimo permanente interino de 3,2 m3\/s en el l\u00edmite interprovincial entre La Pampa y Mendoza, no existen razones para seguir demorando el cumplimiento de lo ordenado.<\/p>\n<p>&nbsp;<\/p>\n<p>Como habitantes de una regi\u00f3n desigual en cuanto al suministro de agua, entendemos que cualquier esfuerzo por preservar este bien tan preciado merece ser acompa\u00f1ado, teniendo en cuenta los efectos negativos que una disminuci\u00f3n del \u00a0R\u00edo Colorado pueda tener.<\/p>\n<p>&nbsp;<\/p>\n<p>La construcci\u00f3n de Portezuelo del Viento y el trasvase del R\u00edo Grande al Atuel producir\u00e1 la mayor cat\u00e1strofe ambiental realizada en la Argentina; su concreci\u00f3n destruir\u00e1 la producci\u00f3n y la vida de seres humanos, flora y fauna a la vera del R\u00edo Colorado, tal como ocurri\u00f3 con el r\u00edo Atuel en territorio pampeano.<\/p>\n<p>&nbsp;<\/p>\n<p>Es importante alertar a las provincias rivere\u00f1as del Colorado, sobre los da\u00f1os que causar\u00e1 esta construcci\u00f3n. Neuqu\u00e9n, R\u00edo Negro, La Pampa y el departamento de Carmen de Patagones, en la provincia de Buenos Aires, sufrir\u00e1n, las consecuencias de una obra que solo beneficiar\u00e1 a Mendoza.<\/p>\n<p>&nbsp;<\/p>\n<p>Al mismo tiempo destacamos al \u00a0r\u00edo Colorado, como el\u00a0 hito geogr\u00e1fico que da inicio a la Patagonia en su inmensidad, con lo cual el conflicto sobrepasa las fronteras provinciales, volvi\u00e9ndose un tema regional que debemos abordar como bloque.<\/p>\n<p>&nbsp;<\/p>\n<p>6.- Conclusiones Generales.<\/p>\n<p>&nbsp;<\/p>\n<p>Si bien los tiempos pasados han sido duros, la lecci\u00f3n que podemos aprender de la pandemia es, que nadie se salva solo, comprendiendo que ser mejores, implica trabajar incansablemente para elevar la calidad de vida de todos los habitantes de la regi\u00f3n.<\/p>\n<p>&nbsp;<\/p>\n<p>La reconstrucci\u00f3n entonces debe ser en conjunto, implementando una agenda pol\u00edtica consensuada para desarrollar a la Patagonia, potenciando cada uno de sus recursos y supeditado a cada una de las obligaciones, sobre todo las ecol\u00f3gicas.<\/p>\n<p>&nbsp;<\/p>\n<p>Los rubricantes de esta Declaraci\u00f3n generamos el compromiso de trabajar en estos puntos comunes y en aquellos que directa o indirectamente se relacionen con estos, porque es nuestra obligaci\u00f3n dar respuestas concretas y conjuntas a cada una de los desaf\u00edos que nos exige las particularidades de esta extensa y variada tierra que es la Patagonia Argentina.<\/p>\n<p>&nbsp;<\/p>\n<p style=\"text-align: right\"><em>AT-LN-NEGM<\/em><\/p>\n<p>&nbsp;<\/p>\n<blockquote class=\"wp-embedded-content\" data-secret=\"cCUubvSDsl\"><p><a href=\"https:\/\/www.legistdf.gob.ar\/index.php\/2021\/10\/27\/galeria-segunda-sesion-del-parlamento-patagonico-y-homenaje\/\">GALER\u00cdA: Segunda Sesi\u00f3n del Parlamento Patag\u00f3nico y homenaje<\/a><\/p><\/blockquote>\n<p><iframe class=\"wp-embedded-content\" sandbox=\"allow-scripts\" security=\"restricted\" style=\"position: absolute; clip: rect(1px, 1px, 1px, 1px);\" title=\"&#171;GALER\u00cdA: Segunda Sesi\u00f3n del Parlamento Patag\u00f3nico y homenaje&#187; &#8212; Legislatura TDF A.I.A.S.\" src=\"https:\/\/www.legistdf.gob.ar\/index.php\/2021\/10\/27\/galeria-segunda-sesion-del-parlamento-patagonico-y-homenaje\/embed\/#?secret=cCUubvSDsl\" data-secret=\"cCUubvSDsl\" width=\"600\" height=\"338\" frameborder=\"0\" marginwidth=\"0\" marginheight=\"0\" scrolling=\"no\"><\/iframe><\/p>\n","protected":false},"excerpt":{"rendered":"<p>R\u00edo Gallegos, mi\u00e9rcoles 27 de octubre de 2021.- Las autoridades reunidas en R\u00edo Gallegos, entre Vicegobernadores, Parlamentarias y Parlamentarios, emitieron un documento de cinco puntos donde el Foro permanente de Vicegobernadoras y Vicegobernadores de la Rep\u00fablica Argentina y el Parlamento Patag\u00f3nico, expresan sus posiciones sobre el desarrollo de la regi\u00f3n sur del pa\u00eds. &nbsp; El [&hellip;]<\/p>\n","protected":false},"author":352,"featured_media":28326,"comment_status":"closed","ping_status":"open","sticky":false,"template":"","format":"standard","meta":{"jetpack_post_was_ever_published":false,"_jetpack_newsletter_access":"","_jetpack_dont_email_post_to_subs":false,"_jetpack_newsletter_tier_id":0,"footnotes":"","jetpack_publicize_message":"","jetpack_publicize_feature_enabled":true,"jetpack_social_post_already_shared":true,"jetpack_social_options":{"image_generator_settings":{"template":"highway","enabled":false}}},"categories":[1],"tags":[1819,1818,1816,1980,397,510,713],"jetpack_publicize_connections":[],"jetpack_sharing_enabled":true,"jetpack_featured_media_url":"https:\/\/www.legistdf.gob.ar\/wp-content\/uploads\/2021\/10\/IMG_5797.jpg","jetpack-related-posts":[],"_links":{"self":[{"href":"https:\/\/www.legistdf.gob.ar\/index.php\/wp-json\/wp\/v2\/posts\/28266"}],"collection":[{"href":"https:\/\/www.legistdf.gob.ar\/index.php\/wp-json\/wp\/v2\/posts"}],"about":[{"href":"https:\/\/www.legistdf.gob.ar\/index.php\/wp-json\/wp\/v2\/types\/post"}],"author":[{"embeddable":true,"href":"https:\/\/www.legistdf.gob.ar\/index.php\/wp-json\/wp\/v2\/users\/352"}],"replies":[{"embeddable":true,"href":"https:\/\/www.legistdf.gob.ar\/index.php\/wp-json\/wp\/v2\/comments?post=28266"}],"version-history":[{"count":3,"href":"https:\/\/www.legistdf.gob.ar\/index.php\/wp-json\/wp\/v2\/posts\/28266\/revisions"}],"predecessor-version":[{"id":28341,"href":"https:\/\/www.legistdf.gob.ar\/index.php\/wp-json\/wp\/v2\/posts\/28266\/revisions\/28341"}],"wp:featuredmedia":[{"embeddable":true,"href":"https:\/\/www.legistdf.gob.ar\/index.php\/wp-json\/wp\/v2\/media\/28326"}],"wp:attachment":[{"href":"https:\/\/www.legistdf.gob.ar\/index.php\/wp-json\/wp\/v2\/media?parent=28266"}],"wp:term":[{"taxonomy":"category","embeddable":true,"href":"https:\/\/www.legistdf.gob.ar\/index.php\/wp-json\/wp\/v2\/categories?post=28266"},{"taxonomy":"post_tag","embeddable":true,"href":"https:\/\/www.legistdf.gob.ar\/index.php\/wp-json\/wp\/v2\/tags?post=28266"}],"curies":[{"name":"wp","href":"https:\/\/api.w.org\/{rel}","templated":true}]}}