{"id":28533,"date":"2021-11-14T10:01:11","date_gmt":"2021-11-14T13:01:11","guid":{"rendered":"https:\/\/www.legistdf.gob.ar\/?p=28533"},"modified":"2021-11-12T15:05:42","modified_gmt":"2021-11-12T18:05:42","slug":"legislatura-los-legisladores-provinciales-sesionaran-el-jueves","status":"publish","type":"post","link":"https:\/\/www.legistdf.gob.ar\/index.php\/2021\/11\/14\/legislatura-los-legisladores-provinciales-sesionaran-el-jueves\/","title":{"rendered":"LEGISLATURA: Los Legisladores provinciales sesionar\u00e1n el jueves"},"content":{"rendered":"<p><strong>Ushuaia, domingo 14 de noviembre de 2021.- El Vicepresidente 1\u00b0 de la C\u00e1mara, legislador Dami\u00e1n L\u00f6ffler convoc\u00f3 a sesi\u00f3n ordinaria para el jueves 18 desde las 10 h en el Recinto de Sesiones, de Yaganes 638 de Ushuaia. En la Resoluci\u00f3n de Presidencia N\u00b0 576\/21 tambi\u00e9n determin\u00f3 el Cierre de Asuntos Entrados para el lunes 15 a las 13 h y la reuni\u00f3n de la Comisi\u00f3n de Labor Parlamentaria para el martes 16 a las 14 en la sede de la Presidencia de la Legislatura.<\/strong><\/p>\n","protected":false},"excerpt":{"rendered":"<p>Ushuaia, domingo 14 de noviembre de 2021.- El Vicepresidente 1\u00b0 de la C\u00e1mara, legislador Dami\u00e1n L\u00f6ffler convoc\u00f3 a sesi\u00f3n ordinaria para el jueves 18 desde las 10 h en el Recinto de Sesiones, de Yaganes 638 de Ushuaia. En la Resoluci\u00f3n de Presidencia N\u00b0 576\/21 tambi\u00e9n determin\u00f3 el Cierre de Asuntos Entrados para el lunes [&hellip;]<\/p>\n","protected":false},"author":352,"featured_media":27502,"comment_status":"closed","ping_status":"open","sticky":false,"template":"","format":"standard","meta":{"jetpack_post_was_ever_published":false,"_jetpack_newsletter_access":"","_jetpack_dont_email_post_to_subs":false,"_jetpack_newsletter_tier_id":0,"footnotes":"","jetpack_publicize_message":"","jetpack_publicize_feature_enabled":true,"jetpack_social_post_already_shared":true,"jetpack_social_options":{"image_generator_settings":{"template":"highway","enabled":false}}},"categories":[1],"tags":[388,78,644,117,79,87],"jetpack_publicize_connections":[],"jetpack_sharing_enabled":true,"jetpack_featured_media_url":"https:\/\/www.legistdf.gob.ar\/wp-content\/uploads\/2021\/09\/IMG_4242.jpg","jetpack-related-posts":[],"_links":{"self":[{"href":"https:\/\/www.legistdf.gob.ar\/index.php\/wp-json\/wp\/v2\/posts\/28533"}],"collection":[{"href":"https:\/\/www.legistdf.gob.ar\/index.php\/wp-json\/wp\/v2\/posts"}],"about":[{"href":"https:\/\/www.legistdf.gob.ar\/index.php\/wp-json\/wp\/v2\/types\/post"}],"author":[{"embeddable":true,"href":"https:\/\/www.legistdf.gob.ar\/index.php\/wp-json\/wp\/v2\/users\/352"}],"replies":[{"embeddable":true,"href":"https:\/\/www.legistdf.gob.ar\/index.php\/wp-json\/wp\/v2\/comments?post=28533"}],"version-history":[{"count":1,"href":"https:\/\/www.legistdf.gob.ar\/index.php\/wp-json\/wp\/v2\/posts\/28533\/revisions"}],"predecessor-version":[{"id":28534,"href":"https:\/\/www.legistdf.gob.ar\/index.php\/wp-json\/wp\/v2\/posts\/28533\/revisions\/28534"}],"wp:featuredmedia":[{"embeddable":true,"href":"https:\/\/www.legistdf.gob.ar\/index.php\/wp-json\/wp\/v2\/media\/27502"}],"wp:attachment":[{"href":"https:\/\/www.legistdf.gob.ar\/index.php\/wp-json\/wp\/v2\/media?parent=28533"}],"wp:term":[{"taxonomy":"category","embeddable":true,"href":"https:\/\/www.legistdf.gob.ar\/index.php\/wp-json\/wp\/v2\/categories?post=28533"},{"taxonomy":"post_tag","embeddable":true,"href":"https:\/\/www.legistdf.gob.ar\/index.php\/wp-json\/wp\/v2\/tags?post=28533"}],"curies":[{"name":"wp","href":"https:\/\/api.w.org\/{rel}","templated":true}]}}