{"id":29337,"date":"2021-12-01T11:29:23","date_gmt":"2021-12-01T14:29:23","guid":{"rendered":"https:\/\/www.legistdf.gob.ar\/?p=29337"},"modified":"2021-12-01T11:29:23","modified_gmt":"2021-12-01T14:29:23","slug":"parlamento-patagonico-orden-del-dia-de-la-3a-sesion-ordinaria","status":"publish","type":"post","link":"https:\/\/www.legistdf.gob.ar\/index.php\/2021\/12\/01\/parlamento-patagonico-orden-del-dia-de-la-3a-sesion-ordinaria\/","title":{"rendered":"PARLAMENTO PATAG\u00d3NICO: Orden del d\u00eda de la 3\u00aa sesi\u00f3n ordinaria"},"content":{"rendered":"<p>Neuqu\u00e9n, mi\u00e9rcoles 1 de diciembre de 2021.- Se adjunta el <a href=\"https:\/\/www.legistdf.gob.ar\/wp-content\/uploads\/2021\/12\/orden-del-dia-3-sesion-ordinaria-01-12-21.docx\" target=\"_blank\" rel=\"noopener noreferrer\">Orden del D\u00eda (OD)<\/a> de la 3\u00aa sesi\u00f3n ordinaria del Parlamento Patag\u00f3nico.<\/p>\n<p>&nbsp;<\/p>\n","protected":false},"excerpt":{"rendered":"<p>Neuqu\u00e9n, mi\u00e9rcoles 1 de diciembre de 2021.- Se adjunta el Orden del D\u00eda (OD) de la 3\u00aa sesi\u00f3n ordinaria del Parlamento Patag\u00f3nico. &nbsp;<\/p>\n","protected":false},"author":352,"featured_media":0,"comment_status":"closed","ping_status":"open","sticky":false,"template":"","format":"standard","meta":{"jetpack_post_was_ever_published":false,"_jetpack_newsletter_access":"","_jetpack_dont_email_post_to_subs":false,"_jetpack_newsletter_tier_id":0,"footnotes":"","jetpack_publicize_message":"","jetpack_publicize_feature_enabled":true,"jetpack_social_post_already_shared":true,"jetpack_social_options":{"image_generator_settings":{"template":"highway","enabled":false}}},"categories":[1],"tags":[],"jetpack_publicize_connections":[],"jetpack_sharing_enabled":true,"jetpack_featured_media_url":"","jetpack-related-posts":[],"_links":{"self":[{"href":"https:\/\/www.legistdf.gob.ar\/index.php\/wp-json\/wp\/v2\/posts\/29337"}],"collection":[{"href":"https:\/\/www.legistdf.gob.ar\/index.php\/wp-json\/wp\/v2\/posts"}],"about":[{"href":"https:\/\/www.legistdf.gob.ar\/index.php\/wp-json\/wp\/v2\/types\/post"}],"author":[{"embeddable":true,"href":"https:\/\/www.legistdf.gob.ar\/index.php\/wp-json\/wp\/v2\/users\/352"}],"replies":[{"embeddable":true,"href":"https:\/\/www.legistdf.gob.ar\/index.php\/wp-json\/wp\/v2\/comments?post=29337"}],"version-history":[{"count":1,"href":"https:\/\/www.legistdf.gob.ar\/index.php\/wp-json\/wp\/v2\/posts\/29337\/revisions"}],"predecessor-version":[{"id":29339,"href":"https:\/\/www.legistdf.gob.ar\/index.php\/wp-json\/wp\/v2\/posts\/29337\/revisions\/29339"}],"wp:attachment":[{"href":"https:\/\/www.legistdf.gob.ar\/index.php\/wp-json\/wp\/v2\/media?parent=29337"}],"wp:term":[{"taxonomy":"category","embeddable":true,"href":"https:\/\/www.legistdf.gob.ar\/index.php\/wp-json\/wp\/v2\/categories?post=29337"},{"taxonomy":"post_tag","embeddable":true,"href":"https:\/\/www.legistdf.gob.ar\/index.php\/wp-json\/wp\/v2\/tags?post=29337"}],"curies":[{"name":"wp","href":"https:\/\/api.w.org\/{rel}","templated":true}]}}