{"id":29984,"date":"2021-12-22T16:09:07","date_gmt":"2021-12-22T19:09:07","guid":{"rendered":"https:\/\/www.legistdf.gob.ar\/?p=29984"},"modified":"2021-12-21T14:18:49","modified_gmt":"2021-12-21T17:18:49","slug":"sesion-modifican-el-regimen-de-licencia-prenatal-y-por-maternidad","status":"publish","type":"post","link":"https:\/\/www.legistdf.gob.ar\/index.php\/2021\/12\/22\/sesion-modifican-el-regimen-de-licencia-prenatal-y-por-maternidad\/","title":{"rendered":"SESI\u00d3N: Modifican el r\u00e9gimen de licencia prenatal y por maternidad"},"content":{"rendered":"<p><strong><img loading=\"lazy\" decoding=\"async\" data-attachment-id=\"29919\" data-permalink=\"https:\/\/www.legistdf.gob.ar\/index.php\/2021\/12\/20\/galeria-imagenes-7a-sesion-ordinaria\/img_9010\/\" data-orig-file=\"https:\/\/www.legistdf.gob.ar\/wp-content\/uploads\/2021\/12\/IMG_9010.jpg\" data-orig-size=\"1500,1000\" data-comments-opened=\"0\" data-image-meta=\"{&quot;aperture&quot;:&quot;2.8&quot;,&quot;credit&quot;:&quot;&quot;,&quot;camera&quot;:&quot;Canon EOS 6D&quot;,&quot;caption&quot;:&quot;&quot;,&quot;created_timestamp&quot;:&quot;1640006830&quot;,&quot;copyright&quot;:&quot;&quot;,&quot;focal_length&quot;:&quot;70&quot;,&quot;iso&quot;:&quot;200&quot;,&quot;shutter_speed&quot;:&quot;0.0125&quot;,&quot;title&quot;:&quot;&quot;,&quot;orientation&quot;:&quot;0&quot;}\" data-image-title=\"IMG_9010\" data-image-description=\"\" data-image-caption=\"\" data-medium-file=\"https:\/\/www.legistdf.gob.ar\/wp-content\/uploads\/2021\/12\/IMG_9010-300x200.jpg\" data-large-file=\"https:\/\/www.legistdf.gob.ar\/wp-content\/uploads\/2021\/12\/IMG_9010-1024x683.jpg\" class=\"alignleft wp-image-29919 size-medium\" src=\"https:\/\/www.legistdf.gob.ar\/wp-content\/uploads\/2021\/12\/IMG_9010-300x200.jpg\" alt=\"\" width=\"300\" height=\"200\" srcset=\"https:\/\/www.legistdf.gob.ar\/wp-content\/uploads\/2021\/12\/IMG_9010-300x200.jpg 300w, https:\/\/www.legistdf.gob.ar\/wp-content\/uploads\/2021\/12\/IMG_9010-768x512.jpg 768w, https:\/\/www.legistdf.gob.ar\/wp-content\/uploads\/2021\/12\/IMG_9010-1024x683.jpg 1024w, https:\/\/www.legistdf.gob.ar\/wp-content\/uploads\/2021\/12\/IMG_9010-160x107.jpg 160w, https:\/\/www.legistdf.gob.ar\/wp-content\/uploads\/2021\/12\/IMG_9010.jpg 1500w\" sizes=\"(max-width: 300px) 100vw, 300px\" \/>Ushuaia, mi\u00e9rcoles 22 de diciembre de 2021.- Por iniciativa del legislador del bloque del MPF Pablo Villegas, el Parlamento sancion\u00f3 el proyecto de Ley que modifica el r\u00e9gimen de licencia prenatal y por maternidad, paternidad, lactancia y adopci\u00f3n para agentes del Estado. Al momento de su ingreso, el asunto fue registrado bajo el N\u00b0 <a href=\"https:\/\/www.legistdf.gob.ar\/lp\/novedadesip\/Asuntos%20Entrados%202021\/As.%20N%BA%20530-21.pdf\" target=\"_blank\" rel=\"noopener noreferrer\">530\/21<\/a>. <\/strong><\/p>\n<p>&nbsp;<\/p>\n<p>La iniciativa, que fue acompa\u00f1ada por unanimidad por parte de las Parlamentarias y los Parlamentarios, consiste en modificar el art\u00edculo 8\u00ba de la <a href=\"http:\/\/200.41.191.125:134\/index.php\/1409-regimen-de-licencia-prenatal-y-por-maternidad-paternidad-nacimiento-lactancia-y-adopcion-para-agentes-del-estado-provincial\" target=\"_blank\" rel=\"noopener noreferrer\">Ley N\u00ba 911<\/a>, para que se especifique que, en caso de ser un nacimiento m\u00faltiple, se beneficie al agente con 2 horas diarias en su jornada laboral, por el lapso de dos a\u00f1os, en lugar de una hora como especifica la norma original.<\/p>\n<p>&nbsp;<\/p>\n<p>La norma, que entr\u00f3 en vigencia en enero de 2013, alcanza \u201ca todo el personal de las diferentes jerarqu\u00edas, independientemente de su situaci\u00f3n de revista, de los tres poderes del Estado provincial, sus reparticiones u organismos centralizados, descentralizados, entes aut\u00e1rquicos y empresas del Estado provincial\u201d.<\/p>\n<p>&nbsp;<\/p>\n<p style=\"text-align: right\"><em>BV-DM<\/em><\/p>\n","protected":false},"excerpt":{"rendered":"<p>Ushuaia, mi\u00e9rcoles 22 de diciembre de 2021.- Por iniciativa del legislador del bloque del MPF Pablo Villegas, el Parlamento sancion\u00f3 el proyecto de Ley que modifica el r\u00e9gimen de licencia prenatal y por maternidad, paternidad, lactancia y adopci\u00f3n para agentes del Estado. Al momento de su ingreso, el asunto fue registrado bajo el N\u00b0 530\/21. [&hellip;]<\/p>\n","protected":false},"author":352,"featured_media":29919,"comment_status":"closed","ping_status":"open","sticky":false,"template":"","format":"standard","meta":{"jetpack_post_was_ever_published":false,"_jetpack_newsletter_access":"","_jetpack_dont_email_post_to_subs":false,"_jetpack_newsletter_tier_id":0,"footnotes":"","jetpack_publicize_message":"","jetpack_publicize_feature_enabled":true,"jetpack_social_post_already_shared":true,"jetpack_social_options":{"image_generator_settings":{"template":"highway","enabled":false}}},"categories":[1],"tags":[78,113,106,117,79,87],"jetpack_publicize_connections":[],"jetpack_sharing_enabled":true,"jetpack_featured_media_url":"https:\/\/www.legistdf.gob.ar\/wp-content\/uploads\/2021\/12\/IMG_9010.jpg","jetpack-related-posts":[],"_links":{"self":[{"href":"https:\/\/www.legistdf.gob.ar\/index.php\/wp-json\/wp\/v2\/posts\/29984"}],"collection":[{"href":"https:\/\/www.legistdf.gob.ar\/index.php\/wp-json\/wp\/v2\/posts"}],"about":[{"href":"https:\/\/www.legistdf.gob.ar\/index.php\/wp-json\/wp\/v2\/types\/post"}],"author":[{"embeddable":true,"href":"https:\/\/www.legistdf.gob.ar\/index.php\/wp-json\/wp\/v2\/users\/352"}],"replies":[{"embeddable":true,"href":"https:\/\/www.legistdf.gob.ar\/index.php\/wp-json\/wp\/v2\/comments?post=29984"}],"version-history":[{"count":1,"href":"https:\/\/www.legistdf.gob.ar\/index.php\/wp-json\/wp\/v2\/posts\/29984\/revisions"}],"predecessor-version":[{"id":29985,"href":"https:\/\/www.legistdf.gob.ar\/index.php\/wp-json\/wp\/v2\/posts\/29984\/revisions\/29985"}],"wp:featuredmedia":[{"embeddable":true,"href":"https:\/\/www.legistdf.gob.ar\/index.php\/wp-json\/wp\/v2\/media\/29919"}],"wp:attachment":[{"href":"https:\/\/www.legistdf.gob.ar\/index.php\/wp-json\/wp\/v2\/media?parent=29984"}],"wp:term":[{"taxonomy":"category","embeddable":true,"href":"https:\/\/www.legistdf.gob.ar\/index.php\/wp-json\/wp\/v2\/categories?post=29984"},{"taxonomy":"post_tag","embeddable":true,"href":"https:\/\/www.legistdf.gob.ar\/index.php\/wp-json\/wp\/v2\/tags?post=29984"}],"curies":[{"name":"wp","href":"https:\/\/api.w.org\/{rel}","templated":true}]}}