{"id":30373,"date":"2022-02-25T12:20:56","date_gmt":"2022-02-25T15:20:56","guid":{"rendered":"https:\/\/www.legistdf.gob.ar\/?p=30373"},"modified":"2022-02-25T12:32:10","modified_gmt":"2022-02-25T15:32:10","slug":"justicia-el-consejo-de-la-magistratura-trabaja-proactivamente-para-mejorar-el-servicio-de-justicia-en-la-provincia-dijo-villegas","status":"publish","type":"post","link":"https:\/\/www.legistdf.gob.ar\/index.php\/2022\/02\/25\/justicia-el-consejo-de-la-magistratura-trabaja-proactivamente-para-mejorar-el-servicio-de-justicia-en-la-provincia-dijo-villegas\/","title":{"rendered":"JUSTICIA: El Consejo de la Magistratura \u201ctrabaja proactivamente para mejorar el servicio de Justicia en la Provincia\u201d dijo Villegas"},"content":{"rendered":"<p><strong><img loading=\"lazy\" decoding=\"async\" data-attachment-id=\"30374\" data-permalink=\"https:\/\/www.legistdf.gob.ar\/index.php\/2022\/02\/25\/justicia-el-consejo-de-la-magistratura-trabaja-proactivamente-para-mejorar-el-servicio-de-justicia-en-la-provincia-dijo-villegas\/1-consejo-de-la-m\/\" data-orig-file=\"https:\/\/www.legistdf.gob.ar\/wp-content\/uploads\/2022\/02\/1-Consejo-de-la-M.jpg\" data-orig-size=\"1000,573\" data-comments-opened=\"0\" data-image-meta=\"{&quot;aperture&quot;:&quot;0&quot;,&quot;credit&quot;:&quot;&quot;,&quot;camera&quot;:&quot;&quot;,&quot;caption&quot;:&quot;&quot;,&quot;created_timestamp&quot;:&quot;0&quot;,&quot;copyright&quot;:&quot;&quot;,&quot;focal_length&quot;:&quot;0&quot;,&quot;iso&quot;:&quot;0&quot;,&quot;shutter_speed&quot;:&quot;0&quot;,&quot;title&quot;:&quot;&quot;,&quot;orientation&quot;:&quot;0&quot;}\" data-image-title=\"1 Consejo de la M\" data-image-description=\"\" data-image-caption=\"\" data-medium-file=\"https:\/\/www.legistdf.gob.ar\/wp-content\/uploads\/2022\/02\/1-Consejo-de-la-M-300x172.jpg\" data-large-file=\"https:\/\/www.legistdf.gob.ar\/wp-content\/uploads\/2022\/02\/1-Consejo-de-la-M.jpg\" class=\"alignleft wp-image-30374 size-medium\" src=\"https:\/\/www.legistdf.gob.ar\/wp-content\/uploads\/2022\/02\/1-Consejo-de-la-M-300x172.jpg\" alt=\"\" width=\"300\" height=\"172\" srcset=\"https:\/\/www.legistdf.gob.ar\/wp-content\/uploads\/2022\/02\/1-Consejo-de-la-M-300x172.jpg 300w, https:\/\/www.legistdf.gob.ar\/wp-content\/uploads\/2022\/02\/1-Consejo-de-la-M-768x440.jpg 768w, https:\/\/www.legistdf.gob.ar\/wp-content\/uploads\/2022\/02\/1-Consejo-de-la-M-160x92.jpg 160w, https:\/\/www.legistdf.gob.ar\/wp-content\/uploads\/2022\/02\/1-Consejo-de-la-M.jpg 1000w\" sizes=\"(max-width: 300px) 100vw, 300px\" \/>Ushuaia, viernes 25 de febrero de 2022.- El legislador Pablo Villegas (MPF), se expres\u00f3 sobre el primer encuentro de 2022 del Consejo de la Magistratura, \u00e1mbito colegiado que integra por designaci\u00f3n de la C\u00e1mara legislativa. En la elecci\u00f3n de autoridades, el consejero detall\u00f3 que ejercer\u00e1 la vicepresidencia la Dra. Gabriela San Mart\u00edn. Asimismo se esperanz\u00f3 en lograr concretar el Juzgado de Tolhuin.<\/strong><\/p>\n<p>&nbsp;<\/p>\n<p>En la jornada de hoy, desde las 10, prestaron juramento como consejeros legislativos del Consejo de la Magistratura de Tierra del Fuego, los legisladores Pablo Villegas y Ricardo Furlan. Fue luego de que jurara el juez Ernesto L\u00f6ffler, titular de ese cuerpo colegiado. El Dr. Virgilio Mart\u00ednez de Sucre tom\u00f3 los juramentos adem\u00e1s, de los restantes integrantes del cuerpo. El acto se llev\u00f3 a cabo en la sede del Superior Tribunal de Justicia en Ushuaia.<\/p>\n<p><strong>\u00a0<\/strong><\/p>\n<p>El legislador Villegas destac\u00f3 la trayectoria de la letrada que ocupar\u00e1 la Vicepresidencia del cuerpo y adem\u00e1s \u201cla legitimidad que da el resultado del proceso electoral de diciembre del a\u00f1o pasado\u201d, dijo a la prensa oficial del Poder Judicial. Asi, aclar\u00f3 que en el marco del art\u00edculo 160 de la Constituci\u00f3n Provincial, el representante del Superior Tribunal de Justicia, Dr. Ernesto L\u00f6ffler, ocupa la presidencia de ese cuerpo.<\/p>\n<p>&nbsp;<\/p>\n<p><img loading=\"lazy\" decoding=\"async\" data-attachment-id=\"30376\" data-permalink=\"https:\/\/www.legistdf.gob.ar\/index.php\/2022\/02\/25\/justicia-el-consejo-de-la-magistratura-trabaja-proactivamente-para-mejorar-el-servicio-de-justicia-en-la-provincia-dijo-villegas\/3-consejo-de-la-m\/\" data-orig-file=\"https:\/\/www.legistdf.gob.ar\/wp-content\/uploads\/2022\/02\/3-Consejo-de-la-M.jpg\" data-orig-size=\"1000,558\" data-comments-opened=\"0\" data-image-meta=\"{&quot;aperture&quot;:&quot;0&quot;,&quot;credit&quot;:&quot;&quot;,&quot;camera&quot;:&quot;&quot;,&quot;caption&quot;:&quot;&quot;,&quot;created_timestamp&quot;:&quot;0&quot;,&quot;copyright&quot;:&quot;&quot;,&quot;focal_length&quot;:&quot;0&quot;,&quot;iso&quot;:&quot;0&quot;,&quot;shutter_speed&quot;:&quot;0&quot;,&quot;title&quot;:&quot;&quot;,&quot;orientation&quot;:&quot;0&quot;}\" data-image-title=\"3 Consejo de la M\" data-image-description=\"\" data-image-caption=\"\" data-medium-file=\"https:\/\/www.legistdf.gob.ar\/wp-content\/uploads\/2022\/02\/3-Consejo-de-la-M-300x167.jpg\" data-large-file=\"https:\/\/www.legistdf.gob.ar\/wp-content\/uploads\/2022\/02\/3-Consejo-de-la-M.jpg\" class=\"alignright wp-image-30376 size-medium\" src=\"https:\/\/www.legistdf.gob.ar\/wp-content\/uploads\/2022\/02\/3-Consejo-de-la-M-300x167.jpg\" alt=\"\" width=\"300\" height=\"167\" srcset=\"https:\/\/www.legistdf.gob.ar\/wp-content\/uploads\/2022\/02\/3-Consejo-de-la-M-300x167.jpg 300w, https:\/\/www.legistdf.gob.ar\/wp-content\/uploads\/2022\/02\/3-Consejo-de-la-M-768x429.jpg 768w, https:\/\/www.legistdf.gob.ar\/wp-content\/uploads\/2022\/02\/3-Consejo-de-la-M-160x89.jpg 160w, https:\/\/www.legistdf.gob.ar\/wp-content\/uploads\/2022\/02\/3-Consejo-de-la-M.jpg 1000w\" sizes=\"(max-width: 300px) 100vw, 300px\" \/>\u201cLa funci\u00f3n de secretario qued\u00f3 a cargo del legislador Ricardo Furlan y el representante del foro federal de Consejos de la Magistratura y de fiscal acusador titular, el Dr. Rodas\u201d, cont\u00f3. Asimismo, dijo que se dio tratamiento al orden del d\u00eda previsto para este primer encuentro.<\/p>\n<p>&nbsp;<\/p>\n<p>Consultado sobre las expectativas en la labor del Consejo, Villegas se\u00f1al\u00f3 que desde el Parlamento fueguino \u201ces de trabajar proactivamente para mejorar el servicio de Justicia en la Provincia, en el \u00e1mbito y la competencia que tiene el Consejo de la Magistratura\u201d, sostuvo al t\u00e9rmino del encuentro.<\/p>\n<p>&nbsp;<\/p>\n<p>\u201cEn t\u00e9rminos personales una de las expectativas que tengo es que se ponga en marcha el Juzgado de la ciudad de Tolhuin\u201d y entendi\u00f3 que luego del trabajo generado en 2021, \u201ccon los distintos consejeros; la Dra. Battaini y el legislador Ricardo Furlan en forma conjunta con el intendente Daniel Harrington, se dio lugar al andamiaje institucional y jur\u00eddico para que eso sea una realidad\u201d. En este punto se esperanz\u00f3 en que los vecinos y vecinas de la ciudad mediterr\u00e1nea \u201cpuedan acceder al servicio de Justicia que es fundamental de manera directa\u201d, cerr\u00f3.<\/p>\n<p>&nbsp;<\/p>\n<p style=\"text-align: right\"><em>Gentileza Direcci\u00f3n de Comunicaci\u00f3n del Poder Judicial<\/em><\/p>\n<p style=\"text-align: right\"><em>AT<\/em><\/p>\n\n\t\t<style type=\"text\/css\">\n\t\t\t#gallery-1 {\n\t\t\t\tmargin: auto;\n\t\t\t}\n\t\t\t#gallery-1 .gallery-item {\n\t\t\t\tfloat: left;\n\t\t\t\tmargin-top: 10px;\n\t\t\t\ttext-align: center;\n\t\t\t\twidth: 25%;\n\t\t\t}\n\t\t\t#gallery-1 img {\n\t\t\t\tborder: 2px solid #cfcfcf;\n\t\t\t}\n\t\t\t#gallery-1 .gallery-caption {\n\t\t\t\tmargin-left: 0;\n\t\t\t}\n\t\t\t\/* see gallery_shortcode() in wp-includes\/media.php *\/\n\t\t<\/style>\n\t\t<div data-carousel-extra='{\"blog_id\":1,\"permalink\":\"https:\\\/\\\/www.legistdf.gob.ar\\\/index.php\\\/2022\\\/02\\\/25\\\/justicia-el-consejo-de-la-magistratura-trabaja-proactivamente-para-mejorar-el-servicio-de-justicia-en-la-provincia-dijo-villegas\\\/\"}' id='gallery-1' class='gallery galleryid-30373 gallery-columns-4 gallery-size-thumbnail'><dl class='gallery-item'>\n\t\t\t<dt class='gallery-icon landscape'>\n\t\t\t\t<a href='https:\/\/www.legistdf.gob.ar\/index.php\/2022\/02\/25\/justicia-el-consejo-de-la-magistratura-trabaja-proactivamente-para-mejorar-el-servicio-de-justicia-en-la-provincia-dijo-villegas\/1-consejo-de-la-m\/'><img loading=\"lazy\" decoding=\"async\" width=\"150\" height=\"150\" src=\"https:\/\/www.legistdf.gob.ar\/wp-content\/uploads\/2022\/02\/1-Consejo-de-la-M-150x150.jpg\" class=\"attachment-thumbnail size-thumbnail\" alt=\"\" srcset=\"https:\/\/www.legistdf.gob.ar\/wp-content\/uploads\/2022\/02\/1-Consejo-de-la-M-150x150.jpg 150w, https:\/\/www.legistdf.gob.ar\/wp-content\/uploads\/2022\/02\/1-Consejo-de-la-M-64x64.jpg 64w\" sizes=\"(max-width: 150px) 100vw, 150px\" data-attachment-id=\"30374\" data-permalink=\"https:\/\/www.legistdf.gob.ar\/index.php\/2022\/02\/25\/justicia-el-consejo-de-la-magistratura-trabaja-proactivamente-para-mejorar-el-servicio-de-justicia-en-la-provincia-dijo-villegas\/1-consejo-de-la-m\/\" data-orig-file=\"https:\/\/www.legistdf.gob.ar\/wp-content\/uploads\/2022\/02\/1-Consejo-de-la-M.jpg\" data-orig-size=\"1000,573\" data-comments-opened=\"0\" data-image-meta=\"{&quot;aperture&quot;:&quot;0&quot;,&quot;credit&quot;:&quot;&quot;,&quot;camera&quot;:&quot;&quot;,&quot;caption&quot;:&quot;&quot;,&quot;created_timestamp&quot;:&quot;0&quot;,&quot;copyright&quot;:&quot;&quot;,&quot;focal_length&quot;:&quot;0&quot;,&quot;iso&quot;:&quot;0&quot;,&quot;shutter_speed&quot;:&quot;0&quot;,&quot;title&quot;:&quot;&quot;,&quot;orientation&quot;:&quot;0&quot;}\" data-image-title=\"1 Consejo de la M\" data-image-description=\"\" data-image-caption=\"\" data-medium-file=\"https:\/\/www.legistdf.gob.ar\/wp-content\/uploads\/2022\/02\/1-Consejo-de-la-M-300x172.jpg\" data-large-file=\"https:\/\/www.legistdf.gob.ar\/wp-content\/uploads\/2022\/02\/1-Consejo-de-la-M.jpg\" \/><\/a>\n\t\t\t<\/dt><\/dl><dl class='gallery-item'>\n\t\t\t<dt class='gallery-icon landscape'>\n\t\t\t\t<a href='https:\/\/www.legistdf.gob.ar\/index.php\/2022\/02\/25\/justicia-el-consejo-de-la-magistratura-trabaja-proactivamente-para-mejorar-el-servicio-de-justicia-en-la-provincia-dijo-villegas\/2-consejo-de-la-m\/'><img loading=\"lazy\" decoding=\"async\" width=\"150\" height=\"150\" src=\"https:\/\/www.legistdf.gob.ar\/wp-content\/uploads\/2022\/02\/2-Consejo-de-la-M-150x150.jpg\" class=\"attachment-thumbnail size-thumbnail\" alt=\"\" srcset=\"https:\/\/www.legistdf.gob.ar\/wp-content\/uploads\/2022\/02\/2-Consejo-de-la-M-150x150.jpg 150w, https:\/\/www.legistdf.gob.ar\/wp-content\/uploads\/2022\/02\/2-Consejo-de-la-M-64x64.jpg 64w\" sizes=\"(max-width: 150px) 100vw, 150px\" data-attachment-id=\"30375\" data-permalink=\"https:\/\/www.legistdf.gob.ar\/index.php\/2022\/02\/25\/justicia-el-consejo-de-la-magistratura-trabaja-proactivamente-para-mejorar-el-servicio-de-justicia-en-la-provincia-dijo-villegas\/2-consejo-de-la-m\/\" data-orig-file=\"https:\/\/www.legistdf.gob.ar\/wp-content\/uploads\/2022\/02\/2-Consejo-de-la-M.jpg\" data-orig-size=\"1000,555\" data-comments-opened=\"0\" data-image-meta=\"{&quot;aperture&quot;:&quot;0&quot;,&quot;credit&quot;:&quot;&quot;,&quot;camera&quot;:&quot;&quot;,&quot;caption&quot;:&quot;&quot;,&quot;created_timestamp&quot;:&quot;0&quot;,&quot;copyright&quot;:&quot;&quot;,&quot;focal_length&quot;:&quot;0&quot;,&quot;iso&quot;:&quot;0&quot;,&quot;shutter_speed&quot;:&quot;0&quot;,&quot;title&quot;:&quot;&quot;,&quot;orientation&quot;:&quot;0&quot;}\" data-image-title=\"2 Consejo de la M\" data-image-description=\"\" data-image-caption=\"\" data-medium-file=\"https:\/\/www.legistdf.gob.ar\/wp-content\/uploads\/2022\/02\/2-Consejo-de-la-M-300x167.jpg\" data-large-file=\"https:\/\/www.legistdf.gob.ar\/wp-content\/uploads\/2022\/02\/2-Consejo-de-la-M.jpg\" \/><\/a>\n\t\t\t<\/dt><\/dl><dl class='gallery-item'>\n\t\t\t<dt class='gallery-icon landscape'>\n\t\t\t\t<a href='https:\/\/www.legistdf.gob.ar\/index.php\/2022\/02\/25\/justicia-el-consejo-de-la-magistratura-trabaja-proactivamente-para-mejorar-el-servicio-de-justicia-en-la-provincia-dijo-villegas\/3-consejo-de-la-m\/'><img loading=\"lazy\" decoding=\"async\" width=\"150\" height=\"150\" src=\"https:\/\/www.legistdf.gob.ar\/wp-content\/uploads\/2022\/02\/3-Consejo-de-la-M-150x150.jpg\" class=\"attachment-thumbnail size-thumbnail\" alt=\"\" srcset=\"https:\/\/www.legistdf.gob.ar\/wp-content\/uploads\/2022\/02\/3-Consejo-de-la-M-150x150.jpg 150w, https:\/\/www.legistdf.gob.ar\/wp-content\/uploads\/2022\/02\/3-Consejo-de-la-M-64x64.jpg 64w\" sizes=\"(max-width: 150px) 100vw, 150px\" data-attachment-id=\"30376\" data-permalink=\"https:\/\/www.legistdf.gob.ar\/index.php\/2022\/02\/25\/justicia-el-consejo-de-la-magistratura-trabaja-proactivamente-para-mejorar-el-servicio-de-justicia-en-la-provincia-dijo-villegas\/3-consejo-de-la-m\/\" data-orig-file=\"https:\/\/www.legistdf.gob.ar\/wp-content\/uploads\/2022\/02\/3-Consejo-de-la-M.jpg\" data-orig-size=\"1000,558\" data-comments-opened=\"0\" data-image-meta=\"{&quot;aperture&quot;:&quot;0&quot;,&quot;credit&quot;:&quot;&quot;,&quot;camera&quot;:&quot;&quot;,&quot;caption&quot;:&quot;&quot;,&quot;created_timestamp&quot;:&quot;0&quot;,&quot;copyright&quot;:&quot;&quot;,&quot;focal_length&quot;:&quot;0&quot;,&quot;iso&quot;:&quot;0&quot;,&quot;shutter_speed&quot;:&quot;0&quot;,&quot;title&quot;:&quot;&quot;,&quot;orientation&quot;:&quot;0&quot;}\" data-image-title=\"3 Consejo de la M\" data-image-description=\"\" data-image-caption=\"\" data-medium-file=\"https:\/\/www.legistdf.gob.ar\/wp-content\/uploads\/2022\/02\/3-Consejo-de-la-M-300x167.jpg\" data-large-file=\"https:\/\/www.legistdf.gob.ar\/wp-content\/uploads\/2022\/02\/3-Consejo-de-la-M.jpg\" \/><\/a>\n\t\t\t<\/dt><\/dl><dl class='gallery-item'>\n\t\t\t<dt class='gallery-icon landscape'>\n\t\t\t\t<a href='https:\/\/www.legistdf.gob.ar\/index.php\/2022\/02\/25\/justicia-el-consejo-de-la-magistratura-trabaja-proactivamente-para-mejorar-el-servicio-de-justicia-en-la-provincia-dijo-villegas\/4-consejo-de-la-m\/'><img loading=\"lazy\" decoding=\"async\" width=\"150\" height=\"150\" src=\"https:\/\/www.legistdf.gob.ar\/wp-content\/uploads\/2022\/02\/4-Consejo-de-la-M-150x150.jpg\" class=\"attachment-thumbnail size-thumbnail\" alt=\"\" srcset=\"https:\/\/www.legistdf.gob.ar\/wp-content\/uploads\/2022\/02\/4-Consejo-de-la-M-150x150.jpg 150w, https:\/\/www.legistdf.gob.ar\/wp-content\/uploads\/2022\/02\/4-Consejo-de-la-M-64x64.jpg 64w\" sizes=\"(max-width: 150px) 100vw, 150px\" data-attachment-id=\"30377\" data-permalink=\"https:\/\/www.legistdf.gob.ar\/index.php\/2022\/02\/25\/justicia-el-consejo-de-la-magistratura-trabaja-proactivamente-para-mejorar-el-servicio-de-justicia-en-la-provincia-dijo-villegas\/4-consejo-de-la-m\/\" data-orig-file=\"https:\/\/www.legistdf.gob.ar\/wp-content\/uploads\/2022\/02\/4-Consejo-de-la-M.jpg\" data-orig-size=\"1000,569\" data-comments-opened=\"0\" data-image-meta=\"{&quot;aperture&quot;:&quot;0&quot;,&quot;credit&quot;:&quot;&quot;,&quot;camera&quot;:&quot;&quot;,&quot;caption&quot;:&quot;&quot;,&quot;created_timestamp&quot;:&quot;0&quot;,&quot;copyright&quot;:&quot;&quot;,&quot;focal_length&quot;:&quot;0&quot;,&quot;iso&quot;:&quot;0&quot;,&quot;shutter_speed&quot;:&quot;0&quot;,&quot;title&quot;:&quot;&quot;,&quot;orientation&quot;:&quot;0&quot;}\" data-image-title=\"4 Consejo de la M\" data-image-description=\"\" data-image-caption=\"\" data-medium-file=\"https:\/\/www.legistdf.gob.ar\/wp-content\/uploads\/2022\/02\/4-Consejo-de-la-M-300x171.jpg\" data-large-file=\"https:\/\/www.legistdf.gob.ar\/wp-content\/uploads\/2022\/02\/4-Consejo-de-la-M.jpg\" \/><\/a>\n\t\t\t<\/dt><\/dl><br style=\"clear: both\" \/><dl class='gallery-item'>\n\t\t\t<dt class='gallery-icon landscape'>\n\t\t\t\t<a href='https:\/\/www.legistdf.gob.ar\/index.php\/2022\/02\/25\/justicia-el-consejo-de-la-magistratura-trabaja-proactivamente-para-mejorar-el-servicio-de-justicia-en-la-provincia-dijo-villegas\/whatsapp-image-2022-02-25-at-12-28-13\/'><img loading=\"lazy\" decoding=\"async\" width=\"150\" height=\"150\" src=\"https:\/\/www.legistdf.gob.ar\/wp-content\/uploads\/2022\/02\/WhatsApp-Image-2022-02-25-at-12.28.13-150x150.jpeg\" class=\"attachment-thumbnail size-thumbnail\" alt=\"\" srcset=\"https:\/\/www.legistdf.gob.ar\/wp-content\/uploads\/2022\/02\/WhatsApp-Image-2022-02-25-at-12.28.13-150x150.jpeg 150w, https:\/\/www.legistdf.gob.ar\/wp-content\/uploads\/2022\/02\/WhatsApp-Image-2022-02-25-at-12.28.13-64x64.jpeg 64w\" sizes=\"(max-width: 150px) 100vw, 150px\" data-attachment-id=\"30379\" data-permalink=\"https:\/\/www.legistdf.gob.ar\/index.php\/2022\/02\/25\/justicia-el-consejo-de-la-magistratura-trabaja-proactivamente-para-mejorar-el-servicio-de-justicia-en-la-provincia-dijo-villegas\/whatsapp-image-2022-02-25-at-12-28-13\/\" data-orig-file=\"https:\/\/www.legistdf.gob.ar\/wp-content\/uploads\/2022\/02\/WhatsApp-Image-2022-02-25-at-12.28.13.jpeg\" data-orig-size=\"1280,852\" data-comments-opened=\"0\" data-image-meta=\"{&quot;aperture&quot;:&quot;0&quot;,&quot;credit&quot;:&quot;&quot;,&quot;camera&quot;:&quot;&quot;,&quot;caption&quot;:&quot;&quot;,&quot;created_timestamp&quot;:&quot;0&quot;,&quot;copyright&quot;:&quot;&quot;,&quot;focal_length&quot;:&quot;0&quot;,&quot;iso&quot;:&quot;0&quot;,&quot;shutter_speed&quot;:&quot;0&quot;,&quot;title&quot;:&quot;&quot;,&quot;orientation&quot;:&quot;0&quot;}\" data-image-title=\"WhatsApp Image 2022-02-25 at 12.28.13\" data-image-description=\"\" data-image-caption=\"\" data-medium-file=\"https:\/\/www.legistdf.gob.ar\/wp-content\/uploads\/2022\/02\/WhatsApp-Image-2022-02-25-at-12.28.13-300x200.jpeg\" data-large-file=\"https:\/\/www.legistdf.gob.ar\/wp-content\/uploads\/2022\/02\/WhatsApp-Image-2022-02-25-at-12.28.13-1024x682.jpeg\" \/><\/a>\n\t\t\t<\/dt><\/dl><dl class='gallery-item'>\n\t\t\t<dt class='gallery-icon landscape'>\n\t\t\t\t<a href='https:\/\/www.legistdf.gob.ar\/index.php\/2022\/02\/25\/justicia-el-consejo-de-la-magistratura-trabaja-proactivamente-para-mejorar-el-servicio-de-justicia-en-la-provincia-dijo-villegas\/whatsapp-image-2022-02-25-at-12-28-19\/'><img loading=\"lazy\" decoding=\"async\" width=\"150\" height=\"150\" src=\"https:\/\/www.legistdf.gob.ar\/wp-content\/uploads\/2022\/02\/WhatsApp-Image-2022-02-25-at-12.28.19-150x150.jpeg\" class=\"attachment-thumbnail size-thumbnail\" alt=\"\" srcset=\"https:\/\/www.legistdf.gob.ar\/wp-content\/uploads\/2022\/02\/WhatsApp-Image-2022-02-25-at-12.28.19-150x150.jpeg 150w, https:\/\/www.legistdf.gob.ar\/wp-content\/uploads\/2022\/02\/WhatsApp-Image-2022-02-25-at-12.28.19-64x64.jpeg 64w\" sizes=\"(max-width: 150px) 100vw, 150px\" data-attachment-id=\"30380\" data-permalink=\"https:\/\/www.legistdf.gob.ar\/index.php\/2022\/02\/25\/justicia-el-consejo-de-la-magistratura-trabaja-proactivamente-para-mejorar-el-servicio-de-justicia-en-la-provincia-dijo-villegas\/whatsapp-image-2022-02-25-at-12-28-19\/\" data-orig-file=\"https:\/\/www.legistdf.gob.ar\/wp-content\/uploads\/2022\/02\/WhatsApp-Image-2022-02-25-at-12.28.19.jpeg\" data-orig-size=\"1280,852\" data-comments-opened=\"0\" data-image-meta=\"{&quot;aperture&quot;:&quot;0&quot;,&quot;credit&quot;:&quot;&quot;,&quot;camera&quot;:&quot;&quot;,&quot;caption&quot;:&quot;&quot;,&quot;created_timestamp&quot;:&quot;0&quot;,&quot;copyright&quot;:&quot;&quot;,&quot;focal_length&quot;:&quot;0&quot;,&quot;iso&quot;:&quot;0&quot;,&quot;shutter_speed&quot;:&quot;0&quot;,&quot;title&quot;:&quot;&quot;,&quot;orientation&quot;:&quot;0&quot;}\" data-image-title=\"WhatsApp Image 2022-02-25 at 12.28.19\" data-image-description=\"\" data-image-caption=\"\" data-medium-file=\"https:\/\/www.legistdf.gob.ar\/wp-content\/uploads\/2022\/02\/WhatsApp-Image-2022-02-25-at-12.28.19-300x200.jpeg\" data-large-file=\"https:\/\/www.legistdf.gob.ar\/wp-content\/uploads\/2022\/02\/WhatsApp-Image-2022-02-25-at-12.28.19-1024x682.jpeg\" \/><\/a>\n\t\t\t<\/dt><\/dl><dl class='gallery-item'>\n\t\t\t<dt class='gallery-icon landscape'>\n\t\t\t\t<a href='https:\/\/www.legistdf.gob.ar\/index.php\/2022\/02\/25\/justicia-el-consejo-de-la-magistratura-trabaja-proactivamente-para-mejorar-el-servicio-de-justicia-en-la-provincia-dijo-villegas\/whatsapp-image-2022-02-25-at-12-28-20\/'><img loading=\"lazy\" decoding=\"async\" width=\"150\" height=\"150\" src=\"https:\/\/www.legistdf.gob.ar\/wp-content\/uploads\/2022\/02\/WhatsApp-Image-2022-02-25-at-12.28.20-150x150.jpeg\" class=\"attachment-thumbnail size-thumbnail\" alt=\"\" srcset=\"https:\/\/www.legistdf.gob.ar\/wp-content\/uploads\/2022\/02\/WhatsApp-Image-2022-02-25-at-12.28.20-150x150.jpeg 150w, https:\/\/www.legistdf.gob.ar\/wp-content\/uploads\/2022\/02\/WhatsApp-Image-2022-02-25-at-12.28.20-64x64.jpeg 64w\" sizes=\"(max-width: 150px) 100vw, 150px\" data-attachment-id=\"30381\" data-permalink=\"https:\/\/www.legistdf.gob.ar\/index.php\/2022\/02\/25\/justicia-el-consejo-de-la-magistratura-trabaja-proactivamente-para-mejorar-el-servicio-de-justicia-en-la-provincia-dijo-villegas\/whatsapp-image-2022-02-25-at-12-28-20\/\" data-orig-file=\"https:\/\/www.legistdf.gob.ar\/wp-content\/uploads\/2022\/02\/WhatsApp-Image-2022-02-25-at-12.28.20.jpeg\" data-orig-size=\"1280,852\" data-comments-opened=\"0\" data-image-meta=\"{&quot;aperture&quot;:&quot;0&quot;,&quot;credit&quot;:&quot;&quot;,&quot;camera&quot;:&quot;&quot;,&quot;caption&quot;:&quot;&quot;,&quot;created_timestamp&quot;:&quot;0&quot;,&quot;copyright&quot;:&quot;&quot;,&quot;focal_length&quot;:&quot;0&quot;,&quot;iso&quot;:&quot;0&quot;,&quot;shutter_speed&quot;:&quot;0&quot;,&quot;title&quot;:&quot;&quot;,&quot;orientation&quot;:&quot;0&quot;}\" data-image-title=\"WhatsApp Image 2022-02-25 at 12.28.20\" data-image-description=\"\" data-image-caption=\"\" data-medium-file=\"https:\/\/www.legistdf.gob.ar\/wp-content\/uploads\/2022\/02\/WhatsApp-Image-2022-02-25-at-12.28.20-300x200.jpeg\" data-large-file=\"https:\/\/www.legistdf.gob.ar\/wp-content\/uploads\/2022\/02\/WhatsApp-Image-2022-02-25-at-12.28.20-1024x682.jpeg\" \/><\/a>\n\t\t\t<\/dt><\/dl><dl class='gallery-item'>\n\t\t\t<dt class='gallery-icon landscape'>\n\t\t\t\t<a href='https:\/\/www.legistdf.gob.ar\/index.php\/2022\/02\/25\/justicia-el-consejo-de-la-magistratura-trabaja-proactivamente-para-mejorar-el-servicio-de-justicia-en-la-provincia-dijo-villegas\/whatsapp-image-2022-02-25-at-12-28-25\/'><img loading=\"lazy\" decoding=\"async\" width=\"150\" height=\"150\" src=\"https:\/\/www.legistdf.gob.ar\/wp-content\/uploads\/2022\/02\/WhatsApp-Image-2022-02-25-at-12.28.25-150x150.jpeg\" class=\"attachment-thumbnail size-thumbnail\" alt=\"\" srcset=\"https:\/\/www.legistdf.gob.ar\/wp-content\/uploads\/2022\/02\/WhatsApp-Image-2022-02-25-at-12.28.25-150x150.jpeg 150w, https:\/\/www.legistdf.gob.ar\/wp-content\/uploads\/2022\/02\/WhatsApp-Image-2022-02-25-at-12.28.25-64x64.jpeg 64w\" sizes=\"(max-width: 150px) 100vw, 150px\" data-attachment-id=\"30382\" data-permalink=\"https:\/\/www.legistdf.gob.ar\/index.php\/2022\/02\/25\/justicia-el-consejo-de-la-magistratura-trabaja-proactivamente-para-mejorar-el-servicio-de-justicia-en-la-provincia-dijo-villegas\/whatsapp-image-2022-02-25-at-12-28-25\/\" data-orig-file=\"https:\/\/www.legistdf.gob.ar\/wp-content\/uploads\/2022\/02\/WhatsApp-Image-2022-02-25-at-12.28.25.jpeg\" data-orig-size=\"1280,852\" data-comments-opened=\"0\" data-image-meta=\"{&quot;aperture&quot;:&quot;0&quot;,&quot;credit&quot;:&quot;&quot;,&quot;camera&quot;:&quot;&quot;,&quot;caption&quot;:&quot;&quot;,&quot;created_timestamp&quot;:&quot;0&quot;,&quot;copyright&quot;:&quot;&quot;,&quot;focal_length&quot;:&quot;0&quot;,&quot;iso&quot;:&quot;0&quot;,&quot;shutter_speed&quot;:&quot;0&quot;,&quot;title&quot;:&quot;&quot;,&quot;orientation&quot;:&quot;0&quot;}\" data-image-title=\"WhatsApp Image 2022-02-25 at 12.28.25\" data-image-description=\"\" data-image-caption=\"\" data-medium-file=\"https:\/\/www.legistdf.gob.ar\/wp-content\/uploads\/2022\/02\/WhatsApp-Image-2022-02-25-at-12.28.25-300x200.jpeg\" data-large-file=\"https:\/\/www.legistdf.gob.ar\/wp-content\/uploads\/2022\/02\/WhatsApp-Image-2022-02-25-at-12.28.25-1024x682.jpeg\" \/><\/a>\n\t\t\t<\/dt><\/dl><br style=\"clear: both\" \/><dl class='gallery-item'>\n\t\t\t<dt class='gallery-icon landscape'>\n\t\t\t\t<a href='https:\/\/www.legistdf.gob.ar\/index.php\/2022\/02\/25\/justicia-el-consejo-de-la-magistratura-trabaja-proactivamente-para-mejorar-el-servicio-de-justicia-en-la-provincia-dijo-villegas\/whatsapp-image-2022-02-25-at-12-28-26-1\/'><img loading=\"lazy\" decoding=\"async\" width=\"150\" height=\"150\" src=\"https:\/\/www.legistdf.gob.ar\/wp-content\/uploads\/2022\/02\/WhatsApp-Image-2022-02-25-at-12.28.26-1-150x150.jpeg\" class=\"attachment-thumbnail size-thumbnail\" alt=\"\" srcset=\"https:\/\/www.legistdf.gob.ar\/wp-content\/uploads\/2022\/02\/WhatsApp-Image-2022-02-25-at-12.28.26-1-150x150.jpeg 150w, https:\/\/www.legistdf.gob.ar\/wp-content\/uploads\/2022\/02\/WhatsApp-Image-2022-02-25-at-12.28.26-1-64x64.jpeg 64w\" sizes=\"(max-width: 150px) 100vw, 150px\" data-attachment-id=\"30383\" data-permalink=\"https:\/\/www.legistdf.gob.ar\/index.php\/2022\/02\/25\/justicia-el-consejo-de-la-magistratura-trabaja-proactivamente-para-mejorar-el-servicio-de-justicia-en-la-provincia-dijo-villegas\/whatsapp-image-2022-02-25-at-12-28-26-1\/\" data-orig-file=\"https:\/\/www.legistdf.gob.ar\/wp-content\/uploads\/2022\/02\/WhatsApp-Image-2022-02-25-at-12.28.26-1.jpeg\" data-orig-size=\"1280,852\" data-comments-opened=\"0\" data-image-meta=\"{&quot;aperture&quot;:&quot;0&quot;,&quot;credit&quot;:&quot;&quot;,&quot;camera&quot;:&quot;&quot;,&quot;caption&quot;:&quot;&quot;,&quot;created_timestamp&quot;:&quot;0&quot;,&quot;copyright&quot;:&quot;&quot;,&quot;focal_length&quot;:&quot;0&quot;,&quot;iso&quot;:&quot;0&quot;,&quot;shutter_speed&quot;:&quot;0&quot;,&quot;title&quot;:&quot;&quot;,&quot;orientation&quot;:&quot;0&quot;}\" data-image-title=\"WhatsApp Image 2022-02-25 at 12.28.26 (1)\" data-image-description=\"\" data-image-caption=\"\" data-medium-file=\"https:\/\/www.legistdf.gob.ar\/wp-content\/uploads\/2022\/02\/WhatsApp-Image-2022-02-25-at-12.28.26-1-300x200.jpeg\" data-large-file=\"https:\/\/www.legistdf.gob.ar\/wp-content\/uploads\/2022\/02\/WhatsApp-Image-2022-02-25-at-12.28.26-1-1024x682.jpeg\" \/><\/a>\n\t\t\t<\/dt><\/dl>\n\t\t\t<br style='clear: both' \/>\n\t\t<\/div>\n\n","protected":false},"excerpt":{"rendered":"<p>Ushuaia, viernes 25 de febrero de 2022.- El legislador Pablo Villegas (MPF), se expres\u00f3 sobre el primer encuentro de 2022 del Consejo de la Magistratura, \u00e1mbito colegiado que integra por designaci\u00f3n de la C\u00e1mara legislativa. En la elecci\u00f3n de autoridades, el consejero detall\u00f3 que ejercer\u00e1 la vicepresidencia la Dra. Gabriela San Mart\u00edn. Asimismo se esperanz\u00f3 [&hellip;]<\/p>\n","protected":false},"author":352,"featured_media":30382,"comment_status":"closed","ping_status":"open","sticky":false,"template":"","format":"standard","meta":{"jetpack_post_was_ever_published":false,"_jetpack_newsletter_access":"","_jetpack_dont_email_post_to_subs":false,"_jetpack_newsletter_tier_id":0,"footnotes":"","jetpack_publicize_message":"","jetpack_publicize_feature_enabled":true,"jetpack_social_post_already_shared":true,"jetpack_social_options":{"image_generator_settings":{"template":"highway","enabled":false}}},"categories":[1],"tags":[163,610,78,106,104,79,87],"jetpack_publicize_connections":[],"jetpack_sharing_enabled":true,"jetpack_featured_media_url":"https:\/\/www.legistdf.gob.ar\/wp-content\/uploads\/2022\/02\/WhatsApp-Image-2022-02-25-at-12.28.25.jpeg","jetpack-related-posts":[],"_links":{"self":[{"href":"https:\/\/www.legistdf.gob.ar\/index.php\/wp-json\/wp\/v2\/posts\/30373"}],"collection":[{"href":"https:\/\/www.legistdf.gob.ar\/index.php\/wp-json\/wp\/v2\/posts"}],"about":[{"href":"https:\/\/www.legistdf.gob.ar\/index.php\/wp-json\/wp\/v2\/types\/post"}],"author":[{"embeddable":true,"href":"https:\/\/www.legistdf.gob.ar\/index.php\/wp-json\/wp\/v2\/users\/352"}],"replies":[{"embeddable":true,"href":"https:\/\/www.legistdf.gob.ar\/index.php\/wp-json\/wp\/v2\/comments?post=30373"}],"version-history":[{"count":3,"href":"https:\/\/www.legistdf.gob.ar\/index.php\/wp-json\/wp\/v2\/posts\/30373\/revisions"}],"predecessor-version":[{"id":30385,"href":"https:\/\/www.legistdf.gob.ar\/index.php\/wp-json\/wp\/v2\/posts\/30373\/revisions\/30385"}],"wp:featuredmedia":[{"embeddable":true,"href":"https:\/\/www.legistdf.gob.ar\/index.php\/wp-json\/wp\/v2\/media\/30382"}],"wp:attachment":[{"href":"https:\/\/www.legistdf.gob.ar\/index.php\/wp-json\/wp\/v2\/media?parent=30373"}],"wp:term":[{"taxonomy":"category","embeddable":true,"href":"https:\/\/www.legistdf.gob.ar\/index.php\/wp-json\/wp\/v2\/categories?post=30373"},{"taxonomy":"post_tag","embeddable":true,"href":"https:\/\/www.legistdf.gob.ar\/index.php\/wp-json\/wp\/v2\/tags?post=30373"}],"curies":[{"name":"wp","href":"https:\/\/api.w.org\/{rel}","templated":true}]}}