{"id":31206,"date":"2022-03-25T19:23:35","date_gmt":"2022-03-25T22:23:35","guid":{"rendered":"https:\/\/www.legistdf.gob.ar\/?p=31206"},"modified":"2022-03-25T19:23:35","modified_gmt":"2022-03-25T22:23:35","slug":"parlamento-con-agenda-malvinera-anunciaron-la-1a-sesion-ordinaria-de-2022","status":"publish","type":"post","link":"https:\/\/www.legistdf.gob.ar\/index.php\/2022\/03\/25\/parlamento-con-agenda-malvinera-anunciaron-la-1a-sesion-ordinaria-de-2022\/","title":{"rendered":"PARLAMENTO: Con agenda malvinera, anunciaron la 1\u00aa sesi\u00f3n ordinaria de 2022"},"content":{"rendered":"<p><strong><img loading=\"lazy\" decoding=\"async\" data-attachment-id=\"30892\" data-permalink=\"https:\/\/www.legistdf.gob.ar\/index.php\/2022\/03\/10\/turismo-inauguraron-la-puesta-en-valor-de-la-senda-de-laguna-esmeralda\/img_6636-2\/\" data-orig-file=\"https:\/\/www.legistdf.gob.ar\/wp-content\/uploads\/2022\/03\/IMG_6636.jpg\" data-orig-size=\"1000,667\" data-comments-opened=\"0\" data-image-meta=\"{&quot;aperture&quot;:&quot;6.3&quot;,&quot;credit&quot;:&quot;ANDRES TOLEDO&quot;,&quot;camera&quot;:&quot;Canon EOS 760D&quot;,&quot;caption&quot;:&quot;&quot;,&quot;created_timestamp&quot;:&quot;1646913306&quot;,&quot;copyright&quot;:&quot;2020 TDF&quot;,&quot;focal_length&quot;:&quot;200&quot;,&quot;iso&quot;:&quot;400&quot;,&quot;shutter_speed&quot;:&quot;0.0025&quot;,&quot;title&quot;:&quot;&quot;,&quot;orientation&quot;:&quot;0&quot;}\" data-image-title=\"IMG_6636\" data-image-description=\"\" data-image-caption=\"\" data-medium-file=\"https:\/\/www.legistdf.gob.ar\/wp-content\/uploads\/2022\/03\/IMG_6636-300x200.jpg\" data-large-file=\"https:\/\/www.legistdf.gob.ar\/wp-content\/uploads\/2022\/03\/IMG_6636.jpg\" class=\"alignleft wp-image-30892 size-medium\" src=\"https:\/\/www.legistdf.gob.ar\/wp-content\/uploads\/2022\/03\/IMG_6636-300x200.jpg\" alt=\"\" width=\"300\" height=\"200\" srcset=\"https:\/\/www.legistdf.gob.ar\/wp-content\/uploads\/2022\/03\/IMG_6636-300x200.jpg 300w, https:\/\/www.legistdf.gob.ar\/wp-content\/uploads\/2022\/03\/IMG_6636-768x512.jpg 768w, https:\/\/www.legistdf.gob.ar\/wp-content\/uploads\/2022\/03\/IMG_6636-160x107.jpg 160w, https:\/\/www.legistdf.gob.ar\/wp-content\/uploads\/2022\/03\/IMG_6636.jpg 1000w\" sizes=\"(max-width: 300px) 100vw, 300px\" \/>Ushuaia, viernes 25 de marzo de 2022.- El mi\u00e9rcoles 30 de marzo a partir de las 14 se realizar\u00e1 la 1\u00aa sesi\u00f3n ordinaria del Poder Legislativo fueguino en el Recinto de sesiones de Yaganes y H\u00e9roes de Malvinas de la capital provincial. As\u00ed lo indica la resoluci\u00f3n N\u00ba 66\/22 firmada por la vicegobernadora, M\u00f3nica Urquiza. Desde las bancadas de la Legislatura y la misma presidencia, adelantaron una agenda de asuntos basada en el 40\u00b0 aniversario de la Gesta de Malvinas con sendos homenajes a Veteranos de Guerra.<\/strong><\/p>\n<p>&nbsp;<\/p>\n<p>Cabe destacar que en el documento rubricado hoy, por la m\u00e1xima autoridad parlamentaria, se indica que el cierre de asuntos ser\u00e1 el lunes 28 a las 11 y la reuni\u00f3n de Labor Parlamentaria se efectuar\u00e1 el martes 29 a las 11 en la sede de la presidencia legislativa.<\/p>\n<p>&nbsp;<\/p>\n<p style=\"text-align: right\"><em>ZV-AT<\/em><\/p>\n","protected":false},"excerpt":{"rendered":"<p>Ushuaia, viernes 25 de marzo de 2022.- El mi\u00e9rcoles 30 de marzo a partir de las 14 se realizar\u00e1 la 1\u00aa sesi\u00f3n ordinaria del Poder Legislativo fueguino en el Recinto de sesiones de Yaganes y H\u00e9roes de Malvinas de la capital provincial. As\u00ed lo indica la resoluci\u00f3n N\u00ba 66\/22 firmada por la vicegobernadora, M\u00f3nica Urquiza. [&hellip;]<\/p>\n","protected":false},"author":352,"featured_media":30892,"comment_status":"closed","ping_status":"open","sticky":false,"template":"","format":"standard","meta":{"jetpack_post_was_ever_published":false,"_jetpack_newsletter_access":"","_jetpack_dont_email_post_to_subs":false,"_jetpack_newsletter_tier_id":0,"footnotes":"","jetpack_publicize_message":"","jetpack_publicize_feature_enabled":true,"jetpack_social_post_already_shared":true,"jetpack_social_options":{"image_generator_settings":{"template":"highway","enabled":false}}},"categories":[1],"tags":[78,144,117,79,87],"jetpack_publicize_connections":[],"jetpack_sharing_enabled":true,"jetpack_featured_media_url":"https:\/\/www.legistdf.gob.ar\/wp-content\/uploads\/2022\/03\/IMG_6636.jpg","jetpack-related-posts":[],"_links":{"self":[{"href":"https:\/\/www.legistdf.gob.ar\/index.php\/wp-json\/wp\/v2\/posts\/31206"}],"collection":[{"href":"https:\/\/www.legistdf.gob.ar\/index.php\/wp-json\/wp\/v2\/posts"}],"about":[{"href":"https:\/\/www.legistdf.gob.ar\/index.php\/wp-json\/wp\/v2\/types\/post"}],"author":[{"embeddable":true,"href":"https:\/\/www.legistdf.gob.ar\/index.php\/wp-json\/wp\/v2\/users\/352"}],"replies":[{"embeddable":true,"href":"https:\/\/www.legistdf.gob.ar\/index.php\/wp-json\/wp\/v2\/comments?post=31206"}],"version-history":[{"count":1,"href":"https:\/\/www.legistdf.gob.ar\/index.php\/wp-json\/wp\/v2\/posts\/31206\/revisions"}],"predecessor-version":[{"id":31207,"href":"https:\/\/www.legistdf.gob.ar\/index.php\/wp-json\/wp\/v2\/posts\/31206\/revisions\/31207"}],"wp:featuredmedia":[{"embeddable":true,"href":"https:\/\/www.legistdf.gob.ar\/index.php\/wp-json\/wp\/v2\/media\/30892"}],"wp:attachment":[{"href":"https:\/\/www.legistdf.gob.ar\/index.php\/wp-json\/wp\/v2\/media?parent=31206"}],"wp:term":[{"taxonomy":"category","embeddable":true,"href":"https:\/\/www.legistdf.gob.ar\/index.php\/wp-json\/wp\/v2\/categories?post=31206"},{"taxonomy":"post_tag","embeddable":true,"href":"https:\/\/www.legistdf.gob.ar\/index.php\/wp-json\/wp\/v2\/tags?post=31206"}],"curies":[{"name":"wp","href":"https:\/\/api.w.org\/{rel}","templated":true}]}}