{"id":31538,"date":"2022-03-31T12:00:22","date_gmt":"2022-03-31T15:00:22","guid":{"rendered":"https:\/\/www.legistdf.gob.ar\/?p=31538"},"modified":"2022-03-31T10:46:00","modified_gmt":"2022-03-31T13:46:00","slug":"osef-creo-que-ha-sido-un-paso-positivo-para-oxigenar-la-obra-social","status":"publish","type":"post","link":"https:\/\/www.legistdf.gob.ar\/index.php\/2022\/03\/31\/osef-creo-que-ha-sido-un-paso-positivo-para-oxigenar-la-obra-social\/","title":{"rendered":"OSEF: \u201cCreo que ha sido un paso positivo para oxigenar\u201d la obra social"},"content":{"rendered":"<p><strong><img loading=\"lazy\" decoding=\"async\" data-attachment-id=\"31486\" data-permalink=\"https:\/\/www.legistdf.gob.ar\/index.php\/2022\/03\/30\/galeria-imagenes-1a-sesion-ordinaria\/img_5325-3\/\" data-orig-file=\"https:\/\/www.legistdf.gob.ar\/wp-content\/uploads\/2022\/03\/IMG_5325.jpg\" data-orig-size=\"1000,667\" data-comments-opened=\"0\" data-image-meta=\"{&quot;aperture&quot;:&quot;5.6&quot;,&quot;credit&quot;:&quot;&quot;,&quot;camera&quot;:&quot;Canon EOS 6D&quot;,&quot;caption&quot;:&quot;&quot;,&quot;created_timestamp&quot;:&quot;1648657673&quot;,&quot;copyright&quot;:&quot;&quot;,&quot;focal_length&quot;:&quot;35&quot;,&quot;iso&quot;:&quot;1600&quot;,&quot;shutter_speed&quot;:&quot;0.008&quot;,&quot;title&quot;:&quot;&quot;,&quot;orientation&quot;:&quot;0&quot;}\" data-image-title=\"IMG_5325\" data-image-description=\"\" data-image-caption=\"\" data-medium-file=\"https:\/\/www.legistdf.gob.ar\/wp-content\/uploads\/2022\/03\/IMG_5325-300x200.jpg\" data-large-file=\"https:\/\/www.legistdf.gob.ar\/wp-content\/uploads\/2022\/03\/IMG_5325.jpg\" class=\"alignleft wp-image-31486 size-medium\" src=\"https:\/\/www.legistdf.gob.ar\/wp-content\/uploads\/2022\/03\/IMG_5325-300x200.jpg\" alt=\"\" width=\"300\" height=\"200\" srcset=\"https:\/\/www.legistdf.gob.ar\/wp-content\/uploads\/2022\/03\/IMG_5325-300x200.jpg 300w, https:\/\/www.legistdf.gob.ar\/wp-content\/uploads\/2022\/03\/IMG_5325-768x512.jpg 768w, https:\/\/www.legistdf.gob.ar\/wp-content\/uploads\/2022\/03\/IMG_5325-160x107.jpg 160w, https:\/\/www.legistdf.gob.ar\/wp-content\/uploads\/2022\/03\/IMG_5325.jpg 1000w\" sizes=\"(max-width: 300px) 100vw, 300px\" \/>Ushuaia, jueves 31 de marzo de 2022.- Durante la 1\u00aa sesi\u00f3n ordinaria, tom\u00f3 estado parlamentario y fue tratado sobre tablas el <a href=\"https:\/\/www.legistdf.gob.ar\/lp\/novedadesip\/Asuntos%20Entrados%202022\/As.%20N%BA%20111-22.pdf\" target=\"_blank\" rel=\"noopener noreferrer\">asunto N\u00ba 111\/22<\/a>, texto fue consensuado por los distintos bloques pol\u00edticos. La norma autoriza al Ejecutivo provincial a ampliar el monto para la emisi\u00f3n de letras con el fin de afrontar \u201cdeficiencias estacionales de caja\u201d, seg\u00fan reza la Ley provincial N\u00ba <a href=\"http:\/\/200.41.191.125:134\/index.php\/993-administracion-financiera-y-sistemas-de-control-del-sector-publico-provincial\" target=\"_blank\" rel=\"noopener noreferrer\">495,<\/a> de Administraci\u00f3n Financiera. \u201cDeterminamos que una suma de mil millones de pesos tengan afectaci\u00f3n al pago de deuda consolidada y flotante de la Obra Social del Estado Fueguino\u201d (OSEF)\u201d, dijo.<\/strong><\/p>\n<p>&nbsp;<\/p>\n<p>Al respecto, Prensa Legislativa dialog\u00f3 con el legislador Pablo Villegas (MPF), momento en que explic\u00f3 que se trata de \u201cun proyecto de Ley que tuvo su origen en el Poder Ejecutivo, el cual tiene dos caras: Por un lado solicitaron el aumento de la autorizaci\u00f3n de la emisi\u00f3n de letras, ya que en su momento hab\u00edamos autorizado 3 mil millones de pesos en la <a href=\"http:\/\/200.41.191.125:134\/index.php\/1831-presupuesto-general-de-gastos-y-recursos-de-la-administracion-publica-provincial-administracion-central-y-organismos-descentralizados-ejercicio-2021\" target=\"_blank\" rel=\"noopener noreferrer\">Ley de Presupuesto N\u00ba 1333<\/a>, correspondiente al ejercicio 2021; ahora se pide un aumento hasta la suma de 7 mil millones de pesos\u201d, dijo.<\/p>\n<p>&nbsp;<\/p>\n<p><img loading=\"lazy\" decoding=\"async\" data-attachment-id=\"30706\" data-permalink=\"https:\/\/www.legistdf.gob.ar\/index.php\/2022\/03\/07\/sesion-sancionaron-la-reestructuracion-de-la-deuda-con-anses\/img_2874-4\/\" data-orig-file=\"https:\/\/www.legistdf.gob.ar\/wp-content\/uploads\/2022\/03\/IMG_2874-1.jpg\" data-orig-size=\"1000,667\" data-comments-opened=\"0\" data-image-meta=\"{&quot;aperture&quot;:&quot;8&quot;,&quot;credit&quot;:&quot;&quot;,&quot;camera&quot;:&quot;Canon EOS 6D&quot;,&quot;caption&quot;:&quot;&quot;,&quot;created_timestamp&quot;:&quot;1646669945&quot;,&quot;copyright&quot;:&quot;&quot;,&quot;focal_length&quot;:&quot;70&quot;,&quot;iso&quot;:&quot;1000&quot;,&quot;shutter_speed&quot;:&quot;0.016666666666667&quot;,&quot;title&quot;:&quot;&quot;,&quot;orientation&quot;:&quot;0&quot;}\" data-image-title=\"IMG_2874\" data-image-description=\"\" data-image-caption=\"\" data-medium-file=\"https:\/\/www.legistdf.gob.ar\/wp-content\/uploads\/2022\/03\/IMG_2874-1-300x200.jpg\" data-large-file=\"https:\/\/www.legistdf.gob.ar\/wp-content\/uploads\/2022\/03\/IMG_2874-1.jpg\" class=\"alignright wp-image-30706 size-medium\" src=\"https:\/\/www.legistdf.gob.ar\/wp-content\/uploads\/2022\/03\/IMG_2874-1-300x200.jpg\" alt=\"\" width=\"300\" height=\"200\" srcset=\"https:\/\/www.legistdf.gob.ar\/wp-content\/uploads\/2022\/03\/IMG_2874-1-300x200.jpg 300w, https:\/\/www.legistdf.gob.ar\/wp-content\/uploads\/2022\/03\/IMG_2874-1-768x512.jpg 768w, https:\/\/www.legistdf.gob.ar\/wp-content\/uploads\/2022\/03\/IMG_2874-1-160x107.jpg 160w, https:\/\/www.legistdf.gob.ar\/wp-content\/uploads\/2022\/03\/IMG_2874-1.jpg 1000w\" sizes=\"(max-width: 300px) 100vw, 300px\" \/>\u201cLo que hemos hecho todos los bloques legislativos, de buen tino y de manera acordada con el Poder Ejecutivo, es establecer un art\u00edculo que, si bien autorizamos ese aumento de la emisi\u00f3n de letras y autorizamos tambi\u00e9n que se afecten como garant\u00eda los recursos de coparticipaci\u00f3n netos, tambi\u00e9n determinamos que una suma de mil millones de pesos tengan afectaci\u00f3n al pago de deuda consolidada y flotante de la Obra Social del Estado Fueguino\u201d (OSEF), expuso el referente del Movimiento Popular Fueguino.<\/p>\n<p>&nbsp;<\/p>\n<p>Al momento de justificar la postura de todos los Parlamentarios, Villegas aclar\u00f3 que se busca \u201cque de una vez por todas y entre todos podamos empezar a resolver los problemas que son de p\u00fablico conocimiento, que uno trata de evitar, que tiene la Obra Social y que afectan la vida de muchas familias y muchas personas, fueguinos y fueguinas\u201d.<\/p>\n<p>&nbsp;<\/p>\n<p>Por \u00faltimo, el Parlamentario adelant\u00f3 que \u201cen el corto plazo vamos a empezar a tratar el proyecto de Ley que tom\u00f3 estado parlamentario en el d\u00eda de hoy, que tiene que ver con la modificaci\u00f3n de la <a href=\"http:\/\/200.41.191.125:134\/index.php\/1569-obra-social-de-la-provincia-de-tierra-del-fuego-osptf-creacion\" target=\"_blank\" rel=\"noopener noreferrer\">Ley provincial N\u00ba 1071<\/a>, tambi\u00e9n relacionado con la OSEF. Creo que ha sido un paso positivo, destinar con cierta afectaci\u00f3n espec\u00edfica, una suma de mil millones, para oxigenar desde el punto de vista financiero y econ\u00f3mico a la Obra Social\u201d, concluy\u00f3 Villegas.<\/p>\n<p>&nbsp;<\/p>\n<p style=\"text-align: right\"><em>LVV-NEGM<\/em><\/p>\n","protected":false},"excerpt":{"rendered":"<p>Ushuaia, jueves 31 de marzo de 2022.- Durante la 1\u00aa sesi\u00f3n ordinaria, tom\u00f3 estado parlamentario y fue tratado sobre tablas el asunto N\u00ba 111\/22, texto fue consensuado por los distintos bloques pol\u00edticos. La norma autoriza al Ejecutivo provincial a ampliar el monto para la emisi\u00f3n de letras con el fin de afrontar \u201cdeficiencias estacionales de [&hellip;]<\/p>\n","protected":false},"author":352,"featured_media":30706,"comment_status":"closed","ping_status":"open","sticky":false,"template":"","format":"standard","meta":{"jetpack_post_was_ever_published":false,"_jetpack_newsletter_access":"","_jetpack_dont_email_post_to_subs":false,"_jetpack_newsletter_tier_id":0,"footnotes":"","jetpack_publicize_message":"","jetpack_publicize_feature_enabled":true,"jetpack_social_post_already_shared":true,"jetpack_social_options":{"image_generator_settings":{"template":"highway","enabled":false}}},"categories":[1],"tags":[78,179,106,117,79,87],"jetpack_publicize_connections":[],"jetpack_sharing_enabled":true,"jetpack_featured_media_url":"https:\/\/www.legistdf.gob.ar\/wp-content\/uploads\/2022\/03\/IMG_2874-1.jpg","jetpack-related-posts":[],"_links":{"self":[{"href":"https:\/\/www.legistdf.gob.ar\/index.php\/wp-json\/wp\/v2\/posts\/31538"}],"collection":[{"href":"https:\/\/www.legistdf.gob.ar\/index.php\/wp-json\/wp\/v2\/posts"}],"about":[{"href":"https:\/\/www.legistdf.gob.ar\/index.php\/wp-json\/wp\/v2\/types\/post"}],"author":[{"embeddable":true,"href":"https:\/\/www.legistdf.gob.ar\/index.php\/wp-json\/wp\/v2\/users\/352"}],"replies":[{"embeddable":true,"href":"https:\/\/www.legistdf.gob.ar\/index.php\/wp-json\/wp\/v2\/comments?post=31538"}],"version-history":[{"count":2,"href":"https:\/\/www.legistdf.gob.ar\/index.php\/wp-json\/wp\/v2\/posts\/31538\/revisions"}],"predecessor-version":[{"id":31540,"href":"https:\/\/www.legistdf.gob.ar\/index.php\/wp-json\/wp\/v2\/posts\/31538\/revisions\/31540"}],"wp:featuredmedia":[{"embeddable":true,"href":"https:\/\/www.legistdf.gob.ar\/index.php\/wp-json\/wp\/v2\/media\/30706"}],"wp:attachment":[{"href":"https:\/\/www.legistdf.gob.ar\/index.php\/wp-json\/wp\/v2\/media?parent=31538"}],"wp:term":[{"taxonomy":"category","embeddable":true,"href":"https:\/\/www.legistdf.gob.ar\/index.php\/wp-json\/wp\/v2\/categories?post=31538"},{"taxonomy":"post_tag","embeddable":true,"href":"https:\/\/www.legistdf.gob.ar\/index.php\/wp-json\/wp\/v2\/tags?post=31538"}],"curies":[{"name":"wp","href":"https:\/\/api.w.org\/{rel}","templated":true}]}}