{"id":31550,"date":"2022-03-31T12:42:15","date_gmt":"2022-03-31T15:42:15","guid":{"rendered":"https:\/\/www.legistdf.gob.ar\/?p=31550"},"modified":"2022-03-31T12:42:15","modified_gmt":"2022-03-31T15:42:15","slug":"trentino-la-cuestion-malvinas-no-hace-distinciones-y-todo-el-pueblo-se-hace-presente","status":"publish","type":"post","link":"https:\/\/www.legistdf.gob.ar\/index.php\/2022\/03\/31\/trentino-la-cuestion-malvinas-no-hace-distinciones-y-todo-el-pueblo-se-hace-presente\/","title":{"rendered":"TRENTINO: \u00abLa cuesti\u00f3n Malvinas no hace distinciones y todo el pueblo se hace presente\u00bb"},"content":{"rendered":"<p><strong><img loading=\"lazy\" decoding=\"async\" data-attachment-id=\"31458\" data-permalink=\"https:\/\/www.legistdf.gob.ar\/index.php\/2022\/03\/30\/galeria-imagenes-acto-entrega-de-medallas-y-diplomas-a-veteranos-de-guerra-de-malvinas\/img_1068-3\/\" data-orig-file=\"https:\/\/www.legistdf.gob.ar\/wp-content\/uploads\/2022\/03\/IMG_1068.jpg\" data-orig-size=\"1000,667\" data-comments-opened=\"0\" data-image-meta=\"{&quot;aperture&quot;:&quot;8&quot;,&quot;credit&quot;:&quot;&quot;,&quot;camera&quot;:&quot;Canon EOS 70D&quot;,&quot;caption&quot;:&quot;&quot;,&quot;created_timestamp&quot;:&quot;1648646490&quot;,&quot;copyright&quot;:&quot;&quot;,&quot;focal_length&quot;:&quot;260&quot;,&quot;iso&quot;:&quot;125&quot;,&quot;shutter_speed&quot;:&quot;0.008&quot;,&quot;title&quot;:&quot;&quot;,&quot;orientation&quot;:&quot;0&quot;}\" data-image-title=\"IMG_1068\" data-image-description=\"\" data-image-caption=\"\" data-medium-file=\"https:\/\/www.legistdf.gob.ar\/wp-content\/uploads\/2022\/03\/IMG_1068-300x200.jpg\" data-large-file=\"https:\/\/www.legistdf.gob.ar\/wp-content\/uploads\/2022\/03\/IMG_1068.jpg\" class=\"alignleft wp-image-31458 size-medium\" src=\"https:\/\/www.legistdf.gob.ar\/wp-content\/uploads\/2022\/03\/IMG_1068-300x200.jpg\" alt=\"\" width=\"300\" height=\"200\" srcset=\"https:\/\/www.legistdf.gob.ar\/wp-content\/uploads\/2022\/03\/IMG_1068-300x200.jpg 300w, https:\/\/www.legistdf.gob.ar\/wp-content\/uploads\/2022\/03\/IMG_1068-768x512.jpg 768w, https:\/\/www.legistdf.gob.ar\/wp-content\/uploads\/2022\/03\/IMG_1068-160x107.jpg 160w, https:\/\/www.legistdf.gob.ar\/wp-content\/uploads\/2022\/03\/IMG_1068.jpg 1000w\" sizes=\"(max-width: 300px) 100vw, 300px\" \/>Ushuaia, jueves 31 de marzo de 2022.- El legislador Emmanuel Trentino (FORJA) asegur\u00f3 que \u201csiempre que podemos encontrarnos con los Veteranos nos emocionamos. Este es un momento muy especial\u201d, dijo en el acto de entrega de medallas y diplomas en el marco del 40\u00ba aniversario de la Gesta de Malvinas. <\/strong><\/p>\n<p>&nbsp;<\/p>\n<p>En otro p\u00e1rrafo en di\u00e1logo con Prensa Legislativa, asegur\u00f3 que \u201cfue muy emotivo entregarles las medallas a los familiares de aquellos Veteranos que ya no est\u00e1n entre nosotros\u201d y entendi\u00f3 que la Causa Malvinas genera ese sentimiento en\u00a0 los fueguinos y fueguinas. \u201cPensar en todos aquellos Veteranos que dieron su vida y no pudieron volver, y compartir el sufrimiento de esas familias\u201d, reflexion\u00f3.<\/p>\n<p>&nbsp;<\/p>\n<p><img loading=\"lazy\" decoding=\"async\" data-attachment-id=\"31408\" data-permalink=\"https:\/\/www.legistdf.gob.ar\/index.php\/2022\/03\/30\/galeria-imagenes-acto-entrega-de-medallas-y-diplomas-a-veteranos-de-guerra-de-malvinas\/img_0619-2\/\" data-orig-file=\"https:\/\/www.legistdf.gob.ar\/wp-content\/uploads\/2022\/03\/IMG_0619.jpg\" data-orig-size=\"1000,667\" data-comments-opened=\"0\" data-image-meta=\"{&quot;aperture&quot;:&quot;6.3&quot;,&quot;credit&quot;:&quot;&quot;,&quot;camera&quot;:&quot;Canon EOS 70D&quot;,&quot;caption&quot;:&quot;&quot;,&quot;created_timestamp&quot;:&quot;1648642506&quot;,&quot;copyright&quot;:&quot;&quot;,&quot;focal_length&quot;:&quot;23&quot;,&quot;iso&quot;:&quot;125&quot;,&quot;shutter_speed&quot;:&quot;0.008&quot;,&quot;title&quot;:&quot;&quot;,&quot;orientation&quot;:&quot;0&quot;}\" data-image-title=\"IMG_0619\" data-image-description=\"\" data-image-caption=\"\" data-medium-file=\"https:\/\/www.legistdf.gob.ar\/wp-content\/uploads\/2022\/03\/IMG_0619-300x200.jpg\" data-large-file=\"https:\/\/www.legistdf.gob.ar\/wp-content\/uploads\/2022\/03\/IMG_0619.jpg\" class=\"alignright wp-image-31408 size-medium\" src=\"https:\/\/www.legistdf.gob.ar\/wp-content\/uploads\/2022\/03\/IMG_0619-300x200.jpg\" alt=\"\" width=\"300\" height=\"200\" srcset=\"https:\/\/www.legistdf.gob.ar\/wp-content\/uploads\/2022\/03\/IMG_0619-300x200.jpg 300w, https:\/\/www.legistdf.gob.ar\/wp-content\/uploads\/2022\/03\/IMG_0619-768x512.jpg 768w, https:\/\/www.legistdf.gob.ar\/wp-content\/uploads\/2022\/03\/IMG_0619-160x107.jpg 160w, https:\/\/www.legistdf.gob.ar\/wp-content\/uploads\/2022\/03\/IMG_0619.jpg 1000w\" sizes=\"(max-width: 300px) 100vw, 300px\" \/>Remarc\u00f3 tambi\u00e9n la presencia de funcionarios tanto municipales como provinciales y nacionales. \u201cEso marca la importancia con la que el Estado valora a nuestros excombatientes. La cuesti\u00f3n Malvinas no hace distinciones y todo el pueblo se hace presente para esta conmemoraci\u00f3n. Es un mensaje claro para el pa\u00eds usurpador de que no olvidamos, de que seguimos en la lucha y que vamos a lograr recuperar nuestra soberan\u00eda y que la bandera argentina flamee nuevamente en nuestras Islas\u201d, concluy\u00f3 Trentino.<\/p>\n<p><iframe loading=\"lazy\" title=\"La cuesti\u00f3n Malvinas no hace distinciones y todo el pueblo se hace presente para esta conmemoraci\u00f3n\" width=\"844\" height=\"475\" src=\"https:\/\/www.youtube.com\/embed\/5Lo_bB6mSoM?feature=oembed\" frameborder=\"0\" allow=\"accelerometer; autoplay; clipboard-write; encrypted-media; gyroscope; picture-in-picture; web-share\" allowfullscreen><\/iframe><\/p>\n<p style=\"text-align: right\"><em>ZV-DM<\/em><\/p>\n<blockquote class=\"wp-embedded-content\" data-secret=\"UEU7rynlsL\"><p><a href=\"https:\/\/www.legistdf.gob.ar\/index.php\/2022\/03\/30\/galeria-imagenes-acto-entrega-de-medallas-y-diplomas-a-veteranos-de-guerra-de-malvinas\/\">GALER\u00cdA: Imagenes acto entrega de medallas y diplomas a Veteranos de Guerra de Malvinas<\/a><\/p><\/blockquote>\n<p><iframe class=\"wp-embedded-content\" sandbox=\"allow-scripts\" security=\"restricted\" style=\"position: absolute; clip: rect(1px, 1px, 1px, 1px);\" title=\"&#171;GALER\u00cdA: Imagenes acto entrega de medallas y diplomas a Veteranos de Guerra de Malvinas&#187; &#8212; Legislatura TDF A.I.A.S.\" src=\"https:\/\/www.legistdf.gob.ar\/index.php\/2022\/03\/30\/galeria-imagenes-acto-entrega-de-medallas-y-diplomas-a-veteranos-de-guerra-de-malvinas\/embed\/#?secret=UEU7rynlsL\" data-secret=\"UEU7rynlsL\" width=\"600\" height=\"338\" frameborder=\"0\" marginwidth=\"0\" marginheight=\"0\" scrolling=\"no\"><\/iframe><\/p>\n","protected":false},"excerpt":{"rendered":"<p>Ushuaia, jueves 31 de marzo de 2022.- El legislador Emmanuel Trentino (FORJA) asegur\u00f3 que \u201csiempre que podemos encontrarnos con los Veteranos nos emocionamos. Este es un momento muy especial\u201d, dijo en el acto de entrega de medallas y diplomas en el marco del 40\u00ba aniversario de la Gesta de Malvinas. &nbsp; En otro p\u00e1rrafo en [&hellip;]<\/p>\n","protected":false},"author":352,"featured_media":31396,"comment_status":"closed","ping_status":"open","sticky":false,"template":"","format":"standard","meta":{"jetpack_post_was_ever_published":false,"_jetpack_newsletter_access":"","_jetpack_dont_email_post_to_subs":false,"_jetpack_newsletter_tier_id":0,"footnotes":"","jetpack_publicize_message":"","jetpack_publicize_feature_enabled":true,"jetpack_social_post_already_shared":true,"jetpack_social_options":{"image_generator_settings":{"template":"highway","enabled":false}}},"categories":[1],"tags":[1818,78,141,79,87],"jetpack_publicize_connections":[],"jetpack_sharing_enabled":true,"jetpack_featured_media_url":"https:\/\/www.legistdf.gob.ar\/wp-content\/uploads\/2022\/03\/IMG_0539.jpg","jetpack-related-posts":[],"_links":{"self":[{"href":"https:\/\/www.legistdf.gob.ar\/index.php\/wp-json\/wp\/v2\/posts\/31550"}],"collection":[{"href":"https:\/\/www.legistdf.gob.ar\/index.php\/wp-json\/wp\/v2\/posts"}],"about":[{"href":"https:\/\/www.legistdf.gob.ar\/index.php\/wp-json\/wp\/v2\/types\/post"}],"author":[{"embeddable":true,"href":"https:\/\/www.legistdf.gob.ar\/index.php\/wp-json\/wp\/v2\/users\/352"}],"replies":[{"embeddable":true,"href":"https:\/\/www.legistdf.gob.ar\/index.php\/wp-json\/wp\/v2\/comments?post=31550"}],"version-history":[{"count":1,"href":"https:\/\/www.legistdf.gob.ar\/index.php\/wp-json\/wp\/v2\/posts\/31550\/revisions"}],"predecessor-version":[{"id":31551,"href":"https:\/\/www.legistdf.gob.ar\/index.php\/wp-json\/wp\/v2\/posts\/31550\/revisions\/31551"}],"wp:featuredmedia":[{"embeddable":true,"href":"https:\/\/www.legistdf.gob.ar\/index.php\/wp-json\/wp\/v2\/media\/31396"}],"wp:attachment":[{"href":"https:\/\/www.legistdf.gob.ar\/index.php\/wp-json\/wp\/v2\/media?parent=31550"}],"wp:term":[{"taxonomy":"category","embeddable":true,"href":"https:\/\/www.legistdf.gob.ar\/index.php\/wp-json\/wp\/v2\/categories?post=31550"},{"taxonomy":"post_tag","embeddable":true,"href":"https:\/\/www.legistdf.gob.ar\/index.php\/wp-json\/wp\/v2\/tags?post=31550"}],"curies":[{"name":"wp","href":"https:\/\/api.w.org\/{rel}","templated":true}]}}